{"id":67174,"date":"2023-06-21T14:47:06","date_gmt":"2023-06-21T20:47:06","guid":{"rendered":"https:\/\/www.grieta.org.mx\/?p=67174"},"modified":"2023-07-12T15:00:19","modified_gmt":"2023-07-12T21:00:19","slug":"tren-maya-trabajadores-de-mexico-denuncian-la-muerte-de-especies-durante-su-construccion","status":"publish","type":"post","link":"http:\/\/www.grieta.org.mx\/index.php\/2023\/06\/21\/tren-maya-trabajadores-de-mexico-denuncian-la-muerte-de-especies-durante-su-construccion\/","title":{"rendered":"Tren Maya: trabajadores de M\u00e9xico denuncian la muerte de especies durante su construcci\u00f3n"},"content":{"rendered":"<p>La Izquierda Diario<\/p>\n<p>En entrevista con La Izquierda Diario, trabajadores del Tramo 6 de la construcci\u00f3n del Tren Maya denunciaron que, pese a los dichos oficiales, la instrucci\u00f3n de los responsables por parte de la Secretar\u00eda de Defensa Nacional (SEDENA), a cargo de la construcci\u00f3n, es avanzar en los trabajos del tramo pese a la destrucci\u00f3n de flora y fauna.<\/p>\n<p>Seg\u00fan informaci\u00f3n oficial el tramo 6 del Tren Maya se extiende por 255,8 kil\u00f3metros entre las localidades de Tulum y Chetumal, pasando por cuatro municipios de Quintana Roo y contar\u00e1 con un paradero en la localidad de Limones, Oth\u00f3n P. Blanco, as\u00ed como cuatro estaciones: Aeropuerto-Tulum, Felipe Carrillo Puerto, Bacalar y Chetumal.<\/p>\n<p>Seg\u00fan informaci\u00f3n de los pobladores de la regi\u00f3n, el h\u00e1bitat natural de m\u00faltiples especies se ha visto reducido con los trabajos de la obra insignia del gobierno de L\u00f3pez Obrador. Entre ellos destacan tigrillos (que mostramos en la portada de esta nota), el jaguar negro propio de la regi\u00f3n, distintas especies de v\u00edbora, tuzas y de mono ara\u00f1a.<\/p>\n<p>En im\u00e1genes que trabajadores y pobladores compartieron con este medio, despu\u00e9s del avance de la maquinaria pesada que se utiliza para derribar \u00e1rboles y arbustos que se interponen dentro del trazo original de la v\u00eda del tren es com\u00fan encontrar animales que son arrasados por la misma.<\/p>\n<p><img loading=\"lazy\" decoding=\"async\" data-attachment-id=\"67176\" data-permalink=\"http:\/\/www.grieta.org.mx\/index.php\/2023\/06\/21\/tren-maya-trabajadores-de-mexico-denuncian-la-muerte-de-especies-durante-su-construccion\/trenmalla4\/\" data-orig-file=\"http:\/\/www.grieta.org.mx\/wp-content\/uploads\/2023\/07\/TrenMalla4-e1689195358267.jpg\" data-orig-size=\"800,446\" data-comments-opened=\"0\" data-image-meta=\"{&quot;aperture&quot;:&quot;0&quot;,&quot;credit&quot;:&quot;&quot;,&quot;camera&quot;:&quot;&quot;,&quot;caption&quot;:&quot;&quot;,&quot;created_timestamp&quot;:&quot;0&quot;,&quot;copyright&quot;:&quot;&quot;,&quot;focal_length&quot;:&quot;0&quot;,&quot;iso&quot;:&quot;0&quot;,&quot;shutter_speed&quot;:&quot;0&quot;,&quot;title&quot;:&quot;&quot;,&quot;orientation&quot;:&quot;1&quot;}\" data-image-title=\"TrenMalla4\" data-image-description=\"\" data-image-caption=\"\" data-medium-file=\"http:\/\/www.grieta.org.mx\/wp-content\/uploads\/2023\/07\/TrenMalla4-e1689195358267-300x167.jpg\" data-large-file=\"http:\/\/www.grieta.org.mx\/wp-content\/uploads\/2023\/07\/TrenMalla4-1024x571.jpg\" src=\"http:\/\/www.grieta.org.mx\/wp-content\/uploads\/2023\/07\/TrenMalla4-e1689195358267.jpg\" alt=\"\" width=\"800\" height=\"446\" class=\"alignnone size-full wp-image-67176\" srcset=\"http:\/\/www.grieta.org.mx\/wp-content\/uploads\/2023\/07\/TrenMalla4-e1689195358267.jpg 800w, http:\/\/www.grieta.org.mx\/wp-content\/uploads\/2023\/07\/TrenMalla4-e1689195358267-300x167.jpg 300w, http:\/\/www.grieta.org.mx\/wp-content\/uploads\/2023\/07\/TrenMalla4-e1689195358267-768x428.jpg 768w\" sizes=\"auto, (max-width: 800px) 100vw, 800px\" \/><\/p>\n<p>Mientras tanto, las instrucciones que reciben los trabajadores subcontratados por la SEDENA es dejar los restos de fauna y flora arrasada a un lado del camino para que despu\u00e9s sean llevados a territorios dentro de la selva, o incluso, frente al riesgo que representa el contacto con algunas especies y ante la falta de capacitaci\u00f3n y especialistas para relacionarse con la fauna selv\u00e1tica se les autoriza avanzar con la maquinario o incluso con machetes para retirar a los animales que hallen a su paso.<\/p>\n<p>Fuentes oficiales aseguran que durante la construcci\u00f3n del Tren Maya se cuenta con especialistas y personal de la SEMARNAT para preservar el h\u00e1bitat, la flora y fauna de las especies de la pen\u00ednsula sin que ello se cumpla seg\u00fan el testimonio de los propios trabajadores.<\/p>\n<p>Tren Maya contra la naturaleza y tambi\u00e9n contra los trabajadores<\/p>\n<p>Entre la informaci\u00f3n que obtuvo la Izquierda diario M\u00e9xico se cuenta con denuncias respecto a las duras condiciones laborales de los trabajadores de las obras de este megaproyecto ecocida. Con jornadas laborales de m\u00e1s de doce horas bajo el sol, muchas veces sin materiales ni vestimenta de protecci\u00f3n; ocasionando que al entrar en contacto con la flora y fauna local se contraigan enfermedades y m\u00faltiples problemas de salud.<\/p>\n<p>En algunos es com\u00fan la intoxicaci\u00f3n por contacto con el \u00e1rbol de Chech\u00e9n u otros tipos de hiedra venenosa cuya resina provoca quemaduras, llagas en la piel e hinchaz\u00f3n, con distinto grado de afectaci\u00f3n llegando a tener casos graves. Para el caso espec\u00edfico del \u00e1rbol de Chech\u00e9n se tiene la instrucci\u00f3n de no solo derribar sino que deben trozarlo en troncos peque\u00f1os lo que aumenta el riesgo de contacto. Sin embargo, al momento de acudir a los servicios m\u00e9dicos se niega que se trate de un accidente laboral o enfermedad por riesgo de trabajo y las incapacidades se pagan como enfermedad general, es decir, al 60% del salario registrado.<\/p>\n<p>Los trabajadores se\u00f1alan adem\u00e1s que los oficiales del ej\u00e9rcito, la mayor\u00eda de las veces, hacen negocio vendiendo parte de la le\u00f1a que se obtiene a los pobladores, campesinos empobrecidos y tambi\u00e9n a traficantes de madera que transitan libremente en la regi\u00f3n.<\/p>\n<p>Se debe decir que ante las duras condiciones y la falta de mano de obra en la regi\u00f3n muchos de los trabajadores son reclutados en otras regiones o estados de la rep\u00fablica, de manera que la mayor\u00eda de los trabajadores vive en espacios hacinados que proporciona la propia SEDENA o en lugares que rentan los trabajadores dentro de la propia regi\u00f3n.<\/p>\n<p>Por su parte el gobierno y la SEDENA mantienen subcontratados a los trabajadores en una forma m\u00e1s de simulaci\u00f3n contractual, pese a que en su ret\u00f3rica, el gobierno autodenominado de &#8221; la Cuarta Transformaci\u00f3n&#8221; se hab\u00eda comprometido a eliminar la tercerizaci\u00f3n del trabajo.<\/p>\n<p><a href=\"https:\/\/www.laizquierdadiario.com\/Tren-Maya-trabajadores-de-Mexico-denuncian-la-muerte-de-especies-durante-su-construccion\" rel=\"noopener\" target=\"_blank\">https:\/\/www.laizquierdadiario.com\/Tren-Maya-trabajadores-de-Mexico-denuncian-la-muerte-de-especies-durante-su-construccion<\/a><\/p>\n","protected":false},"excerpt":{"rendered":"<p>La Izquierda Diario En entrevista con La Izquierda Diario, trabajadores del Tramo 6 de la construcci\u00f3n del Tren Maya denunciaron que, pese a los dichos oficiales, la instrucci\u00f3n de los &hellip; <a href=\"http:\/\/www.grieta.org.mx\/index.php\/2023\/06\/21\/tren-maya-trabajadores-de-mexico-denuncian-la-muerte-de-especies-durante-su-construccion\/\" class=\"more-link\">Leer m\u00e1s<\/a><\/p>\n","protected":false},"author":2,"featured_media":67175,"comment_status":"closed","ping_status":"closed","sticky":false,"template":"","format":"standard","meta":{"ngg_post_thumbnail":0,"_jetpack_newsletter_access":"","_jetpack_dont_email_post_to_subs":false,"_jetpack_newsletter_tier_id":0,"_jetpack_memberships_contains_paywalled_content":false,"_jetpack_memberships_contains_paid_content":false,"footnotes":""},"categories":[80,2749,3,922,1785,926,944,952,2,3210,28,2026],"tags":[634,223,2841,487,3753,521,1878],"class_list":["post-67174","post","type-post","status-publish","format-standard","has-post-thumbnail","hentry","category-cintillo","category-destruccion-y-contaminacion-ambiental-en-quintana-roo","category-megaproyectos","category-megaproyectos-estados","category-militarizacion-en-quintana-roo","category-mp-campeche","category-mp-quintana-roo","category-mp-yucatan","category-noticias-nacionales","category-precariedad-laboral-en-quintana-roo","category-quintana-roo","category-tren-maya","tag-condiciones-laborales","tag-ecocidio","tag-explotacion-y-precariedad-laboral","tag-outsourcing","tag-riesgo-laboral","tag-robo-de-maderas-preciosas","tag-tren-maya","entry"],"jetpack_featured_media_url":"http:\/\/www.grieta.org.mx\/wp-content\/uploads\/2023\/07\/TrenMalla3-e1689195081750.jpg","jetpack_sharing_enabled":true,"jetpack_shortlink":"https:\/\/wp.me\/p7ZJR4-hts","jetpack_likes_enabled":false,"jetpack-related-posts":[{"id":67223,"url":"http:\/\/www.grieta.org.mx\/index.php\/2023\/07\/24\/bloquean-volquetes-acceso-a-tramo-6-del-tren-maya-quintana-roo\/","url_meta":{"origin":67174,"position":0},"title":"Bloquean volquetes acceso a tramo 6 del Tren Maya (Quintana Roo)","author":"grieta","date":"24 julio, 2023","format":false,"excerpt":"Pedro Hern\u00e1ndez\/Quadrat\u00edn Quintana Roo OTH\u00d3N P. BLANCO, QRoo, 24 de julio de 2023.- Volqueteros inconformes contratados por la Secretaria de la Defensa Nacional realizan un bloqueo en los accesos a las obras del Tren Maya tramo 6. Los trabajadores denuncian que los elementos de la Secretaria de la Defenszla Nacional\u2026","rel":"","context":"En &quot;CINTILLO&quot;","block_context":{"text":"CINTILLO","link":"http:\/\/www.grieta.org.mx\/index.php\/category\/cintillo\/"},"img":{"alt_text":"","src":"https:\/\/i0.wp.com\/www.grieta.org.mx\/wp-content\/uploads\/2023\/07\/volqueteros-e1690326278300.jpg?resize=350%2C200","width":350,"height":200,"srcset":"https:\/\/i0.wp.com\/www.grieta.org.mx\/wp-content\/uploads\/2023\/07\/volqueteros-e1690326278300.jpg?resize=350%2C200 1x, https:\/\/i0.wp.com\/www.grieta.org.mx\/wp-content\/uploads\/2023\/07\/volqueteros-e1690326278300.jpg?resize=525%2C300 1.5x, https:\/\/i0.wp.com\/www.grieta.org.mx\/wp-content\/uploads\/2023\/07\/volqueteros-e1690326278300.jpg?resize=700%2C400 2x"},"classes":[]},{"id":69466,"url":"http:\/\/www.grieta.org.mx\/index.php\/2024\/08\/26\/bloquean-trabajadores-del-tren-maya-carretera-hacia-subteniente-lopez-y-belice-por-falta-de-pago-quintana-roo\/","url_meta":{"origin":67174,"position":1},"title":"Bloquean trabajadores del Tren Maya carretera hacia subteniente L\u00f3pez y Belice por falta de pago (Quintana Roo)","author":"grieta","date":"26 agosto, 2024","format":false,"excerpt":"Rafael Brice\u00f1o \/ Noticaribe CHETUMAL, MX.- Ante la falta de respuesta a sus peticiones de pago por el servicio prestado, trabajadores que construyen el paso del Tren Maya sobre la carretera que conduce a la comunidad de Subteniente L\u00f3pez y hacia Belice mantienen un bloqueo como protesta y medida de\u2026","rel":"","context":"En &quot;CINTILLO&quot;","block_context":{"text":"CINTILLO","link":"http:\/\/www.grieta.org.mx\/index.php\/category\/cintillo\/"},"img":{"alt_text":"","src":"https:\/\/i0.wp.com\/www.grieta.org.mx\/wp-content\/uploads\/2024\/08\/Bloquean.jpg?resize=350%2C200","width":350,"height":200,"srcset":"https:\/\/i0.wp.com\/www.grieta.org.mx\/wp-content\/uploads\/2024\/08\/Bloquean.jpg?resize=350%2C200 1x, https:\/\/i0.wp.com\/www.grieta.org.mx\/wp-content\/uploads\/2024\/08\/Bloquean.jpg?resize=525%2C300 1.5x"},"classes":[]},{"id":69500,"url":"http:\/\/www.grieta.org.mx\/index.php\/2024\/08\/19\/empleados-de-eura-e-isva-en-chetumal-protestan-por-el-adeudo-de-sus-pagos-quintana-roo\/","url_meta":{"origin":67174,"position":2},"title":"Empleados de Eura e ISVA en Chetumal protestan por el adeudo de sus pagos (Quintana Roo)","author":"grieta","date":"19 agosto, 2024","format":false,"excerpt":"Anah\u00ed Chamlati \/ Por Esto! Los trabajadores de las empresas Eura e ISVA, contratadas para las obras del Tren Maya se manifiestan a causa de la falta de pago. Los trabajadores acusaron que llevan varios d\u00edas sin recibir su sueldo. Mediante un bloqueo carretero en el tramo de Huay-Pix buscan\u2026","rel":"","context":"En &quot;CINTILLO&quot;","block_context":{"text":"CINTILLO","link":"http:\/\/www.grieta.org.mx\/index.php\/category\/cintillo\/"},"img":{"alt_text":"","src":"https:\/\/i0.wp.com\/www.grieta.org.mx\/wp-content\/uploads\/2024\/08\/Adeudos-e1724947568818.jpg?resize=350%2C200","width":350,"height":200,"srcset":"https:\/\/i0.wp.com\/www.grieta.org.mx\/wp-content\/uploads\/2024\/08\/Adeudos-e1724947568818.jpg?resize=350%2C200 1x, https:\/\/i0.wp.com\/www.grieta.org.mx\/wp-content\/uploads\/2024\/08\/Adeudos-e1724947568818.jpg?resize=525%2C300 1.5x, https:\/\/i0.wp.com\/www.grieta.org.mx\/wp-content\/uploads\/2024\/08\/Adeudos-e1724947568818.jpg?resize=700%2C400 2x"},"classes":[]},{"id":68588,"url":"http:\/\/www.grieta.org.mx\/index.php\/2024\/02\/09\/colapsa-estructura-del-tren-maya-cerca-de-bacalar-hay-dos-personas-lesionadas-videoquintana-roo\/","url_meta":{"origin":67174,"position":3},"title":"Colapsa estructura del Tren Maya cerca de Bacalar; hay dos personas lesionadas (Video)(Quintana Roo)","author":"grieta","date":"9 febrero, 2024","format":false,"excerpt":"Octavio Mart\u00ednez \/ Revista Proceso El desplome de una estructura de concreto en las obras del Tren Maya cerca de Bacalar, en Quintana Roo, dej\u00f3 un saldo de dos trabajadores lesionados. CANC\u00daN, Qroo. (apro).\u2013 El desplome de una estructura de concreto en las obras del Tren Maya cerca de Bacalar,\u2026","rel":"","context":"En &quot;CINTILLO&quot;","block_context":{"text":"CINTILLO","link":"http:\/\/www.grieta.org.mx\/index.php\/category\/cintillo\/"},"img":{"alt_text":"","src":"https:\/\/i0.wp.com\/www.grieta.org.mx\/wp-content\/uploads\/2024\/03\/TrenAccidente-e1709625311972.jpg?resize=350%2C200","width":350,"height":200,"srcset":"https:\/\/i0.wp.com\/www.grieta.org.mx\/wp-content\/uploads\/2024\/03\/TrenAccidente-e1709625311972.jpg?resize=350%2C200 1x, https:\/\/i0.wp.com\/www.grieta.org.mx\/wp-content\/uploads\/2024\/03\/TrenAccidente-e1709625311972.jpg?resize=525%2C300 1.5x, https:\/\/i0.wp.com\/www.grieta.org.mx\/wp-content\/uploads\/2024\/03\/TrenAccidente-e1709625311972.jpg?resize=700%2C400 2x"},"classes":[]},{"id":67351,"url":"http:\/\/www.grieta.org.mx\/index.php\/2023\/08\/05\/paraliza-obras-de-tren-maya-quema-de-maquinaria-en-tramo-6-quintana-roo\/","url_meta":{"origin":67174,"position":4},"title":"Paraliza obras de Tren Maya quema de maquinaria en tramo 6 (Quintana Roo)","author":"grieta","date":"5 agosto, 2023","format":false,"excerpt":"antonio.hernandez.press \/ Quadrat\u00edn Quintana Roo OTH\u00d3N P. BLANCO, QRoo, 5 de agosto de 2023.- Cinco maquinarias pesadas fueron incendiadas en las obras del Tren Maya, en el frente seis del Tramo 6, muy cerca de la comunidad de Buenavista, supuestamente por parte de trabajadores inconformes por falta de pago. De\u2026","rel":"","context":"En &quot;CINTILLO&quot;","block_context":{"text":"CINTILLO","link":"http:\/\/www.grieta.org.mx\/index.php\/category\/cintillo\/"},"img":{"alt_text":"","src":"https:\/\/i0.wp.com\/www.grieta.org.mx\/wp-content\/uploads\/2023\/08\/Quema-e1691331646543.jpg?resize=350%2C200","width":350,"height":200,"srcset":"https:\/\/i0.wp.com\/www.grieta.org.mx\/wp-content\/uploads\/2023\/08\/Quema-e1691331646543.jpg?resize=350%2C200 1x, https:\/\/i0.wp.com\/www.grieta.org.mx\/wp-content\/uploads\/2023\/08\/Quema-e1691331646543.jpg?resize=525%2C300 1.5x, https:\/\/i0.wp.com\/www.grieta.org.mx\/wp-content\/uploads\/2023\/08\/Quema-e1691331646543.jpg?resize=700%2C400 2x"},"classes":[]},{"id":70705,"url":"http:\/\/www.grieta.org.mx\/index.php\/2024\/12\/13\/trabajadores-del-tren-maya-bloquean-la-carretera-chetumal-bacalar-por-salarios-atrasados-quintana-roo\/","url_meta":{"origin":67174,"position":5},"title":"Trabajadores del Tren Maya Bloquean la Carretera Chetumal-Bacalar por Salarios Atrasados (Quintana Roo)","author":"grieta","date":"13 diciembre, 2024","format":false,"excerpt":"Antonio Brice\u00f1o \/ CAMBIO 22 Trabajadores del Tren Maya bloquearon esta ma\u00f1ana la carretera Chetumal-Bacalar, en protesta por la falta de pago de sus salarios desde octubre Exigen una soluci\u00f3n inmediata para poder reanudar su labor CHETUMAL, 13 de diciembre.- Un grupo de trabajadores del Tren Maya bloque\u00f3 esta ma\u00f1ana\u2026","rel":"","context":"En &quot;CINTILLO&quot;","block_context":{"text":"CINTILLO","link":"http:\/\/www.grieta.org.mx\/index.php\/category\/cintillo\/"},"img":{"alt_text":"","src":"https:\/\/i0.wp.com\/www.grieta.org.mx\/wp-content\/uploads\/2024\/12\/Bloqueo.jpg?resize=350%2C200","width":350,"height":200},"classes":[]}],"_links":{"self":[{"href":"http:\/\/www.grieta.org.mx\/index.php\/wp-json\/wp\/v2\/posts\/67174","targetHints":{"allow":["GET"]}}],"collection":[{"href":"http:\/\/www.grieta.org.mx\/index.php\/wp-json\/wp\/v2\/posts"}],"about":[{"href":"http:\/\/www.grieta.org.mx\/index.php\/wp-json\/wp\/v2\/types\/post"}],"author":[{"embeddable":true,"href":"http:\/\/www.grieta.org.mx\/index.php\/wp-json\/wp\/v2\/users\/2"}],"replies":[{"embeddable":true,"href":"http:\/\/www.grieta.org.mx\/index.php\/wp-json\/wp\/v2\/comments?post=67174"}],"version-history":[{"count":1,"href":"http:\/\/www.grieta.org.mx\/index.php\/wp-json\/wp\/v2\/posts\/67174\/revisions"}],"predecessor-version":[{"id":67177,"href":"http:\/\/www.grieta.org.mx\/index.php\/wp-json\/wp\/v2\/posts\/67174\/revisions\/67177"}],"wp:featuredmedia":[{"embeddable":true,"href":"http:\/\/www.grieta.org.mx\/index.php\/wp-json\/wp\/v2\/media\/67175"}],"wp:attachment":[{"href":"http:\/\/www.grieta.org.mx\/index.php\/wp-json\/wp\/v2\/media?parent=67174"}],"wp:term":[{"taxonomy":"category","embeddable":true,"href":"http:\/\/www.grieta.org.mx\/index.php\/wp-json\/wp\/v2\/categories?post=67174"},{"taxonomy":"post_tag","embeddable":true,"href":"http:\/\/www.grieta.org.mx\/index.php\/wp-json\/wp\/v2\/tags?post=67174"}],"curies":[{"name":"wp","href":"https:\/\/api.w.org\/{rel}","templated":true}]}}