{"id":67169,"date":"2023-06-20T14:48:17","date_gmt":"2023-06-20T20:48:17","guid":{"rendered":"https:\/\/www.grieta.org.mx\/?p=67169"},"modified":"2023-07-08T16:34:00","modified_gmt":"2023-07-08T22:34:00","slug":"tiran-suspension-judicial-para-el-desembarco-de-balasto-para-tren-maya","status":"publish","type":"post","link":"http:\/\/www.grieta.org.mx\/index.php\/2023\/06\/20\/tiran-suspension-judicial-para-el-desembarco-de-balasto-para-tren-maya\/","title":{"rendered":"Tiran suspensi\u00f3n judicial para el desembarco de balasto para Tren Maya"},"content":{"rendered":"<p>Jes\u00fas V\u00e1zquez \/ El Economista<\/p>\n<p>El titular de la Administraci\u00f3n Portuaria Integral de Quintana Roo, Vagner Elbiorn Vega, explic\u00f3 que aunque el desembarco est\u00e1 detenido por cuestiones t\u00e9cnicas, a fin de junio se definir\u00e1 si \u00e9ste se reanuda en barcazas m\u00e1s peque\u00f1as o en su caso se aprovechar\u00eda el puerto para el desembarco de cemento, tambi\u00e9n para las obras del Tren Maya.<\/p>\n<p>Canc\u00fan, QRoo.- El Juzgado Primero de distrito con sede en Yucat\u00e1n neg\u00f3 la suspensi\u00f3n definitiva que promovieron ambientalistas en contra del desembarco de la piedra porfirita tra\u00edda desde Cuba a Puerto Morelos para elaborar el balasto que utilizar\u00e1 las v\u00edas del Tren Maya.<\/p>\n<p>Aunque el desembarco est\u00e1 detenido por cuestiones t\u00e9cnicas, a fin de mes se definir\u00e1 si \u00e9ste se reanuda en barcazas m\u00e1s peque\u00f1as o en su caso se aprovechar\u00eda el puerto para el desembarco de cemento, tambi\u00e9n para las obras del Tren Maya, seg\u00fan lo anunciado por el titular de la Administraci\u00f3n Portuaria Integral de Quintana Roo (Apiqroo), Vagner Elbiorn Vega.<\/p>\n<p>El amparo al que le fue negada la suspensi\u00f3n es el 487\/2023, el cual gan\u00f3 en primera instancia una suspensi\u00f3n provisional, pero apenas este martes se dio a conocer en estrados del poder judicial que no fue ratificado, por lo que en que caso de reanudarse el desembarco, \u00e9ste ya no tendr\u00eda ning\u00fan impedimento legal.<\/p>\n<p>El titular de la Apiqroo asegur\u00f3 que las maniobras no fueron suspendidas por el amparo, sino por las dificultades t\u00e9cnicas que \u00e9sta implicaba, por lo que a fin del presente mes podr\u00edan definir un nuevo m\u00e9todo para reanudar los trabajos en Puerto Morelos.<\/p>\n<p>Cabe recordar que organizaciones ambientalistas de Quintana Roo lograron obtener la suspensi\u00f3n provisional del desembarco de la piedra procedente de Cuba para la elaboraci\u00f3n de balasto que actualmente se realiza en Puerto Morelos en mayo pasado.<\/p>\n<p>Incluso la gobernadora de Quintana Roo, Mara Lezama, dijo que ante dicho amparo ya se estaba trayendo el material desde Puerto Progreso.<\/p>\n<p>El amparo de los ambientalistas alega que no se tramitaron permisos para el desarrollo de esta actividad, y que tampoco se ha tramitado ninguna autorizaci\u00f3n de impacto ambiental para el camino alterno que ya ha sido anunciado por el gobierno de Quintana Roo mediante el cual se pretende mover la piedra tra\u00edda desde Cuba a trav\u00e9s de camiones de volteo por la \u00fanica salida terrestre que tiene la cabecera municipal de Puerto Morelos, ubicado a 20 minutos de Canc\u00fan.<\/p>\n<p>\u201cLos efectos de la suspensi\u00f3n son que se paralicen la navegaci\u00f3n y anclaje de la embarcaci\u00f3n denominada Melody, sobre la comunidad coralina del arrecife ubicado en el \u00e1rea natural protegida reserva de la bi\u00f3sfera caribe mexicano (RBCM), adyacente al Parque Nacional Arrecife de Puerto Morelos (PNAPM), y para que no realicen los trabajos de tala, desmonte y relleno de manglar, ni se realice la construcci\u00f3n del camino a un costado de la avenida Jos\u00e9 Mar\u00eda Morelos, que conecta la carretera federal 307 con la zona costera del municipio de Puerto Morelos, para el transporte y operaciones de los camiones que estar\u00e1n transportando material p\u00e9treo\u201d, se lee en la comunicaci\u00f3n emitida por las organizaciones que promovieron el amparo al momento de obtener la suspensi\u00f3n provisional que a la postre no fue ratificada.<\/p>\n<p><a href=\"https:\/\/www.eleconomista.com.mx\/estados\/Tiran-suspension-judicial-para-el-desembarco-de-balasto-para-Tren-Maya-20230620-0072.html\" rel=\"noopener\" target=\"_blank\">https:\/\/www.eleconomista.com.mx\/estados\/Tiran-suspension-judicial-para-el-desembarco-de-balasto-para-Tren-Maya-20230620-0072.html<\/a><\/p>\n","protected":false},"excerpt":{"rendered":"<p>Jes\u00fas V\u00e1zquez \/ El Economista El titular de la Administraci\u00f3n Portuaria Integral de Quintana Roo, Vagner Elbiorn Vega, explic\u00f3 que aunque el desembarco est\u00e1 detenido por cuestiones t\u00e9cnicas, a fin &hellip; <a href=\"http:\/\/www.grieta.org.mx\/index.php\/2023\/06\/20\/tiran-suspension-judicial-para-el-desembarco-de-balasto-para-tren-maya\/\" class=\"more-link\">Leer m\u00e1s<\/a><\/p>\n","protected":false},"author":2,"featured_media":67170,"comment_status":"closed","ping_status":"closed","sticky":false,"template":"","format":"standard","meta":{"ngg_post_thumbnail":0,"_jetpack_newsletter_access":"","_jetpack_dont_email_post_to_subs":false,"_jetpack_newsletter_tier_id":0,"_jetpack_memberships_contains_paywalled_content":false,"_jetpack_memberships_contains_paid_content":false,"footnotes":""},"categories":[80,2749,3,922,926,944,952,2,28,1876,2026],"tags":[384,223,1878],"class_list":["post-67169","post","type-post","status-publish","format-standard","has-post-thumbnail","hentry","category-cintillo","category-destruccion-y-contaminacion-ambiental-en-quintana-roo","category-megaproyectos","category-megaproyectos-estados","category-mp-campeche","category-mp-quintana-roo","category-mp-yucatan","category-noticias-nacionales","category-quintana-roo","category-resistencia-al-tren-maya-en-la-peninsula-de-yucatan-quintana-roo","category-tren-maya","tag-amparo","tag-ecocidio","tag-tren-maya","entry"],"jetpack_featured_media_url":"http:\/\/www.grieta.org.mx\/wp-content\/uploads\/2023\/07\/Balastro-e1688854851724.jpg","jetpack_sharing_enabled":true,"jetpack_shortlink":"https:\/\/wp.me\/p7ZJR4-htn","jetpack_likes_enabled":false,"jetpack-related-posts":[{"id":47874,"url":"http:\/\/www.grieta.org.mx\/index.php\/2020\/04\/13\/las-vias-torcidas-del-tren-maya-video\/","url_meta":{"origin":67169,"position":0},"title":"Las v\u00edas torcidas del tren maya (Video)","author":"grieta","date":"13 abril, 2020","format":false,"excerpt":"https:\/\/www.youtube.com\/watch?v=k8FRX9eT0YY","rel":"","context":"En &quot;16. Pueblo Maya&quot;","block_context":{"text":"16. Pueblo Maya","link":"http:\/\/www.grieta.org.mx\/index.php\/category\/espejos-de-la-resistencia\/16-pueblo-maya\/"},"img":{"alt_text":"","src":"https:\/\/i0.wp.com\/www.grieta.org.mx\/wp-content\/uploads\/2020\/04\/ViasTorcidasTrenMaya.png?resize=350%2C200","width":350,"height":200,"srcset":"https:\/\/i0.wp.com\/www.grieta.org.mx\/wp-content\/uploads\/2020\/04\/ViasTorcidasTrenMaya.png?resize=350%2C200 1x, https:\/\/i0.wp.com\/www.grieta.org.mx\/wp-content\/uploads\/2020\/04\/ViasTorcidasTrenMaya.png?resize=525%2C300 1.5x, https:\/\/i0.wp.com\/www.grieta.org.mx\/wp-content\/uploads\/2020\/04\/ViasTorcidasTrenMaya.png?resize=700%2C400 2x"},"classes":[]},{"id":35945,"url":"http:\/\/www.grieta.org.mx\/index.php\/2019\/07\/05\/expansion-de-megaproyectos-en-la-peninsula-de-yucatan-video\/","url_meta":{"origin":67169,"position":1},"title":"Expansi\u00f3n de Megaproyectos en la Pen\u00ednsula de Yucat\u00e1n (Video)","author":"grieta","date":"5 julio, 2019","format":false,"excerpt":"https:\/\/youtu.be\/qLBARIAaBsI","rel":"","context":"En &quot;Campeche&quot;","block_context":{"text":"Campeche","link":"http:\/\/www.grieta.org.mx\/index.php\/category\/noticias-nacionales\/campeche\/"},"img":{"alt_text":"","src":"https:\/\/i0.wp.com\/img.youtube.com\/vi\/qLBARIAaBsI\/0.jpg?resize=350%2C200","width":350,"height":200},"classes":[]},{"id":67351,"url":"http:\/\/www.grieta.org.mx\/index.php\/2023\/08\/05\/paraliza-obras-de-tren-maya-quema-de-maquinaria-en-tramo-6-quintana-roo\/","url_meta":{"origin":67169,"position":2},"title":"Paraliza obras de Tren Maya quema de maquinaria en tramo 6 (Quintana Roo)","author":"grieta","date":"5 agosto, 2023","format":false,"excerpt":"antonio.hernandez.press \/ Quadrat\u00edn Quintana Roo OTH\u00d3N P. BLANCO, QRoo, 5 de agosto de 2023.- Cinco maquinarias pesadas fueron incendiadas en las obras del Tren Maya, en el frente seis del Tramo 6, muy cerca de la comunidad de Buenavista, supuestamente por parte de trabajadores inconformes por falta de pago. De\u2026","rel":"","context":"En &quot;CINTILLO&quot;","block_context":{"text":"CINTILLO","link":"http:\/\/www.grieta.org.mx\/index.php\/category\/cintillo\/"},"img":{"alt_text":"","src":"https:\/\/i0.wp.com\/www.grieta.org.mx\/wp-content\/uploads\/2023\/08\/Quema-e1691331646543.jpg?resize=350%2C200","width":350,"height":200,"srcset":"https:\/\/i0.wp.com\/www.grieta.org.mx\/wp-content\/uploads\/2023\/08\/Quema-e1691331646543.jpg?resize=350%2C200 1x, https:\/\/i0.wp.com\/www.grieta.org.mx\/wp-content\/uploads\/2023\/08\/Quema-e1691331646543.jpg?resize=525%2C300 1.5x, https:\/\/i0.wp.com\/www.grieta.org.mx\/wp-content\/uploads\/2023\/08\/Quema-e1691331646543.jpg?resize=700%2C400 2x"},"classes":[]},{"id":45360,"url":"http:\/\/www.grieta.org.mx\/index.php\/2020\/02\/27\/no-estamos-peleando-la-suspension-provisional-del-tren-maya-sino-la-definitiva-cruz-rueda\/","url_meta":{"origin":67169,"position":3},"title":"&#8220;No estamos peleando la suspensi\u00f3n provisional del Tren Maya, sino la definitiva&#8221;: Cruz Rueda","author":"grieta","date":"27 febrero, 2020","format":false,"excerpt":"Impugnaci\u00f3n de Presidencia \"no nos quita el sue\u00f1o\" Abraham Bote \/Foto: Tomada de Twitter \/La Jornada Maya M\u00e9rida, Yucat\u00e1n Respecto a la impugnaci\u00f3n que realiz\u00f3 la Presidencia de la Rep\u00fablica y el apoderado de la Naci\u00f3n Financiera (Nafin), contra la suspensi\u00f3n provisional del proyecto de Tren Maya, la asesora jur\u00eddica\u2026","rel":"","context":"En &quot;16. Pueblo Maya&quot;","block_context":{"text":"16. Pueblo Maya","link":"http:\/\/www.grieta.org.mx\/index.php\/category\/espejos-de-la-resistencia\/16-pueblo-maya\/"},"img":{"alt_text":"","src":"https:\/\/i0.wp.com\/www.grieta.org.mx\/wp-content\/uploads\/2020\/02\/TrenMallaCampeche.png?resize=350%2C200","width":350,"height":200,"srcset":"https:\/\/i0.wp.com\/www.grieta.org.mx\/wp-content\/uploads\/2020\/02\/TrenMallaCampeche.png?resize=350%2C200 1x, https:\/\/i0.wp.com\/www.grieta.org.mx\/wp-content\/uploads\/2020\/02\/TrenMallaCampeche.png?resize=525%2C300 1.5x, https:\/\/i0.wp.com\/www.grieta.org.mx\/wp-content\/uploads\/2020\/02\/TrenMallaCampeche.png?resize=700%2C400 2x"},"classes":[]},{"id":67872,"url":"http:\/\/www.grieta.org.mx\/index.php\/2023\/10\/06\/tren-maya-sedena-incrementara-seguridad-en-quintana-roo-con-mas-de-3-mil-elementos\/","url_meta":{"origin":67169,"position":4},"title":"Tren Maya: Sedena incrementar\u00e1 seguridad en Quintana Roo con m\u00e1s de 3 mil elementos","author":"grieta","date":"6 octubre, 2023","format":false,"excerpt":"Con la inauguraci\u00f3n del Tren Maya que se dar\u00e1 durante diciembre, el Secretario de la Defensa Nacional de M\u00e9xico Luis Cresencio Sandoval inform\u00f3 que en Quintana Roo se incrementar\u00e1 la seguridad con la presencia de la Guardia Nacional, pues habr\u00e1 tres nuevas bases a\u00e9reas. De acuerdo con los datos del\u2026","rel":"","context":"En &quot;CINTILLO&quot;","block_context":{"text":"CINTILLO","link":"http:\/\/www.grieta.org.mx\/index.php\/category\/cintillo\/"},"img":{"alt_text":"","src":"https:\/\/i0.wp.com\/www.grieta.org.mx\/wp-content\/uploads\/2023\/10\/TrenMalla-e1696860496274.jpg?resize=350%2C200","width":350,"height":200,"srcset":"https:\/\/i0.wp.com\/www.grieta.org.mx\/wp-content\/uploads\/2023\/10\/TrenMalla-e1696860496274.jpg?resize=350%2C200 1x, https:\/\/i0.wp.com\/www.grieta.org.mx\/wp-content\/uploads\/2023\/10\/TrenMalla-e1696860496274.jpg?resize=525%2C300 1.5x, https:\/\/i0.wp.com\/www.grieta.org.mx\/wp-content\/uploads\/2023\/10\/TrenMalla-e1696860496274.jpg?resize=700%2C400 2x"},"classes":[]},{"id":67075,"url":"http:\/\/www.grieta.org.mx\/index.php\/2023\/06\/04\/enrejan-obras-del-tramo-5-del-tren-maya\/","url_meta":{"origin":67169,"position":5},"title":"Enrejan obras del Tramo 5 del Tren Maya","author":"grieta","date":"4 junio, 2023","format":false,"excerpt":"Arturo Miranda\/Quadrat\u00edn Quintana Roo CANC\u00daN, QRoo, 4 de junio de 2023.- Se prohibi\u00f3 en definitiva el acceso al Tramo Cinco sur del Tren Maya mediante la colocaci\u00f3n de una reja met\u00e1lica, la cual impide transitar hacia los puntos en los que se ha denunciado el relleno de cuevas como la\u2026","rel":"","context":"En &quot;CINTILLO&quot;","block_context":{"text":"CINTILLO","link":"http:\/\/www.grieta.org.mx\/index.php\/category\/cintillo\/"},"img":{"alt_text":"","src":"https:\/\/i0.wp.com\/www.grieta.org.mx\/wp-content\/uploads\/2023\/06\/tramo5-e1687546162147.jpg?resize=350%2C200","width":350,"height":200,"srcset":"https:\/\/i0.wp.com\/www.grieta.org.mx\/wp-content\/uploads\/2023\/06\/tramo5-e1687546162147.jpg?resize=350%2C200 1x, https:\/\/i0.wp.com\/www.grieta.org.mx\/wp-content\/uploads\/2023\/06\/tramo5-e1687546162147.jpg?resize=525%2C300 1.5x, https:\/\/i0.wp.com\/www.grieta.org.mx\/wp-content\/uploads\/2023\/06\/tramo5-e1687546162147.jpg?resize=700%2C400 2x"},"classes":[]}],"_links":{"self":[{"href":"http:\/\/www.grieta.org.mx\/index.php\/wp-json\/wp\/v2\/posts\/67169","targetHints":{"allow":["GET"]}}],"collection":[{"href":"http:\/\/www.grieta.org.mx\/index.php\/wp-json\/wp\/v2\/posts"}],"about":[{"href":"http:\/\/www.grieta.org.mx\/index.php\/wp-json\/wp\/v2\/types\/post"}],"author":[{"embeddable":true,"href":"http:\/\/www.grieta.org.mx\/index.php\/wp-json\/wp\/v2\/users\/2"}],"replies":[{"embeddable":true,"href":"http:\/\/www.grieta.org.mx\/index.php\/wp-json\/wp\/v2\/comments?post=67169"}],"version-history":[{"count":1,"href":"http:\/\/www.grieta.org.mx\/index.php\/wp-json\/wp\/v2\/posts\/67169\/revisions"}],"predecessor-version":[{"id":67171,"href":"http:\/\/www.grieta.org.mx\/index.php\/wp-json\/wp\/v2\/posts\/67169\/revisions\/67171"}],"wp:featuredmedia":[{"embeddable":true,"href":"http:\/\/www.grieta.org.mx\/index.php\/wp-json\/wp\/v2\/media\/67170"}],"wp:attachment":[{"href":"http:\/\/www.grieta.org.mx\/index.php\/wp-json\/wp\/v2\/media?parent=67169"}],"wp:term":[{"taxonomy":"category","embeddable":true,"href":"http:\/\/www.grieta.org.mx\/index.php\/wp-json\/wp\/v2\/categories?post=67169"},{"taxonomy":"post_tag","embeddable":true,"href":"http:\/\/www.grieta.org.mx\/index.php\/wp-json\/wp\/v2\/tags?post=67169"}],"curies":[{"name":"wp","href":"https:\/\/api.w.org\/{rel}","templated":true}]}}