{"id":67148,"date":"2023-07-04T11:33:06","date_gmt":"2023-07-04T17:33:06","guid":{"rendered":"https:\/\/www.grieta.org.mx\/?p=67148"},"modified":"2023-07-08T11:39:48","modified_gmt":"2023-07-08T17:39:48","slug":"universidad-autonoma-de-campeche-incumple-prestaciones-a-sindicalizados","status":"publish","type":"post","link":"http:\/\/www.grieta.org.mx\/index.php\/2023\/07\/04\/universidad-autonoma-de-campeche-incumple-prestaciones-a-sindicalizados\/","title":{"rendered":"Universidad Aut\u00f3noma de Campeche incumple prestaciones a sindicalizados"},"content":{"rendered":"<p>Por Esto!<\/p>\n<p>A casi cuatro meses de haberse firmado el compromiso de realizar el pago de prestaciones pendientes a los trabajadores sindicalizados, la Universidad Aut\u00f3noma de Campeche (UAC) no ha dado cumplimiento a los acuerdos, ni reconocido la existencia de la figura jur\u00eddica de representaci\u00f3n del Sindicato \u00danico de Personal Acad\u00e9mico de la Universidad Aut\u00f3noma de Campeche (Supauac).<\/p>\n<p>Esto \u00faltimo, pese a que hace unos d\u00edas el Centro de Conciliaci\u00f3n y Registro Laboral otorg\u00f3 a Joaqu\u00edn Berzunza Valladares la toma de nota. <\/p>\n<p>En entrevista, expuso que tras informar a la base trabajadora la obtenci\u00f3n del citado documento que lo acredita como representante legal de dicho organismo, se acudi\u00f3 a la m\u00e1xima casa de estudios para hacer lo propio con el rector Jos\u00e9 Alberto Abud Flores, pero no lo encontr\u00f3, es por ello que se entreg\u00f3 de manera personal en las oficinas y enviado a trav\u00e9s de medios electr\u00f3nicos oficiales, sin embargo, hasta ahora no han obtenido respuesta.  <\/p>\n<p>A\u00f1adi\u00f3 que el siguiente paso es la legitimaci\u00f3n del contrato colectivo de trabajo que se realizar\u00e1 el pr\u00f3ximo 12 de julio en una jornada de 8:00 de la ma\u00f1ana a 8:00 de la noche, en la que m\u00e1s de 560 trabajadores acad\u00e9micos emitir\u00e1n su voto de manera personal, libre y secreta, y si m\u00e1s del 50 por ciento votan a favor, entonces ese contrato colectivo queda legalizado. A\u00f1adi\u00f3 que en ese proceso se contar\u00e1 con representaci\u00f3n del Centro Federal y Registro Laboral, as\u00ed como observadores de la Asociaci\u00f3n Nacional de Sindicatos de Personal Acad\u00e9mico Universitarios de la UNAM.<\/p>\n<p>Record\u00f3 que a principios del a\u00f1o revisaron el incremento salarial el cual ya recibieron, sin embargo, acudir\u00e1n nuevamente a la rector\u00eda de la UAC para hacerle del conocimiento al rector de este proceso de legitimaci\u00f3n que llevar\u00e1n a cabo e insistir en el di\u00e1logo porque varios de los acuerdos que se tomaron en la revisi\u00f3n salarial pasada y que eran violaciones al contrato colectivo de trabajo por cuestiones que no hab\u00edan sido atendidas, pr\u00e1cticamente hasta hoy contin\u00faan as\u00ed.<\/p>\n<p>En ese escenario a\u00f1adi\u00f3 que el contrato colectivo de trabajo vencer\u00e1 el 31 de diciembre, por lo que en octubre se realizar\u00e1 un nuevo emplazamiento a huelga, ya que la ley federal del trabajo establece que debe ser 60 d\u00edas antes. Ah\u00ed tendr\u00e1n la oportunidad de presentar una nueva propuesta de contrato colectivo de trabajo a las autoridades universitarias, aunque desde ahora se puede observar que de nada sirve llegar a acuerdos si ni siquiera han cumplido con los anteriores, y en ese sentido se tomar\u00e1n las medidas que decida la base trabajadora.<\/p>\n<p>\u201cEl 30 de julio tenemos un receso de la universidad y pr\u00e1cticamente no se han cumplido ninguno de los acuerdos de las autoridades y que evitaron el estallamiento a huelga, nosotros confiamos y cre\u00edmos en la palabra de las autoridades, y hoy lo que esperamos es que cumplan con lo que dijeron y que exista di\u00e1logo con el sindicato. <\/p>\n<p> Hoy ya con la toma de nota que ellos mismos solicitaron, que el primero que llegara con su toma de nota ser\u00e1 reconocido, hasta hoy no veo que la universidad emita un comunicado c\u00f3mo emiti\u00f3 en su momento que no reconoc\u00eda a nadie hasta que no tuviera la toma de nota, hoy que ya la entregaron, para ser congruentes deber\u00edan hacer un comunicado tambi\u00e9n en sus redes sociales diciendo que ya hay un secretario general en funciones formalmente con su toma de nota y todo un comit\u00e9 ejecutivo\u201d, concluy\u00f3. <\/p>\n<p><a href=\"https:\/\/www.poresto.net\/campeche\/2023\/7\/4\/universidad-autonoma-de-campeche-incumple-prestaciones-sindicalizados-390679.html\" rel=\"noopener\" target=\"_blank\">https:\/\/www.poresto.net\/campeche\/2023\/7\/4\/universidad-autonoma-de-campeche-incumple-prestaciones-sindicalizados-390679.html<\/a><\/p>\n","protected":false},"excerpt":{"rendered":"<p>Por Esto! A casi cuatro meses de haberse firmado el compromiso de realizar el pago de prestaciones pendientes a los trabajadores sindicalizados, la Universidad Aut\u00f3noma de Campeche (UAC) no ha &hellip; <a href=\"http:\/\/www.grieta.org.mx\/index.php\/2023\/07\/04\/universidad-autonoma-de-campeche-incumple-prestaciones-a-sindicalizados\/\" class=\"more-link\">Leer m\u00e1s<\/a><\/p>\n","protected":false},"author":2,"featured_media":67150,"comment_status":"closed","ping_status":"closed","sticky":false,"template":"","format":"standard","meta":{"ngg_post_thumbnail":0,"_jetpack_newsletter_access":"","_jetpack_dont_email_post_to_subs":false,"_jetpack_newsletter_tier_id":0,"_jetpack_memberships_contains_paywalled_content":false,"_jetpack_memberships_contains_paid_content":false,"footnotes":""},"categories":[11,80,1040,910,2,83],"tags":[634,113,2463,105,2841],"class_list":["post-67148","post","type-post","status-publish","format-standard","has-post-thumbnail","hentry","category-campeche","category-cintillo","category-conflictos-laborales-en-campeche","category-explotacion-y-precariedad-laboral","category-noticias-nacionales","category-temas-nacionales","tag-condiciones-laborales","tag-conflictos-laborales","tag-demandas-laborales","tag-derechos-laborales","tag-explotacion-y-precariedad-laboral","entry"],"jetpack_featured_media_url":"http:\/\/www.grieta.org.mx\/wp-content\/uploads\/2023\/07\/Unacar2-e1688837799345.jpg","jetpack_sharing_enabled":true,"jetpack_shortlink":"https:\/\/wp.me\/p7ZJR4-ht2","jetpack_likes_enabled":false,"jetpack-related-posts":[{"id":65696,"url":"http:\/\/www.grieta.org.mx\/index.php\/2022\/11\/07\/sindicalizados-de-la-universidad-autonoma-del-carmen-se-van-a-paro-indefinido-campeche\/","url_meta":{"origin":67148,"position":0},"title":"Sindicalizados de la Universidad Aut\u00f3noma del Carmen se van a paro indefinido (Campeche)","author":"grieta","date":"7 noviembre, 2022","format":false,"excerpt":"Gerardo Can \/ Por Esto! Por falta de pago de sueldos de un mes, los jubilados y pensionados sindicalizados de la Universidad Aut\u00f3noma del Carmen (Unacar), se manifestaron sobre la calle 31 y 22, adem\u00e1s de irse al paro indefinido de actividades en la m\u00e1xima casa de estudios carmelita o\u2026","rel":"","context":"En &quot;Campeche&quot;","block_context":{"text":"Campeche","link":"http:\/\/www.grieta.org.mx\/index.php\/category\/noticias-nacionales\/campeche\/"},"img":{"alt_text":"","src":"https:\/\/i0.wp.com\/www.grieta.org.mx\/wp-content\/uploads\/2022\/11\/Unacar-e1668709961820.jpg?resize=350%2C200","width":350,"height":200,"srcset":"https:\/\/i0.wp.com\/www.grieta.org.mx\/wp-content\/uploads\/2022\/11\/Unacar-e1668709961820.jpg?resize=350%2C200 1x, https:\/\/i0.wp.com\/www.grieta.org.mx\/wp-content\/uploads\/2022\/11\/Unacar-e1668709961820.jpg?resize=525%2C300 1.5x, https:\/\/i0.wp.com\/www.grieta.org.mx\/wp-content\/uploads\/2022\/11\/Unacar-e1668709961820.jpg?resize=700%2C400 2x"},"classes":[]},{"id":67383,"url":"http:\/\/www.grieta.org.mx\/index.php\/2023\/08\/03\/rectora-de-la-unacar-se-da-a-la-fuga-tras-manifestacion-de-sindicalizados-campeche\/","url_meta":{"origin":67148,"position":1},"title":"Rectora de la Unacar se da a la fuga tras manifestaci\u00f3n de sindicalizados (Campeche)","author":"grieta","date":"3 agosto, 2023","format":false,"excerpt":"Por Esto! As\u00ed huy\u00f3 la rectora de la Universidad Aut\u00f3noma del Carmen (Unacar), Sandra Martha Laff\u00f3n Leal, despu\u00e9s de que los extrabajadores cerraron los accesos a la rector\u00eda con candados y cadenas, en protesta por la falta de pago de hasta 14 quincenas Es decir, que la mayor\u00eda de los\u2026","rel":"","context":"En &quot;Campeche&quot;","block_context":{"text":"Campeche","link":"http:\/\/www.grieta.org.mx\/index.php\/category\/noticias-nacionales\/campeche\/"},"img":{"alt_text":"","src":"https:\/\/i0.wp.com\/www.grieta.org.mx\/wp-content\/uploads\/2023\/08\/Unacar-e1691365545385.jpg?resize=350%2C200","width":350,"height":200,"srcset":"https:\/\/i0.wp.com\/www.grieta.org.mx\/wp-content\/uploads\/2023\/08\/Unacar-e1691365545385.jpg?resize=350%2C200 1x, https:\/\/i0.wp.com\/www.grieta.org.mx\/wp-content\/uploads\/2023\/08\/Unacar-e1691365545385.jpg?resize=525%2C300 1.5x, https:\/\/i0.wp.com\/www.grieta.org.mx\/wp-content\/uploads\/2023\/08\/Unacar-e1691365545385.jpg?resize=700%2C400 2x"},"classes":[]},{"id":65931,"url":"http:\/\/www.grieta.org.mx\/index.php\/2022\/12\/14\/sindicalizados-de-semarnat-realizan-paro-de-labores-por-retraso-de-pagos-en-campeche\/","url_meta":{"origin":67148,"position":2},"title":"Sindicalizados de Semarnat realizan paro de labores por retraso de pagos en Campeche","author":"grieta","date":"14 diciembre, 2022","format":false,"excerpt":"Wilbert Casanova \/ Foto: Lucio Blanco \/ Por Esto! Ante el retraso en el pago de prestaciones por 2 millones 500 mil 672 pesos, los empleados de cinco dependencias federales suspendieron labores este d\u00eda en demanda de que les cubran este monto, exigi\u00f3 la secretaria general del Sindicato de Trabajadores\u2026","rel":"","context":"En &quot;Campeche&quot;","block_context":{"text":"Campeche","link":"http:\/\/www.grieta.org.mx\/index.php\/category\/noticias-nacionales\/campeche\/"},"img":{"alt_text":"","src":"https:\/\/i0.wp.com\/www.grieta.org.mx\/wp-content\/uploads\/2022\/12\/ParoSemarnat-e1671122428106.jpg?resize=350%2C200","width":350,"height":200,"srcset":"https:\/\/i0.wp.com\/www.grieta.org.mx\/wp-content\/uploads\/2022\/12\/ParoSemarnat-e1671122428106.jpg?resize=350%2C200 1x, https:\/\/i0.wp.com\/www.grieta.org.mx\/wp-content\/uploads\/2022\/12\/ParoSemarnat-e1671122428106.jpg?resize=525%2C300 1.5x, https:\/\/i0.wp.com\/www.grieta.org.mx\/wp-content\/uploads\/2022\/12\/ParoSemarnat-e1671122428106.jpg?resize=700%2C400 2x"},"classes":[]},{"id":66425,"url":"http:\/\/www.grieta.org.mx\/index.php\/2023\/03\/02\/sindicalistas-de-la-universidad-autonoma-de-campeche-amenazan-con-huelga\/","url_meta":{"origin":67148,"position":3},"title":"Sindicalistas de la Universidad Aut\u00f3noma de Campeche amenazan con huelga","author":"grieta","date":"2 marzo, 2023","format":false,"excerpt":"Lark \/News.EsEuro Al grito de \u00a1No m\u00e1s protecci\u00f3n!, y \u00a1Todos somos universitarios! Alrededor de 300 trabajadores sindicalizados se manifestaron frente a la rector\u00eda de la Universidad Aut\u00f3noma de Campeche (UAC) para exigir, entre otras cosas, que desistan del amparo obtenido contra las medidas cautelares del sindicato porque les impide continuar\u2026","rel":"","context":"En &quot;Campeche&quot;","block_context":{"text":"Campeche","link":"http:\/\/www.grieta.org.mx\/index.php\/category\/noticias-nacionales\/campeche\/"},"img":{"alt_text":"","src":"https:\/\/i0.wp.com\/www.grieta.org.mx\/wp-content\/uploads\/2023\/03\/Sindicalistas-e1678066124448.jpg?resize=350%2C200","width":350,"height":200,"srcset":"https:\/\/i0.wp.com\/www.grieta.org.mx\/wp-content\/uploads\/2023\/03\/Sindicalistas-e1678066124448.jpg?resize=350%2C200 1x, https:\/\/i0.wp.com\/www.grieta.org.mx\/wp-content\/uploads\/2023\/03\/Sindicalistas-e1678066124448.jpg?resize=525%2C300 1.5x, https:\/\/i0.wp.com\/www.grieta.org.mx\/wp-content\/uploads\/2023\/03\/Sindicalistas-e1678066124448.jpg?resize=700%2C400 2x"},"classes":[]},{"id":69786,"url":"http:\/\/www.grieta.org.mx\/index.php\/2024\/09\/09\/sindicalizados-del-ayuntamiento-de-campeche-protestan-ante-los-despidos-injustificados\/","url_meta":{"origin":67148,"position":4},"title":"Sindicalizados del Ayuntamiento de Campeche protestan ante los despidos injustificados","author":"grieta","date":"9 septiembre, 2024","format":false,"excerpt":"Wilbert Casanova Villamonte \/ Por Esto! Una fracci\u00f3n del Sindicato \u00danico de Trabajadores al Servicio del Gobierno Municipal (Sutsgm), presidida por Luis Fernando Chab Ruiz, llev\u00f3 a cabo una protesta en la sede del Ayuntamiento de Campeche. La manifestaci\u00f3n se centr\u00f3 en la demanda de que cesen los despidos que\u2026","rel":"","context":"En &quot;Campeche&quot;","block_context":{"text":"Campeche","link":"http:\/\/www.grieta.org.mx\/index.php\/category\/noticias-nacionales\/campeche\/"},"img":{"alt_text":"","src":"https:\/\/i0.wp.com\/www.grieta.org.mx\/wp-content\/uploads\/2024\/09\/Despidos-e1727142053526.jpg?resize=350%2C200","width":350,"height":200,"srcset":"https:\/\/i0.wp.com\/www.grieta.org.mx\/wp-content\/uploads\/2024\/09\/Despidos-e1727142053526.jpg?resize=350%2C200 1x, https:\/\/i0.wp.com\/www.grieta.org.mx\/wp-content\/uploads\/2024\/09\/Despidos-e1727142053526.jpg?resize=525%2C300 1.5x, https:\/\/i0.wp.com\/www.grieta.org.mx\/wp-content\/uploads\/2024\/09\/Despidos-e1727142053526.jpg?resize=700%2C400 2x"},"classes":[]},{"id":68786,"url":"http:\/\/www.grieta.org.mx\/index.php\/2024\/04\/09\/campeche-huelga-en-la-uac-afecta-a-mas-de-10-mil-estudiantes\/","url_meta":{"origin":67148,"position":5},"title":"Campeche: Huelga en la UAC afecta a m\u00e1s de 10 mil estudiantes","author":"grieta","date":"9 abril, 2024","format":false,"excerpt":"Ste S\u00e1nchez \/ Por Esto! Pese a que este lunes 8 de abril se reanudaban las clases tras el periodo vacacional de Semana Santa, que dio dos semanas de descanso a los alumnos de la Universidad Aut\u00f3noma de Campeche, m\u00e1s de 10 mil estudiantes se ver\u00e1n afectados tras suspenderse las\u2026","rel":"","context":"En &quot;Campeche&quot;","block_context":{"text":"Campeche","link":"http:\/\/www.grieta.org.mx\/index.php\/category\/noticias-nacionales\/campeche\/"},"img":{"alt_text":"","src":"https:\/\/i0.wp.com\/www.grieta.org.mx\/wp-content\/uploads\/2024\/04\/HuelgaUac-e1712683093559.jpg?resize=350%2C200","width":350,"height":200,"srcset":"https:\/\/i0.wp.com\/www.grieta.org.mx\/wp-content\/uploads\/2024\/04\/HuelgaUac-e1712683093559.jpg?resize=350%2C200 1x, https:\/\/i0.wp.com\/www.grieta.org.mx\/wp-content\/uploads\/2024\/04\/HuelgaUac-e1712683093559.jpg?resize=525%2C300 1.5x, https:\/\/i0.wp.com\/www.grieta.org.mx\/wp-content\/uploads\/2024\/04\/HuelgaUac-e1712683093559.jpg?resize=700%2C400 2x"},"classes":[]}],"_links":{"self":[{"href":"http:\/\/www.grieta.org.mx\/index.php\/wp-json\/wp\/v2\/posts\/67148","targetHints":{"allow":["GET"]}}],"collection":[{"href":"http:\/\/www.grieta.org.mx\/index.php\/wp-json\/wp\/v2\/posts"}],"about":[{"href":"http:\/\/www.grieta.org.mx\/index.php\/wp-json\/wp\/v2\/types\/post"}],"author":[{"embeddable":true,"href":"http:\/\/www.grieta.org.mx\/index.php\/wp-json\/wp\/v2\/users\/2"}],"replies":[{"embeddable":true,"href":"http:\/\/www.grieta.org.mx\/index.php\/wp-json\/wp\/v2\/comments?post=67148"}],"version-history":[{"count":1,"href":"http:\/\/www.grieta.org.mx\/index.php\/wp-json\/wp\/v2\/posts\/67148\/revisions"}],"predecessor-version":[{"id":67151,"href":"http:\/\/www.grieta.org.mx\/index.php\/wp-json\/wp\/v2\/posts\/67148\/revisions\/67151"}],"wp:featuredmedia":[{"embeddable":true,"href":"http:\/\/www.grieta.org.mx\/index.php\/wp-json\/wp\/v2\/media\/67150"}],"wp:attachment":[{"href":"http:\/\/www.grieta.org.mx\/index.php\/wp-json\/wp\/v2\/media?parent=67148"}],"wp:term":[{"taxonomy":"category","embeddable":true,"href":"http:\/\/www.grieta.org.mx\/index.php\/wp-json\/wp\/v2\/categories?post=67148"},{"taxonomy":"post_tag","embeddable":true,"href":"http:\/\/www.grieta.org.mx\/index.php\/wp-json\/wp\/v2\/tags?post=67148"}],"curies":[{"name":"wp","href":"https:\/\/api.w.org\/{rel}","templated":true}]}}