{"id":6712,"date":"2016-07-13T15:02:07","date_gmt":"2016-07-13T20:02:07","guid":{"rendered":"http:\/\/50.22.11.12\/~grietaor\/?p=6712"},"modified":"2016-07-13T15:22:54","modified_gmt":"2016-07-13T20:22:54","slug":"ejidatarios-de-zaragoza-coahuila-defienden-su-tierra","status":"publish","type":"post","link":"http:\/\/www.grieta.org.mx\/index.php\/2016\/07\/13\/ejidatarios-de-zaragoza-coahuila-defienden-su-tierra\/","title":{"rendered":"Ejidatarios de Zaragoza, Coahuila defienden su tierra"},"content":{"rendered":"<p><strong>04\/04\/16. <\/strong><a href=\"http:\/\/www.grieta.org.mx\/index.php\/2016\/04\/04\/ejidatarios-reclaman-predios-donde-se-construye-puente\">Ejidatarios reclaman predios donde se construye puente<\/a><br \/>\n<em>Milenio<\/em><\/p>\n<p><strong>16\/02\/16. <\/strong><a href=\"http:\/\/www.grieta.org.mx\/index.php\/2016\/02\/16\/protestan-por-construccion-de-puente-en-la-carretera-a-mieleras\">Protestan por construcci\u00f3n de puente en la carretera a Mieleras<\/a><br \/>\n<em>El Siglo de Torre\u00f3n<\/em><\/p>\n","protected":false},"excerpt":{"rendered":"<p>04\/04\/16. Ejidatarios reclaman predios donde se construye puente Milenio 16\/02\/16. Protestan por construcci\u00f3n de puente en la carretera a Mieleras El Siglo de Torre\u00f3n<\/p>\n","protected":false},"author":2,"featured_media":21928,"comment_status":"closed","ping_status":"open","sticky":false,"template":"","format":"standard","meta":{"ngg_post_thumbnail":0,"_jetpack_newsletter_access":"","_jetpack_dont_email_post_to_subs":false,"_jetpack_newsletter_tier_id":0,"_jetpack_memberships_contains_paywalled_content":false,"_jetpack_memberships_contains_paid_content":false,"footnotes":""},"categories":[419,2],"tags":[],"class_list":["post-6712","post","type-post","status-publish","format-standard","has-post-thumbnail","hentry","category-coahuila","category-noticias-nacionales","entry"],"jetpack_featured_media_url":"http:\/\/www.grieta.org.mx\/wp-content\/uploads\/2018\/03\/14524434_1106112876131411_958039263622046936_o.jpg","jetpack_sharing_enabled":true,"jetpack_shortlink":"https:\/\/wp.me\/p7ZJR4-1Kg","jetpack_likes_enabled":false,"jetpack-related-posts":[{"id":16625,"url":"http:\/\/www.grieta.org.mx\/index.php\/2016\/04\/04\/ejidatarios-reclaman-predios-donde-se-construye-puente\/","url_meta":{"origin":6712,"position":0},"title":"Ejidatarios reclaman predios donde se construye puente","author":"grieta","date":"4 abril, 2016","format":false,"excerpt":"Impidieron el paso en la carretera Mieleras y bulevar Laguna Sur de Torre\u00f3n. Exigieron el pago de 10 hect\u00e1reas por 70 millones de pesos, que le gobierno de Coahuila no les ha liquidado. Torre\u00f3n, Coahuila \u00b7 Un grupo de 60 ejidatarios bloque\u00f3 el cruce de la carretera Mieleras y bulevar\u2026","rel":"","context":"En &quot;CINTILLO&quot;","block_context":{"text":"CINTILLO","link":"http:\/\/www.grieta.org.mx\/index.php\/category\/cintillo\/"},"img":{"alt_text":"","src":"https:\/\/i0.wp.com\/www.grieta.org.mx\/wp-content\/uploads\/2018\/03\/14524434_1106112876131411_958039263622046936_o.jpg?resize=350%2C200","width":350,"height":200,"srcset":"https:\/\/i0.wp.com\/www.grieta.org.mx\/wp-content\/uploads\/2018\/03\/14524434_1106112876131411_958039263622046936_o.jpg?resize=350%2C200 1x, https:\/\/i0.wp.com\/www.grieta.org.mx\/wp-content\/uploads\/2018\/03\/14524434_1106112876131411_958039263622046936_o.jpg?resize=525%2C300 1.5x, https:\/\/i0.wp.com\/www.grieta.org.mx\/wp-content\/uploads\/2018\/03\/14524434_1106112876131411_958039263622046936_o.jpg?resize=700%2C400 2x"},"classes":[]},{"id":6667,"url":"http:\/\/www.grieta.org.mx\/index.php\/2016\/01\/06\/ejidatarios-de-estancias-coahuila-defienden-su-tierra\/","url_meta":{"origin":6712,"position":1},"title":"Ejidatarios de Estancias, Coahuila defienden su tierra","author":"grieta","date":"6 enero, 2016","format":false,"excerpt":"06\/01\/16. Sin acuerdo ejidal Mall no se instala La Prensa de Monclova 04\/01\/16. Mantienen ejidatarios litigio por tierras donde proyectan mall en Monclova El Heraldo de Saltillo 30\/12\/15. \u201cNos pagan o no hay Mall\u201d La Prensa de Monclova 27\/02\/13. No dejaremos que nos roben m\u00e1s: advierten ejidatarios en Monclova Voz\u2026","rel":"","context":"En &quot;Coahuila&quot;","block_context":{"text":"Coahuila","link":"http:\/\/www.grieta.org.mx\/index.php\/category\/noticias-nacionales\/coahuila\/"},"img":{"alt_text":"","src":"https:\/\/i0.wp.com\/www.grieta.org.mx\/wp-content\/uploads\/2018\/03\/14524434_1106112876131411_958039263622046936_o.jpg?resize=350%2C200","width":350,"height":200,"srcset":"https:\/\/i0.wp.com\/www.grieta.org.mx\/wp-content\/uploads\/2018\/03\/14524434_1106112876131411_958039263622046936_o.jpg?resize=350%2C200 1x, https:\/\/i0.wp.com\/www.grieta.org.mx\/wp-content\/uploads\/2018\/03\/14524434_1106112876131411_958039263622046936_o.jpg?resize=525%2C300 1.5x, https:\/\/i0.wp.com\/www.grieta.org.mx\/wp-content\/uploads\/2018\/03\/14524434_1106112876131411_958039263622046936_o.jpg?resize=700%2C400 2x"},"classes":[]},{"id":6645,"url":"http:\/\/www.grieta.org.mx\/index.php\/2015\/11\/24\/ejidatarios-son-esclavizados-aterrorizados-y-secuestrados-con-complicidad-del-gobierno-del-estado-de-coahuila-en-cuatro-cienegas\/","url_meta":{"origin":6712,"position":2},"title":"Ejidatarios son esclavizados, aterrorizados y secuestrados con complicidad del gobierno del estado de Coahuila en Cuatro Ci\u00e9negas","author":"grieta","date":"24 noviembre, 2015","format":false,"excerpt":"24\/11\/15. Dictan primer auto de vinculaci\u00f3n a proceso por destrucci\u00f3n de ejido en Cuatroci\u00e9negas Vanguardia 14\/11\/15. Gobierno de Moreira, detr\u00e1s del ataque a campesinos de Cuatroci\u00e9negas El Dem\u00f3crata 08\/11\/15. Calla \u00abmisteriosamente\u00bb Rub\u00e9n Moreira ante el ataque a campesinos de Cuatroci\u00e9negas El Dem\u00f3crata 07\/11\/15. \u00a1Noche infernal, sicarios queman un pueblo en\u2026","rel":"","context":"En &quot;Coahuila&quot;","block_context":{"text":"Coahuila","link":"http:\/\/www.grieta.org.mx\/index.php\/category\/noticias-nacionales\/coahuila\/"},"img":{"alt_text":"","src":"https:\/\/i0.wp.com\/www.grieta.org.mx\/wp-content\/uploads\/2018\/03\/14524434_1106112876131411_958039263622046936_o.jpg?resize=350%2C200","width":350,"height":200,"srcset":"https:\/\/i0.wp.com\/www.grieta.org.mx\/wp-content\/uploads\/2018\/03\/14524434_1106112876131411_958039263622046936_o.jpg?resize=350%2C200 1x, https:\/\/i0.wp.com\/www.grieta.org.mx\/wp-content\/uploads\/2018\/03\/14524434_1106112876131411_958039263622046936_o.jpg?resize=525%2C300 1.5x, https:\/\/i0.wp.com\/www.grieta.org.mx\/wp-content\/uploads\/2018\/03\/14524434_1106112876131411_958039263622046936_o.jpg?resize=700%2C400 2x"},"classes":[]},{"id":6683,"url":"http:\/\/www.grieta.org.mx\/index.php\/2016\/02\/08\/coahuilenses-se-movilizan-para-detener-construccion-de-basurero-toxico\/","url_meta":{"origin":6712,"position":3},"title":"Coahuilenses se movilizan para detener construcci\u00f3n de basurero t\u00f3xico","author":"grieta","date":"8 febrero, 2016","format":false,"excerpt":"08\/02\/16. Marchan contra basurero t\u00f3xico Reforma 28\/10\/15. Contin\u00faa la lucha contra el Cimari en General Cepeda Vanguardia 27\/10\/15. Pobladores del norte de M\u00e9xico rechazan vivir con 64,000 toneladas de desechos t\u00f3xicos La opini\u00f3n 26\/10\/15. Va SEMSA contra los allanadores del CIMARI Z\u00f3calo Saltillo 20\/10\/15. Va CIMARI contra ejidatarios Z\u00f3calo Saltillo\u2026","rel":"","context":"En &quot;Coahuila&quot;","block_context":{"text":"Coahuila","link":"http:\/\/www.grieta.org.mx\/index.php\/category\/noticias-nacionales\/coahuila\/"},"img":{"alt_text":"","src":"https:\/\/i0.wp.com\/www.grieta.org.mx\/wp-content\/uploads\/2018\/03\/14524434_1106112876131411_958039263622046936_o.jpg?resize=350%2C200","width":350,"height":200,"srcset":"https:\/\/i0.wp.com\/www.grieta.org.mx\/wp-content\/uploads\/2018\/03\/14524434_1106112876131411_958039263622046936_o.jpg?resize=350%2C200 1x, https:\/\/i0.wp.com\/www.grieta.org.mx\/wp-content\/uploads\/2018\/03\/14524434_1106112876131411_958039263622046936_o.jpg?resize=525%2C300 1.5x, https:\/\/i0.wp.com\/www.grieta.org.mx\/wp-content\/uploads\/2018\/03\/14524434_1106112876131411_958039263622046936_o.jpg?resize=700%2C400 2x"},"classes":[]},{"id":45570,"url":"http:\/\/www.grieta.org.mx\/index.php\/2020\/03\/04\/ejidatarios-denuncian-proteccion-de-la-gn-a-bailleres-en-mina-dipolos-video-coahuila\/","url_meta":{"origin":6712,"position":4},"title":"Ejidatarios denuncian protecci\u00f3n de la GN a Baill\u00e8res en Mina Dipolos (Video) (Coahuila)","author":"grieta","date":"4 marzo, 2020","format":false,"excerpt":"Juan Alberto Cedillo\/ PROCESO SALTILLO, Coah. (apro).- Ejidatarios de El Baj\u00edo de Caborca, Sonora, mantienen una protesta en la Mina Dipolos para exigir que la Guardia Nacional no se ponga al servicio del empresario Alberto Baill\u00e8res, quien \u2013afirmaron\u2013 mantiene la sustracci\u00f3n ilegal de oro de sus terrenos. Gregorio Meza Mendoza,\u2026","rel":"","context":"En &quot;CINTILLO&quot;","block_context":{"text":"CINTILLO","link":"http:\/\/www.grieta.org.mx\/index.php\/category\/cintillo\/"},"img":{"alt_text":"","src":"https:\/\/i0.wp.com\/www.grieta.org.mx\/wp-content\/uploads\/2020\/03\/estaes.png?resize=350%2C200","width":350,"height":200},"classes":[]},{"id":2616,"url":"http:\/\/www.grieta.org.mx\/index.php\/2016\/01\/06\/sin-acuerdo-ejidal-mall-no-se-instala\/","url_meta":{"origin":6712,"position":5},"title":"Sin acuerdo ejidal Mall no se instala","author":"grieta","date":"6 enero, 2016","format":false,"excerpt":"Por m\u00e1s que el Alcalde Gerardo Garc\u00eda Castillo insista que \u201cel Mall es un hecho\u201d, la disputa del terreno se mantiene en instancias agrarias a nivel federal. Los ejidatarios dicen que las autoridades se aferran en afirmar que el Mall se instalara, en los terrenos que hoy en d\u00eda son\u2026","rel":"","context":"En &quot;CINTILLO&quot;","block_context":{"text":"CINTILLO","link":"http:\/\/www.grieta.org.mx\/index.php\/category\/cintillo\/"},"img":{"alt_text":"","src":"https:\/\/i0.wp.com\/www.grieta.org.mx\/wp-content\/uploads\/2018\/03\/14524434_1106112876131411_958039263622046936_o.jpg?resize=350%2C200","width":350,"height":200,"srcset":"https:\/\/i0.wp.com\/www.grieta.org.mx\/wp-content\/uploads\/2018\/03\/14524434_1106112876131411_958039263622046936_o.jpg?resize=350%2C200 1x, https:\/\/i0.wp.com\/www.grieta.org.mx\/wp-content\/uploads\/2018\/03\/14524434_1106112876131411_958039263622046936_o.jpg?resize=525%2C300 1.5x, https:\/\/i0.wp.com\/www.grieta.org.mx\/wp-content\/uploads\/2018\/03\/14524434_1106112876131411_958039263622046936_o.jpg?resize=700%2C400 2x"},"classes":[]}],"_links":{"self":[{"href":"http:\/\/www.grieta.org.mx\/index.php\/wp-json\/wp\/v2\/posts\/6712","targetHints":{"allow":["GET"]}}],"collection":[{"href":"http:\/\/www.grieta.org.mx\/index.php\/wp-json\/wp\/v2\/posts"}],"about":[{"href":"http:\/\/www.grieta.org.mx\/index.php\/wp-json\/wp\/v2\/types\/post"}],"author":[{"embeddable":true,"href":"http:\/\/www.grieta.org.mx\/index.php\/wp-json\/wp\/v2\/users\/2"}],"replies":[{"embeddable":true,"href":"http:\/\/www.grieta.org.mx\/index.php\/wp-json\/wp\/v2\/comments?post=6712"}],"version-history":[{"count":1,"href":"http:\/\/www.grieta.org.mx\/index.php\/wp-json\/wp\/v2\/posts\/6712\/revisions"}],"predecessor-version":[{"id":16629,"href":"http:\/\/www.grieta.org.mx\/index.php\/wp-json\/wp\/v2\/posts\/6712\/revisions\/16629"}],"wp:featuredmedia":[{"embeddable":true,"href":"http:\/\/www.grieta.org.mx\/index.php\/wp-json\/wp\/v2\/media\/21928"}],"wp:attachment":[{"href":"http:\/\/www.grieta.org.mx\/index.php\/wp-json\/wp\/v2\/media?parent=6712"}],"wp:term":[{"taxonomy":"category","embeddable":true,"href":"http:\/\/www.grieta.org.mx\/index.php\/wp-json\/wp\/v2\/categories?post=6712"},{"taxonomy":"post_tag","embeddable":true,"href":"http:\/\/www.grieta.org.mx\/index.php\/wp-json\/wp\/v2\/tags?post=6712"}],"curies":[{"name":"wp","href":"https:\/\/api.w.org\/{rel}","templated":true}]}}