{"id":67101,"date":"2023-06-19T14:22:08","date_gmt":"2023-06-19T20:22:08","guid":{"rendered":"https:\/\/www.grieta.org.mx\/?p=67101"},"modified":"2023-06-25T14:29:29","modified_gmt":"2023-06-25T20:29:29","slug":"en-jalisco-solo-4-de-cada-100-personas-detenidas-por-el-delito-de-desaparicion-reciben-sentencias-condenatorias","status":"publish","type":"post","link":"http:\/\/www.grieta.org.mx\/index.php\/2023\/06\/19\/en-jalisco-solo-4-de-cada-100-personas-detenidas-por-el-delito-de-desaparicion-reciben-sentencias-condenatorias\/","title":{"rendered":"En Jalisco, s\u00f3lo 4 de cada 100 personas detenidas por el delito de desaparici\u00f3n reciben sentencias condenatorias"},"content":{"rendered":"<p>Imagen: Zona Docs<\/p>\n<p>Darwin Franco \/ Zona Docs<\/p>\n<p>En Jalisco, la impunidad en torno a la comisi\u00f3n de los delitos de desaparici\u00f3n forzada y desaparici\u00f3n cometida por particulares\u00a0<strong>es del 96%, esto significa que s\u00f3lo cuatro de cada 100 detenciones por la presunta comisi\u00f3n de estos delitos han culminado con una sentencia condenatoria<\/strong>, esto conforme a la informaci\u00f3n que. entreg\u00f3 por transparencia, la<strong><a href=\"https:\/\/drive.google.com\/file\/d\/1WFTvLMtNTT7beDEmdwOz9mnx9Uzx6Dgs\/view?usp=sharing\" target=\"_blank\" rel=\"noopener\">\u00a0Direcci\u00f3n General de Seguimiento a Procesos<\/a><\/strong>\u00a0de la Fiscal\u00eda del Estado de Jalisco.<\/p>\n<p>Conforme a esta dependencia, entre el 1 de enero de 2018 al 30 de abril de 2023,\u00a0<strong>en el estado han sido detenidas 553 personas<\/strong>\u00a0por su presunta responsabilidad en la comisi\u00f3n ya sea de una desaparici\u00f3n forzada o una desaparici\u00f3n cometida por particulares,\u00a0<strong>pero de \u00e9stas s\u00f3lo 21 han recibido una sentencia condenatoria tras probarse su responsabilidad criminal.<\/strong><\/p>\n<p><strong>En 34 casos<\/strong>, los jueces de control determinaron que\u00a0<strong>no exist\u00edan los suficientes elementos de prueba para vincularlos a proceso<\/strong>\u00a0o, simplemente, los liberaron tras probarse que elementos de la Fiscal\u00eda los detuvieron de manera irregular.<\/p>\n<p>Descontando el n\u00famero de personas liberadas y las que ya fueron sentenciadas,\u00a0<strong>a la espera de una resoluci\u00f3n judicial a\u00fan est\u00e1n 498 personas detenidas<\/strong>.<\/p>\n<p>A la fecha<strong>, 2021 ha sido el a\u00f1o con m\u00e1s detenciones con 161 casos,<\/strong>\u00a0despu\u00e9s le sigue 2022 con 140 detenciones, y 2020 con 121. En lo que va de 2023, se han realizado 47 detenciones.<\/p>\n<p>Respecto a la emisi\u00f3n de sentencias condenatorias o absolutorias dictadas, ya sea en el sistema tradicional o en el sistema oral, la Direcci\u00f3n General de Seguimiento a Procesos coloca al 2023 como el a\u00f1o con m\u00e1s sentencias condenatorias con siete; sin embargo,\u00a0<strong>es el a\u00f1o que m\u00e1s liberaciones (sentencias absolutorias) con 15 casos.<\/strong><\/p>\n<p><strong>\u00bfY qu\u00e9 penas reciben quienes cometen estos delitos?<\/strong><\/p>\n<p>La pena promedio que recibe en Jalisco una persona a la que se le comprueba su participaci\u00f3n en la comisi\u00f3n de una desaparici\u00f3n forzada o una desaparici\u00f3n cometida por particulares\u00a0<strong>es de 25 a\u00f1os<\/strong>, as\u00ed lo informa la\u00a0<strong><a href=\"https:\/\/drive.google.com\/file\/d\/1utqIRtq9-pKbPHkoOfqOCVKJYudijQT8\/view?usp=sharing\" target=\"_blank\" rel=\"noopener\">Direcci\u00f3n General de Seguimiento a Procesos<\/a><\/strong>\u00a0de la Fiscal\u00eda del Estado de Jalisco.<\/p>\n<p>Tomando como referencia, las sentencias emitidas en 2013, esta dependencia se\u00f1ala los distintos Tribunales Unitarios de los Distritos Judiciales otorgan ese tipo de pena; por ejemplo, en el caso de la carpeta de investigaci\u00f3n 56382\/2021, el Tribunal Unitario del Primer Distrito Judicial por el delito de desaparici\u00f3n cometida por particulares sentenci\u00f3, el 20 de enero de 2023,\u00a0<strong>a 25 a\u00f1os y tres d\u00edas de prisi\u00f3n a cinco personas.<\/strong><\/p>\n<p>Unas semanas despu\u00e9s, el 3 de febrero, la determinaci\u00f3n del expediente 87131\/2021 fue dictar sentencia condenatoria a una persona por el delito de desaparici\u00f3n cometida por particulares,\u00a0<strong>aunque en este caso al existir agravantes la condena fue de 28 a\u00f1os, un mes y 15 d\u00edas; as\u00ed como una multa por 403 mil pesos, as\u00ed como una reparaci\u00f3n integral del da\u00f1o de m\u00e1s de 460 mil pesos<\/strong>\u00a0a favor de las v\u00edctimas indirectas que eran menores de edad.<\/p>\n<p>En este a\u00f1o, la condena m\u00e1s alta se dict\u00f3 en el expediente 113125\/2019\u00a0<strong>alcanzando los 56 a\u00f1os y tres meses de prisi\u00f3n,<\/strong>\u00a0esto por el delito de desaparici\u00f3n cometida por particulares.<\/p>\n<p>En cuanto al delito de desaparici\u00f3n forzada, en 2023,\u00a0<strong>se han sentenciado dos personas, la condena se dict\u00f3 por 40 a\u00f1os y una multa de un mill\u00f3n de pesos por reparaci\u00f3n del da\u00f1o<\/strong>. Esta determinaci\u00f3n la tom\u00f3 el Tribunal Unitario del Primer Distrito Judicial, el 9 de marzo de 2023.<\/p>\n<p>En Jalisco, entre enero de 2018 y el 30 de abril de 2023,\u00a0<strong>fueron desaparecidas 14 mil 498 personas;<\/strong>\u00a0de estas -conforme al Registro Nacional de Personas Desaparecidas y No Localizadas de la Secretar\u00eda de Gobernaci\u00f3n-\u00a0<strong>7 mil 027 fueron localizadas (5 mil 965 con vida y mil 063 sin vida), mientras que 7 mil 921 siguen sin ser localizadas<\/strong>; sin embargo, en la misma temporalidad\u00a0<strong>s\u00f3lo se detuvo a 553 personas por su presunta responsabilidad, pero de \u00e9stas s\u00f3lo 21 han sido sentenciadas<\/strong>\u00a0por la comisi\u00f3n de los delitos de desaparici\u00f3n forzada o desaparici\u00f3n cometida por particulares.<\/p>\n<p><a href=\"https:\/\/www.zonadocs.mx\/2023\/06\/19\/en-jalisco-solo-4-de-cada-100-personas-detenidas-por-el-delito-de-desaparicion-reciben-sentencias-condenatorias\/\">https:\/\/www.zonadocs.mx\/2023\/06\/19\/en-jalisco-solo-4-de-cada-100-personas-detenidas-por-el-delito-de-desaparicion-reciben-sentencias-condenatorias\/<\/a><\/p>\n","protected":false},"excerpt":{"rendered":"<p>Imagen: Zona Docs Darwin Franco \/ Zona Docs En Jalisco, la impunidad en torno a la comisi\u00f3n de los delitos de desaparici\u00f3n forzada y desaparici\u00f3n cometida por particulares\u00a0es del 96%, &hellip; <a href=\"http:\/\/www.grieta.org.mx\/index.php\/2023\/06\/19\/en-jalisco-solo-4-de-cada-100-personas-detenidas-por-el-delito-de-desaparicion-reciben-sentencias-condenatorias\/\" class=\"more-link\">Leer m\u00e1s<\/a><\/p>\n","protected":false},"author":2,"featured_media":67102,"comment_status":"closed","ping_status":"closed","sticky":false,"template":"","format":"standard","meta":{"ngg_post_thumbnail":0,"_jetpack_newsletter_access":"","_jetpack_dont_email_post_to_subs":false,"_jetpack_newsletter_tier_id":0,"_jetpack_memberships_contains_paywalled_content":false,"_jetpack_memberships_contains_paid_content":false,"footnotes":""},"categories":[80,87,1032,20,2,83],"tags":[121,3775,3220],"class_list":["post-67101","post","type-post","status-publish","format-standard","has-post-thumbnail","hentry","category-cintillo","category-desaparecidos","category-desaparecidos-en-jalisco","category-jalisco","category-noticias-nacionales","category-temas-nacionales","tag-desaparecidos","tag-estadisticas-de-desaparecidos","tag-falta-de-justicia","entry"],"jetpack_featured_media_url":"http:\/\/www.grieta.org.mx\/wp-content\/uploads\/2023\/06\/photo1684468153-2-1068x848-1.jpeg","jetpack_sharing_enabled":true,"jetpack_shortlink":"https:\/\/wp.me\/p7ZJR4-hsh","jetpack_likes_enabled":false,"jetpack-related-posts":[{"id":57828,"url":"http:\/\/www.grieta.org.mx\/index.php\/2021\/03\/20\/nos-faltara-glorieta-accion-memorial-y-colocacion-de-losetas-de-busqueda-jalisco\/","url_meta":{"origin":67101,"position":0},"title":"\u00abNos faltar\u00e1 Glorieta\u00bb: acci\u00f3n memorial y colocaci\u00f3n de losetas de b\u00fasqueda (Jalisco)","author":"grieta","date":"20 marzo, 2021","format":false,"excerpt":"Foto: Zona Docs Christian Cantero \/ Zona Docs Decenas de familias se congregaron en la Glorieta de las y los desaparecidos de Jalisco para colocar ah\u00ed las losetas de b\u00fasqueda que, de a poco, ir\u00e1n sustituyendo a las lonas que han sido colocadas por quienes buscan a una de las\u2026","rel":"","context":"En &quot;CINTILLO&quot;","block_context":{"text":"CINTILLO","link":"http:\/\/www.grieta.org.mx\/index.php\/category\/cintillo\/"},"img":{"alt_text":"","src":"https:\/\/i0.wp.com\/www.grieta.org.mx\/wp-content\/uploads\/2021\/03\/Unknown-24-1.jpeg?resize=350%2C200","width":350,"height":200,"srcset":"https:\/\/i0.wp.com\/www.grieta.org.mx\/wp-content\/uploads\/2021\/03\/Unknown-24-1.jpeg?resize=350%2C200 1x, https:\/\/i0.wp.com\/www.grieta.org.mx\/wp-content\/uploads\/2021\/03\/Unknown-24-1.jpeg?resize=525%2C300 1.5x, https:\/\/i0.wp.com\/www.grieta.org.mx\/wp-content\/uploads\/2021\/03\/Unknown-24-1.jpeg?resize=700%2C400 2x"},"classes":[]},{"id":54665,"url":"http:\/\/www.grieta.org.mx\/index.php\/2020\/10\/27\/sin-presencia-de-familiares-de-desaparecidos-y-sin-autocritica-gobierno-de-jalisco-presento-el-segundo-informe-sobre-desapariciones-en-el-estado\/","url_meta":{"origin":67101,"position":1},"title":"Sin presencia de familiares de desaparecidos y sin autocr\u00edtica, Gobierno de Jalisco present\u00f3 el Segundo Informe sobre desapariciones en el estado","author":"grieta","date":"27 octubre, 2020","format":false,"excerpt":"\u00a0 De acuerdo al gobernador de Jalisco, Enrique Alfaro, las desapariciones en el estado han disminuido un 18.3%; sin embargo, el Informe Nacional sobre Personas Desaparecidas y No Localizadas de la Secretar\u00eda de Gobernaci\u00f3n y la Comisi\u00f3n Nacional de B\u00fasqueda, se coloc\u00f3 a Jalisco como la entidad con mayor n\u00famero\u2026","rel":"","context":"En &quot;CINTILLO&quot;","block_context":{"text":"CINTILLO","link":"http:\/\/www.grieta.org.mx\/index.php\/category\/cintillo\/"},"img":{"alt_text":"","src":"https:\/\/i0.wp.com\/www.grieta.org.mx\/wp-content\/uploads\/2020\/11\/Unknown-1-768x513-1.jpeg?resize=350%2C200","width":350,"height":200,"srcset":"https:\/\/i0.wp.com\/www.grieta.org.mx\/wp-content\/uploads\/2020\/11\/Unknown-1-768x513-1.jpeg?resize=350%2C200 1x, https:\/\/i0.wp.com\/www.grieta.org.mx\/wp-content\/uploads\/2020\/11\/Unknown-1-768x513-1.jpeg?resize=525%2C300 1.5x, https:\/\/i0.wp.com\/www.grieta.org.mx\/wp-content\/uploads\/2020\/11\/Unknown-1-768x513-1.jpeg?resize=700%2C400 2x"},"classes":[]},{"id":45310,"url":"http:\/\/www.grieta.org.mx\/index.php\/2020\/02\/20\/976-ninas-y-ninos-estan-actualmente-desaparecidos-en-jalisco\/","url_meta":{"origin":67101,"position":2},"title":"976 ni\u00f1as y ni\u00f1os est\u00e1n actualmente desaparecidos en Jalisco","author":"grieta","date":"20 febrero, 2020","format":false,"excerpt":"Foto: Zona Docs La conmoci\u00f3n nacional que gener\u00f3 la desaparici\u00f3n y posterior feminicidio de F\u00e1tima Cecilia, de 7 a\u00f1os, en la Ciudad de M\u00e9xico, deber\u00eda colocar el foco de atenci\u00f3n en el incremento de las desapariciones de ni\u00f1as y ni\u00f1as en el pa\u00eds; sin embargo, organizaciones como la\u00a0Red por los\u2026","rel":"","context":"En &quot;CINTILLO&quot;","block_context":{"text":"CINTILLO","link":"http:\/\/www.grieta.org.mx\/index.php\/category\/cintillo\/"},"img":{"alt_text":"","src":"https:\/\/i0.wp.com\/www.grieta.org.mx\/wp-content\/uploads\/2020\/02\/result-7-1050x640.jpg?resize=350%2C200","width":350,"height":200,"srcset":"https:\/\/i0.wp.com\/www.grieta.org.mx\/wp-content\/uploads\/2020\/02\/result-7-1050x640.jpg?resize=350%2C200 1x, https:\/\/i0.wp.com\/www.grieta.org.mx\/wp-content\/uploads\/2020\/02\/result-7-1050x640.jpg?resize=525%2C300 1.5x, https:\/\/i0.wp.com\/www.grieta.org.mx\/wp-content\/uploads\/2020\/02\/result-7-1050x640.jpg?resize=700%2C400 2x, https:\/\/i0.wp.com\/www.grieta.org.mx\/wp-content\/uploads\/2020\/02\/result-7-1050x640.jpg?resize=1050%2C600 3x"},"classes":[]},{"id":43156,"url":"http:\/\/www.grieta.org.mx\/index.php\/2020\/01\/13\/familiares-en-jalisco-convocan-a-primera-marcha-por-desaparecidos-en-el-estado\/","url_meta":{"origin":67101,"position":3},"title":"Familiares en Jalisco convocan a primera marcha por desaparecidos en el estado","author":"grieta","date":"13 enero, 2020","format":false,"excerpt":"Imagen: Zona Docs Con el lema \u201cporque cada d\u00eda que pasa su ausencia duele\u201d familiares de personas desaparecidas en Jalisco convocaron a la primera marcha pac\u00edfica del a\u00f1o para demandar el regreso de sus seres queridos. La caminata se llevar\u00e1 a cabo el pr\u00f3ximo domingo 26 de enero a las\u2026","rel":"","context":"En &quot;CINTILLO&quot;","block_context":{"text":"CINTILLO","link":"http:\/\/www.grieta.org.mx\/index.php\/category\/cintillo\/"},"img":{"alt_text":"","src":"https:\/\/i0.wp.com\/www.grieta.org.mx\/wp-content\/uploads\/2020\/01\/Unknown-8-2-1200x640.jpeg?resize=350%2C200","width":350,"height":200,"srcset":"https:\/\/i0.wp.com\/www.grieta.org.mx\/wp-content\/uploads\/2020\/01\/Unknown-8-2-1200x640.jpeg?resize=350%2C200 1x, https:\/\/i0.wp.com\/www.grieta.org.mx\/wp-content\/uploads\/2020\/01\/Unknown-8-2-1200x640.jpeg?resize=525%2C300 1.5x, https:\/\/i0.wp.com\/www.grieta.org.mx\/wp-content\/uploads\/2020\/01\/Unknown-8-2-1200x640.jpeg?resize=700%2C400 2x, https:\/\/i0.wp.com\/www.grieta.org.mx\/wp-content\/uploads\/2020\/01\/Unknown-8-2-1200x640.jpeg?resize=1050%2C600 3x"},"classes":[]},{"id":63411,"url":"http:\/\/www.grieta.org.mx\/index.php\/2022\/02\/14\/registra-puerto-vallarta-67-personas-desaparecidas-jalisco\/","url_meta":{"origin":67101,"position":4},"title":"Registra Puerto Vallarta 67 personas desaparecidas (Jalisco)","author":"grieta","date":"14 febrero, 2022","format":false,"excerpt":"Foto: Tribuna de la Bah\u00eda Israel Torres \/ Tribuna de la Bah\u00eda El municipio de Puerto Vallarta cerr\u00f3 el 2021 con 67 personas desaparecidas, aunque de acuerdo con el Monitoreo de la Unidad de An\u00e1lisis y Contexto de la Comisi\u00f3n Estatal de Derechos Humanos de Jalisco y con base en\u2026","rel":"","context":"En &quot;CINTILLO&quot;","block_context":{"text":"CINTILLO","link":"http:\/\/www.grieta.org.mx\/index.php\/category\/cintillo\/"},"img":{"alt_text":"","src":"https:\/\/i0.wp.com\/www.grieta.org.mx\/wp-content\/uploads\/2022\/02\/registra-puerto-vallarta-67-personas-desaparecidas-cover.jpg?resize=350%2C200","width":350,"height":200,"srcset":"https:\/\/i0.wp.com\/www.grieta.org.mx\/wp-content\/uploads\/2022\/02\/registra-puerto-vallarta-67-personas-desaparecidas-cover.jpg?resize=350%2C200 1x, https:\/\/i0.wp.com\/www.grieta.org.mx\/wp-content\/uploads\/2022\/02\/registra-puerto-vallarta-67-personas-desaparecidas-cover.jpg?resize=525%2C300 1.5x, https:\/\/i0.wp.com\/www.grieta.org.mx\/wp-content\/uploads\/2022\/02\/registra-puerto-vallarta-67-personas-desaparecidas-cover.jpg?resize=700%2C400 2x"},"classes":[]},{"id":63596,"url":"http:\/\/www.grieta.org.mx\/index.php\/2022\/03\/02\/colectivos-y-organizaciones-exigen-correcta-implementacion-de-las-leyes-de-desaparicion-en-jalisco\/","url_meta":{"origin":67101,"position":5},"title":"Colectivos y organizaciones exigen correcta implementaci\u00f3n de las Leyes de Desaparici\u00f3n en Jalisco","author":"grieta","date":"2 marzo, 2022","format":false,"excerpt":"Foto; Recuperada de Centro de Justicia para la Paz y Desarrollo (CEPAD) Tonantzin Montzerrat \/ Somos El Medio 02 de marzo del 2022, Ciudad de M\u00e9xico.-Hoy por la tarde, mediante un comunicado el colectivo\u00a0\u201cPor amor a ellxs\u201d\u00a0en conjunto con familiares de v\u00edctimas por desaparici\u00f3n hicieron un llamado a las autoridades\u2026","rel":"","context":"En &quot;CINTILLO&quot;","block_context":{"text":"CINTILLO","link":"http:\/\/www.grieta.org.mx\/index.php\/category\/cintillo\/"},"img":{"alt_text":"","src":"https:\/\/i0.wp.com\/www.grieta.org.mx\/wp-content\/uploads\/2022\/03\/photo1646104995-1068x801-1-696x522-1.jpeg?resize=350%2C200","width":350,"height":200,"srcset":"https:\/\/i0.wp.com\/www.grieta.org.mx\/wp-content\/uploads\/2022\/03\/photo1646104995-1068x801-1-696x522-1.jpeg?resize=350%2C200 1x, https:\/\/i0.wp.com\/www.grieta.org.mx\/wp-content\/uploads\/2022\/03\/photo1646104995-1068x801-1-696x522-1.jpeg?resize=525%2C300 1.5x"},"classes":[]}],"_links":{"self":[{"href":"http:\/\/www.grieta.org.mx\/index.php\/wp-json\/wp\/v2\/posts\/67101","targetHints":{"allow":["GET"]}}],"collection":[{"href":"http:\/\/www.grieta.org.mx\/index.php\/wp-json\/wp\/v2\/posts"}],"about":[{"href":"http:\/\/www.grieta.org.mx\/index.php\/wp-json\/wp\/v2\/types\/post"}],"author":[{"embeddable":true,"href":"http:\/\/www.grieta.org.mx\/index.php\/wp-json\/wp\/v2\/users\/2"}],"replies":[{"embeddable":true,"href":"http:\/\/www.grieta.org.mx\/index.php\/wp-json\/wp\/v2\/comments?post=67101"}],"version-history":[{"count":1,"href":"http:\/\/www.grieta.org.mx\/index.php\/wp-json\/wp\/v2\/posts\/67101\/revisions"}],"predecessor-version":[{"id":67104,"href":"http:\/\/www.grieta.org.mx\/index.php\/wp-json\/wp\/v2\/posts\/67101\/revisions\/67104"}],"wp:featuredmedia":[{"embeddable":true,"href":"http:\/\/www.grieta.org.mx\/index.php\/wp-json\/wp\/v2\/media\/67102"}],"wp:attachment":[{"href":"http:\/\/www.grieta.org.mx\/index.php\/wp-json\/wp\/v2\/media?parent=67101"}],"wp:term":[{"taxonomy":"category","embeddable":true,"href":"http:\/\/www.grieta.org.mx\/index.php\/wp-json\/wp\/v2\/categories?post=67101"},{"taxonomy":"post_tag","embeddable":true,"href":"http:\/\/www.grieta.org.mx\/index.php\/wp-json\/wp\/v2\/tags?post=67101"}],"curies":[{"name":"wp","href":"https:\/\/api.w.org\/{rel}","templated":true}]}}