{"id":67055,"date":"2023-06-22T06:12:08","date_gmt":"2023-06-22T12:12:08","guid":{"rendered":"https:\/\/www.grieta.org.mx\/?p=67055"},"modified":"2023-06-23T06:21:44","modified_gmt":"2023-06-23T12:21:44","slug":"sedena-continua-construccion-de-hotel-en-calakmul-pese-a-denuncias-de-ambientalistas-campeche","status":"publish","type":"post","link":"http:\/\/www.grieta.org.mx\/index.php\/2023\/06\/22\/sedena-continua-construccion-de-hotel-en-calakmul-pese-a-denuncias-de-ambientalistas-campeche\/","title":{"rendered":"Sedena Contin\u00faa Construcci\u00f3n de Hotel en Calakmul, Pese a Denuncias de Ambientalistas (Campeche)"},"content":{"rendered":"<p>Cambio 22<\/p>\n<p>CHETUMAL, 22 de junio.- La construcci\u00f3n de un hotel casino en asociado al Tren Maya medio de la Reserva de la Bi\u00f3sfera de Calakmul, en Campeche, contin\u00faa, pese a que ambientalistas han intensificado sus denuncias contra la Secretar\u00eda de la Defensa Nacional (Sedena), a la que acusan de realizar las obras sin permisos ambientales y poniendo en riesgo la dotaci\u00f3n de agua para la vida silvestre en una regi\u00f3n donde ya es un recurso escaso.<\/p>\n<p>La constructora inici\u00f3 en enero las obras del proyecto, lo que dispar\u00f3 una gran preocupaci\u00f3n entre los residentes de la regi\u00f3n, debido a la deforestaci\u00f3n y al riesgo que corre la preservaci\u00f3n de la zona arqueol\u00f3gica que se encuentra dentro del \u00e1rea natural protegida.<\/p>\n<p>Supuestamente, el hotel se ubicar\u00e1 en un terreno de 3 hect\u00e1reas y tendr\u00e1 unas 143 habitaciones, aunque algunos han dicho que ser\u00e1n hasta 160, adem\u00e1s de operar un casino, en lo que ser\u00e1 el Tramo 7 del Tren Maya, Chetumal-Esc\u00e1rcega, cerca de la estaci\u00f3n Xpujil, Calakmul.<\/p>\n<p>Si bien el edificio estar\u00e1, t\u00e9cnicamente, dentro del terreno neutral de la reserva (donde se permite alguna construcci\u00f3n), tambi\u00e9n queda dentro de la zona designada por la UNESCO como Patrimonio de la Humanidad en 2002.<\/p>\n<p>Pero adem\u00e1s reclaman que se encuentra en las inmediaciones de una aguada construida por los mayas antiguos conocida como Aguada Bonfil, que ha sido abrevadero para especies en peligro de extinci\u00f3n que habitan la reserva, que adem\u00e1s est\u00e1 en una regi\u00f3n donde escasea el agua para consumo humano por la profundidad del manto fre\u00e1tico.<\/p>\n<p>El proyecto Tren Maya, de mil 525 kil\u00f3metros, tendr\u00e1 siete l\u00edneas que conectar\u00e1n los estados de Quintana Roo, Yucat\u00e1n, Tabasco, Campeche y Chiapas, y como novedad dentro del proyecto se est\u00e1n construyendo seis hoteles a lo largo de diferentes puntos de la ruta.<\/p>\n<p>Sobre esto, los ambientalistas que denuncian el proyecto indican que tampoco existen registros de la declaraci\u00f3n de impacto medioambiental del hotel ante la Secretar\u00eda de Medio Ambiente y Recursos Naturales (Semarnat, pues seg\u00fan la respuesta a un pedido de documentaci\u00f3n, no se autoriz\u00f3 ninguna construcci\u00f3n de hotel ni el uso de ning\u00fan terreno en Calakmul.<\/p>\n<p>Recientemente, los integrantes de Oxford Mexican Society enviaron una carta al presidente de M\u00e9xico, Andr\u00e9s Manuel L\u00f3pez Obrador, para oponerse a la realizaci\u00f3n del Hotel Militar en la Reserva de la Biosfera Calakmul.<\/p>\n<p>En dicha carta, piden al presidente que considere la relocalizaci\u00f3n de la construcci\u00f3n del hotel de 143 habitaciones, porque la obra se localiza dentro de la zona de amortiguamiento de la reserva y a unos 2,200 metros cuadrados del cuerpo de agua llamado Aguada Bonfil, a 10 kil\u00f3metros de la zona arqueol\u00f3gica de Calakmul.<\/p>\n<p>La preocupaci\u00f3n es porque esta reserva es considerada como parte del bosque tropical m\u00e1s grande de Mesoam\u00e9rica, y funge como un corredor biol\u00f3gico muy importante; adem\u00e1s la RBC forma parte de una de las zonas con mayor diversidad biol\u00f3gica del mundo.<\/p>\n<p>Adem\u00e1s, se\u00f1alan que en Calakmul las aguadas son la \u00fanica fuente de agua para algunos pobladores locales y para toda la fauna de la regi\u00f3n.<\/p>\n<p>Espec\u00edficamente, en la Aguada Bonfil viven especies en peligro de extinci\u00f3n, protegidas por la NOM-059 de la SEMARNAT, como el jaguar, el tapir, el pecar\u00ed de labios blancos, el ocelote y el tigrillo, entre muchas otras.<\/p>\n<p>Por ello, consideran que la construcci\u00f3n en el sitio actual del hotel significa un enorme impacto ambiental irreversible, ya que no existe infraestructura para transportar el agua y conectarse a los transformadores el\u00e9ctricos.<\/p>\n<p>Motivo por el cual, afirman que agradecer\u00e1n si L\u00f3pez Obrador accede a reubicar la zona del hotel en otros sitios con mejor infraestructura, propuestos por la Comisi\u00f3n T\u00e9cnica de la Reserva de la Biosfera de Calakmul y considerando a los ejidos afectados de Calakmul y Balam K\u00fa.<\/p>\n<p>Por su parte, el colectivo ambientalista S\u00e9lvame del Tren public\u00f3 en redes sociales que la construcci\u00f3n de lo que denominaron como un Hotel Militar en medio de la reserva de la Bi\u00f3sfera de Calakmul se realiza donde no hay agua.<\/p>\n<p>Con la publicaci\u00f3n de un video grabado con un dron el pasado 14 de junio del 2023, se\u00f1alan que se puede observar del lado izquierdo una aguada ya seca, presuntamente a consecuencia de la \u201cobra\u201d.<\/p>\n<p>La indignaci\u00f3n tambi\u00e9n se plasma debido a que las comunidades aleda\u00f1as no tienen agua, ni centros de salud, ni caminos transitables, mientras que la Secretar\u00eda de la Defensa Nacional parece manejar recursos \u201cilimitados\u201d para violar una reserva protegida por la UNESCO con toda impunidad.<\/p>\n<p>Cabe mencionar que, a inicios del mes de mayo, la Caravana El Sur Resiste realiz\u00f3 una protesta frente al campamento de la Sedena del Tramo 7 del Tren Maya, cerca de Xpujil, Calakmul, denunciando la construcci\u00f3n del hotel con casino, para que opere junto a la estaci\u00f3n del ferrocarril.<\/p>\n<p><a href=\"https:\/\/diariocambio22.mx\/sedena-continua-construccion-de-hotel-en-calakmul-pese-a-denuncias-de-ambientalistas\/\" rel=\"noopener\" target=\"_blank\">https:\/\/diariocambio22.mx\/sedena-continua-construccion-de-hotel-en-calakmul-pese-a-denuncias-de-ambientalistas\/<\/a><\/p>\n","protected":false},"excerpt":{"rendered":"<p>Cambio 22 CHETUMAL, 22 de junio.- La construcci\u00f3n de un hotel casino en asociado al Tren Maya medio de la Reserva de la Bi\u00f3sfera de Calakmul, en Campeche, contin\u00faa, pese &hellip; <a href=\"http:\/\/www.grieta.org.mx\/index.php\/2023\/06\/22\/sedena-continua-construccion-de-hotel-en-calakmul-pese-a-denuncias-de-ambientalistas-campeche\/\" class=\"more-link\">Leer m\u00e1s<\/a><\/p>\n","protected":false},"author":2,"featured_media":67056,"comment_status":"closed","ping_status":"closed","sticky":false,"template":"","format":"standard","meta":{"ngg_post_thumbnail":0,"_jetpack_newsletter_access":"","_jetpack_dont_email_post_to_subs":false,"_jetpack_newsletter_tier_id":0,"_jetpack_memberships_contains_paywalled_content":false,"_jetpack_memberships_contains_paid_content":false,"footnotes":""},"categories":[69,11,80,3009,2258,958,1,954,3,922,926,944,952,2,1877,2026],"tags":[223,1803,1878],"class_list":["post-67055","post","type-post","status-publish","format-standard","has-post-thumbnail","hentry","category-25-xpujil","category-campeche","category-cintillo","category-crisis-del-agua-en-campeche","category-ecocidio-en-campeche","category-esp-campeche","category-espejos-de-la-resistencia","category-espejos-estados","category-megaproyectos","category-megaproyectos-estados","category-mp-campeche","category-mp-quintana-roo","category-mp-yucatan","category-noticias-nacionales","category-resistencia-al-tren-maya-en-la-peninsula-de-yucatan-campeche","category-tren-maya","tag-ecocidio","tag-sedena","tag-tren-maya","entry"],"jetpack_featured_media_url":"http:\/\/www.grieta.org.mx\/wp-content\/uploads\/2023\/06\/Calakmul-e1687522585268.jpg","jetpack_sharing_enabled":true,"jetpack_shortlink":"https:\/\/wp.me\/p7ZJR4-hrx","jetpack_likes_enabled":false,"jetpack-related-posts":[{"id":67059,"url":"http:\/\/www.grieta.org.mx\/index.php\/2023\/05\/03\/caravana-el-sur-resiste-pide-a-la-sedena-suspender-obras-en-el-tramo-7-del-tren-maya-campeche\/","url_meta":{"origin":67055,"position":0},"title":"Caravana El Sur Resiste pide a la Sedena suspender obras en el Tramo 7 del Tren Maya (Campeche)","author":"grieta","date":"3 mayo, 2023","format":false,"excerpt":"Cambio 22 XPUJIL, CAMPECHE, 3 de mayo.- Los integrantes del movimiento Caravana El Sur Resiste llegaron al campamento de la Secretar\u00eda de la Defensa Nacional (Sedena) en Xpujil, municipio de Calakmul, Campeche, para hacer entrega a los ingenieros militares de documentos que acreditan que el Tramo 7 del Tren Maya\u2026","rel":"","context":"En &quot;25. Xpujil&quot;","block_context":{"text":"25. Xpujil","link":"http:\/\/www.grieta.org.mx\/index.php\/category\/espejos-de-la-resistencia\/25-xpujil\/"},"img":{"alt_text":"","src":"https:\/\/i0.wp.com\/www.grieta.org.mx\/wp-content\/uploads\/2023\/06\/SurResiste-e1687537548743.jpg?resize=350%2C200","width":350,"height":200,"srcset":"https:\/\/i0.wp.com\/www.grieta.org.mx\/wp-content\/uploads\/2023\/06\/SurResiste-e1687537548743.jpg?resize=350%2C200 1x, https:\/\/i0.wp.com\/www.grieta.org.mx\/wp-content\/uploads\/2023\/06\/SurResiste-e1687537548743.jpg?resize=525%2C300 1.5x, https:\/\/i0.wp.com\/www.grieta.org.mx\/wp-content\/uploads\/2023\/06\/SurResiste-e1687537548743.jpg?resize=700%2C400 2x"},"classes":[]},{"id":47874,"url":"http:\/\/www.grieta.org.mx\/index.php\/2020\/04\/13\/las-vias-torcidas-del-tren-maya-video\/","url_meta":{"origin":67055,"position":1},"title":"Las v\u00edas torcidas del tren maya (Video)","author":"grieta","date":"13 abril, 2020","format":false,"excerpt":"https:\/\/www.youtube.com\/watch?v=k8FRX9eT0YY","rel":"","context":"En &quot;16. Pueblo Maya&quot;","block_context":{"text":"16. Pueblo Maya","link":"http:\/\/www.grieta.org.mx\/index.php\/category\/espejos-de-la-resistencia\/16-pueblo-maya\/"},"img":{"alt_text":"","src":"https:\/\/i0.wp.com\/www.grieta.org.mx\/wp-content\/uploads\/2020\/04\/ViasTorcidasTrenMaya.png?resize=350%2C200","width":350,"height":200,"srcset":"https:\/\/i0.wp.com\/www.grieta.org.mx\/wp-content\/uploads\/2020\/04\/ViasTorcidasTrenMaya.png?resize=350%2C200 1x, https:\/\/i0.wp.com\/www.grieta.org.mx\/wp-content\/uploads\/2020\/04\/ViasTorcidasTrenMaya.png?resize=525%2C300 1.5x, https:\/\/i0.wp.com\/www.grieta.org.mx\/wp-content\/uploads\/2020\/04\/ViasTorcidasTrenMaya.png?resize=700%2C400 2x"},"classes":[]},{"id":66234,"url":"http:\/\/www.grieta.org.mx\/index.php\/2023\/01\/29\/construccion-de-hotel-tren-maya-en-calakmul-genera-molestia-campeche\/","url_meta":{"origin":67055,"position":2},"title":"Construcci\u00f3n de Hotel Tren Maya en Calakmul genera molestia (Campeche)","author":"grieta","date":"29 enero, 2023","format":false,"excerpt":"Jairo Maga\u00f1a \/ Foto: Gobierno de M\u00e9xico \/ La Jornada Maya Ejidatarios se\u00f1alan que no se les ense\u00f1\u00f3 una MIA para el proyecto Calakmul, Campeche Video revela cuestionamientos y quejas sobre la construcci\u00f3n del hotel Edzn\u00e1, proyecto tur\u00edstico innovador (anunciado por Andr\u00e9s Manuel L\u00f3pez Obrador, presidente de M\u00e9xico, el 23\u2026","rel":"","context":"En &quot;Campeche&quot;","block_context":{"text":"Campeche","link":"http:\/\/www.grieta.org.mx\/index.php\/category\/noticias-nacionales\/campeche\/"},"img":{"alt_text":"","src":"https:\/\/i0.wp.com\/www.grieta.org.mx\/wp-content\/uploads\/2023\/01\/CalakmulHotel-e1676393960214.jpg?resize=350%2C200","width":350,"height":200,"srcset":"https:\/\/i0.wp.com\/www.grieta.org.mx\/wp-content\/uploads\/2023\/01\/CalakmulHotel-e1676393960214.jpg?resize=350%2C200 1x, https:\/\/i0.wp.com\/www.grieta.org.mx\/wp-content\/uploads\/2023\/01\/CalakmulHotel-e1676393960214.jpg?resize=525%2C300 1.5x, https:\/\/i0.wp.com\/www.grieta.org.mx\/wp-content\/uploads\/2023\/01\/CalakmulHotel-e1676393960214.jpg?resize=700%2C400 2x"},"classes":[]},{"id":35945,"url":"http:\/\/www.grieta.org.mx\/index.php\/2019\/07\/05\/expansion-de-megaproyectos-en-la-peninsula-de-yucatan-video\/","url_meta":{"origin":67055,"position":3},"title":"Expansi\u00f3n de Megaproyectos en la Pen\u00ednsula de Yucat\u00e1n (Video)","author":"grieta","date":"5 julio, 2019","format":false,"excerpt":"https:\/\/youtu.be\/qLBARIAaBsI","rel":"","context":"En &quot;Campeche&quot;","block_context":{"text":"Campeche","link":"http:\/\/www.grieta.org.mx\/index.php\/category\/noticias-nacionales\/campeche\/"},"img":{"alt_text":"","src":"https:\/\/i0.wp.com\/img.youtube.com\/vi\/qLBARIAaBsI\/0.jpg?resize=350%2C200","width":350,"height":200},"classes":[]},{"id":67166,"url":"http:\/\/www.grieta.org.mx\/index.php\/2023\/07\/03\/habitantes-de-xpujil-denuncian-que-militares-restringen-el-uso-del-agua-campeche\/","url_meta":{"origin":67055,"position":4},"title":"Habitantes de Xpujil denuncian que militares restringen el uso del agua (Campeche)","author":"grieta","date":"3 julio, 2023","format":false,"excerpt":"Itzel Chan \/ Haz Ruido Las y los pobladores observaron que ahora el agua es conducida a los hoteles en construcci\u00f3n cerca de Calakmul, los cuales forman parte del proyecto del Tren Maya. M\u00e9rida, Yucat\u00e1n, 3 de julio de 2023.-Habitantes de Xpujil, comunidad maya del sur de Campeche, denuncian que\u2026","rel":"","context":"En &quot;25. Xpujil&quot;","block_context":{"text":"25. Xpujil","link":"http:\/\/www.grieta.org.mx\/index.php\/category\/espejos-de-la-resistencia\/25-xpujil\/"},"img":{"alt_text":"","src":"https:\/\/i0.wp.com\/www.grieta.org.mx\/wp-content\/uploads\/2023\/07\/Xpujil-e1688848821346.jpg?resize=350%2C200","width":350,"height":200,"srcset":"https:\/\/i0.wp.com\/www.grieta.org.mx\/wp-content\/uploads\/2023\/07\/Xpujil-e1688848821346.jpg?resize=350%2C200 1x, https:\/\/i0.wp.com\/www.grieta.org.mx\/wp-content\/uploads\/2023\/07\/Xpujil-e1688848821346.jpg?resize=525%2C300 1.5x, https:\/\/i0.wp.com\/www.grieta.org.mx\/wp-content\/uploads\/2023\/07\/Xpujil-e1688848821346.jpg?resize=700%2C400 2x"},"classes":[]},{"id":68141,"url":"http:\/\/www.grieta.org.mx\/index.php\/2023\/11\/02\/calakmul-el-acueducto-inconcluso-de-la-sedena-y-439-millones-de-pesos-por-comprobar-campeche\/","url_meta":{"origin":67055,"position":5},"title":"Calakmul: El acueducto inconcluso de la Sedena y 439 millones de pesos por comprobar (Campeche)","author":"grieta","date":"2 noviembre, 2023","format":false,"excerpt":"Mathieu Tourliere \/ Revista Proceso La Conagua, responsable de instalar 96.71 kil\u00f3metros de tuber\u00eda, deleg\u00f3 sus responsabilidades a la Sedena mediante un \u201cconvenio de colaboraci\u00f3n\u201d. La obra deb\u00eda entregarse el 31 de diciembre de 2022, se destinaron 956.3 mdp, pero la Sedena solo ha comprobado la ejecuci\u00f3n de 526 mdp,\u2026","rel":"","context":"En &quot;Campeche&quot;","block_context":{"text":"Campeche","link":"http:\/\/www.grieta.org.mx\/index.php\/category\/noticias-nacionales\/campeche\/"},"img":{"alt_text":"","src":"https:\/\/i0.wp.com\/www.grieta.org.mx\/wp-content\/uploads\/2023\/11\/TrenCalakmul-e1700518334628.jpg?resize=350%2C200","width":350,"height":200,"srcset":"https:\/\/i0.wp.com\/www.grieta.org.mx\/wp-content\/uploads\/2023\/11\/TrenCalakmul-e1700518334628.jpg?resize=350%2C200 1x, https:\/\/i0.wp.com\/www.grieta.org.mx\/wp-content\/uploads\/2023\/11\/TrenCalakmul-e1700518334628.jpg?resize=525%2C300 1.5x, https:\/\/i0.wp.com\/www.grieta.org.mx\/wp-content\/uploads\/2023\/11\/TrenCalakmul-e1700518334628.jpg?resize=700%2C400 2x"},"classes":[]}],"_links":{"self":[{"href":"http:\/\/www.grieta.org.mx\/index.php\/wp-json\/wp\/v2\/posts\/67055","targetHints":{"allow":["GET"]}}],"collection":[{"href":"http:\/\/www.grieta.org.mx\/index.php\/wp-json\/wp\/v2\/posts"}],"about":[{"href":"http:\/\/www.grieta.org.mx\/index.php\/wp-json\/wp\/v2\/types\/post"}],"author":[{"embeddable":true,"href":"http:\/\/www.grieta.org.mx\/index.php\/wp-json\/wp\/v2\/users\/2"}],"replies":[{"embeddable":true,"href":"http:\/\/www.grieta.org.mx\/index.php\/wp-json\/wp\/v2\/comments?post=67055"}],"version-history":[{"count":1,"href":"http:\/\/www.grieta.org.mx\/index.php\/wp-json\/wp\/v2\/posts\/67055\/revisions"}],"predecessor-version":[{"id":67057,"href":"http:\/\/www.grieta.org.mx\/index.php\/wp-json\/wp\/v2\/posts\/67055\/revisions\/67057"}],"wp:featuredmedia":[{"embeddable":true,"href":"http:\/\/www.grieta.org.mx\/index.php\/wp-json\/wp\/v2\/media\/67056"}],"wp:attachment":[{"href":"http:\/\/www.grieta.org.mx\/index.php\/wp-json\/wp\/v2\/media?parent=67055"}],"wp:term":[{"taxonomy":"category","embeddable":true,"href":"http:\/\/www.grieta.org.mx\/index.php\/wp-json\/wp\/v2\/categories?post=67055"},{"taxonomy":"post_tag","embeddable":true,"href":"http:\/\/www.grieta.org.mx\/index.php\/wp-json\/wp\/v2\/tags?post=67055"}],"curies":[{"name":"wp","href":"https:\/\/api.w.org\/{rel}","templated":true}]}}