{"id":66842,"date":"2023-04-16T12:16:32","date_gmt":"2023-04-16T18:16:32","guid":{"rendered":"https:\/\/www.grieta.org.mx\/?p=66842"},"modified":"2023-04-23T12:27:22","modified_gmt":"2023-04-23T18:27:22","slug":"ni-la-denuncia-querian-recibir-en-la-fiscalia-lucia-guadalupe-y-liliana-cumplen-2-anos-desaparecidas-colima","status":"publish","type":"post","link":"http:\/\/www.grieta.org.mx\/index.php\/2023\/04\/16\/ni-la-denuncia-querian-recibir-en-la-fiscalia-lucia-guadalupe-y-liliana-cumplen-2-anos-desaparecidas-colima\/","title":{"rendered":"Ni la denuncia quer\u00edan recibir en la Fiscal\u00eda; Luc\u00eda, Guadalupe y Liliana cumplen 2 a\u00f1os desaparecidas (Colima)"},"content":{"rendered":"<p>Imagen: Diario Avanzada<\/p>\n<p>Juan Gabriel Moctezuma Castellanos \/ Diario Avanzada<\/p>\n<p>Colima, M\u00e9xico, Avanzada (16\/04\/2023).- Ni la denuncia le quer\u00edan recibir en la Fiscal\u00eda, su hermana desapareci\u00f3 junto con dos mujeres hace dos a\u00f1os. Luc\u00eda, Rosario y Liliana desaparecieron en Colima.<\/p>\n<p>Elsy Lucero Mart\u00ednez Flores es hermana de Liliana Lizbeth Mart\u00ednez Flores, ella trabajaba en el campo en el corte de zarzamora, tiene dos hijos y entonces ten\u00eda 35 a\u00f1os de edad. El 23 de este mes se cumplir\u00e1n dos a\u00f1os de su desaparici\u00f3n.<\/p>\n<p>Describe que su hermana radicaba en el municipio de Tonila, Jalisco y el d\u00eda en que desapareci\u00f3 viaj\u00f3 a Queser\u00eda, municipio de Cuauht\u00e9moc, Colima, para reunirse con Luc\u00eda Trillo Rangel y Guadalupe S\u00e1nchez P\u00e9rez, con la finalidad de acudir a una fiesta, pero ya no la volvieron a ver. A las ocho de la noche perdimos comunicaci\u00f3n, nos percatamos de la desaparici\u00f3n hasta el d\u00eda siguiente, cuando los familiares de las otras dos muchachas vinieron a Tonila a buscarlas.<\/p>\n<p>Ellos levantaron la denuncia de sus familiares desaparecidas de inmediato en Cuauht\u00e9moc, \u201ccuando intent\u00e9 levantar la denuncia por la desaparici\u00f3n de mi hermana no me la quisieron recibir en Cuauht\u00e9moc porque mi hermana es de Jalisco\u201d, entonces fui a la Fiscal\u00eda en Colima, pero tampoco me la quisieron levantar por el mismo motivo, eso ocasion\u00f3 \u201cque la Alerta Alba de mi hermana se emitiera con varios d\u00edas de retraso\u201d. Para que recibieran la denuncia les tuve que advertir (por asesor\u00eda de una abogada) que si no me la recib\u00edan, interpondr\u00eda una queja en la Comisi\u00f3n de Derechos Humanos.<\/p>\n<p>Pasado el tiempo la Fiscal\u00eda nos inform\u00f3 que el \u00faltimo registro que se tiene de la se\u00f1al del celular es en Acatl\u00e1n, en Jalisco. Desde entonces a la fecha la Fiscal\u00eda no ha informado nuevos avances en las investigaciones, cuando voy a pedir informes, la Fiscal\u00eda de Colima siempre me responde lo mismo, \u201cque no se supo ni con qui\u00e9n se fueron, ni en qu\u00e9 se subieron\u201d.<\/p>\n<p>\u201cEn las c\u00e1maras qued\u00f3 el registro de la presencia de las tres chicas en la colonia Hermita, en Queser\u00eda, pero luego se mueven de lugar y se pierde la imagen\u201d, no se sabe m\u00e1s.<\/p>\n<p>\u00bfPidieron ayuda a la gobernadora de Colima?, se le cuestion\u00f3, pedimos una cita con la gobernadora pero no nos la dieron porque dijeron que hab\u00eda amenazas en su contra, eso fue en aquel entonces, \u201choy ya no he ido\u201d.<\/p>\n<p>\u00bfEl Ombudsman de Colima las asisti\u00f3? Nos hizo una entrevista para ver c\u00f3mo calific\u00e1bamos a la Fiscal\u00eda, pero ni siquiera nos pusieron un abogado para que nos brindara asesor\u00eda legal, sino que hasta despu\u00e9s de nueve meses me llam\u00f3 un licenciado, \u201centonces dije \u00a1ya pa qu\u00e9!\u201d, ni siquiera nos dijeron a que ten\u00edamos derecho. La Comisi\u00f3n de B\u00fasqueda de Personas nos entrevist\u00f3 pero nada m\u00e1s, supuestamente buscaron en hospitales y c\u00e1rceles, pero \u201cno hallaron nada en Colima\u201d.<\/p>\n<p>\u00bfUstedes como familiares han investigado y qu\u00e9 han encontrado?, \u201cNada\u201d, hemos buscado en Guadalajara, en el Semefo, por medio de los colectivos de familias buscadoras, me comunico pasando informaci\u00f3n de mi hermana, pero no hay nada.<\/p>\n<p>Le pido a la gobernadora que \u201cmovilice, yo s\u00e9 que los agentes pueden entrar a Jalisco a buscar, pero ellos me dicen que no se puede porque no hay pruebas. Lle pido que nos apoye, s\u00e9 que no son las \u00fanicas desaparecidas, que han seguido desapareciendo de a tres, y en nuestro caso no fue una, fueron tres las que se llevaron. El 23 se cumplen 2 a\u00f1os y no sabemos nada de ninguna\u201d. \u201cPor medio de redes le mand\u00e9 mensaje al gobernador de Jalisco y tampoco hubo respuesta\u201d.<\/p>\n<p>\u00bfY los hijos de su hermana d\u00f3nde est\u00e1n?, los ni\u00f1os de mi hermana los tiene mi mam\u00e1, mis padres los sostienen, \u201cno reciben apoyo por parte de nadie, ni becas, ni nada\u201d, dijo con voz de tristeza.<\/p>\n<p><a href=\"https:\/\/www.diarioavanzada.com.mx\/?p=41629\">https:\/\/www.diarioavanzada.com.mx\/?p=41629<\/a><\/p>\n","protected":false},"excerpt":{"rendered":"<p>Imagen: Diario Avanzada Juan Gabriel Moctezuma Castellanos \/ Diario Avanzada Colima, M\u00e9xico, Avanzada (16\/04\/2023).- Ni la denuncia le quer\u00edan recibir en la Fiscal\u00eda, su hermana desapareci\u00f3 junto con dos mujeres &hellip; <a href=\"http:\/\/www.grieta.org.mx\/index.php\/2023\/04\/16\/ni-la-denuncia-querian-recibir-en-la-fiscalia-lucia-guadalupe-y-liliana-cumplen-2-anos-desaparecidas-colima\/\" class=\"more-link\">Leer m\u00e1s<\/a><\/p>\n","protected":false},"author":2,"featured_media":66843,"comment_status":"closed","ping_status":"closed","sticky":false,"template":"","format":"standard","meta":{"ngg_post_thumbnail":0,"_jetpack_newsletter_access":"","_jetpack_dont_email_post_to_subs":false,"_jetpack_newsletter_tier_id":0,"_jetpack_memberships_contains_paywalled_content":false,"_jetpack_memberships_contains_paid_content":false,"footnotes":""},"categories":[80,13,87,1829,2,83],"tags":[631,3660,2270,1093,3592,1630],"class_list":["post-66842","post","type-post","status-publish","format-standard","has-post-thumbnail","hentry","category-cintillo","category-colima","category-desaparecidos","category-desaparecidos-en-colima","category-noticias-nacionales","category-temas-nacionales","tag-desaparecidas","tag-fiscalia","tag-mujeres-desaparecidas","tag-mujeres-jornaleras","tag-semefo","tag-violencia-contra-las-mujeres","entry"],"jetpack_featured_media_url":"http:\/\/www.grieta.org.mx\/wp-content\/uploads\/2023\/04\/ok-ok.png","jetpack_sharing_enabled":true,"jetpack_shortlink":"https:\/\/wp.me\/p7ZJR4-ho6","jetpack_likes_enabled":false,"jetpack-related-posts":[{"id":60241,"url":"http:\/\/www.grieta.org.mx\/index.php\/2021\/07\/01\/en-jalisco-dicen-que-el-caso-es-de-colima-y-aqui-dicen-que-desaparecieron-alla-llevan-2-meses-desaparecidas\/","url_meta":{"origin":66842,"position":0},"title":"En Jalisco dicen que el caso es de Colima y aqu\u00ed dicen que desaparecieron all\u00e1; llevan 2 meses desaparecidas","author":"grieta","date":"1 julio, 2021","format":false,"excerpt":"Foto: Diario Avanzada Heidi de Le\u00f3n Guti\u00e9rrez \/ Diario Avanzada Colima, M\u00e9xico, Avanzada (01\/07\/2021).- La desaparici\u00f3n de un ser querido condena a la familia a un sufrimiento permanente, a una tristeza que no desaparece aunque sucedan cosas buenas y por lo menos en Colima, tambi\u00e9n implica librar una batalla para\u2026","rel":"","context":"En &quot;CINTILLO&quot;","block_context":{"text":"CINTILLO","link":"http:\/\/www.grieta.org.mx\/index.php\/category\/cintillo\/"},"img":{"alt_text":"","src":"https:\/\/i0.wp.com\/www.grieta.org.mx\/wp-content\/uploads\/2021\/07\/image-71.png?resize=350%2C200","width":350,"height":200,"srcset":"https:\/\/i0.wp.com\/www.grieta.org.mx\/wp-content\/uploads\/2021\/07\/image-71.png?resize=350%2C200 1x, https:\/\/i0.wp.com\/www.grieta.org.mx\/wp-content\/uploads\/2021\/07\/image-71.png?resize=525%2C300 1.5x"},"classes":[]},{"id":67532,"url":"http:\/\/www.grieta.org.mx\/index.php\/2023\/08\/12\/preocupante-activan-alerta-alba-por-la-desaparicion-de-cinco-mujeres-en-dos-dias-colima\/","url_meta":{"origin":66842,"position":1},"title":"\u00a1Preocupante!, activan Alerta Alba por la desaparici\u00f3n de cinco mujeres en dos d\u00edas (Colima)","author":"grieta","date":"12 agosto, 2023","format":false,"excerpt":"Imagen: Diario Avanzada Redacci\u00f3n \/ DIario Avanzada Colima, M\u00e9xico, Avanzada (12\/08\/2023).- El sombr\u00edo panorama provocado por la violencia en el estado de Colima, se oscurece m\u00e1s con la desaparici\u00f3n de cinco mujeres que fueron reportadas por la Fiscal\u00eda General del Estado luego de que emiti\u00f3 sus Alertas Alba. La preocupaci\u00f3n\u2026","rel":"","context":"En &quot;CINTILLO&quot;","block_context":{"text":"CINTILLO","link":"http:\/\/www.grieta.org.mx\/index.php\/category\/cintillo\/"},"img":{"alt_text":"","src":"https:\/\/i0.wp.com\/www.grieta.org.mx\/wp-content\/uploads\/2023\/08\/image-102.webp?resize=350%2C200","width":350,"height":200,"srcset":"https:\/\/i0.wp.com\/www.grieta.org.mx\/wp-content\/uploads\/2023\/08\/image-102.webp?resize=350%2C200 1x, https:\/\/i0.wp.com\/www.grieta.org.mx\/wp-content\/uploads\/2023\/08\/image-102.webp?resize=525%2C300 1.5x"},"classes":[]},{"id":62616,"url":"http:\/\/www.grieta.org.mx\/index.php\/2021\/11\/11\/colima-estado-donde-se-acumulan-los-desaparecidos\/","url_meta":{"origin":66842,"position":2},"title":"Colima, estado donde se acumulan los desaparecidos","author":"grieta","date":"11 noviembre, 2021","format":false,"excerpt":"Foto: Diario Avanzada Heidi de Le\u00f3n Guti\u00e9rrez \/ Diario Avanzada Colima, M\u00e9xico, Avanzada (11\/11\/2021).-\u00a0Colima es un peque\u00f1o estado de apenas 750 mil habitantes con grandes problemas de seguridad. La entidad no s\u00f3lo padece la violencia homicida, tambi\u00e9n enfrenta una \u00a0grave crisis por la desaparici\u00f3n de personas. En sus \u00faltimos datos,\u2026","rel":"","context":"En &quot;CINTILLO&quot;","block_context":{"text":"CINTILLO","link":"http:\/\/www.grieta.org.mx\/index.php\/category\/cintillo\/"},"img":{"alt_text":"","src":"https:\/\/i0.wp.com\/www.grieta.org.mx\/wp-content\/uploads\/2021\/11\/image-71.png?resize=350%2C200","width":350,"height":200,"srcset":"https:\/\/i0.wp.com\/www.grieta.org.mx\/wp-content\/uploads\/2021\/11\/image-71.png?resize=350%2C200 1x, https:\/\/i0.wp.com\/www.grieta.org.mx\/wp-content\/uploads\/2021\/11\/image-71.png?resize=525%2C300 1.5x"},"classes":[]},{"id":68284,"url":"http:\/\/www.grieta.org.mx\/index.php\/2023\/11\/30\/desaparecen-17-mujeres-en-colima-9-son-menores-de-edad-colima\/","url_meta":{"origin":66842,"position":3},"title":"Desaparecen 17 mujeres en Colima, 9 son menores de edad (Colima)","author":"grieta","date":"30 noviembre, 2023","format":false,"excerpt":"Imagen: Diario Avanzada Heidi de Le\u00f3n Guti\u00e9rrez \/ Diario Avanzada Colima, M\u00e9xico, Avanzada (28\/11\/2023).- Diecisiete mujeres desaparecieron en el estado de Colima durante los meses de octubre y noviembre, sin que la autoridad detalle informaci\u00f3n sobre las l\u00edneas de investigaci\u00f3n que siguen para localizarlas. El sistema de Alerta Alba de\u2026","rel":"","context":"En &quot;CINTILLO&quot;","block_context":{"text":"CINTILLO","link":"http:\/\/www.grieta.org.mx\/index.php\/category\/cintillo\/"},"img":{"alt_text":"","src":"https:\/\/i0.wp.com\/www.grieta.org.mx\/wp-content\/uploads\/2023\/12\/Imagen-de-WhatsApp-2023-11-30-a-las-14.26.12_49d5d050-1200x1500-1.webp?resize=350%2C200","width":350,"height":200,"srcset":"https:\/\/i0.wp.com\/www.grieta.org.mx\/wp-content\/uploads\/2023\/12\/Imagen-de-WhatsApp-2023-11-30-a-las-14.26.12_49d5d050-1200x1500-1.webp?resize=350%2C200 1x, https:\/\/i0.wp.com\/www.grieta.org.mx\/wp-content\/uploads\/2023\/12\/Imagen-de-WhatsApp-2023-11-30-a-las-14.26.12_49d5d050-1200x1500-1.webp?resize=525%2C300 1.5x, https:\/\/i0.wp.com\/www.grieta.org.mx\/wp-content\/uploads\/2023\/12\/Imagen-de-WhatsApp-2023-11-30-a-las-14.26.12_49d5d050-1200x1500-1.webp?resize=700%2C400 2x, https:\/\/i0.wp.com\/www.grieta.org.mx\/wp-content\/uploads\/2023\/12\/Imagen-de-WhatsApp-2023-11-30-a-las-14.26.12_49d5d050-1200x1500-1.webp?resize=1050%2C600 3x"},"classes":[]},{"id":55612,"url":"http:\/\/www.grieta.org.mx\/index.php\/2020\/11\/28\/desaparicion-de-mujeres-es-por-trata-de-personas-en-colima-gobierno-se-niega-a-reconocerlo\/","url_meta":{"origin":66842,"position":4},"title":"Desaparici\u00f3n de mujeres es por trata de personas, en Colima gobierno se niega a reconocerlo","author":"grieta","date":"28 noviembre, 2020","format":false,"excerpt":"Foto: Diario Avanzada Heidi de Le\u00f3n Guti\u00e9rrez \/ Diario Avanzada Colima, M\u00e9xico, Avanzada (28\/11\/2020).- La comisionada nacional de b\u00fasqueda de personas, Karla Quintana Osuna se\u00f1al\u00f3 que la hip\u00f3tesis que tienen es que las desapariciones de mujeres est\u00e1n relacionadas con la trata de personas. Indic\u00f3 que esa hip\u00f3tesis tiene que ser\u2026","rel":"","context":"En &quot;CINTILLO&quot;","block_context":{"text":"CINTILLO","link":"http:\/\/www.grieta.org.mx\/index.php\/category\/cintillo\/"},"img":{"alt_text":"","src":"https:\/\/i0.wp.com\/www.grieta.org.mx\/wp-content\/uploads\/2020\/12\/Desaparecidos-1-1.jpg?resize=350%2C200","width":350,"height":200,"srcset":"https:\/\/i0.wp.com\/www.grieta.org.mx\/wp-content\/uploads\/2020\/12\/Desaparecidos-1-1.jpg?resize=350%2C200 1x, https:\/\/i0.wp.com\/www.grieta.org.mx\/wp-content\/uploads\/2020\/12\/Desaparecidos-1-1.jpg?resize=525%2C300 1.5x, https:\/\/i0.wp.com\/www.grieta.org.mx\/wp-content\/uploads\/2020\/12\/Desaparecidos-1-1.jpg?resize=700%2C400 2x"},"classes":[]},{"id":53902,"url":"http:\/\/www.grieta.org.mx\/index.php\/2020\/09\/28\/leslie-y-jenny-desaparecieron-al-subir-a-un-taxi-en-colima\/","url_meta":{"origin":66842,"position":5},"title":"Leslie y Jenny desaparecieron al subir a un taxi en Colima","author":"grieta","date":"28 septiembre, 2020","format":false,"excerpt":"Imagenes: Diario Avanzada \u00a0 Heidi de Le\u00f3n Guti\u00e9rrez \/ Diario Avanzada Colima, M\u00e9xico, Avanzada (28\/09\/2020).- Jennifer y Leslie no se conocieron, pero las dos desaparecieron en el municipio de Colima despu\u00e9s de abordar un taxi. Hasta la fecha, sus familiares las siguen buscando, mientras que los avances en la Fiscal\u00eda\u2026","rel":"","context":"En &quot;CINTILLO&quot;","block_context":{"text":"CINTILLO","link":"http:\/\/www.grieta.org.mx\/index.php\/category\/cintillo\/"},"img":{"alt_text":"","src":"https:\/\/i0.wp.com\/www.grieta.org.mx\/wp-content\/uploads\/2020\/10\/image-244.png?resize=350%2C200","width":350,"height":200,"srcset":"https:\/\/i0.wp.com\/www.grieta.org.mx\/wp-content\/uploads\/2020\/10\/image-244.png?resize=350%2C200 1x, https:\/\/i0.wp.com\/www.grieta.org.mx\/wp-content\/uploads\/2020\/10\/image-244.png?resize=525%2C300 1.5x"},"classes":[]}],"_links":{"self":[{"href":"http:\/\/www.grieta.org.mx\/index.php\/wp-json\/wp\/v2\/posts\/66842","targetHints":{"allow":["GET"]}}],"collection":[{"href":"http:\/\/www.grieta.org.mx\/index.php\/wp-json\/wp\/v2\/posts"}],"about":[{"href":"http:\/\/www.grieta.org.mx\/index.php\/wp-json\/wp\/v2\/types\/post"}],"author":[{"embeddable":true,"href":"http:\/\/www.grieta.org.mx\/index.php\/wp-json\/wp\/v2\/users\/2"}],"replies":[{"embeddable":true,"href":"http:\/\/www.grieta.org.mx\/index.php\/wp-json\/wp\/v2\/comments?post=66842"}],"version-history":[{"count":1,"href":"http:\/\/www.grieta.org.mx\/index.php\/wp-json\/wp\/v2\/posts\/66842\/revisions"}],"predecessor-version":[{"id":66844,"href":"http:\/\/www.grieta.org.mx\/index.php\/wp-json\/wp\/v2\/posts\/66842\/revisions\/66844"}],"wp:featuredmedia":[{"embeddable":true,"href":"http:\/\/www.grieta.org.mx\/index.php\/wp-json\/wp\/v2\/media\/66843"}],"wp:attachment":[{"href":"http:\/\/www.grieta.org.mx\/index.php\/wp-json\/wp\/v2\/media?parent=66842"}],"wp:term":[{"taxonomy":"category","embeddable":true,"href":"http:\/\/www.grieta.org.mx\/index.php\/wp-json\/wp\/v2\/categories?post=66842"},{"taxonomy":"post_tag","embeddable":true,"href":"http:\/\/www.grieta.org.mx\/index.php\/wp-json\/wp\/v2\/tags?post=66842"}],"curies":[{"name":"wp","href":"https:\/\/api.w.org\/{rel}","templated":true}]}}