{"id":66800,"date":"2023-03-30T09:14:13","date_gmt":"2023-03-30T15:14:13","guid":{"rendered":"https:\/\/www.grieta.org.mx\/?p=66800"},"modified":"2023-04-16T09:23:21","modified_gmt":"2023-04-16T15:23:21","slug":"protestan-otra-vez-en-la-universidad-intercultural-maya-de-quintana-roo-por-mejoras-salariales","status":"publish","type":"post","link":"http:\/\/www.grieta.org.mx\/index.php\/2023\/03\/30\/protestan-otra-vez-en-la-universidad-intercultural-maya-de-quintana-roo-por-mejoras-salariales\/","title":{"rendered":"Protestan otra vez en la Universidad Intercultural Maya de Quintana Roo por mejoras salariales"},"content":{"rendered":"<p>Noticaribe<br \/>\nJOS\u00c9 MAR\u00cdA MORELOS, MX.- Este jueves, unos 25 docentes de la Universidad Intercultural Maya de Quintana Roo (Uimqroo) retomaron sus protestas con una manifestaci\u00f3n en las instalaciones de esta casa de estudios superiores.<\/p>\n<p>De acuerdo con la maestra Silvina Barbosa Polanco, esta vez el movimiento fue con motivo de la primera reuni\u00f3n del Consejo Directivo del a\u00f1o, a la que en esta ocasi\u00f3n se les permiti\u00f3 estar presentes a trav\u00e9s de su representante, tras varias solicitudes y negativas.<\/p>\n<p>\u201cSeguimos en la lucha por las mejoras salariales, creo que esa es la parte m\u00e1s importante de la lucha, llevamos varios a\u00f1os sin el aumento salarial, sentimos que no hay voluntad por parte de las autoridades\u201d, expres\u00f3 uno de los docentes que particip\u00f3 en la manifestaci\u00f3n.<\/p>\n<p><img loading=\"lazy\" decoding=\"async\" data-attachment-id=\"66802\" data-permalink=\"http:\/\/www.grieta.org.mx\/index.php\/2023\/03\/30\/protestan-otra-vez-en-la-universidad-intercultural-maya-de-quintana-roo-por-mejoras-salariales\/uimqroo2\/\" data-orig-file=\"http:\/\/www.grieta.org.mx\/wp-content\/uploads\/2023\/04\/Uimqroo2-e1681658408279.jpg\" data-orig-size=\"800,562\" data-comments-opened=\"0\" data-image-meta=\"{&quot;aperture&quot;:&quot;0&quot;,&quot;credit&quot;:&quot;&quot;,&quot;camera&quot;:&quot;&quot;,&quot;caption&quot;:&quot;&quot;,&quot;created_timestamp&quot;:&quot;0&quot;,&quot;copyright&quot;:&quot;&quot;,&quot;focal_length&quot;:&quot;0&quot;,&quot;iso&quot;:&quot;0&quot;,&quot;shutter_speed&quot;:&quot;0&quot;,&quot;title&quot;:&quot;&quot;,&quot;orientation&quot;:&quot;1&quot;}\" data-image-title=\"Uimqroo2\" data-image-description=\"\" data-image-caption=\"\" data-medium-file=\"http:\/\/www.grieta.org.mx\/wp-content\/uploads\/2023\/04\/Uimqroo2-e1681658408279-300x211.jpg\" data-large-file=\"http:\/\/www.grieta.org.mx\/wp-content\/uploads\/2023\/04\/Uimqroo2-e1681658408279.jpg\" src=\"http:\/\/www.grieta.org.mx\/wp-content\/uploads\/2023\/04\/Uimqroo2-e1681658408279.jpg\" alt=\"\" width=\"800\" height=\"562\" class=\"alignnone size-full wp-image-66802\" srcset=\"http:\/\/www.grieta.org.mx\/wp-content\/uploads\/2023\/04\/Uimqroo2-e1681658408279.jpg 800w, http:\/\/www.grieta.org.mx\/wp-content\/uploads\/2023\/04\/Uimqroo2-e1681658408279-300x211.jpg 300w, http:\/\/www.grieta.org.mx\/wp-content\/uploads\/2023\/04\/Uimqroo2-e1681658408279-768x540.jpg 768w\" sizes=\"auto, (max-width: 800px) 100vw, 800px\" \/><\/p>\n<p>De acuerdo con los agraviados, desde hace siete a\u00f1os no han recibido un ajuste salarial, pese al incremento en los productos de la canasta b\u00e1sica y otros aumentos.<\/p>\n<p>\u201cEs incre\u00edble que despu\u00e9s de tres a\u00f1os nos sigan diciendo que no hay presupuesto, el mismo discurso con cualquier administraci\u00f3n, esto para nosotros es una total discriminaci\u00f3n\u201d, se\u00f1al\u00f3 otro de los inconformes.<\/p>\n<p>Con cartulinas en las manos, los maestros permanecieron plantados de manera pac\u00edfica en las inmediaciones del plantel a manera de presi\u00f3n para que sus solicitudes sean atendidas por las autoridades educativas y estatales.<\/p>\n<p>Despu\u00e9s de varias horas el movimiento se disolvi\u00f3. (Agencia SIM)<\/p>\n<p><a href=\"https:\/\/noticaribe.com.mx\/2023\/03\/30\/protestan-otra-vez-en-la-universidad-intercultural-maya-de-quintana-roo-por-mejoras-salariales\/\" rel=\"noopener\" target=\"_blank\">https:\/\/noticaribe.com.mx\/2023\/03\/30\/protestan-otra-vez-en-la-universidad-intercultural-maya-de-quintana-roo-por-mejoras-salariales\/<\/a><\/p>\n","protected":false},"excerpt":{"rendered":"<p>Noticaribe JOS\u00c9 MAR\u00cdA MORELOS, MX.- Este jueves, unos 25 docentes de la Universidad Intercultural Maya de Quintana Roo (Uimqroo) retomaron sus protestas con una manifestaci\u00f3n en las instalaciones de esta &hellip; <a href=\"http:\/\/www.grieta.org.mx\/index.php\/2023\/03\/30\/protestan-otra-vez-en-la-universidad-intercultural-maya-de-quintana-roo-por-mejoras-salariales\/\" class=\"more-link\">Leer m\u00e1s<\/a><\/p>\n","protected":false},"author":2,"featured_media":66801,"comment_status":"closed","ping_status":"closed","sticky":false,"template":"","format":"standard","meta":{"ngg_post_thumbnail":0,"_jetpack_newsletter_access":"","_jetpack_dont_email_post_to_subs":false,"_jetpack_newsletter_tier_id":0,"_jetpack_memberships_contains_paywalled_content":false,"_jetpack_memberships_contains_paid_content":false,"footnotes":""},"categories":[80,1084,916,910,2,28,83],"tags":[634,113,2463,2841,2390],"class_list":["post-66800","post","type-post","status-publish","format-standard","has-post-thumbnail","hentry","category-cintillo","category-conflictos-laborales-en-quintana-roo","category-privatizacion-del-la-educacion-publica","category-explotacion-y-precariedad-laboral","category-noticias-nacionales","category-quintana-roo","category-temas-nacionales","tag-condiciones-laborales","tag-conflictos-laborales","tag-demandas-laborales","tag-explotacion-y-precariedad-laboral","tag-trabajadores-universitarios","entry"],"jetpack_featured_media_url":"http:\/\/www.grieta.org.mx\/wp-content\/uploads\/2023\/04\/Uimqroo-e1681658291434.jpg","jetpack_sharing_enabled":true,"jetpack_shortlink":"https:\/\/wp.me\/p7ZJR4-hnq","jetpack_likes_enabled":false,"jetpack-related-posts":[{"id":64932,"url":"http:\/\/www.grieta.org.mx\/index.php\/2022\/08\/15\/docentes-de-la-universidad-maya-de-q-roo-acusan-corrupcion-de-directivos\/","url_meta":{"origin":66800,"position":0},"title":"Docentes de la Universidad Maya de Q.Roo acusan corrupci\u00f3n de directivos","author":"grieta","date":"15 agosto, 2022","format":false,"excerpt":"Lusio Kauil \/ Por Esto! Tan pronto como iniciaron las clases en la Universidad Intercultural Maya de Quintana Roo (Uimqroo), los profesores realizaron una protesta en las mismas instalaciones de la m\u00e1xima casa de estudios para exhibir las condiciones en las que trabajan, adem\u00e1s de denuncias que est\u00e1n sin aumento\u2026","rel":"","context":"En &quot;CINTILLO&quot;","block_context":{"text":"CINTILLO","link":"http:\/\/www.grieta.org.mx\/index.php\/category\/cintillo\/"},"img":{"alt_text":"","src":"https:\/\/i0.wp.com\/www.grieta.org.mx\/wp-content\/uploads\/2022\/08\/uimqroo-e1661440975139.png?resize=350%2C200","width":350,"height":200,"srcset":"https:\/\/i0.wp.com\/www.grieta.org.mx\/wp-content\/uploads\/2022\/08\/uimqroo-e1661440975139.png?resize=350%2C200 1x, https:\/\/i0.wp.com\/www.grieta.org.mx\/wp-content\/uploads\/2022\/08\/uimqroo-e1661440975139.png?resize=525%2C300 1.5x, https:\/\/i0.wp.com\/www.grieta.org.mx\/wp-content\/uploads\/2022\/08\/uimqroo-e1661440975139.png?resize=700%2C400 2x"},"classes":[]},{"id":67223,"url":"http:\/\/www.grieta.org.mx\/index.php\/2023\/07\/24\/bloquean-volquetes-acceso-a-tramo-6-del-tren-maya-quintana-roo\/","url_meta":{"origin":66800,"position":1},"title":"Bloquean volquetes acceso a tramo 6 del Tren Maya (Quintana Roo)","author":"grieta","date":"24 julio, 2023","format":false,"excerpt":"Pedro Hern\u00e1ndez\/Quadrat\u00edn Quintana Roo OTH\u00d3N P. BLANCO, QRoo, 24 de julio de 2023.- Volqueteros inconformes contratados por la Secretaria de la Defensa Nacional realizan un bloqueo en los accesos a las obras del Tren Maya tramo 6. Los trabajadores denuncian que los elementos de la Secretaria de la Defenszla Nacional\u2026","rel":"","context":"En &quot;CINTILLO&quot;","block_context":{"text":"CINTILLO","link":"http:\/\/www.grieta.org.mx\/index.php\/category\/cintillo\/"},"img":{"alt_text":"","src":"https:\/\/i0.wp.com\/www.grieta.org.mx\/wp-content\/uploads\/2023\/07\/volqueteros-e1690326278300.jpg?resize=350%2C200","width":350,"height":200,"srcset":"https:\/\/i0.wp.com\/www.grieta.org.mx\/wp-content\/uploads\/2023\/07\/volqueteros-e1690326278300.jpg?resize=350%2C200 1x, https:\/\/i0.wp.com\/www.grieta.org.mx\/wp-content\/uploads\/2023\/07\/volqueteros-e1690326278300.jpg?resize=525%2C300 1.5x, https:\/\/i0.wp.com\/www.grieta.org.mx\/wp-content\/uploads\/2023\/07\/volqueteros-e1690326278300.jpg?resize=700%2C400 2x"},"classes":[]},{"id":69500,"url":"http:\/\/www.grieta.org.mx\/index.php\/2024\/08\/19\/empleados-de-eura-e-isva-en-chetumal-protestan-por-el-adeudo-de-sus-pagos-quintana-roo\/","url_meta":{"origin":66800,"position":2},"title":"Empleados de Eura e ISVA en Chetumal protestan por el adeudo de sus pagos (Quintana Roo)","author":"grieta","date":"19 agosto, 2024","format":false,"excerpt":"Anah\u00ed Chamlati \/ Por Esto! Los trabajadores de las empresas Eura e ISVA, contratadas para las obras del Tren Maya se manifiestan a causa de la falta de pago. Los trabajadores acusaron que llevan varios d\u00edas sin recibir su sueldo. Mediante un bloqueo carretero en el tramo de Huay-Pix buscan\u2026","rel":"","context":"En &quot;CINTILLO&quot;","block_context":{"text":"CINTILLO","link":"http:\/\/www.grieta.org.mx\/index.php\/category\/cintillo\/"},"img":{"alt_text":"","src":"https:\/\/i0.wp.com\/www.grieta.org.mx\/wp-content\/uploads\/2024\/08\/Adeudos-e1724947568818.jpg?resize=350%2C200","width":350,"height":200,"srcset":"https:\/\/i0.wp.com\/www.grieta.org.mx\/wp-content\/uploads\/2024\/08\/Adeudos-e1724947568818.jpg?resize=350%2C200 1x, https:\/\/i0.wp.com\/www.grieta.org.mx\/wp-content\/uploads\/2024\/08\/Adeudos-e1724947568818.jpg?resize=525%2C300 1.5x, https:\/\/i0.wp.com\/www.grieta.org.mx\/wp-content\/uploads\/2024\/08\/Adeudos-e1724947568818.jpg?resize=700%2C400 2x"},"classes":[]},{"id":65862,"url":"http:\/\/www.grieta.org.mx\/index.php\/2022\/12\/02\/trabajadores-del-cobach-a-paro-escalonado-el-lunes-quintana-roo\/","url_meta":{"origin":66800,"position":3},"title":"Trabajadores del Cobach a paro escalonado, el lunes  (Quintana Roo)","author":"grieta","date":"2 diciembre, 2022","format":false,"excerpt":"Luisa C\u00e1rdenas \/ Quadrat\u00edn Quintana Roo CANC\u00daN, QRoo, 2 de diciembre de 2022.- A partir de este lunes, el Sindicato de Trabajadores de los Colegios de Bachilleres de Quintana Roo (Sitacobaqroo), programar\u00e1n paros escalonados al no haber una respuesta a sus demandas laborales. No descartan manifestaciones para hacer presi\u00f3n. Luisa\u2026","rel":"","context":"En &quot;CINTILLO&quot;","block_context":{"text":"CINTILLO","link":"http:\/\/www.grieta.org.mx\/index.php\/category\/cintillo\/"},"img":{"alt_text":"","src":"https:\/\/i0.wp.com\/www.grieta.org.mx\/wp-content\/uploads\/2022\/12\/Cobach-e1670267050610.jpg?resize=350%2C200","width":350,"height":200,"srcset":"https:\/\/i0.wp.com\/www.grieta.org.mx\/wp-content\/uploads\/2022\/12\/Cobach-e1670267050610.jpg?resize=350%2C200 1x, https:\/\/i0.wp.com\/www.grieta.org.mx\/wp-content\/uploads\/2022\/12\/Cobach-e1670267050610.jpg?resize=525%2C300 1.5x, https:\/\/i0.wp.com\/www.grieta.org.mx\/wp-content\/uploads\/2022\/12\/Cobach-e1670267050610.jpg?resize=700%2C400 2x"},"classes":[]},{"id":69821,"url":"http:\/\/www.grieta.org.mx\/index.php\/2024\/08\/29\/conflicto-laboral-en-princess-de-playa-del-carmen-quintana-roo\/","url_meta":{"origin":66800,"position":4},"title":"Conflicto laboral en Princess de Playa del Carmen (Quintana Roo)","author":"grieta","date":"29 agosto, 2024","format":false,"excerpt":"Ra\u00fal Gamboa\/Quadrat\u00edn Quintana Roo SOLIDARIDAD, QRoo, 29 de agosto de 2024.- Este jueves, trabajadores del hotel Princess, ubicado en la zona de Xcalacoco, realizaron una manifestaci\u00f3n para exigir el pago de retroactivos y denunciar los malos tratos que han sufrido por parte del personal de seguridad privada del complejo. Cerca\u2026","rel":"","context":"En &quot;CINTILLO&quot;","block_context":{"text":"CINTILLO","link":"http:\/\/www.grieta.org.mx\/index.php\/category\/cintillo\/"},"img":{"alt_text":"","src":"https:\/\/i0.wp.com\/www.grieta.org.mx\/wp-content\/uploads\/2024\/09\/Princess-e1727225826509.jpg?resize=350%2C200","width":350,"height":200,"srcset":"https:\/\/i0.wp.com\/www.grieta.org.mx\/wp-content\/uploads\/2024\/09\/Princess-e1727225826509.jpg?resize=350%2C200 1x, https:\/\/i0.wp.com\/www.grieta.org.mx\/wp-content\/uploads\/2024\/09\/Princess-e1727225826509.jpg?resize=525%2C300 1.5x, https:\/\/i0.wp.com\/www.grieta.org.mx\/wp-content\/uploads\/2024\/09\/Princess-e1727225826509.jpg?resize=700%2C400 2x"},"classes":[]},{"id":67233,"url":"http:\/\/www.grieta.org.mx\/index.php\/2023\/07\/25\/sindicalizados-del-inah-en-chetumal-inician-paro-de-labores-exigen-respetar-el-pliego-petitorio-quintana-roo\/","url_meta":{"origin":66800,"position":5},"title":"Sindicalizados del INAH en Chetumal inician paro de labores; exigen respetar el pliego petitorio (Quintana Roo)","author":"grieta","date":"25 julio, 2023","format":false,"excerpt":"Por Esto! De acuerdo con la informaci\u00f3n proporcionada se dio a conocer qu\u00e9, trabajadores sindicalizados de la delegaci\u00f3n del Instituto Nacional de Antropolog\u00eda e Historia (INAH) en Quintana Roo dieron inicio a un paro de labores en Chetumal. Los empleados exigen que la Direcci\u00f3n General cumpla con un pliego petitorio\u2026","rel":"","context":"En &quot;CINTILLO&quot;","block_context":{"text":"CINTILLO","link":"http:\/\/www.grieta.org.mx\/index.php\/category\/cintillo\/"},"img":{"alt_text":"","src":"https:\/\/i0.wp.com\/www.grieta.org.mx\/wp-content\/uploads\/2023\/07\/Inah-e1690328890807.jpg?resize=350%2C200","width":350,"height":200,"srcset":"https:\/\/i0.wp.com\/www.grieta.org.mx\/wp-content\/uploads\/2023\/07\/Inah-e1690328890807.jpg?resize=350%2C200 1x, https:\/\/i0.wp.com\/www.grieta.org.mx\/wp-content\/uploads\/2023\/07\/Inah-e1690328890807.jpg?resize=525%2C300 1.5x, https:\/\/i0.wp.com\/www.grieta.org.mx\/wp-content\/uploads\/2023\/07\/Inah-e1690328890807.jpg?resize=700%2C400 2x"},"classes":[]}],"_links":{"self":[{"href":"http:\/\/www.grieta.org.mx\/index.php\/wp-json\/wp\/v2\/posts\/66800","targetHints":{"allow":["GET"]}}],"collection":[{"href":"http:\/\/www.grieta.org.mx\/index.php\/wp-json\/wp\/v2\/posts"}],"about":[{"href":"http:\/\/www.grieta.org.mx\/index.php\/wp-json\/wp\/v2\/types\/post"}],"author":[{"embeddable":true,"href":"http:\/\/www.grieta.org.mx\/index.php\/wp-json\/wp\/v2\/users\/2"}],"replies":[{"embeddable":true,"href":"http:\/\/www.grieta.org.mx\/index.php\/wp-json\/wp\/v2\/comments?post=66800"}],"version-history":[{"count":1,"href":"http:\/\/www.grieta.org.mx\/index.php\/wp-json\/wp\/v2\/posts\/66800\/revisions"}],"predecessor-version":[{"id":66803,"href":"http:\/\/www.grieta.org.mx\/index.php\/wp-json\/wp\/v2\/posts\/66800\/revisions\/66803"}],"wp:featuredmedia":[{"embeddable":true,"href":"http:\/\/www.grieta.org.mx\/index.php\/wp-json\/wp\/v2\/media\/66801"}],"wp:attachment":[{"href":"http:\/\/www.grieta.org.mx\/index.php\/wp-json\/wp\/v2\/media?parent=66800"}],"wp:term":[{"taxonomy":"category","embeddable":true,"href":"http:\/\/www.grieta.org.mx\/index.php\/wp-json\/wp\/v2\/categories?post=66800"},{"taxonomy":"post_tag","embeddable":true,"href":"http:\/\/www.grieta.org.mx\/index.php\/wp-json\/wp\/v2\/tags?post=66800"}],"curies":[{"name":"wp","href":"https:\/\/api.w.org\/{rel}","templated":true}]}}