{"id":66749,"date":"2023-04-03T13:06:19","date_gmt":"2023-04-03T19:06:19","guid":{"rendered":"https:\/\/www.grieta.org.mx\/?p=66749"},"modified":"2023-04-05T13:13:51","modified_gmt":"2023-04-05T19:13:51","slug":"periodistas-de-yucatan-sufrieron-50-ataques-en-2022","status":"publish","type":"post","link":"http:\/\/www.grieta.org.mx\/index.php\/2023\/04\/03\/periodistas-de-yucatan-sufrieron-50-ataques-en-2022\/","title":{"rendered":"Periodistas de Yucat\u00e1n sufrieron 50 ataques en 2022"},"content":{"rendered":"<p>Paloma Reyes \/ Haz Ruido<\/p>\n<blockquote><p>Article 19 se\u00f1al\u00f3 que la entidad es el segundo lugar en M\u00e9xico con mayor n\u00famero de ataques a la prensa, siendo el acoso judicial y administrativo el tipo m\u00e1s com\u00fan.<\/p><\/blockquote>\n<p>M\u00e9rida, Yucat\u00e1n, 3 de abril de 2023.-Durante el a\u00f1o 2022, en Yucat\u00e1n se registraron 50 ataques contra la prensa, colocando al estado como el segundo con mayor n\u00famero de casos de acuerdo con el informe anual de Article 19.<\/p>\n<p>En el documento \u201cVoces contra la indiferencia\u201d, la agrupaci\u00f3n indic\u00f3 que 2022 ha sido el a\u00f1o m\u00e1s violento para el periodismo, con 696 atentados registrados en todo M\u00e9xico y 12 asesinatos de comunicadores. Es decir, que cada 13 horas ocurre un ataque hacia la prensa en el pa\u00eds.<\/p>\n<p>Son cinco los estados que concentran la mayor cantidad de ataques, siendo el primer lugar la Ciudad de M\u00e9xico con 139, le sigue Yucat\u00e1n con 50 y Quintana Roo ocupa el tercero con 45. En el cuarto y quinto lugar se ubican Veracruz y Tamaulipas con 40 y 39 casos respectivamente.<\/p>\n<p>Hostigamiento judicial, el principal obst\u00e1culo<\/p>\n<p>Article 19 destac\u00f3 el caso de Yucat\u00e1n que se ha convertido en el epicentro de un tipo particular de agresi\u00f3n, como es el acoso judicial y administrativo a periodistas.<\/p>\n<p>\u201cA lo largo de doce meses, registramos 32 casos en todo el pa\u00eds, lo que equivale a un promedio de 2.6 procedimientos administrativos y judiciales mensuales contra medios de comunicaci\u00f3n y periodistas. El estado de Yucat\u00e1n acumul\u00f3 uno de cada tres de estos procesos\u201d, expres\u00f3 la asociaci\u00f3n.<\/p>\n<p>De estos procesos, 15 se trataron por la v\u00eda civil (46.88%), nueve por la v\u00eda penal (28.13%), cuatro por la v\u00eda administrativa y cuatro por procedimientos electorales (1.28%, cada uno).<\/p>\n<p>Yucat\u00e1n, con nueve casos documentados por Article 19, concentra 28.13% de los procesos de hostigamiento judicial contra la prensa del a\u00f1o 2022.<\/p>\n<p>\u201cEsto representa un salto vertiginoso para una entidad que antes de 2019 no hab\u00eda registrado un proceso de este tipo, aunque se report\u00f3 un caso en 2020 y tres en 2021\u201d, agreg\u00f3 la agrupaci\u00f3n.<\/p>\n<p>Adicionalmente a los delitos contra el honor, se se\u00f1al\u00f3 que, del total de casos de acoso judicial registrados en 2022, nueve (21.13%) se enmarcan en la Ley General de Acceso de las Mujeres a una Vida Libre de Violencia.<\/p>\n<p>Siguen sin eliminar el delito de difamaci\u00f3n<\/p>\n<p>Asimismo, record\u00f3 que luego de los distintos procesos judiciales, particularmente, en el \u00e1mbito penal, en contra de la prensa yucateca, integrantes del gremio, tanto de manera independiente como en colectivo Somos Periodistas, se organizaron y entregaron el 16 de febrero de 2022 al Congreso local una petici\u00f3n para derogar el delito de difamaci\u00f3n, y de esta manera, evitar actos que inhiban su trabajo y violen el ejercicio de su derecho a la libertad de expresi\u00f3n.<\/p>\n<p>\u201cDiputados del estado se comprometieron a eliminar dicho delito del C\u00f3digo Penal de Yucat\u00e1n antes del t\u00e9rmino del periodo ordinario en curso, el 31 de mayo. No obstante, a pesar de que la misma prensa present\u00f3 una iniciativa a los congresistas el 24 de noviembre, hasta el cierre de la edici\u00f3n de este informe, el delito sigue vigente\u201d, finaliz\u00f3 Article 19. (Foto de iStock)<\/p>\n<p><a href=\"https:\/\/www.hazruido.mx\/reportes\/periodistas-de-yucatan-sufrieron-50-ataques-en-2022\/\" rel=\"noopener\" target=\"_blank\">https:\/\/www.hazruido.mx\/reportes\/periodistas-de-yucatan-sufrieron-50-ataques-en-2022\/<\/a><\/p>\n","protected":false},"excerpt":{"rendered":"<p>Paloma Reyes \/ Haz Ruido Article 19 se\u00f1al\u00f3 que la entidad es el segundo lugar en M\u00e9xico con mayor n\u00famero de ataques a la prensa, siendo el acoso judicial y &hellip; <a href=\"http:\/\/www.grieta.org.mx\/index.php\/2023\/04\/03\/periodistas-de-yucatan-sufrieron-50-ataques-en-2022\/\" class=\"more-link\">Leer m\u00e1s<\/a><\/p>\n","protected":false},"author":2,"featured_media":66750,"comment_status":"closed","ping_status":"closed","sticky":false,"template":"","format":"standard","meta":{"ngg_post_thumbnail":0,"_jetpack_newsletter_access":"","_jetpack_dont_email_post_to_subs":false,"_jetpack_newsletter_tier_id":0,"_jetpack_memberships_contains_paywalled_content":false,"_jetpack_memberships_contains_paid_content":false,"footnotes":""},"categories":[80,2,83,88,1271,36],"tags":[2474,2262,2486,2263,2331],"class_list":["post-66749","post","type-post","status-publish","format-standard","has-post-thumbnail","hentry","category-cintillo","category-noticias-nacionales","category-temas-nacionales","category-violencia-contra-periodistas","category-violencia-contra-periodistas-en-yucatan","category-yucatan","tag-acoso-contra-periodistas","tag-agresiones-contra-periodistas","tag-amenazas-contra-periodistas","tag-hostigamiento-contra-periodistas","tag-violencia-conta-periodistas","entry"],"jetpack_featured_media_url":"http:\/\/www.grieta.org.mx\/wp-content\/uploads\/2023\/04\/Periodistas-e1680721804246.jpg","jetpack_sharing_enabled":true,"jetpack_shortlink":"https:\/\/wp.me\/p7ZJR4-hmB","jetpack_likes_enabled":false,"jetpack-related-posts":[{"id":63484,"url":"http:\/\/www.grieta.org.mx\/index.php\/2022\/02\/22\/alertan-organizaciones-internacionales-por-alza-de-agresiones-contra-la-prensa-en-yucatan\/","url_meta":{"origin":66749,"position":0},"title":"Alertan organizaciones internacionales por alza de agresiones contra la prensa en Yucat\u00e1n","author":"grieta","date":"22 febrero, 2022","format":false,"excerpt":"Itzel Chan \/ Noticaribe M\u00c9RIDA, MX.- Organizaciones como Article 19 han lanzado una alerta ante la preocupaci\u00f3n por las diversas agresiones contra la prensa de Yucat\u00e1n, ya que en los primeros meses de este a\u00f1o, se han presentado al menos cuatro ataques a reporteros como Bety Vera, Jaime Vargas, Roberto\u2026","rel":"","context":"En &quot;CINTILLO&quot;","block_context":{"text":"CINTILLO","link":"http:\/\/www.grieta.org.mx\/index.php\/category\/cintillo\/"},"img":{"alt_text":"","src":"https:\/\/i0.wp.com\/www.grieta.org.mx\/wp-content\/uploads\/2022\/02\/AlertanAgresionesPrensa.png?resize=350%2C200","width":350,"height":200,"srcset":"https:\/\/i0.wp.com\/www.grieta.org.mx\/wp-content\/uploads\/2022\/02\/AlertanAgresionesPrensa.png?resize=350%2C200 1x, https:\/\/i0.wp.com\/www.grieta.org.mx\/wp-content\/uploads\/2022\/02\/AlertanAgresionesPrensa.png?resize=525%2C300 1.5x, https:\/\/i0.wp.com\/www.grieta.org.mx\/wp-content\/uploads\/2022\/02\/AlertanAgresionesPrensa.png?resize=700%2C400 2x"},"classes":[]},{"id":71835,"url":"http:\/\/www.grieta.org.mx\/index.php\/2025\/06\/06\/documentan-18-agresiones-a-periodistas-yucatecos\/","url_meta":{"origin":66749,"position":1},"title":"Documentan 18 agresiones a periodistas yucatecos","author":"grieta","date":"6 junio, 2025","format":false,"excerpt":"Paloma Reyes \/ Haz Ruido Entre los principales motivos de estos ataques a la prensa son situaciones relacionadas con abuso de poder y amenazas, temas que la organizaci\u00f3n Article 19 observ\u00f3 que son constantes en Yucat\u00e1n. M\u00e9rida, Yucat\u00e1n, 6 de junio de 2025.-Durante el a\u00f1o 2024 y en lo que\u2026","rel":"","context":"En &quot;CINTILLO&quot;","block_context":{"text":"CINTILLO","link":"http:\/\/www.grieta.org.mx\/index.php\/category\/cintillo\/"},"img":{"alt_text":"","src":"https:\/\/i0.wp.com\/www.grieta.org.mx\/wp-content\/uploads\/2025\/06\/Periodistas-e1749645872510.jpg?resize=350%2C200","width":350,"height":200,"srcset":"https:\/\/i0.wp.com\/www.grieta.org.mx\/wp-content\/uploads\/2025\/06\/Periodistas-e1749645872510.jpg?resize=350%2C200 1x, https:\/\/i0.wp.com\/www.grieta.org.mx\/wp-content\/uploads\/2025\/06\/Periodistas-e1749645872510.jpg?resize=525%2C300 1.5x, https:\/\/i0.wp.com\/www.grieta.org.mx\/wp-content\/uploads\/2025\/06\/Periodistas-e1749645872510.jpg?resize=700%2C400 2x"},"classes":[]},{"id":64271,"url":"http:\/\/www.grieta.org.mx\/index.php\/2022\/05\/24\/periodistas-de-yucatan-alzan-la-voz-contra-la-violencia-y-la-censura\/","url_meta":{"origin":66749,"position":2},"title":"Periodistas de Yucat\u00e1n alzan la voz contra la violencia y la censura","author":"grieta","date":"24 mayo, 2022","format":false,"excerpt":"Texto: Herbeth Escalante \/ Fotos: Lilia Balam \/ Pie de P\u00e1gina Las agresiones y las denuncias en contra de los periodistas yucatecos han aumentado este a\u00f1o. Uno de los mecanismos que ha empleado el Estado es el hostigamiento judicial, con leyes violatorias de derechos humanos como el art\u00edculo 295 del\u2026","rel":"","context":"En &quot;CINTILLO&quot;","block_context":{"text":"CINTILLO","link":"http:\/\/www.grieta.org.mx\/index.php\/category\/cintillo\/"},"img":{"alt_text":"","src":"https:\/\/i0.wp.com\/www.grieta.org.mx\/wp-content\/uploads\/2022\/05\/Periodistas-e1653505501539.png?resize=350%2C200","width":350,"height":200,"srcset":"https:\/\/i0.wp.com\/www.grieta.org.mx\/wp-content\/uploads\/2022\/05\/Periodistas-e1653505501539.png?resize=350%2C200 1x, https:\/\/i0.wp.com\/www.grieta.org.mx\/wp-content\/uploads\/2022\/05\/Periodistas-e1653505501539.png?resize=525%2C300 1.5x, https:\/\/i0.wp.com\/www.grieta.org.mx\/wp-content\/uploads\/2022\/05\/Periodistas-e1653505501539.png?resize=700%2C400 2x"},"classes":[]},{"id":65669,"url":"http:\/\/www.grieta.org.mx\/index.php\/2022\/11\/08\/condenan-agresion-y-detencion-del-periodista-gabriel-chan-yucatan\/","url_meta":{"origin":66749,"position":3},"title":"Condenan agresi\u00f3n y detenci\u00f3n del periodista Gabriel Chan (Yucat\u00e1n)","author":"grieta","date":"8 noviembre, 2022","format":false,"excerpt":"Haz Ruido La agrupaci\u00f3n Somos Periodistas lament\u00f3 que el Estado, a trav\u00e9s de sus cuerpos policiacos, siga violentando los derechos de los reporteros en Yucat\u00e1n. M\u00e9rida, Yucat\u00e1n, 8 de noviembre de 2022.- La agrupaci\u00f3n Somos Periodistas conden\u00f3 la agresi\u00f3n y detenci\u00f3n arbitraria de la que fue v\u00edctima el periodista Gabriel\u2026","rel":"","context":"En &quot;Abuso Autoridades en Yucat\u00e1n&quot;","block_context":{"text":"Abuso Autoridades en Yucat\u00e1n","link":"http:\/\/www.grieta.org.mx\/index.php\/category\/noticias-nacionales\/yucatan\/abuso-autoridades-en-yucatan\/"},"img":{"alt_text":"","src":"https:\/\/i0.wp.com\/www.grieta.org.mx\/wp-content\/uploads\/2022\/11\/Periodistas-e1668109701605.jpg?resize=350%2C200","width":350,"height":200,"srcset":"https:\/\/i0.wp.com\/www.grieta.org.mx\/wp-content\/uploads\/2022\/11\/Periodistas-e1668109701605.jpg?resize=350%2C200 1x, https:\/\/i0.wp.com\/www.grieta.org.mx\/wp-content\/uploads\/2022\/11\/Periodistas-e1668109701605.jpg?resize=525%2C300 1.5x, https:\/\/i0.wp.com\/www.grieta.org.mx\/wp-content\/uploads\/2022\/11\/Periodistas-e1668109701605.jpg?resize=700%2C400 2x"},"classes":[]},{"id":65510,"url":"http:\/\/www.grieta.org.mx\/index.php\/2022\/10\/02\/en-menos-de-una-semana-agreden-a-dos-periodistas-en-yucatan-uno-de-ellos-fue-amenazado-con-machete\/","url_meta":{"origin":66749,"position":4},"title":"En menos de una semana agreden a dos periodistas en Yucat\u00e1n; uno de ellos fue amenazado con machete","author":"grieta","date":"2 octubre, 2022","format":false,"excerpt":"Itzel Chan \/ Noticaribe M\u00c9RIDA, MX.- En Cholul, una comisar\u00eda de M\u00e9rida, habitantes salieron a las calles a protestar por el mal servicio de transporte que presentan en su comunidad, sin embargo, durante la cobertura, uno de los reporteros presentes fue agredido con machete, hecho al que se suma la\u2026","rel":"","context":"En &quot;CINTILLO&quot;","block_context":{"text":"CINTILLO","link":"http:\/\/www.grieta.org.mx\/index.php\/category\/cintillo\/"},"img":{"alt_text":"","src":"https:\/\/i0.wp.com\/www.grieta.org.mx\/wp-content\/uploads\/2022\/10\/Periodistas-e1665875608568.jpg?resize=350%2C200","width":350,"height":200,"srcset":"https:\/\/i0.wp.com\/www.grieta.org.mx\/wp-content\/uploads\/2022\/10\/Periodistas-e1665875608568.jpg?resize=350%2C200 1x, https:\/\/i0.wp.com\/www.grieta.org.mx\/wp-content\/uploads\/2022\/10\/Periodistas-e1665875608568.jpg?resize=525%2C300 1.5x, https:\/\/i0.wp.com\/www.grieta.org.mx\/wp-content\/uploads\/2022\/10\/Periodistas-e1665875608568.jpg?resize=700%2C400 2x"},"classes":[]},{"id":19025,"url":"http:\/\/www.grieta.org.mx\/index.php\/2016\/08\/04\/violencia-contra-periodistas-en-puebla\/","url_meta":{"origin":66749,"position":5},"title":"Violencia contra periodistas en Puebla","author":"grieta","date":"4 agosto, 2016","format":false,"excerpt":"04\/08\/16. Es Puebla quinto lugar nacional en ataques a la prensa: Article 19 e-consulta","rel":"","context":"En &quot;NOTICIAS NACIONALES&quot;","block_context":{"text":"NOTICIAS NACIONALES","link":"http:\/\/www.grieta.org.mx\/index.php\/category\/noticias-nacionales\/"},"img":{"alt_text":"","src":"https:\/\/i0.wp.com\/www.grieta.org.mx\/wp-content\/uploads\/2018\/03\/14524434_1106112876131411_958039263622046936_o.jpg?resize=350%2C200","width":350,"height":200,"srcset":"https:\/\/i0.wp.com\/www.grieta.org.mx\/wp-content\/uploads\/2018\/03\/14524434_1106112876131411_958039263622046936_o.jpg?resize=350%2C200 1x, https:\/\/i0.wp.com\/www.grieta.org.mx\/wp-content\/uploads\/2018\/03\/14524434_1106112876131411_958039263622046936_o.jpg?resize=525%2C300 1.5x, https:\/\/i0.wp.com\/www.grieta.org.mx\/wp-content\/uploads\/2018\/03\/14524434_1106112876131411_958039263622046936_o.jpg?resize=700%2C400 2x"},"classes":[]}],"_links":{"self":[{"href":"http:\/\/www.grieta.org.mx\/index.php\/wp-json\/wp\/v2\/posts\/66749","targetHints":{"allow":["GET"]}}],"collection":[{"href":"http:\/\/www.grieta.org.mx\/index.php\/wp-json\/wp\/v2\/posts"}],"about":[{"href":"http:\/\/www.grieta.org.mx\/index.php\/wp-json\/wp\/v2\/types\/post"}],"author":[{"embeddable":true,"href":"http:\/\/www.grieta.org.mx\/index.php\/wp-json\/wp\/v2\/users\/2"}],"replies":[{"embeddable":true,"href":"http:\/\/www.grieta.org.mx\/index.php\/wp-json\/wp\/v2\/comments?post=66749"}],"version-history":[{"count":1,"href":"http:\/\/www.grieta.org.mx\/index.php\/wp-json\/wp\/v2\/posts\/66749\/revisions"}],"predecessor-version":[{"id":66751,"href":"http:\/\/www.grieta.org.mx\/index.php\/wp-json\/wp\/v2\/posts\/66749\/revisions\/66751"}],"wp:featuredmedia":[{"embeddable":true,"href":"http:\/\/www.grieta.org.mx\/index.php\/wp-json\/wp\/v2\/media\/66750"}],"wp:attachment":[{"href":"http:\/\/www.grieta.org.mx\/index.php\/wp-json\/wp\/v2\/media?parent=66749"}],"wp:term":[{"taxonomy":"category","embeddable":true,"href":"http:\/\/www.grieta.org.mx\/index.php\/wp-json\/wp\/v2\/categories?post=66749"},{"taxonomy":"post_tag","embeddable":true,"href":"http:\/\/www.grieta.org.mx\/index.php\/wp-json\/wp\/v2\/tags?post=66749"}],"curies":[{"name":"wp","href":"https:\/\/api.w.org\/{rel}","templated":true}]}}