{"id":66717,"date":"2022-08-31T17:52:45","date_gmt":"2022-08-31T22:52:45","guid":{"rendered":"https:\/\/www.grieta.org.mx\/?p=66717"},"modified":"2023-03-31T18:36:33","modified_gmt":"2023-04-01T00:36:33","slug":"soya-la-agroindustria-que-arrasa-con-la-selva-maya","status":"publish","type":"post","link":"http:\/\/www.grieta.org.mx\/index.php\/2022\/08\/31\/soya-la-agroindustria-que-arrasa-con-la-selva-maya\/","title":{"rendered":"Soya: la agroindustria que arrasa con la selva maya"},"content":{"rendered":"<p> por Mayela S\u00e1nchez  \/ Mongabay<\/p>\n<blockquote><p>Hopelch\u00e9n es hoy uno de los principales productores de soya en el pa\u00eds. Ocupar ese lugar ha tenido un costo muy alto para la biodiversidad. En 20 a\u00f1os este municipio del estado de Campeche perdi\u00f3, por lo menos, 153 mil 809 hect\u00e1reas de cobertura arb\u00f3rea, superficie que representa tres veces el territorio de la isla de Cozumel.<\/p><\/blockquote>\n<blockquote><p>La expansi\u00f3n de la soya en esa regi\u00f3n ha ido de la mano con procesos de arrendamiento y privatizaci\u00f3n de tierras que antes eran ejidales bajo tenencia colectiva, y subsidios gubernamentales que benefician, sobre todo, a grandes productores.<\/p><\/blockquote>\n<blockquote><p>En los \u00faltimos siete a\u00f1os, las autoridades ambientales no han autorizado ning\u00fan cambio de uso de suelo forestal en Hopelch\u00e9n, a\u00fan as\u00ed los desmontes siguen y se han intensificado en los \u00faltimos a\u00f1os, de acuerdo con im\u00e1genes satelitales.<\/p><\/blockquote>\n<p>Si se mira desde lo alto, el campo menonita Nuevo Progreso es un manch\u00f3n de tonalidades caf\u00e9s que se extiende en forma irregular sobre una alfombra verde. A ras de suelo s\u00f3lo se ven cultivos uniformes que parecen prolongarse al infinito. Es dif\u00edcil imaginar que en ese paisaje ocre y homog\u00e9neo exist\u00eda, hace 35 a\u00f1os, selva.<\/p>\n<p>En el norte, sur y centro de Hopelch\u00e9n \u2014municipio a 94 kil\u00f3metros de la capital de Campeche, en la Pen\u00ednsula de Yucat\u00e1n\u2014, las im\u00e1genes satelitales m\u00e1s recientes y que est\u00e1n disponibles en la plataforma Google Earth, muestran el mismo panorama: la p\u00e9rdida del bosque tropical, conocido como selva maya, y c\u00f3mo su lugar es tomado por extensos campos de cultivo. Ese patr\u00f3n, de acuerdo con las im\u00e1genes, se agudiz\u00f3 a partir del a\u00f1o 2000 y se aceler\u00f3 despu\u00e9s del 2004.<\/p>\n<p>En Hopelch\u00e9n se pierde el bosque tropical a un ritmo vertiginoso para dar paso a un modelo de agricultura industrial, que tiene a varios protagonistas: colonias menonitas, ejidatarios que les han vendido o arrendado sus tierras, empresas agroindustriales instaladas en la ciudad de M\u00e9rida, Yucat\u00e1n, y, en especial, las pol\u00edticas y subsidios que han alentado la siembra de la soya.<\/p>\n<div class=\"jetpack-video-wrapper\"><iframe loading=\"lazy\" title=\"Campos de monocultivos en Hopelch\u00e9n, Campeche\" width=\"1170\" height=\"658\" src=\"https:\/\/www.youtube.com\/embed\/FIvQt0uRuog?feature=oembed\" frameborder=\"0\" allow=\"accelerometer; autoplay; clipboard-write; encrypted-media; gyroscope; picture-in-picture; web-share\" referrerpolicy=\"strict-origin-when-cross-origin\" allowfullscreen><\/iframe><\/div>\n<p>Antes del a\u00f1o 2004, en Hopelch\u00e9n no se cultivaba soya o, por lo menos, su presencia era tan discreta que ni se notaba. Ese a\u00f1o, la leguminosa originaria del este asi\u00e1tico fue introducida en los campos agr\u00edcolas del municipio que fueron abiertos desde los a\u00f1os ochenta y en donde ya se cultivaba, sobre todo, ma\u00edz h\u00edbrido. Los datos del anuario estad\u00edstico de la producci\u00f3n agr\u00edcola del Servicio de Informaci\u00f3n Agropecuaria y Pesquera (SIAP) permiten conocer que las 220 hect\u00e1reas donde la soya se sembr\u00f3 no representaban ni el 1% de las 37,090 hect\u00e1reas de tierras que se trabajaron ese a\u00f1o en esa regi\u00f3n de Campeche.<\/p>\n<p>Lo que vino despu\u00e9s fue inusitado. En tan s\u00f3lo 17 a\u00f1os, la superficie de soya sembrada en este territorio maya creci\u00f3 m\u00e1s de 22 mil veces. Hopelch\u00e9n se ubic\u00f3, con 49,870 hect\u00e1reas, como el municipio con la mayor producci\u00f3n de soya a nivel nacional durante el 2021.<\/p>\n<p>Esta expansi\u00f3n se dio en lugares que ya se ocupaban para otros cultivos, pero tambi\u00e9n en terrenos que ten\u00edan cobertura forestal, sitios en donde antes hab\u00eda selva.<\/p>\n<p>\u201cLo que m\u00e1s me preocupa es que si esto sigue as\u00ed, al paso a como va, de aqu\u00ed a 20 a\u00f1os ya no habr\u00e1 bosque aqu\u00ed en la pen\u00ednsula\u201d, dice uno de los apicultores que naci\u00f3 en una de las comunidades mayas de Hopelch\u00e9n y ha sido testigo de c\u00f3mo se ha transformado el territorio.<\/p>\n<p>Un an\u00e1lisis realizado por Global Forest Watch (GFW) y el Instituto de Recursos Mundiales (WRI)-M\u00e9xico, compartido con Mongabay Latam para este trabajo period\u00edstico, muestra que de 2001 al 2021, el municipio de Hopelch\u00e9n perdi\u00f3, por lo menos, 153,809 hect\u00e1reas de cobertura arb\u00f3rea, superficie que representa tres veces la isla de Cozumel, una de las m\u00e1s grandes del pa\u00eds.<\/p>\n<p>El doctor Edward Allan Ellis, del Centro de Investigaciones Tropicales de la Universidad Veracruzana, quien desde m\u00e1s de una d\u00e9cada da seguimiento al proceso de deforestaci\u00f3n en la Pen\u00ednsula de Yucat\u00e1n, ubica el 2005 como el momento en que se dispar\u00f3 la p\u00e9rdida de selva en Campeche; ese fue el segundo a\u00f1o en que se sembr\u00f3 soya en Hopelch\u00e9n, abarcando 2,315 hect\u00e1reas de terreno, m\u00e1s de 11 veces el \u00e1rea que hab\u00eda ocupado en 2004.<\/p>\n<p>Los subsidios del gobierno para fomentar la siembra de soya, la estabilidad en los precios pagados por la leguminosa y la cercan\u00eda de Hopelch\u00e9n con la zona industrializadora de granos y oleaginosas, ubicada en M\u00e9rida, Yucat\u00e1n, han sido elementos que incidieron en la expansi\u00f3n de la soya en este municipio. As\u00ed lo ha documentado en publicaciones cient\u00edficas Flavia Ech\u00e1nove Huacuja, investigadora del Instituto de Geograf\u00eda de la Universidad Nacional Aut\u00f3noma de M\u00e9xico.<\/p>\n<p><img loading=\"lazy\" decoding=\"async\" data-attachment-id=\"66719\" data-permalink=\"http:\/\/www.grieta.org.mx\/index.php\/2022\/08\/31\/soya-la-agroindustria-que-arrasa-con-la-selva-maya\/soya2\/\" data-orig-file=\"http:\/\/www.grieta.org.mx\/wp-content\/uploads\/2023\/03\/Soya2-e1680307361394.jpg\" data-orig-size=\"800,532\" data-comments-opened=\"0\" data-image-meta=\"{&quot;aperture&quot;:&quot;0&quot;,&quot;credit&quot;:&quot;&quot;,&quot;camera&quot;:&quot;&quot;,&quot;caption&quot;:&quot;&quot;,&quot;created_timestamp&quot;:&quot;0&quot;,&quot;copyright&quot;:&quot;&quot;,&quot;focal_length&quot;:&quot;0&quot;,&quot;iso&quot;:&quot;0&quot;,&quot;shutter_speed&quot;:&quot;0&quot;,&quot;title&quot;:&quot;&quot;,&quot;orientation&quot;:&quot;1&quot;}\" data-image-title=\"Soya2\" data-image-description=\"\" data-image-caption=\"\" data-medium-file=\"http:\/\/www.grieta.org.mx\/wp-content\/uploads\/2023\/03\/Soya2-e1680307361394-300x200.jpg\" data-large-file=\"http:\/\/www.grieta.org.mx\/wp-content\/uploads\/2023\/03\/Soya2-1024x680.jpg\" src=\"http:\/\/www.grieta.org.mx\/wp-content\/uploads\/2023\/03\/Soya2-e1680307361394.jpg\" alt=\"\" width=\"800\" height=\"532\" class=\"alignnone size-full wp-image-66719\" srcset=\"http:\/\/www.grieta.org.mx\/wp-content\/uploads\/2023\/03\/Soya2-e1680307361394.jpg 800w, http:\/\/www.grieta.org.mx\/wp-content\/uploads\/2023\/03\/Soya2-e1680307361394-300x200.jpg 300w, http:\/\/www.grieta.org.mx\/wp-content\/uploads\/2023\/03\/Soya2-e1680307361394-768x511.jpg 768w\" sizes=\"auto, (max-width: 800px) 100vw, 800px\" \/><br \/>\nCampos agr\u00edcolas van ganando terreno a la cubierta forestal. Foto: Robin Canul.<\/p>\n<p>Desterrar a la biodiversidad<\/p>\n<p>El campo menonita de Santa Fe, al norte de Hopelch\u00e9n, es otra \u00e1rea que le ha ido ganando terreno, literalmente, a la selva. Los menonitas comenzaron a instalarse en ese sitio desde la d\u00e9cada de los ochenta, dice un campesino y apicultor de la comunidad de San Juan Bautista Sahcabch\u00e9n, vecina del asentamiento.<\/p>\n<p>En donde hoy se ubica el campo menonita de Santa Fe \u2014recuerda el apicultor\u2014 antes crec\u00edan especies como el dzidzilch\u00e9 (Gymnopodium floribundum Rolfe), \u00e1rbol muy apreciado por los apicultores por la alta calidad de la miel producida a partir del n\u00e9ctar de sus flores. Tambi\u00e9n hab\u00eda kitinch\u00e9s (Caesalpinia gaumeri), jabines (Piscidia piscipula) y tzalames (Lysiloma latisiliquum). Hoy s\u00f3lo pervive una hilera de kibixes \u2014 arbusto cuyas flores tambi\u00e9n son polinizadas por las abejas\u2014, detr\u00e1s de la cual se extienden campos de arroz, otro monocultivo que en los \u00faltimos a\u00f1os se impulsa en Hopelch\u00e9n. El apicultor explica que en otras temporadas en estos terrenos se sembr\u00f3 soya.<\/p>\n<p>El desmonte de esta zona tambi\u00e9n ahuyent\u00f3 a los animales que ah\u00ed viv\u00edan.<\/p>\n<p>\u201cHab\u00eda pavo de monte, puerco de monte, venados; en la aguada \u2014acumulaciones de agua que se forman en las depresiones naturales durante \u00e9poca de lluvia\u2014 hab\u00eda como cuatro o cinco cocodrilos grandes, pero pues al llegar esos menones (como algunos pobladores les dicen a los menonitas) a enterrar las aguadas y todo, pues ya los animales se fueron yendo, fueron perdiendo su h\u00e1bitat\u201d, dice el apicultor de 67 a\u00f1os. La diversidad de \u00e1rboles tambi\u00e9n permit\u00eda que ah\u00ed se instalaran apiarios. Eso tambi\u00e9n se perdi\u00f3.<\/p>\n<p><img loading=\"lazy\" decoding=\"async\" data-attachment-id=\"66720\" data-permalink=\"http:\/\/www.grieta.org.mx\/index.php\/2022\/08\/31\/soya-la-agroindustria-que-arrasa-con-la-selva-maya\/soya3\/\" data-orig-file=\"http:\/\/www.grieta.org.mx\/wp-content\/uploads\/2023\/03\/Soya3-e1680307453405.jpg\" data-orig-size=\"800,532\" data-comments-opened=\"0\" data-image-meta=\"{&quot;aperture&quot;:&quot;0&quot;,&quot;credit&quot;:&quot;&quot;,&quot;camera&quot;:&quot;&quot;,&quot;caption&quot;:&quot;&quot;,&quot;created_timestamp&quot;:&quot;0&quot;,&quot;copyright&quot;:&quot;&quot;,&quot;focal_length&quot;:&quot;0&quot;,&quot;iso&quot;:&quot;0&quot;,&quot;shutter_speed&quot;:&quot;0&quot;,&quot;title&quot;:&quot;&quot;,&quot;orientation&quot;:&quot;1&quot;}\" data-image-title=\"Soya3\" data-image-description=\"\" data-image-caption=\"\" data-medium-file=\"http:\/\/www.grieta.org.mx\/wp-content\/uploads\/2023\/03\/Soya3-e1680307453405-300x200.jpg\" data-large-file=\"http:\/\/www.grieta.org.mx\/wp-content\/uploads\/2023\/03\/Soya3-1024x680.jpg\" src=\"http:\/\/www.grieta.org.mx\/wp-content\/uploads\/2023\/03\/Soya3-e1680307453405.jpg\" alt=\"\" width=\"800\" height=\"532\" class=\"alignnone size-full wp-image-66720\" srcset=\"http:\/\/www.grieta.org.mx\/wp-content\/uploads\/2023\/03\/Soya3-e1680307453405.jpg 800w, http:\/\/www.grieta.org.mx\/wp-content\/uploads\/2023\/03\/Soya3-e1680307453405-300x200.jpg 300w, http:\/\/www.grieta.org.mx\/wp-content\/uploads\/2023\/03\/Soya3-e1680307453405-768x511.jpg 768w\" sizes=\"auto, (max-width: 800px) 100vw, 800px\" \/><br \/>\nTerreno en donde se elimin\u00f3 la cubierta forestal para transformarlo en campo de cultivo. Foto: Lizeth Ovando<\/p>\n<p>El apicultor rememora ese pasado sentado a la sombra de un \u00e1rbol, en el centro de la comunidad. A unos metros, un colorido mural con la imagen de una abeja recuerda la importancia de este insecto en Hopelch\u00e9n, el segundo municipio que m\u00e1s miel produce en Campeche, de acuerdo con el Atlas Nacional de las Abejas y Derivados Ap\u00edcolas, de la Secretar\u00eda de Agricultura y Desarrollo Rural.<\/p>\n<p>Adem\u00e1s de sostener econ\u00f3micamente a unas 1,500 familias apicultoras de Hopelch\u00e9n, la abeja tambi\u00e9n es parte de la identidad maya y s\u00edmbolo de la lucha por la defensa del territorio: \u201cNosotros trabajamos as\u00ed poquitas \u00e1reas, pero ellos (los menonitas) empezaron a llegar y empezaron a destruir cantidades de hect\u00e1reas\u201d, recuerda el apicultor. \u201cImag\u00ednate cu\u00e1nto monte se destruy\u00f3, cu\u00e1nta fauna no se ahuyent\u00f3, cu\u00e1ntas aguadas no se perdieron\u201d.<\/p>\n<p>Los menonitas, un grupo religioso de origen europeo y que forja su existencia alrededor de la agricultura, llegaron a M\u00e9xico en la d\u00e9cada de los veinte, con el apoyo del presidente \u00c1lvaro Obreg\u00f3n. En ese entonces, se instalaron en Chihuahua, al norte del pa\u00eds.<\/p>\n<p>D\u00e9cadas despu\u00e9s, la falta de agua y b\u00fasqueda de tierras nuevas para la agricultura los llev\u00f3 a migrar al sur. A partir de los a\u00f1os ochenta, comenzaron a instalarse en Hopelch\u00e9n. Ah\u00ed recibieron todas las facilidades de los gobiernos municipal y estatal para hacerse de territorio, sin importar que con ello se abriera a\u00fan m\u00e1s la puerta a la p\u00e9rdida de la selva maya que ya se viv\u00eda en el lugar por la ganader\u00eda y el impulso de la agricultura mecanizada.<\/p>\n<p>Los menonitas viven fuera de las comunidades mayas, en espacios conocidos como campos que suelen colindar con los poblados tradicionales o con terrenos ejidales. El l\u00edmite entre un espacio y otro se reconoce cuando al terreno deforestado le sigue un \u00e1rea cubierta de \u00e1rboles. En los \u00faltimos a\u00f1os se han agravado los conflictos entre menonitas, ejidatarios \u2014incluso mayas\u2014 que rentan o han vendido sus tierras para cultivos agroindustriales y apicultores o peque\u00f1os productores que buscan conservar la selva. La tensi\u00f3n que se vive en la zona se nota, incluso, cuando la gente de las comunidades, como el apicultor de San Juan Bautista Sahcabch\u00e9n, pide no ser identificada en las entrevistas para evitar represalias.<\/p>\n<p><img loading=\"lazy\" decoding=\"async\" data-attachment-id=\"66721\" data-permalink=\"http:\/\/www.grieta.org.mx\/index.php\/2022\/08\/31\/soya-la-agroindustria-que-arrasa-con-la-selva-maya\/soya4\/\" data-orig-file=\"http:\/\/www.grieta.org.mx\/wp-content\/uploads\/2023\/03\/Soya4-e1680307557542.jpg\" data-orig-size=\"800,532\" data-comments-opened=\"0\" data-image-meta=\"{&quot;aperture&quot;:&quot;0&quot;,&quot;credit&quot;:&quot;&quot;,&quot;camera&quot;:&quot;&quot;,&quot;caption&quot;:&quot;&quot;,&quot;created_timestamp&quot;:&quot;0&quot;,&quot;copyright&quot;:&quot;&quot;,&quot;focal_length&quot;:&quot;0&quot;,&quot;iso&quot;:&quot;0&quot;,&quot;shutter_speed&quot;:&quot;0&quot;,&quot;title&quot;:&quot;&quot;,&quot;orientation&quot;:&quot;1&quot;}\" data-image-title=\"Soya4\" data-image-description=\"\" data-image-caption=\"\" data-medium-file=\"http:\/\/www.grieta.org.mx\/wp-content\/uploads\/2023\/03\/Soya4-e1680307557542-300x200.jpg\" data-large-file=\"http:\/\/www.grieta.org.mx\/wp-content\/uploads\/2023\/03\/Soya4-1024x681.jpg\" src=\"http:\/\/www.grieta.org.mx\/wp-content\/uploads\/2023\/03\/Soya4-e1680307557542.jpg\" alt=\"\" width=\"800\" height=\"532\" class=\"alignnone size-full wp-image-66721\" srcset=\"http:\/\/www.grieta.org.mx\/wp-content\/uploads\/2023\/03\/Soya4-e1680307557542.jpg 800w, http:\/\/www.grieta.org.mx\/wp-content\/uploads\/2023\/03\/Soya4-e1680307557542-300x200.jpg 300w, http:\/\/www.grieta.org.mx\/wp-content\/uploads\/2023\/03\/Soya4-e1680307557542-768x511.jpg 768w\" sizes=\"auto, (max-width: 800px) 100vw, 800px\" \/><\/p>\n<p>Una de las zonas en donde los menonitas re\u00fanen su producci\u00f3n agr\u00edcola. Foto: Lizeth Ovando<\/p>\n<p>Desmonte que sigue impune <\/p>\n<p>Eliminar la vegetaci\u00f3n de un \u00e1rea forestal para darle otro uso a ese terreno no se puede hacer a voluntad. Para realizarlo, se requiere contar con un permiso de la Secretar\u00eda de Medio Ambiente y Recursos Naturales (Semarnat). La dependencia puede otorgar esa autorizaci\u00f3n de manera excepcional, siempre y cuando se demuestre que se mantendr\u00e1 la biodiversidad de los ecosistemas afectados y que se mitigar\u00e1n impactos como la erosi\u00f3n de los suelos, la reducci\u00f3n del agua o el deterioro de su calidad. As\u00ed lo se\u00f1ala la Ley General de Desarrollo Forestal Sustentable.<\/p>\n<p>La ley tambi\u00e9n indica que en terrenos donde la p\u00e9rdida de cubierta forestal haya sido ocasionada por desmonte, tala o incendio, la Semarnat no puede autorizar cambios de uso de suelo sin que hayan transcurrido 20 a\u00f1os y que se haya acreditado la regeneraci\u00f3n de la vegetaci\u00f3n forestal.<\/p>\n<p>A quien desmonte, destruya la vegetaci\u00f3n natural, tale \u00e1rboles o cambie el uso de suelo forestal sin contar con la autorizaci\u00f3n de Semarnat, el art\u00edculo 418 del C\u00f3digo Penal Federal precisa que se le \u201cimpondr\u00e1 una pena de seis meses a nueve a\u00f1os de prisi\u00f3n y por equivalente de cien a tres mil d\u00edas multa\u201d. Eso  representa entre 12 mil y 370 mil pesos (de 575 a 18 mil d\u00f3lares). En Hopelch\u00e9n estas disposiciones han sido ignoradas.<\/p>\n<p>De 2015 a febrero de 2022, las autoridades de la Semarnat no autorizaron cambios de uso de suelo forestal en el municipio de Hopelch\u00e9n, de acuerdo con respuestas a solicitudes de informaci\u00f3n.<\/p>\n<p>En ese mismo periodo, s\u00f3lo en una ocasi\u00f3n se solicit\u00f3 un cambio de uso de suelo en terrenos forestales para transformarlos en terrenos agr\u00edcolas en Hopelch\u00e9n. El ejido Xmab\u00e9n fue el que present\u00f3 la solicitud en 2020. La autorizaci\u00f3n se neg\u00f3. A\u00fan as\u00ed, la p\u00e9rdida de cobertura forestal avanza implacable en los terrenos del ejido, de acuerdo con las im\u00e1genes satelitales.<\/p>\n<p>En el mismo periodo, de 2015 a febrero de 2022, la Procuradur\u00eda Federal de Protecci\u00f3n al Ambiente (Profepa), dependencia encargada de vigilar que se cumpla con la ley ambiental, abri\u00f3 69 procedimientos (acciones administrativas) por el posible cambio de uso de suelo forestal en Hopelch\u00e9n. De hecho, fue el municipio de Campeche donde m\u00e1s procedimientos se realizaron, de acuerdo con respuestas a solicitudes de informaci\u00f3n.<\/p>\n<p>\u201cHay deforestaci\u00f3n ilegal todos los d\u00edas. Hay esta omisi\u00f3n de parte de las autoridades competentes para sancionar a quienes est\u00e9n incurriendo en esta actividad ilegal\u201d, dice con firmeza una apicultora sentada en el p\u00f3rtico de su casa.<\/p>\n<p>La mujer, que habla de c\u00f3mo se pierde la selva, es integrante del Colectivo de Comunidades Mayas de los Chenes, organizaci\u00f3n que trabaja en la defensa del territorio maya desde hace poco m\u00e1s de una d\u00e9cada. El detonante de su lucha fue una inusitada y masiva muerte de abejas que se registr\u00f3 en 2010.<\/p>\n<p>Al investigar por qu\u00e9 encontraban muertas a cientos de abejas descubrieron que en los grandes campos agr\u00edcolas menonitas se utilizaba un gran volumen de plaguicidas. El uso intensivo de agroqu\u00edmicos se relacionaba, a su vez, con la popularidad que ganaba la soya \u2014la mayor\u00eda transg\u00e9nica y comercializada por la trasnacional Monsanto\u2014 como un cultivo m\u00e1s rentable que el ma\u00edz h\u00edbrido. Eso provocaba el desmonte de la selva para ampliar la superficie de producci\u00f3n. Y todo esto era incentivado por el propio gobierno.<\/p>\n<p>Descubrir lo que estaba detr\u00e1s de la muerte masiva de abejas fue como jalar de una hebra suelta que termina deshilachando una prenda, pues revel\u00f3 una cadena de problemas que estaban ocurriendo en el municipio. En el centro de todo estaba una vez m\u00e1s la expansi\u00f3n de la agroindustria.<\/p>\n<p><img loading=\"lazy\" decoding=\"async\" data-attachment-id=\"66722\" data-permalink=\"http:\/\/www.grieta.org.mx\/index.php\/2022\/08\/31\/soya-la-agroindustria-que-arrasa-con-la-selva-maya\/soya5\/\" data-orig-file=\"http:\/\/www.grieta.org.mx\/wp-content\/uploads\/2023\/03\/Soya5-e1680307786953.jpg\" data-orig-size=\"800,531\" data-comments-opened=\"0\" data-image-meta=\"{&quot;aperture&quot;:&quot;0&quot;,&quot;credit&quot;:&quot;&quot;,&quot;camera&quot;:&quot;&quot;,&quot;caption&quot;:&quot;&quot;,&quot;created_timestamp&quot;:&quot;0&quot;,&quot;copyright&quot;:&quot;&quot;,&quot;focal_length&quot;:&quot;0&quot;,&quot;iso&quot;:&quot;0&quot;,&quot;shutter_speed&quot;:&quot;0&quot;,&quot;title&quot;:&quot;&quot;,&quot;orientation&quot;:&quot;1&quot;}\" data-image-title=\"Soya5\" data-image-description=\"\" data-image-caption=\"\" data-medium-file=\"http:\/\/www.grieta.org.mx\/wp-content\/uploads\/2023\/03\/Soya5-e1680307786953-300x199.jpg\" data-large-file=\"http:\/\/www.grieta.org.mx\/wp-content\/uploads\/2023\/03\/Soya5-1024x679.jpg\" src=\"http:\/\/www.grieta.org.mx\/wp-content\/uploads\/2023\/03\/Soya5-e1680307786953.jpg\" alt=\"\" width=\"800\" height=\"531\" class=\"alignnone size-full wp-image-66722\" srcset=\"http:\/\/www.grieta.org.mx\/wp-content\/uploads\/2023\/03\/Soya5-e1680307786953.jpg 800w, http:\/\/www.grieta.org.mx\/wp-content\/uploads\/2023\/03\/Soya5-e1680307786953-300x199.jpg 300w, http:\/\/www.grieta.org.mx\/wp-content\/uploads\/2023\/03\/Soya5-e1680307786953-768x510.jpg 768w\" sizes=\"auto, (max-width: 800px) 100vw, 800px\" \/><br \/>\nUn camino en una de las zonas que todav\u00eda conservan cubierta forestal. Foto: Robin Canul.<\/p>\n<p>Abrir paso al desmonte  <\/p>\n<p>En Hopelch\u00e9n, un factor que ha favorecido la deforestaci\u00f3n es el cambio en la propiedad de la tierra, pues ha permitido tanto a menonitas como a grandes productores agroindustriales \u2014entre ellos, algunos mayas\u2014 hacerse de terrenos ejidales, a trav\u00e9s de su compra o arrendamiento. Incluso, se han parcelado y vendido tierras de uso com\u00fan con cubierta forestal, pese a que est\u00e1 prohibido por la ley agraria.<\/p>\n<p>En los terrenos ejidales, la \u00fanica transacci\u00f3n legal posible es que los ejidatarios establezcan contratos de arrendamiento o usufructo de tierras. As\u00ed que desde mediados de la d\u00e9cada de los noventa son frecuentes los acuerdos entre algunos ejidatarios con productores agroindustriales, sobre todo menonitas, pero tambi\u00e9n algunos mayas y empresarios de otros estados.<\/p>\n<p>La doctora en ciencias sociales Gabriela Torres-Mazuera, autora de varias investigaciones sobre este tema, ha documentado que la renta de tierras se intensific\u00f3 a partir de 2010. Una raz\u00f3n fue el impulso del cultivo de la soya, que en ese a\u00f1o ya se extend\u00eda por 7,469 hect\u00e1reas de Hopelch\u00e9n.<\/p>\n<p>Un caso excepcional ocurri\u00f3 con el ejido de Xmab\u00e9n, al sur de Hopelch\u00e9n: una sexta parte de sus 36,808 hect\u00e1reas de superficie termin\u00f3 en manos de menonitas.<\/p>\n<p><img loading=\"lazy\" decoding=\"async\" data-attachment-id=\"66723\" data-permalink=\"http:\/\/www.grieta.org.mx\/index.php\/2022\/08\/31\/soya-la-agroindustria-que-arrasa-con-la-selva-maya\/soya6\/\" data-orig-file=\"http:\/\/www.grieta.org.mx\/wp-content\/uploads\/2023\/03\/Soya6-e1680307890389.jpg\" data-orig-size=\"800,519\" data-comments-opened=\"0\" data-image-meta=\"{&quot;aperture&quot;:&quot;0&quot;,&quot;credit&quot;:&quot;&quot;,&quot;camera&quot;:&quot;&quot;,&quot;caption&quot;:&quot;&quot;,&quot;created_timestamp&quot;:&quot;0&quot;,&quot;copyright&quot;:&quot;&quot;,&quot;focal_length&quot;:&quot;0&quot;,&quot;iso&quot;:&quot;0&quot;,&quot;shutter_speed&quot;:&quot;0&quot;,&quot;title&quot;:&quot;&quot;,&quot;orientation&quot;:&quot;1&quot;}\" data-image-title=\"Soya6\" data-image-description=\"\" data-image-caption=\"\" data-medium-file=\"http:\/\/www.grieta.org.mx\/wp-content\/uploads\/2023\/03\/Soya6-e1680307890389-300x195.jpg\" data-large-file=\"http:\/\/www.grieta.org.mx\/wp-content\/uploads\/2023\/03\/Soya6-1024x664.jpg\" src=\"http:\/\/www.grieta.org.mx\/wp-content\/uploads\/2023\/03\/Soya6-e1680307890389.jpg\" alt=\"\" width=\"800\" height=\"519\" class=\"alignnone size-full wp-image-66723\" srcset=\"http:\/\/www.grieta.org.mx\/wp-content\/uploads\/2023\/03\/Soya6-e1680307890389.jpg 800w, http:\/\/www.grieta.org.mx\/wp-content\/uploads\/2023\/03\/Soya6-e1680307890389-300x195.jpg 300w, http:\/\/www.grieta.org.mx\/wp-content\/uploads\/2023\/03\/Soya6-e1680307890389-768x498.jpg 768w\" sizes=\"auto, (max-width: 800px) 100vw, 800px\" \/><br \/>\nEn el municipio de Hopelch\u00e9n, la selva se ha ido transformando en extensos campos de cultivo. \u00c1rea en el ejido Nuevo Durango, Foto: E. Chabl\u00e9.<\/p>\n<p>De acuerdo con la investigaci\u00f3n de Torres-Mazuera, a finales de 1990, un grupo de menonitas negoci\u00f3 con los ejidatarios de Xmab\u00e9n para comprarles 5,656 hect\u00e1reas (unas 3,500 eran selva). En 1999 se concret\u00f3 la negociaci\u00f3n: 21 menonitas fueron reconocidos como avecindados del ejido \u2014cuando en realidad no lo eran\u2014 y casi de inmediato como ejidatarios. La asamblea ejidal les asign\u00f3 5,100 hect\u00e1reas en usufructo por 30 a\u00f1os.<\/p>\n<p>Algunos ejidatarios denunciaron la ilegalidad del acuerdo, ya que los menonitas no cumpl\u00edan con un requisito de ley: ser avecindados del lugar, es decir, llevar un tiempo viviendo en el ejido. De nada sirvieron sus reclamos, las autoridades de la Procuradur\u00eda Agraria no invalidaron el proceso.<\/p>\n<p>En 2008 el ejido Xmab\u00e9n se dividi\u00f3 legalmente y los menonitas crearon el ejido Nuevo Durango que abarca 5,669 hect\u00e1reas, de acuerdo con el Padr\u00f3n e Historial de N\u00facleos Agrarios. Esa extensi\u00f3n representa casi 17 veces el tama\u00f1o del Central Park de Nueva York. Las im\u00e1genes satelitales muestran que a partir del 2000 (al a\u00f1o siguiente de que la asamblea ejidal los dot\u00f3 de tierra), el lugar comenz\u00f3 a perder su cobertura forestal.<\/p>\n<p>Tan s\u00f3lo en cinco a\u00f1os, los terrenos que se encuentran entre el ejido Xmab\u00e9n y el campo menonita Nuevo Durango perdieron aproximadamente 971 hect\u00e1reas de cobertura forestal, de acuerdo con un an\u00e1lisis de im\u00e1genes satelitales realizado para este trabajo period\u00edstico.<\/p>\n<p>Subsidios que ignoran a la selva<\/p>\n<p>Una pol\u00edtica gubernamental clave para el impulso de la siembra de soya fue la reconversi\u00f3n productiva en la Pen\u00ednsula de Yucat\u00e1n, de acuerdo con la investigaci\u00f3n La nueva pol\u00edtica en M\u00e9xico agr\u00edcola en M\u00e9xico y los peque\u00f1os productores de ma\u00edz en la Pen\u00ednsula de Yucat\u00e1n (2019-2021), de la investigadora Flavia Ech\u00e1nove Huacuja.<\/p>\n<p>En 2009, el gobierno del entonces presidente Felipe Calder\u00f3n implement\u00f3 un programa para sustituir cultivos, como el ma\u00edz, por oleaginosas, entre ellas la soya, ya que su producci\u00f3n no s\u00f3lo se consideraba m\u00e1s rentable, sino necesaria para disminuir las elevadas importaciones de soya.<\/p>\n<p>Esta reconversi\u00f3n se dio a trav\u00e9s del Proyecto Estrat\u00e9gico Pro Oleaginosas. De acuerdo con Ech\u00e1nove, este programa gubernamental apoy\u00f3 mayoritariamente a medianos y grandes productores, para quienes los subsidios fueron un incentivo para mantener o emprender cultivos de soya, mientras que los peque\u00f1os productores de ma\u00edz quedaron desprotegidos.<\/p>\n<p>Campeche fue el principal escenario del cambio del ma\u00edz a la soya, lo que permiti\u00f3 su expansi\u00f3n y fortaleci\u00f3 a\u00fan m\u00e1s el modelo de agricultura industrial en esa regi\u00f3n, de acuerdo con Ech\u00e1nove. Aunque en los dos \u00faltimos a\u00f1os del sexenio calderonista la siembra de soya en Hopelch\u00e9n disminuy\u00f3, se dinamiz\u00f3 durante el sexenio de Enrique Pe\u00f1a Nieto. Desde entonces s\u00f3lo ha ido en aumento, a pesar de que el programa Pro-Oleaginosas dej\u00f3 de operar en 2017.<\/p>\n<p><img loading=\"lazy\" decoding=\"async\" data-attachment-id=\"66724\" data-permalink=\"http:\/\/www.grieta.org.mx\/index.php\/2022\/08\/31\/soya-la-agroindustria-que-arrasa-con-la-selva-maya\/soya7\/\" data-orig-file=\"http:\/\/www.grieta.org.mx\/wp-content\/uploads\/2023\/03\/Soya7-e1680308012947.jpg\" data-orig-size=\"800,530\" data-comments-opened=\"0\" data-image-meta=\"{&quot;aperture&quot;:&quot;0&quot;,&quot;credit&quot;:&quot;&quot;,&quot;camera&quot;:&quot;&quot;,&quot;caption&quot;:&quot;&quot;,&quot;created_timestamp&quot;:&quot;0&quot;,&quot;copyright&quot;:&quot;&quot;,&quot;focal_length&quot;:&quot;0&quot;,&quot;iso&quot;:&quot;0&quot;,&quot;shutter_speed&quot;:&quot;0&quot;,&quot;title&quot;:&quot;&quot;,&quot;orientation&quot;:&quot;1&quot;}\" data-image-title=\"Soya7\" data-image-description=\"\" data-image-caption=\"\" data-medium-file=\"http:\/\/www.grieta.org.mx\/wp-content\/uploads\/2023\/03\/Soya7-e1680308012947-300x199.jpg\" data-large-file=\"http:\/\/www.grieta.org.mx\/wp-content\/uploads\/2023\/03\/Soya7-1024x679.jpg\" src=\"http:\/\/www.grieta.org.mx\/wp-content\/uploads\/2023\/03\/Soya7-e1680308012947.jpg\" alt=\"\" width=\"800\" height=\"530\" class=\"alignnone size-full wp-image-66724\" srcset=\"http:\/\/www.grieta.org.mx\/wp-content\/uploads\/2023\/03\/Soya7-e1680308012947.jpg 800w, http:\/\/www.grieta.org.mx\/wp-content\/uploads\/2023\/03\/Soya7-e1680308012947-300x199.jpg 300w, http:\/\/www.grieta.org.mx\/wp-content\/uploads\/2023\/03\/Soya7-e1680308012947-768x509.jpg 768w\" sizes=\"auto, (max-width: 800px) 100vw, 800px\" \/><br \/>\nLa soya que se produce en Hopelch\u00e9n, Campeche, se transporta a M\u00e9rida, Yucat\u00e1n, ciudad en donde est\u00e1n las empresas que la procesan. Foto: Robin Canul.<\/p>\n<p>Otro programa que favoreci\u00f3 la producci\u00f3n de soya fue el de Agricultura por Contrato, que formaliz\u00f3 acuerdos de venta anticipada con los compradores, es decir que aseguraba el mercado, adem\u00e1s de dar incentivos por cada tonelada vendida. Seg\u00fan la investigaci\u00f3n de Ech\u00e1nove, este apoyo se daba en cultivos de soya, siendo el principal ingreso para quienes la trabajaban, \u201cimportante raz\u00f3n por la que cada vez m\u00e1s personas se interesan por sembrarla\u201d.<\/p>\n<p>A partir de 2008, los productores y compradores de soya de la Pen\u00ednsula de Yucat\u00e1n empezaron a recibir subsidios de este programa, siendo los principales beneficiarios los productores menonitas de Campeche y dos grandes productoras de soya, seg\u00fan la investigaci\u00f3n. Estos subsidios se otorgaron sin importar si la soya se produc\u00eda en terrenos donde se hab\u00eda dado un cambio de suelo forestal sin contar con autorizaci\u00f3n.<\/p>\n<p>El gobierno de Andr\u00e9s Manuel L\u00f3pez Obrador desapareci\u00f3 el programa de Agricultura por Contrato. Eso no ha impedido que la producci\u00f3n de soya siga recibiendo est\u00edmulos gubernamentales. Por lo menos as\u00ed fue en 2019.<\/p>\n<p><img loading=\"lazy\" decoding=\"async\" data-attachment-id=\"66725\" data-permalink=\"http:\/\/www.grieta.org.mx\/index.php\/2022\/08\/31\/soya-la-agroindustria-que-arrasa-con-la-selva-maya\/soya8\/\" data-orig-file=\"http:\/\/www.grieta.org.mx\/wp-content\/uploads\/2023\/03\/Soya8-e1680308122103.jpg\" data-orig-size=\"800,532\" data-comments-opened=\"0\" data-image-meta=\"{&quot;aperture&quot;:&quot;0&quot;,&quot;credit&quot;:&quot;&quot;,&quot;camera&quot;:&quot;&quot;,&quot;caption&quot;:&quot;&quot;,&quot;created_timestamp&quot;:&quot;0&quot;,&quot;copyright&quot;:&quot;&quot;,&quot;focal_length&quot;:&quot;0&quot;,&quot;iso&quot;:&quot;0&quot;,&quot;shutter_speed&quot;:&quot;0&quot;,&quot;title&quot;:&quot;&quot;,&quot;orientation&quot;:&quot;1&quot;}\" data-image-title=\"Soya8\" data-image-description=\"\" data-image-caption=\"\" data-medium-file=\"http:\/\/www.grieta.org.mx\/wp-content\/uploads\/2023\/03\/Soya8-e1680308122103-300x200.jpg\" data-large-file=\"http:\/\/www.grieta.org.mx\/wp-content\/uploads\/2023\/03\/Soya8-1024x681.jpg\" src=\"http:\/\/www.grieta.org.mx\/wp-content\/uploads\/2023\/03\/Soya8-e1680308122103.jpg\" alt=\"\" width=\"800\" height=\"532\" class=\"alignnone size-full wp-image-66725\" srcset=\"http:\/\/www.grieta.org.mx\/wp-content\/uploads\/2023\/03\/Soya8-e1680308122103.jpg 800w, http:\/\/www.grieta.org.mx\/wp-content\/uploads\/2023\/03\/Soya8-e1680308122103-300x200.jpg 300w, http:\/\/www.grieta.org.mx\/wp-content\/uploads\/2023\/03\/Soya8-e1680308122103-768x511.jpg 768w\" sizes=\"auto, (max-width: 800px) 100vw, 800px\" \/><br \/>\nCampos agr\u00edcolas en Hopelch\u00e9n, Campeche. Foto: Robin Canul.<\/p>\n<p>El padr\u00f3n de beneficiarios de apoyos a la comercializaci\u00f3n otorgados por la Agencia de Servicios a la Comercializaci\u00f3n y Desarrollo de Mercados Agropecuarios (Aserca), y el m\u00e1s reciente que est\u00e1 disponible en su p\u00e1gina, muestra que durante 2019 se entregaron m\u00e1s de 168 millones de pesos (alrededor de 8 millones de d\u00f3lares) en est\u00edmulos a productores de Campeche. De ese monto, 120 millones (poco m\u00e1s de 5 millones de d\u00f3lares) fueron para productores de soya, as\u00ed como para Sociedades de Producci\u00f3n Rural (SPR), figura que facilita adquirir insumos y cr\u00e9ditos, pero que tambi\u00e9n se ha usado para privatizar terrenos ejidales, seg\u00fan lo ha documentado la investigadora Torres-Manzuera. Las SPR recibieron los mayores montos de est\u00edmulos gubernamentales en 2019, de acuerdo con el listado de beneficiarios.<\/p>\n<p>El 61% de los beneficiarios ese a\u00f1o fueron menonitas, quienes recibieron apoyos de manera individual y a trav\u00e9s de las SPR. Entre las sociedades apoyadas y que pertenecen a menonitas de Hopelch\u00e9n, de acuerdo con informaci\u00f3n disponible en el Sistema Integral de Gesti\u00f3n Registral (SIGER) de la Secretar\u00eda de Econom\u00eda, est\u00e1n Agro Productos de Hopelch\u00e9n, Agro Servicios La Trinidad, Comunidad Durango Hopelch\u00e9n, El Valle del Temporal, Los Temporales Hopelch\u00e9n y Patio Rosa Yaln\u00f3n. En conjunto, estas SPR recibieron 26 millones 230 mil pesos (alrededor de 1 mill\u00f3n 256 mil d\u00f3lares) en 2019.<\/p>\n<p>Otras Sociedades de Producci\u00f3n Rural que recibieron apoyos son La Temporada (11 millones de pesos; unos 500 mil d\u00f3lares), Productores de los Chenes (10 millones 300 mil pesos, casi 500 mil d\u00f3lares), Sol del Jard\u00edn (poco m\u00e1s de 9 millones de pesos; 430 mil d\u00f3lares) y Las Flores de Kauenhofen (m\u00e1s de 8 millones de pesos, alrededor de 383 mil d\u00f3lares).<\/p>\n<p>Compradores de soya<\/p>\n<p>Identificar una planta de soya es f\u00e1cil. Sus vainas son parecidas a las de los ch\u00edcharos, pero con peque\u00f1os pelillos; su semilla suele ser redonda y amarilla. Es precisamente esa semilla la que hace tan codiciada a esta oleaginosa en la industria de alimentos a nivel mundial, pues se utiliza para obtener aceite, prote\u00ednas o harina para elaborar alimento para el ganado.<\/p>\n<p>Los autores del estudio La larga sombra del ganado, de la Organizaci\u00f3n de las Naciones Unidas para la Agricultura y la Alimentaci\u00f3n (FAO, por sus siglas en ingl\u00e9s) y la Iniciativa para la Ganader\u00eda, Medio Ambiente y Desarrollo (LEAD, por sus siglas en ingl\u00e9s), publicado en 2006, destacan que el aumento en la producci\u00f3n de carne a nivel mundial y la reducci\u00f3n del precio de los granos desde 1950, favoreci\u00f3 que cereales y oleaginosas fueran m\u00e1s atractivos para la elaboraci\u00f3n de piensos para el ganado. Esta combinaci\u00f3n de factores deriv\u00f3 en un boom del cultivo de granos para la elaboraci\u00f3n de alimento para animales. En el caso de la soya, su producci\u00f3n se intensific\u00f3 a principios de los 2000, sobre todo para abastecer la demanda de piensos.<\/p>\n<p>Una investigaci\u00f3n sobre cadenas de valor de la soya, realizada por el Proyecto M\u00e9xico para la Reducci\u00f3n de Emisiones por Deforestaci\u00f3n y Degradaci\u00f3n, se se\u00f1ala que el 90% de la soya producida en la Pen\u00ednsula de Yucat\u00e1n es adquirida por la empresa Prote\u00ednas y Oleicos, que es tambi\u00e9n la principal importadora de soya. El 10% restante lo compra la compa\u00f1\u00eda Pollo Industrializado de M\u00e9xico (Grupo Cr\u00edo), que la utiliza para alimentar a sus aves.<\/p>\n<p><img loading=\"lazy\" decoding=\"async\" data-attachment-id=\"66726\" data-permalink=\"http:\/\/www.grieta.org.mx\/index.php\/2022\/08\/31\/soya-la-agroindustria-que-arrasa-con-la-selva-maya\/soya9\/\" data-orig-file=\"http:\/\/www.grieta.org.mx\/wp-content\/uploads\/2023\/03\/Soya9-e1680308255162.jpg\" data-orig-size=\"800,529\" data-comments-opened=\"0\" data-image-meta=\"{&quot;aperture&quot;:&quot;0&quot;,&quot;credit&quot;:&quot;&quot;,&quot;camera&quot;:&quot;&quot;,&quot;caption&quot;:&quot;&quot;,&quot;created_timestamp&quot;:&quot;0&quot;,&quot;copyright&quot;:&quot;&quot;,&quot;focal_length&quot;:&quot;0&quot;,&quot;iso&quot;:&quot;0&quot;,&quot;shutter_speed&quot;:&quot;0&quot;,&quot;title&quot;:&quot;&quot;,&quot;orientation&quot;:&quot;1&quot;}\" data-image-title=\"Soya9\" data-image-description=\"\" data-image-caption=\"\" data-medium-file=\"http:\/\/www.grieta.org.mx\/wp-content\/uploads\/2023\/03\/Soya9-e1680308255162-300x198.jpg\" data-large-file=\"http:\/\/www.grieta.org.mx\/wp-content\/uploads\/2023\/03\/Soya9-1024x677.jpg\" src=\"http:\/\/www.grieta.org.mx\/wp-content\/uploads\/2023\/03\/Soya9-e1680308255162.jpg\" alt=\"\" width=\"800\" height=\"529\" class=\"alignnone size-full wp-image-66726\" srcset=\"http:\/\/www.grieta.org.mx\/wp-content\/uploads\/2023\/03\/Soya9-e1680308255162.jpg 800w, http:\/\/www.grieta.org.mx\/wp-content\/uploads\/2023\/03\/Soya9-e1680308255162-300x198.jpg 300w, http:\/\/www.grieta.org.mx\/wp-content\/uploads\/2023\/03\/Soya9-e1680308255162-768x508.jpg 768w\" sizes=\"auto, (max-width: 800px) 100vw, 800px\" \/><br \/>\nVainas de soya antes de ser cosechadas. Foto: Robin Canul.<\/p>\n<p>La empresa Prote\u00ednas y Oleicos fue creada el 17 de abril de 2002 y se dedica a la siembra, exportaci\u00f3n, importaci\u00f3n e industrializaci\u00f3n de granos y semillas para obtener aceite comestible y grasas vegetales, de acuerdo con los documentos disponibles en el portal del SIGER. Se trata de una compa\u00f1\u00eda que forma parte del Grupo Industrial Xacur, cuyo presidente es Jacobo Xacur Eljure. La familia Xacur, de origen liban\u00e9s, tiene una notoria influencia econ\u00f3mica en el sureste del pa\u00eds por la diversidad de sus negocios: son productores de harina, tienen franquicias de comida r\u00e1pida, han incursionado en la ganader\u00eda, el transporte de carga y los empaques de cart\u00f3n.<\/p>\n<p>Adem\u00e1s de tener una empresa dedicada al procesamiento de soya, Jacobo Xacur tambi\u00e9n la produce. A trav\u00e9s de la Sociedad de Producci\u00f3n Rural El Yibel, Xacur siembra soya en El Cenit o Rancho El Cenit, ubicado en los l\u00edmites de los municipios de Hopelch\u00e9n y Campeche. En un estudio de impacto ambiental presentado ante Semarnat en 2009 se se\u00f1ala que ese rancho produc\u00eda 2 mil toneladas de soya al a\u00f1o.<\/p>\n<p>Prote\u00ednas y Oleicos ha sido tambi\u00e9n una constante contratista del gobierno federal. Entre 2005 y 2021 recibi\u00f3 860.4 millones de pesos (unos 42 millones de d\u00f3lares) a trav\u00e9s de 1,916 contratos con Diconsa,  empresa de participaci\u00f3n estatal mayoritaria que abastece de productos b\u00e1sicos a poblaciones rurales en el pa\u00eds. En todos esos a\u00f1os, la empresa s\u00f3lo concurs\u00f3 por uno de esos contratos; el resto le fueron otorgados por adjudicaci\u00f3n directa para la compra de aceite vegetal, manteca vegetal y aceites comestibles, entre ellos de soya.<\/p>\n<p>Para este trabajo period\u00edstico se solicit\u00f3 entrevistas con representantes de las empresas Prote\u00ednas y Oleicos y El Yibel, para conocer sobre la trazabilidad de su producto y c\u00f3mo garantizan que la soya que usan no proviene de terrenos deforestados, pero no recibi\u00f3 respuesta.<\/p>\n<p><img loading=\"lazy\" decoding=\"async\" data-attachment-id=\"66727\" data-permalink=\"http:\/\/www.grieta.org.mx\/index.php\/2022\/08\/31\/soya-la-agroindustria-que-arrasa-con-la-selva-maya\/soya10\/\" data-orig-file=\"http:\/\/www.grieta.org.mx\/wp-content\/uploads\/2023\/03\/Soya10-e1680308424719.jpg\" data-orig-size=\"800,530\" data-comments-opened=\"0\" data-image-meta=\"{&quot;aperture&quot;:&quot;0&quot;,&quot;credit&quot;:&quot;&quot;,&quot;camera&quot;:&quot;&quot;,&quot;caption&quot;:&quot;&quot;,&quot;created_timestamp&quot;:&quot;0&quot;,&quot;copyright&quot;:&quot;&quot;,&quot;focal_length&quot;:&quot;0&quot;,&quot;iso&quot;:&quot;0&quot;,&quot;shutter_speed&quot;:&quot;0&quot;,&quot;title&quot;:&quot;&quot;,&quot;orientation&quot;:&quot;1&quot;}\" data-image-title=\"Soya10\" data-image-description=\"\" data-image-caption=\"\" data-medium-file=\"http:\/\/www.grieta.org.mx\/wp-content\/uploads\/2023\/03\/Soya10-e1680308424719-300x199.jpg\" data-large-file=\"http:\/\/www.grieta.org.mx\/wp-content\/uploads\/2023\/03\/Soya10-1024x679.jpg\" src=\"http:\/\/www.grieta.org.mx\/wp-content\/uploads\/2023\/03\/Soya10-e1680308424719.jpg\" alt=\"\" width=\"800\" height=\"530\" class=\"alignnone size-full wp-image-66727\" srcset=\"http:\/\/www.grieta.org.mx\/wp-content\/uploads\/2023\/03\/Soya10-e1680308424719.jpg 800w, http:\/\/www.grieta.org.mx\/wp-content\/uploads\/2023\/03\/Soya10-e1680308424719-300x199.jpg 300w, http:\/\/www.grieta.org.mx\/wp-content\/uploads\/2023\/03\/Soya10-e1680308424719-768x509.jpg 768w\" sizes=\"auto, (max-width: 800px) 100vw, 800px\" \/><br \/>\nTrabajos de apertura de drenes para el riesgo de los campos agr\u00edcolas en Hopelch\u00e9n. Foto: E. Chabl\u00e9.<\/p>\n<p>Territorio maya sin selva<\/p>\n<p>Al recorrer los caminos que conducen a las comunidades mayas de Hopelch\u00e9n es posible ver los extensos terrenos para agricultura mecanizada y las parcelas tradicionales que se extienden al pie de las elevaciones de terreno, los lugares en donde a\u00fan se preserva la selva.<\/p>\n<p>La preocupaci\u00f3n de apicultores, que forman parte de organizaciones como el Colectivo de Comunidades Mayas de los Chenes, es que si la deforestaci\u00f3n contin\u00faa, la selva se pierda por completo, y con ello la apicultura. Hace una d\u00e9cada, la soya transg\u00e9nica fue la primera amenaza a la apicultura y por eso desde 2012, cuando tuvieron las primeras evidencias de que hab\u00eda esta semilla en su territorio, emprendieron una batalla judicial para que se prohibiera su uso. Eso lo consiguieron en 2015.<\/p>\n<p>Los apicultores sospechan que la soya transg\u00e9nica se sigue sembrando en la regi\u00f3n. Pero a esa amenaza se ha sumado la del uso del glifosato \u2014herbicida asociado a esta semilla\u2014 y otros agroqu\u00edmicos como carbofur\u00e1n y clorpirif\u00f3s, considerados altamente peligrosos por la Organizaci\u00f3n Mundial de la Salud (OMS).<\/p>\n<p><img loading=\"lazy\" decoding=\"async\" data-attachment-id=\"66728\" data-permalink=\"http:\/\/www.grieta.org.mx\/index.php\/2022\/08\/31\/soya-la-agroindustria-que-arrasa-con-la-selva-maya\/soya11\/\" data-orig-file=\"http:\/\/www.grieta.org.mx\/wp-content\/uploads\/2023\/03\/Soya11-e1680308536800.jpg\" data-orig-size=\"800,531\" data-comments-opened=\"0\" data-image-meta=\"{&quot;aperture&quot;:&quot;0&quot;,&quot;credit&quot;:&quot;&quot;,&quot;camera&quot;:&quot;&quot;,&quot;caption&quot;:&quot;&quot;,&quot;created_timestamp&quot;:&quot;0&quot;,&quot;copyright&quot;:&quot;&quot;,&quot;focal_length&quot;:&quot;0&quot;,&quot;iso&quot;:&quot;0&quot;,&quot;shutter_speed&quot;:&quot;0&quot;,&quot;title&quot;:&quot;&quot;,&quot;orientation&quot;:&quot;1&quot;}\" data-image-title=\"Soya11\" data-image-description=\"\" data-image-caption=\"\" data-medium-file=\"http:\/\/www.grieta.org.mx\/wp-content\/uploads\/2023\/03\/Soya11-e1680308536800-300x199.jpg\" data-large-file=\"http:\/\/www.grieta.org.mx\/wp-content\/uploads\/2023\/03\/Soya11-1024x680.jpg\" src=\"http:\/\/www.grieta.org.mx\/wp-content\/uploads\/2023\/03\/Soya11-e1680308536800.jpg\" alt=\"\" width=\"800\" height=\"531\" class=\"alignnone size-full wp-image-66728\" srcset=\"http:\/\/www.grieta.org.mx\/wp-content\/uploads\/2023\/03\/Soya11-e1680308536800.jpg 800w, http:\/\/www.grieta.org.mx\/wp-content\/uploads\/2023\/03\/Soya11-e1680308536800-300x199.jpg 300w, http:\/\/www.grieta.org.mx\/wp-content\/uploads\/2023\/03\/Soya11-e1680308536800-768x510.jpg 768w\" sizes=\"auto, (max-width: 800px) 100vw, 800px\" \/><br \/>\nUno de los agroqu\u00edmicos que se comercializan en Hopelch\u00e9n, Campeche. Foto: Robin Canul.<\/p>\n<p>El uso de plaguicidas no es la \u00fanica consecuencia de la deforestaci\u00f3n en Hopelch\u00e9n. Estudios cient\u00edficos han se\u00f1alado que la destrucci\u00f3n de h\u00e1bitats naturales a causa de la deforestaci\u00f3n tambi\u00e9n causa que la vida silvestre se quede sin refugio, los periodos de lluvias y sequ\u00edas se alteren y se acelere el cambio clim\u00e1tico. Adem\u00e1s, se amenaza el modo de vida de las comunidades que dependen de esos h\u00e1bitats para su sustento.<\/p>\n<p>Un problema adicional \u2014explica el doctor Ellis\u2014 es que la fragmentaci\u00f3n de la selva provoca la degradaci\u00f3n de la cubierta forestal, es decir, empieza paulatinamente a tener menos biomasa y, por lo tanto, menos agua y biodiversidad. Al final, esos bosques pierden la capacidad de proveer servicios ambientales. \u201cDonde hay deforestaci\u00f3n \u2014explica el investigador\u2014 hay mucha degradaci\u00f3n, casi el doble. No necesariamente las \u00e1reas degradadas son \u00e1reas de peque\u00f1os agricultores o de milpa, sino son estas zonas m\u00e1s de agricultura comercial y de ganader\u00eda\u201d.<\/p>\n<p>A nivel mundial, la deforestaci\u00f3n que ha provocado el cultivo de soya en lugares como la Amazon\u00eda ha prendido las alarmas desde hace varios a\u00f1os.<\/p>\n<p><img loading=\"lazy\" decoding=\"async\" data-attachment-id=\"66729\" data-permalink=\"http:\/\/www.grieta.org.mx\/index.php\/2022\/08\/31\/soya-la-agroindustria-que-arrasa-con-la-selva-maya\/soya12\/\" data-orig-file=\"http:\/\/www.grieta.org.mx\/wp-content\/uploads\/2023\/03\/Soya12-e1680308633896.jpg\" data-orig-size=\"800,530\" data-comments-opened=\"0\" data-image-meta=\"{&quot;aperture&quot;:&quot;0&quot;,&quot;credit&quot;:&quot;&quot;,&quot;camera&quot;:&quot;&quot;,&quot;caption&quot;:&quot;&quot;,&quot;created_timestamp&quot;:&quot;0&quot;,&quot;copyright&quot;:&quot;&quot;,&quot;focal_length&quot;:&quot;0&quot;,&quot;iso&quot;:&quot;0&quot;,&quot;shutter_speed&quot;:&quot;0&quot;,&quot;title&quot;:&quot;&quot;,&quot;orientation&quot;:&quot;1&quot;}\" data-image-title=\"Soya12\" data-image-description=\"\" data-image-caption=\"\" data-medium-file=\"http:\/\/www.grieta.org.mx\/wp-content\/uploads\/2023\/03\/Soya12-e1680308633896-300x199.jpg\" data-large-file=\"http:\/\/www.grieta.org.mx\/wp-content\/uploads\/2023\/03\/Soya12-1024x678.jpg\" src=\"http:\/\/www.grieta.org.mx\/wp-content\/uploads\/2023\/03\/Soya12-e1680308633896.jpg\" alt=\"\" width=\"800\" height=\"530\" class=\"alignnone size-full wp-image-66729\" srcset=\"http:\/\/www.grieta.org.mx\/wp-content\/uploads\/2023\/03\/Soya12-e1680308633896.jpg 800w, http:\/\/www.grieta.org.mx\/wp-content\/uploads\/2023\/03\/Soya12-e1680308633896-300x199.jpg 300w, http:\/\/www.grieta.org.mx\/wp-content\/uploads\/2023\/03\/Soya12-e1680308633896-768x509.jpg 768w\" sizes=\"auto, (max-width: 800px) 100vw, 800px\" \/><br \/>\nVista a\u00e9rea de los campos agr\u00edcolas que se han instalado en los \u00faltimos a\u00f1os en Hopelch\u00e9n, Campeche. Foto. E. Chabl\u00e9.<\/p>\n<p>En noviembre de 2021, la Comisi\u00f3n Europea propuso que las empresas que quieran exportar sus productos a los 27 pa\u00edses miembros de la Uni\u00f3n Europea deben cerciorarse de que su cadena de suministro no est\u00e9 asociada a la deforestaci\u00f3n. Esta iniciativa incluy\u00f3 varios productos, entre ellos la soya.<\/p>\n<p>Mientras en otras latitudes se han empezado a tomar acciones y responsabilizar a toda la cadena que participa en la industria, en el sureste mexicano la deforestaci\u00f3n no hace sino avanzar. Lo que ocurre hoy en Hopelch\u00e9n ya se replica en otros municipios de la Pen\u00ednsula de Yucat\u00e1n.<\/p>\n<p>En Tizim\u00edn, Yucat\u00e1n, de no cultivar soya, en 2013 empezaron a aparecer cultivos hasta alcanzar 6,000 hect\u00e1reas en 2019. Tambi\u00e9n en el municipio de Campeche la siembra de soya creci\u00f3 entre 2012 y 2020.<\/p>\n<p>En el municipio de Bacalar, Quintana Roo, a partir de 2013 tambi\u00e9n comenz\u00f3 a sembrarse soya, desde entonces cada a\u00f1o se han sembrado por arriba de las mil hect\u00e1reas, de acuerdo con datos del SIAP. Ah\u00ed, grupos menonitas tambi\u00e9n han rentado y comprado tierras.<\/p>\n<p>P\u00e9rdida de cobertura arb\u00f3rea en el Ejido Salamanca, colonia menonita,<br \/>\nlocalizada en el municipio de Bacalar, Quintana Roo.<br \/>\n<img loading=\"lazy\" decoding=\"async\" data-attachment-id=\"66730\" data-permalink=\"http:\/\/www.grieta.org.mx\/index.php\/2022\/08\/31\/soya-la-agroindustria-que-arrasa-con-la-selva-maya\/soya13\/\" data-orig-file=\"http:\/\/www.grieta.org.mx\/wp-content\/uploads\/2023\/03\/Soya13-e1680308816504.jpg\" data-orig-size=\"800,472\" data-comments-opened=\"0\" data-image-meta=\"{&quot;aperture&quot;:&quot;0&quot;,&quot;credit&quot;:&quot;&quot;,&quot;camera&quot;:&quot;&quot;,&quot;caption&quot;:&quot;&quot;,&quot;created_timestamp&quot;:&quot;0&quot;,&quot;copyright&quot;:&quot;&quot;,&quot;focal_length&quot;:&quot;0&quot;,&quot;iso&quot;:&quot;0&quot;,&quot;shutter_speed&quot;:&quot;0&quot;,&quot;title&quot;:&quot;&quot;,&quot;orientation&quot;:&quot;1&quot;}\" data-image-title=\"Soya13\" data-image-description=\"\" data-image-caption=\"\" data-medium-file=\"http:\/\/www.grieta.org.mx\/wp-content\/uploads\/2023\/03\/Soya13-e1680308816504-300x177.jpg\" data-large-file=\"http:\/\/www.grieta.org.mx\/wp-content\/uploads\/2023\/03\/Soya13-1024x604.jpg\" src=\"http:\/\/www.grieta.org.mx\/wp-content\/uploads\/2023\/03\/Soya13-e1680308816504.jpg\" alt=\"\" width=\"800\" height=\"472\" class=\"alignnone size-full wp-image-66730\" srcset=\"http:\/\/www.grieta.org.mx\/wp-content\/uploads\/2023\/03\/Soya13-e1680308816504.jpg 800w, http:\/\/www.grieta.org.mx\/wp-content\/uploads\/2023\/03\/Soya13-e1680308816504-300x177.jpg 300w, http:\/\/www.grieta.org.mx\/wp-content\/uploads\/2023\/03\/Soya13-e1680308816504-768x453.jpg 768w\" sizes=\"auto, (max-width: 800px) 100vw, 800px\" \/><\/p>\n<p>Un acuerdo y muchas expectativas<\/p>\n<p>El 12 de agosto de 2021, la Semarnat instal\u00f3 lo que llam\u00f3 \u201cuna mesa permanente de di\u00e1logo\u201d cuyo objetivo es detener la deforestaci\u00f3n en Hopelch\u00e9n. En ella participaron autoridades federales y representantes de las comunidades menonitas de Santa Fe, Santa Rosa, Chav\u00ed, Nuevo Progreso, Trinidad, Nuevo Durango, Yaln\u00f3n, Temporal y Valle Nuevo.<\/p>\n<p>Los acuerdos que se establecieron ese d\u00eda son que las comunidades menonitas se compromet\u00edan a detener todas las actividades de deforestaci\u00f3n, que participar\u00edan con las autoridades municipales, estatales y federales en el ordenamiento ecol\u00f3gico, y que se tendr\u00eda una mesa de atenci\u00f3n permanente, explica en entrevista la titular de la Semarnat, Mar\u00eda Luisa Albores.<\/p>\n<p>Uno de los temas que atender\u00eda esa mesa de trabajo es \u201cagilizar gestiones ante la Semarnat para regularizar y legalizar actividades productivas\u201d, seg\u00fan el comunicado oficial sobre el acuerdo. \u201cEsto de regularizar la parte de lo que ya est\u00e1 deforestado \u2014remarca Albores\u2014 es hacer una revisi\u00f3n t\u00e9cnica. Nuestro objetivo es trabajar directamente con los parceleros, los due\u00f1os (de la tierra), y a lo mejor buscar esquemas que econ\u00f3micamente les sean viables\u201d.<\/p>\n<p>Albores rechaza que una regularizaci\u00f3n fomente la impunidad para quienes han realizado cambios de uso de suelo forestal sin tener autorizaci\u00f3n o que sea un incentivo para que se siga haciendo. \u201cAl contrario, el objetivo es completamente diferente: ordenar\u201d.<\/p>\n<p><img loading=\"lazy\" decoding=\"async\" data-attachment-id=\"66731\" data-permalink=\"http:\/\/www.grieta.org.mx\/index.php\/2022\/08\/31\/soya-la-agroindustria-que-arrasa-con-la-selva-maya\/soya14\/\" data-orig-file=\"http:\/\/www.grieta.org.mx\/wp-content\/uploads\/2023\/03\/Soya14-e1680308903525.jpg\" data-orig-size=\"800,533\" data-comments-opened=\"0\" data-image-meta=\"{&quot;aperture&quot;:&quot;0&quot;,&quot;credit&quot;:&quot;&quot;,&quot;camera&quot;:&quot;&quot;,&quot;caption&quot;:&quot;&quot;,&quot;created_timestamp&quot;:&quot;0&quot;,&quot;copyright&quot;:&quot;&quot;,&quot;focal_length&quot;:&quot;0&quot;,&quot;iso&quot;:&quot;0&quot;,&quot;shutter_speed&quot;:&quot;0&quot;,&quot;title&quot;:&quot;&quot;,&quot;orientation&quot;:&quot;1&quot;}\" data-image-title=\"Soya14\" data-image-description=\"\" data-image-caption=\"\" data-medium-file=\"http:\/\/www.grieta.org.mx\/wp-content\/uploads\/2023\/03\/Soya14-e1680308903525-300x200.jpg\" data-large-file=\"http:\/\/www.grieta.org.mx\/wp-content\/uploads\/2023\/03\/Soya14-1024x683.jpg\" src=\"http:\/\/www.grieta.org.mx\/wp-content\/uploads\/2023\/03\/Soya14-e1680308903525.jpg\" alt=\"\" width=\"800\" height=\"533\" class=\"alignnone size-full wp-image-66731\" srcset=\"http:\/\/www.grieta.org.mx\/wp-content\/uploads\/2023\/03\/Soya14-e1680308903525.jpg 800w, http:\/\/www.grieta.org.mx\/wp-content\/uploads\/2023\/03\/Soya14-e1680308903525-300x200.jpg 300w, http:\/\/www.grieta.org.mx\/wp-content\/uploads\/2023\/03\/Soya14-e1680308903525-768x512.jpg 768w\" sizes=\"auto, (max-width: 800px) 100vw, 800px\" \/><br \/>\nLa industria utiliza la semilla de esta oleaginosa se utiliza, entre otras cosas,para hacer aceite y harina para elaborar alimento para el ganado. Foto: Lizeth Ovando<\/p>\n<p>El acuerdo tambi\u00e9n establece que se revisar\u00e1n las denuncias administrativas y penales que existen en contra menonitas, as\u00ed como acciones de reparaci\u00f3n y mitigaci\u00f3n de da\u00f1os ambientales. Hasta abril de 2022, la Profepa no hab\u00eda establecido alg\u00fan acuerdo de reparaci\u00f3n y mitigaci\u00f3n en Hopelch\u00e9n, seg\u00fan respondi\u00f3 a una solicitud de informaci\u00f3n.<\/p>\n<p>Para el Colectivo de Comunidades Mayas de los Chenes, las mesas de di\u00e1logo con los menonitas son una respuesta insuficiente, \u201cporque no hay un mecanismo de seguimiento (\u2026) Entonces mientras a uno no le duela el castigo, pues lo va a seguir haciendo\u201d, considera una de sus integrantes.<\/p>\n<p>Ni el Colectivo ni la sociedad civil de Hopelch\u00e9n fueron incluidos en las mesas de di\u00e1logo, porque se trataba de un acuerdo directamente con las comunidades menonitas, justifica Albores<\/p>\n<p>La funcionaria tambi\u00e9n se\u00f1ala que han empezado a dar seguimiento a denuncias de apicultores y que, paralelamente al proceso de elaboraci\u00f3n del ordenamiento ecol\u00f3gico, se han desarrollado jornadas informativas con los n\u00facleos agrarios de Hopelch\u00e9n.<\/p>\n<p>Quienes padecen  los impactos de la deforestaci\u00f3n esperan acciones m\u00e1s contundentes y r\u00e1pidas. La urgencia no es pueril. La deforestaci\u00f3n ya provoca conflictos dentro de las comunidades, seg\u00fan el Colectivo de Comunidades Mayas de los Chenes. Para sus integrantes, una soluci\u00f3n real tiene que estar bien planeada, ser estrat\u00e9gica y proponer alternativas a los productores.<\/p>\n<p>\u201cYo en realidad no estoy en contra de los menonitas, estoy en contra de la forma de su cultivo\u201d, dice el apicultor maya de Bolonch\u00e9n de Rej\u00f3n. M\u00e1s all\u00e1 de los menonitas, dice, ha sido desde el gobierno que se han favorecido intereses econ\u00f3micos en detrimento del cuidado del ambiente. Y con ello se ha transformado no s\u00f3lo el panorama de Hopelch\u00e9n, sino las vidas de sus habitantes. \u201c\u00bfHasta d\u00f3nde vamos a llegar con esto? Realmente me da coraje, porque como se lo digo, cambian un cultivo por una forma de vida\u201d.<\/p>\n<p>* Imagen principal: Terreno que se prepara para el cultivo de soya en el campo menonita de Nuevo Durango, Hopelch\u00e9n, Campeche. Foto: Robin Canul.<\/p>\n<p>* * *<br \/>\nArt\u00edculo publicado por Thelma gomez<\/p>\n<p><a href=\"https:\/\/es.mongabay.com\/2022\/08\/soya-deforestacion-en-la-selva-maya-en-mexico\/\" rel=\"noopener\" target=\"_blank\">https:\/\/es.mongabay.com\/2022\/08\/soya-deforestacion-en-la-selva-maya-en-mexico\/<\/a><\/p>\n","protected":false},"excerpt":{"rendered":"<p>por Mayela S\u00e1nchez \/ Mongabay Hopelch\u00e9n es hoy uno de los principales productores de soya en el pa\u00eds. Ocupar ese lugar ha tenido un costo muy alto para la biodiversidad. &hellip; <a href=\"http:\/\/www.grieta.org.mx\/index.php\/2022\/08\/31\/soya-la-agroindustria-que-arrasa-con-la-selva-maya\/\" class=\"more-link\">Leer m\u00e1s<\/a><\/p>\n","protected":false},"author":2,"featured_media":66718,"comment_status":"closed","ping_status":"closed","sticky":false,"template":"","format":"standard","meta":{"ngg_post_thumbnail":0,"_jetpack_newsletter_access":"","_jetpack_dont_email_post_to_subs":false,"_jetpack_newsletter_tier_id":0,"_jetpack_memberships_contains_paywalled_content":false,"_jetpack_memberships_contains_paid_content":false,"footnotes":""},"categories":[60,42,11,80,1311,2749,2943,2258,1,3,922,926,944,952,2,28,1151,1152,1153,36],"tags":[281,160,162,883,161,4139,901,159],"class_list":["post-66717","post","type-post","status-publish","format-standard","has-post-thumbnail","hentry","category-16-pueblo-maya","category-agroindustria","category-campeche","category-cintillo","category-contaminacion-y-danos-a-la-salud-en-campeche","category-destruccion-y-contaminacion-ambiental-en-quintana-roo","category-destruccion-y-contaminacion-ambiental-en-yucatan","category-ecocidio-en-campeche","category-espejos-de-la-resistencia","category-megaproyectos","category-megaproyectos-estados","category-mp-campeche","category-mp-quintana-roo","category-mp-yucatan","category-noticias-nacionales","category-quintana-roo","category-se-organizan-para-frenar-avance-de-transgenicos-en-yucatan-campeche-y-quintana-roo","category-se-organizan-para-frenar-avance-de-transgenicos-en-yucatan-campeche-y-quintana-roo-yucatan","category-se-organizan-para-frenar-avance-de-transgenicos-en-yucatan-campeche-y-quintana-roo-quintana-roo","category-yucatan","tag-agroindustria","tag-apicultores","tag-deforestacion","tag-glifosato","tag-monsanto","tag-plaguicidas","tag-soya","tag-transgenicos","entry"],"jetpack_featured_media_url":"http:\/\/www.grieta.org.mx\/wp-content\/uploads\/2023\/03\/Soya-e1680307168158.jpg","jetpack_sharing_enabled":true,"jetpack_shortlink":"https:\/\/wp.me\/p7ZJR4-hm5","jetpack_likes_enabled":false,"jetpack-related-posts":[{"id":912,"url":"http:\/\/www.grieta.org.mx\/index.php\/2016\/09\/13\/se-organizan-para-frenar-avance-de-transgenicos-en-yucatan-campeche-y-quintana-roo\/","url_meta":{"origin":66717,"position":0},"title":"Se organizan para frenar avance de transg\u00e9nicos en Yucat\u00e1n, Campeche y Quintana Roo","author":"grieta","date":"13 septiembre, 2016","format":false,"excerpt":"13\/04\/16. Conformaci\u00f3n de la Misi\u00f3n de Observaci\u00f3n de la Consulta al pueblo Maya sobre la siembra de soya gen\u00e9ticamente modificada de la empresa Monsanto Cayacyucatan 01\/04\/16. Irregularidades en Consulta Ind\u00edgena sobre la siembra de soya gen\u00e9ticamente en Campeche Infolliteras 22\/02\/16. Campeche, en mapa global sobre Riesgos Ambientales. Lo catalogan por\u2026","rel":"","context":"En &quot;16. Pueblo Maya&quot;","block_context":{"text":"16. Pueblo Maya","link":"http:\/\/www.grieta.org.mx\/index.php\/category\/espejos-de-la-resistencia\/16-pueblo-maya\/"},"img":{"alt_text":"","src":"https:\/\/i0.wp.com\/www.grieta.org.mx\/wp-content\/uploads\/2018\/03\/14524434_1106112876131411_958039263622046936_o.jpg?resize=350%2C200","width":350,"height":200,"srcset":"https:\/\/i0.wp.com\/www.grieta.org.mx\/wp-content\/uploads\/2018\/03\/14524434_1106112876131411_958039263622046936_o.jpg?resize=350%2C200 1x, https:\/\/i0.wp.com\/www.grieta.org.mx\/wp-content\/uploads\/2018\/03\/14524434_1106112876131411_958039263622046936_o.jpg?resize=525%2C300 1.5x, https:\/\/i0.wp.com\/www.grieta.org.mx\/wp-content\/uploads\/2018\/03\/14524434_1106112876131411_958039263622046936_o.jpg?resize=700%2C400 2x"},"classes":[]},{"id":1459,"url":"http:\/\/www.grieta.org.mx\/index.php\/2015\/10\/08\/autoridades-mayas-de-yucatan-y-campeche-congelan-avance-de-soya-transgenica-de-monsanto\/","url_meta":{"origin":66717,"position":1},"title":"Autoridades mayas de Yucat\u00e1n y Campeche congelan avance de soya transg\u00e9nica de Monsanto","author":"grieta","date":"8 octubre, 2015","format":false,"excerpt":"(08 de octubre, 2015).- La Suprema Corte de Justicia de la Naci\u00f3n (SCJN) acord\u00f3 que el 28 de octubre discutir\u00e1 en paquete los siete recursos de amparo en revisi\u00f3n interpuestos por apicultores de Yucat\u00e1n y Campeche contra la siembra de soya transg\u00e9nica, inform\u00f3 Jorge Fern\u00e1ndez, abogado que apoya a los\u2026","rel":"","context":"En &quot;16. Pueblo Maya&quot;","block_context":{"text":"16. Pueblo Maya","link":"http:\/\/www.grieta.org.mx\/index.php\/category\/espejos-de-la-resistencia\/16-pueblo-maya\/"},"img":{"alt_text":"","src":"https:\/\/i0.wp.com\/www.grieta.org.mx\/wp-content\/uploads\/2018\/03\/14524434_1106112876131411_958039263622046936_o.jpg?resize=350%2C200","width":350,"height":200,"srcset":"https:\/\/i0.wp.com\/www.grieta.org.mx\/wp-content\/uploads\/2018\/03\/14524434_1106112876131411_958039263622046936_o.jpg?resize=350%2C200 1x, https:\/\/i0.wp.com\/www.grieta.org.mx\/wp-content\/uploads\/2018\/03\/14524434_1106112876131411_958039263622046936_o.jpg?resize=525%2C300 1.5x, https:\/\/i0.wp.com\/www.grieta.org.mx\/wp-content\/uploads\/2018\/03\/14524434_1106112876131411_958039263622046936_o.jpg?resize=700%2C400 2x"},"classes":[]},{"id":17044,"url":"http:\/\/www.grieta.org.mx\/index.php\/2016\/07\/05\/dicen-no-a-transgenicos-campeche\/","url_meta":{"origin":66717,"position":2},"title":"Dicen no a transg\u00e9nicos (Campeche)","author":"grieta","date":"5 julio, 2016","format":false,"excerpt":"Hopelch\u00e9n: En Iturbide no se sembrar\u00e1 ning\u00fan cent\u00edmetro de soya transg\u00e9nica, advirti\u00f3 el comisario ejidal Abelardo Brice\u00f1o Montoy, quien dijo que en asamblea, los ejidatarios acordaron que no se d\u00e9 lugar a cultivos con semillas gen\u00e9ticamente modificadas, pues ponen en riesgo al sector ap\u00edcola. En entrevista con TRIBUNA la autoridad\u2026","rel":"","context":"En &quot;16. Pueblo Maya&quot;","block_context":{"text":"16. Pueblo Maya","link":"http:\/\/www.grieta.org.mx\/index.php\/category\/espejos-de-la-resistencia\/16-pueblo-maya\/"},"img":{"alt_text":"","src":"https:\/\/i0.wp.com\/www.grieta.org.mx\/wp-content\/uploads\/2018\/03\/14524434_1106112876131411_958039263622046936_o.jpg?resize=350%2C200","width":350,"height":200,"srcset":"https:\/\/i0.wp.com\/www.grieta.org.mx\/wp-content\/uploads\/2018\/03\/14524434_1106112876131411_958039263622046936_o.jpg?resize=350%2C200 1x, https:\/\/i0.wp.com\/www.grieta.org.mx\/wp-content\/uploads\/2018\/03\/14524434_1106112876131411_958039263622046936_o.jpg?resize=525%2C300 1.5x, https:\/\/i0.wp.com\/www.grieta.org.mx\/wp-content\/uploads\/2018\/03\/14524434_1106112876131411_958039263622046936_o.jpg?resize=700%2C400 2x"},"classes":[]},{"id":38031,"url":"http:\/\/www.grieta.org.mx\/index.php\/2019\/08\/16\/preocupa-la-anulacion-del-decreto-contra-transgenicos\/","url_meta":{"origin":66717,"position":3},"title":"Preocupa la anulaci\u00f3n del decreto contra transg\u00e9nicos","author":"grieta","date":"16 agosto, 2019","format":false,"excerpt":"https:\/\/youtu.be\/V_qxTikY-cA Merli G\u00f3mez\/Canal10 M\u00e9rida, Yucat\u00e1n.- El Consejo Civil Mexicano para la Silvicultura Sostenible consider\u00f3 que el fallo de la Suprema Corte de Justicia de la Naci\u00f3n que invalida el Decreto 418\/2016, que declaraba a Yucat\u00e1n zona libre de cultivos agr\u00edcolas con organismos gen\u00e9ticamente modificados, abre la puerta a empresas agroindustriales\u2026","rel":"","context":"En &quot;Agroindustria&quot;","block_context":{"text":"Agroindustria","link":"http:\/\/www.grieta.org.mx\/index.php\/category\/megaproyectos\/agroindustria\/"},"img":{"alt_text":"","src":"https:\/\/i0.wp.com\/www.grieta.org.mx\/wp-content\/uploads\/2019\/08\/DecretoTransgenicos-e1566151926823.png?resize=350%2C200","width":350,"height":200,"srcset":"https:\/\/i0.wp.com\/www.grieta.org.mx\/wp-content\/uploads\/2019\/08\/DecretoTransgenicos-e1566151926823.png?resize=350%2C200 1x, https:\/\/i0.wp.com\/www.grieta.org.mx\/wp-content\/uploads\/2019\/08\/DecretoTransgenicos-e1566151926823.png?resize=525%2C300 1.5x, https:\/\/i0.wp.com\/www.grieta.org.mx\/wp-content\/uploads\/2019\/08\/DecretoTransgenicos-e1566151926823.png?resize=700%2C400 2x"},"classes":[]},{"id":15367,"url":"http:\/\/www.grieta.org.mx\/index.php\/2016\/06\/19\/suspenden-a-monsanto-permiso-de-siembra-de-soya-modificada-en-yucatan\/","url_meta":{"origin":66717,"position":4},"title":"Suspenden a Monsanto permiso de siembra de soya modificada en Yucat\u00e1n","author":"grieta","date":"19 junio, 2016","format":false,"excerpt":"La trasnacional recibi\u00f3 el aviso de parte del sector agropecuario el pasado martes 14 de junio, luego de una resoluci\u00f3n de un juzgado con sede en Yucat\u00e1n; estim\u00f3 que habr\u00eda alrededor de 6 mil agricultores afectados. La empresa productora de semillas Monsanto inform\u00f3 que el pasado martes recibi\u00f3 una notificaci\u00f3n\u2026","rel":"","context":"En &quot;16. Pueblo Maya&quot;","block_context":{"text":"16. Pueblo Maya","link":"http:\/\/www.grieta.org.mx\/index.php\/category\/espejos-de-la-resistencia\/16-pueblo-maya\/"},"img":{"alt_text":"","src":"https:\/\/i0.wp.com\/www.grieta.org.mx\/wp-content\/uploads\/2018\/03\/14524434_1106112876131411_958039263622046936_o.jpg?resize=350%2C200","width":350,"height":200,"srcset":"https:\/\/i0.wp.com\/www.grieta.org.mx\/wp-content\/uploads\/2018\/03\/14524434_1106112876131411_958039263622046936_o.jpg?resize=350%2C200 1x, https:\/\/i0.wp.com\/www.grieta.org.mx\/wp-content\/uploads\/2018\/03\/14524434_1106112876131411_958039263622046936_o.jpg?resize=525%2C300 1.5x, https:\/\/i0.wp.com\/www.grieta.org.mx\/wp-content\/uploads\/2018\/03\/14524434_1106112876131411_958039263622046936_o.jpg?resize=700%2C400 2x"},"classes":[]},{"id":17435,"url":"http:\/\/www.grieta.org.mx\/index.php\/2016\/07\/20\/firmas-contra-transgenicos-campeche\/","url_meta":{"origin":66717,"position":5},"title":"Firmas contra transg\u00e9nicos (Campeche)","author":"grieta","date":"20 julio, 2016","format":false,"excerpt":"Ejidatarios de Iturbide, Hopelch\u00e9n, entregaron ayer documento con 540 firmas a la Comisi\u00f3n de Derechos Humanos del Estado de Campeche (Codhecam), en que rechazan la siembra de soya transg\u00e9nica, ya que la consideran da\u00f1ina para la salud y de inter\u00e9s exclusivo de menonitas. Los comisarios ejidal y municipal Abelardo Brice\u00f1o\u2026","rel":"","context":"En &quot;16. Pueblo Maya&quot;","block_context":{"text":"16. Pueblo Maya","link":"http:\/\/www.grieta.org.mx\/index.php\/category\/espejos-de-la-resistencia\/16-pueblo-maya\/"},"img":{"alt_text":"","src":"https:\/\/i0.wp.com\/www.grieta.org.mx\/wp-content\/uploads\/2018\/03\/14524434_1106112876131411_958039263622046936_o.jpg?resize=350%2C200","width":350,"height":200,"srcset":"https:\/\/i0.wp.com\/www.grieta.org.mx\/wp-content\/uploads\/2018\/03\/14524434_1106112876131411_958039263622046936_o.jpg?resize=350%2C200 1x, https:\/\/i0.wp.com\/www.grieta.org.mx\/wp-content\/uploads\/2018\/03\/14524434_1106112876131411_958039263622046936_o.jpg?resize=525%2C300 1.5x, https:\/\/i0.wp.com\/www.grieta.org.mx\/wp-content\/uploads\/2018\/03\/14524434_1106112876131411_958039263622046936_o.jpg?resize=700%2C400 2x"},"classes":[]}],"_links":{"self":[{"href":"http:\/\/www.grieta.org.mx\/index.php\/wp-json\/wp\/v2\/posts\/66717","targetHints":{"allow":["GET"]}}],"collection":[{"href":"http:\/\/www.grieta.org.mx\/index.php\/wp-json\/wp\/v2\/posts"}],"about":[{"href":"http:\/\/www.grieta.org.mx\/index.php\/wp-json\/wp\/v2\/types\/post"}],"author":[{"embeddable":true,"href":"http:\/\/www.grieta.org.mx\/index.php\/wp-json\/wp\/v2\/users\/2"}],"replies":[{"embeddable":true,"href":"http:\/\/www.grieta.org.mx\/index.php\/wp-json\/wp\/v2\/comments?post=66717"}],"version-history":[{"count":1,"href":"http:\/\/www.grieta.org.mx\/index.php\/wp-json\/wp\/v2\/posts\/66717\/revisions"}],"predecessor-version":[{"id":66732,"href":"http:\/\/www.grieta.org.mx\/index.php\/wp-json\/wp\/v2\/posts\/66717\/revisions\/66732"}],"wp:featuredmedia":[{"embeddable":true,"href":"http:\/\/www.grieta.org.mx\/index.php\/wp-json\/wp\/v2\/media\/66718"}],"wp:attachment":[{"href":"http:\/\/www.grieta.org.mx\/index.php\/wp-json\/wp\/v2\/media?parent=66717"}],"wp:term":[{"taxonomy":"category","embeddable":true,"href":"http:\/\/www.grieta.org.mx\/index.php\/wp-json\/wp\/v2\/categories?post=66717"},{"taxonomy":"post_tag","embeddable":true,"href":"http:\/\/www.grieta.org.mx\/index.php\/wp-json\/wp\/v2\/tags?post=66717"}],"curies":[{"name":"wp","href":"https:\/\/api.w.org\/{rel}","templated":true}]}}