{"id":66638,"date":"2023-03-14T07:48:48","date_gmt":"2023-03-14T13:48:48","guid":{"rendered":"https:\/\/www.grieta.org.mx\/?p=66638"},"modified":"2023-03-26T08:19:46","modified_gmt":"2023-03-26T14:19:46","slug":"granja-porcicola-contamino-acuiferos-en-yucatan","status":"publish","type":"post","link":"http:\/\/www.grieta.org.mx\/index.php\/2023\/03\/14\/granja-porcicola-contamino-acuiferos-en-yucatan\/","title":{"rendered":"Granja porc\u00edcola contamin\u00f3 acu\u00edferos en Yucat\u00e1n"},"content":{"rendered":"<p>Patricio Eleisegui \/ Fotos: Rob\u00edn Canul \/ Pie de P\u00e1gina<\/p>\n<blockquote><p>Las comunidades de Kinchil y Maxcan\u00fa realizaron un monitoreo de aguas con apoyo de Naciones Unidas y el resultado confirm\u00f3 el da\u00f1o ambiental que generan las mega granjas Kek\u00e9n, del grupo KUO, la gran responsable del desastre<\/p><\/blockquote>\n<p>.<\/p>\n<p>YUCAT\u00c1N. \u2013 Se desvanecen la vida y el devenir en Yucat\u00e1n. Y no hay que salirse del estado o construir un factor externo de alcance global para hallar un actor responsable. El desastre adopta la naturaleza de lo dom\u00e9stico y tambi\u00e9n es bien local la causa que lo motiva: el modelo industrial de producci\u00f3n de carne de cerdo. Las tristemente c\u00e9lebres factor\u00edas porc\u00edcolas. Que se multiplican en el territorio yucateco a partir de pol\u00edticas que, en los \u00faltimos 15 a\u00f1os, no han dejado de alentar la instalaci\u00f3n de mega granjas, a las que se les garantiza acceso privilegiado a fuentes de agua, acuerdos favorables para la adquisici\u00f3n de tierras y la disponibilidad de mano de obra barata o directamente apta para la peor precarizaci\u00f3n.<\/p>\n<p>Suman m\u00e1s de 220 las mega factor\u00edas operativas en el estado, aunque el n\u00famero se eleva a m\u00e1s de 500 si se toman en cuenta los peque\u00f1os emprendimientos que abastecen a las instalaciones de mayor envergadura. Adem\u00e1s del gran tama\u00f1o y el apoyo de las autoridades, el modelo de producci\u00f3n intensiva de carne de cerdos en Yucat\u00e1n cuenta con otro rasgo particular: opera bajo la forma de un monopolio controlado por Kek\u00e9n, una compa\u00f1\u00eda propiedad del Grupo KUO con ingresos anuales del orden de los 28 mil 700 millones de pesos.<\/p>\n<p>Todo el sistema de crianza, sacrificio y comercializaci\u00f3n de porcinos en el estado funciona a las \u00f3rdenes de Kek\u00e9n, que sostiene su negocio a partir de una estructura de mega granjas propias y el aporte de cientos de aparceros.<\/p>\n<p>Seg\u00fan una investigaci\u00f3n reciente de la plataforma Jalt\u00fan.mx, esta compa\u00f1\u00eda se ubica en el top 20 de mayores firmas de producci\u00f3n de carne de cerdo a nivel mundial y pisa fuerte en la venta nacional de cortes porcinos a trav\u00e9s de su cadena de tiendas Maxi Carne, presente en m\u00e1s de 14 estados.<\/p>\n<p>Semejante despliegue y gigantismo comercial encuentra su sost\u00e9n en un proceso de depredaci\u00f3n ambiental y avasallamiento de los derechos de las comunidades mayas de Yucat\u00e1n que se profundiza a la par del \u00e9xito econ\u00f3mico de Kek\u00e9n. Un movimiento que asfixia la seguridad y la soberan\u00eda alimentaria del estado profundo y, en simult\u00e1neo, evidencia cu\u00e1nto y c\u00f3mo se privilegia la bonanza financiera del gran capital privado en detrimento de las pr\u00e1cticas de producci\u00f3n tradicionales de la regi\u00f3n como la milpa o la apicultura.<\/p>\n<p>Al igual que las estad\u00edsticas del negocio, el desastre que auspician las mega factor\u00edas de Kek\u00e9n tambi\u00e9n viene originando datos y cifras que confirman la naturaleza funesta del modelo industrial porc\u00edcola.<\/p>\n<p>Una prueba reciente de las consecuencias negativas que acarrea la actividad fue expuesta durante la tarde del lunes 13 por referentes y lideresas del Consejo Maya Chik\u2019in-j\u00e1 y el colectivo de atenci\u00f3n comunitaria U Yutzil Kaaj. Reunidos en el pueblo de Kinchil, distante 28 kil\u00f3metros de M\u00e9rida, la capital yucateca, detallaron los resultados de un monitoreo de aguas realizado en \u00e1reas cercanas a una serie de mega granjas que funcionan en torno al mencionado Kinchil y el municipio de Maxcan\u00fa.<\/p>\n<p>Seg\u00fan datos de Jaltun.mx, Kek\u00e9n opera una factor\u00eda de 60 mil cerdos a escasos kil\u00f3metros de Kinchil y posee una instalaci\u00f3n con 24 mil ejemplares porcinos en Maxcan\u00fa. En este \u00faltimo distrito la firma tambi\u00e9n es socia de Agroindustrias Moba en una mega granja que integra a m\u00e1s de 46 mil 460 animales.<br \/>\nKinchil y Maxcan\u00fa, sin agua apta para consumo humano<\/p>\n<p>Realizado con asistencia t\u00e9cnica del Programa de las Naciones Unidas para el Desarrollo (PNUD), el estudio comprendi\u00f3 el an\u00e1lisis de 200 muestras extra\u00eddas de 23 cuerpos de agua, la mayor\u00eda de ellos cenotes y pozos artesanales, durante un lapso de 8 meses que se extendi\u00f3 a lo largo de 2022. El resultado: 100 por ciento de las muestras dio positivo en presencia de coliformes fecales. La totalidad del l\u00edquido analizado mostr\u00f3 contaminaci\u00f3n con bacterias como la Escherichia coli.<\/p>\n<p>\u201cLa presencia y el volumen de los coliformes en la mayor\u00eda de las muestras obtenidas indican contaminaci\u00f3n fecal en los cenotes, ojos de agua y pozos de la zona de estudio. Estos resultados son consistentes con los boletines epidemiol\u00f3gicos del Sistema Nacional de Vigilancia Epidemiol\u00f3gica para el estado de Yucat\u00e1n, en los que se muestra un aumento en los casos de enfermedades infecciosas intestinales\u201d, expuso Elena, una de las integrantes del Consejo Maya Chik\u2019in-j\u00e1, durante la actividad en Kinchil.<\/p>\n<p>\u201cEl esfuerzo de monitoreo continuar\u00e1 y se est\u00e1 buscando que el muestreo se ampl\u00ede a otras comunidades y sitios de la regi\u00f3n. Mientras tanto, se tiene el inter\u00e9s de socializar estos primeros resultados, as\u00ed como exponer las implicancias en todas las comunidades del poniente de Yucat\u00e1n para advertir la amenaza regional\u201d, agreg\u00f3.<\/p>\n<p>Seg\u00fan los y las voceras del Consejo Maya Chik\u2019in-j\u00e1 y el colectivo de atenci\u00f3n comunitaria U Yutzil Kaaj, el 35 por ciento de las muestras evidenci\u00f3 la contaminaci\u00f3n m\u00e1s severa seg\u00fan los par\u00e1metros determinados por la Organizaci\u00f3n Mundial de la Salud (OMS).<br \/>\nMega granjas porc\u00edcolas y la afectaci\u00f3n de las comunidades<\/p>\n<p>\u201cAdem\u00e1s de la preocupaci\u00f3n por el agua que estamos consumiendo, tambi\u00e9n est\u00e1 la afectaci\u00f3n que sufre la agricultura, nuestros animales. Todo esto por lo que viene ocurriendo con el agua. A los pueblos no nos vinieron a preguntar si quer\u00edamos que se instalen estas granjas. Nos impusieron reglas mientras nos quitan nuestra forma de vida\u201d, enfatiz\u00f3 Matilde, del Consejo Maya Chik\u2019in-j\u00e1.<\/p>\n<p>Los colectivos reunidos en Kinchil se\u00f1alaron que los resultados del monitoreo desnudan la falsedad de los presuntos m\u00e9todos de saneamiento del agua de los que presume Kek\u00e9n en buena parte de los medios de comunicaci\u00f3n de Yucat\u00e1n. \u201cAqu\u00ed estamos demostrando con objetividad que es falso que la empresa tiene procesadores y sanea el agua residual\u201d, remarc\u00f3 Jes\u00fas, tambi\u00e9n de Chik\u2019in-j\u00e1.<\/p>\n<p>Por el lado de Maxcan\u00fa, Cintia, habitante de la comisar\u00eda de San Fernando, explic\u00f3 que la localidad sufre el funcionamiento de una mega factor\u00eda que se ubica a menos de medio kil\u00f3metro de la comunidad. \u201cDe ah\u00ed salen 48 mil cerdos cada tres meses. Con tanto qu\u00edmico que les ponen, la carne crece en ese tiempo. Claro que eso no lo dicen. Por la contaminaci\u00f3n tenemos hasta ni\u00f1os con diarrea\u201d, dijo.<\/p>\n<p>La referente del colectivo de atenci\u00f3n comunitaria U Yutzil Kaaj aport\u00f3 detalles de la perversidad con que act\u00faa Kek\u00e9n ante el problema sanitario que genera la misma compa\u00f1\u00eda: \u201cEllos vienen y se instalan con sus casitas de salud. Las ponen en el pueblo cuando son ellos mismos quienes nos est\u00e1n enfermando. Nos dan medicamentos para callarnos la boca\u201d.<\/p>\n<p>El drama que atraviesan los apicultores<\/p>\n<p><img loading=\"lazy\" decoding=\"async\" data-attachment-id=\"66640\" data-permalink=\"http:\/\/www.grieta.org.mx\/index.php\/2023\/03\/14\/granja-porcicola-contamino-acuiferos-en-yucatan\/apicultores-2\/\" data-orig-file=\"http:\/\/www.grieta.org.mx\/wp-content\/uploads\/2023\/03\/Apicultores-e1679840238207.jpg\" data-orig-size=\"800,501\" data-comments-opened=\"0\" data-image-meta=\"{&quot;aperture&quot;:&quot;0&quot;,&quot;credit&quot;:&quot;&quot;,&quot;camera&quot;:&quot;&quot;,&quot;caption&quot;:&quot;&quot;,&quot;created_timestamp&quot;:&quot;0&quot;,&quot;copyright&quot;:&quot;&quot;,&quot;focal_length&quot;:&quot;0&quot;,&quot;iso&quot;:&quot;0&quot;,&quot;shutter_speed&quot;:&quot;0&quot;,&quot;title&quot;:&quot;&quot;,&quot;orientation&quot;:&quot;1&quot;}\" data-image-title=\"Apicultores\" data-image-description=\"\" data-image-caption=\"\" data-medium-file=\"http:\/\/www.grieta.org.mx\/wp-content\/uploads\/2023\/03\/Apicultores-e1679840238207-300x188.jpg\" data-large-file=\"http:\/\/www.grieta.org.mx\/wp-content\/uploads\/2023\/03\/Apicultores-1024x642.jpg\" src=\"http:\/\/www.grieta.org.mx\/wp-content\/uploads\/2023\/03\/Apicultores-e1679840238207.jpg\" alt=\"\" width=\"800\" height=\"501\" class=\"alignnone size-full wp-image-66640\" srcset=\"http:\/\/www.grieta.org.mx\/wp-content\/uploads\/2023\/03\/Apicultores-e1679840238207.jpg 800w, http:\/\/www.grieta.org.mx\/wp-content\/uploads\/2023\/03\/Apicultores-e1679840238207-300x188.jpg 300w, http:\/\/www.grieta.org.mx\/wp-content\/uploads\/2023\/03\/Apicultores-e1679840238207-768x481.jpg 768w\" sizes=\"auto, (max-width: 800px) 100vw, 800px\" \/><br \/>\nDesde la llegada de las granjas de puercos, las actividad ap\u00edcola se h visto afectada. Foto Robin Canul<\/p>\n<p>Adem\u00e1s de la actividad en la milpa, las comunidades mayas de Yucat\u00e1n ostentan una tradici\u00f3n por dem\u00e1s de longeva en lo referente a la producci\u00f3n de miel.<\/p>\n<p>Precisamente la actividad ap\u00edcola, a partir de la depredaci\u00f3n de la selva para la instalaci\u00f3n de las mega granjas y la contaminaci\u00f3n de las reservas de agua, se ubica a la cabeza de las pr\u00e1cticas econ\u00f3micas locales que m\u00e1s padecen la actividad de las factor\u00edas de cerdos.<\/p>\n<p>Bonifacio, un apicultor de Para\u00edso, otra de las comisar\u00edas que pertenecen a Maxcan\u00fa, coment\u00f3 que la instalaci\u00f3n de Kek\u00e9n en esa zona est\u00e1 a un paso de acabar con la actividad de 40 familias del pueblo que se dedican a la generaci\u00f3n de miel. \u201cEl agua en el pueblo est\u00e1 contaminada, lo mismo el agua de los pozos donde est\u00e1n los apiarios. Va a llegar el momento en que los compradores digan que, por la contaminaci\u00f3n, dejar\u00e1n de adquirir nuestro producto\u201d, vaticin\u00f3.<\/p>\n<p>En las inmediaciones de Kinchil, la extinci\u00f3n de la actividad ap\u00edcola ya comenz\u00f3 a hacerse visible. Marco Antonio, otro de los convocados para la presentaci\u00f3n de los resultados del monitoreo de aguas, cont\u00f3: \u201cSomos de una cooperativa de miel y vecinos de Kinchil. Donde nosotros estamos hay cenotes, aguadas. Tenemos 29 apiarios org\u00e1nicos. La empresa que nos compraba detect\u00f3 contaminaci\u00f3n en el agua y perdimos la certificaci\u00f3n como productores de miel org\u00e1nica de abeja. Se nos quit\u00f3\u201d.<\/p>\n<p>\u201cLos certificadores ahora s\u00f3lo aceptan a apiarios que est\u00e9n a m\u00e1s de 6 kil\u00f3metros de las granjas. Si uno est\u00e1 m\u00e1s cerca, se deja de ser org\u00e1nico. Hoy tenemos este problema grav\u00edsimo en toda la zona. Si esta situaci\u00f3n contin\u00faa, tambi\u00e9n van a dejar de comprarnos miel convencional. Las granjas tienen que retirarse\u201d, destac\u00f3.<\/p>\n<p>En el cierre de la actividad en Kinchil, los colectivos reunidos redoblaron el pedido de intervenci\u00f3n urgente de organismos nacionales como la Secretar\u00eda de Medio Ambiente y Recursos Naturales (SEMARNAT) y la Comisi\u00f3n Nacional del Agua (CONAGUA), adem\u00e1s de remarcar el favoritismo pol\u00edtico del que goza Kek\u00e9n en la gesti\u00f3n del panista Mauricio Vila Dosal, actual gobernador de Yucat\u00e1n.<\/p>\n<p>Y compartieron una certeza que en los territorios de Yucat\u00e1n se repite en medio de la calamidad socioambiental que provocan las mega factor\u00edas de cerdos: este modelo industrial es nocivo para los proyectos de desarrollo comunitarios. Atenta de manera fatal contra cualquier iniciativa cooperativa y, como ya se mencion\u00f3, profundiza la violaci\u00f3n de derechos y libertades que, desde hace siglos, sufren todas las comunidades mayas del estado.<\/p>\n<p><a href=\"https:\/\/piedepagina.mx\/granja-porcicola-contamino-acuiferos-en-yucatan\/\" rel=\"noopener\" target=\"_blank\">https:\/\/piedepagina.mx\/granja-porcicola-contamino-acuiferos-en-yucatan\/<\/a><\/p>\n","protected":false},"excerpt":{"rendered":"<p>Patricio Eleisegui \/ Fotos: Rob\u00edn Canul \/ Pie de P\u00e1gina Las comunidades de Kinchil y Maxcan\u00fa realizaron un monitoreo de aguas con apoyo de Naciones Unidas y el resultado confirm\u00f3 &hellip; <a href=\"http:\/\/www.grieta.org.mx\/index.php\/2023\/03\/14\/granja-porcicola-contamino-acuiferos-en-yucatan\/\" class=\"more-link\">Leer m\u00e1s<\/a><\/p>\n","protected":false},"author":2,"featured_media":66639,"comment_status":"closed","ping_status":"closed","sticky":false,"template":"","format":"standard","meta":{"ngg_post_thumbnail":0,"_jetpack_newsletter_access":"","_jetpack_dont_email_post_to_subs":false,"_jetpack_newsletter_tier_id":0,"_jetpack_memberships_contains_paywalled_content":false,"_jetpack_memberships_contains_paid_content":false,"footnotes":""},"categories":[42,80,2943,1020,1023,3,922,952,2,36],"tags":[281,160,91,2177,223,1022,3785],"class_list":["post-66638","post","type-post","status-publish","format-standard","has-post-thumbnail","hentry","category-agroindustria","category-cintillo","category-destruccion-y-contaminacion-ambiental-en-yucatan","category-granja-porcicola","category-lucha-contra-granja-porcicola","category-megaproyectos","category-megaproyectos-estados","category-mp-yucatan","category-noticias-nacionales","category-yucatan","tag-agroindustria","tag-apicultores","tag-contaminacion-ambiental","tag-contaminacion-de-acuiferos","tag-ecocidio","tag-granja-porcicola","tag-megagranja","entry"],"jetpack_featured_media_url":"http:\/\/www.grieta.org.mx\/wp-content\/uploads\/2023\/03\/Granja-e1679840048982.jpg","jetpack_sharing_enabled":true,"jetpack_shortlink":"https:\/\/wp.me\/p7ZJR4-hkO","jetpack_likes_enabled":false,"jetpack-related-posts":[{"id":64282,"url":"http:\/\/www.grieta.org.mx\/index.php\/2022\/05\/17\/habitantes-de-sitilpech-exigen-cerrar-granjas-porcicolas-en-yucatan-afuera-del-poder-judicial\/","url_meta":{"origin":66638,"position":0},"title":"Habitantes de Sitilpech exigen cerrar granjas porc\u00edcolas en Yucat\u00e1n afuera del Poder Judicial","author":"grieta","date":"17 mayo, 2022","format":false,"excerpt":"Ruben Dar\u00edo Hau \/ Por Esto! Habitantes de Sitilpech, comisar\u00eda de Izamal, se manifiestan frente a la sede del Poder Judicial de la Federal, en M\u00e9rida, para insistir en que el Juez Primero de Distrito conceda la suspensi\u00f3n definitiva de la granja porc\u00edcola, Kancabch\u00e9n II, aparcera de Kek\u00e9n. El pasado\u2026","rel":"","context":"En &quot;16. Pueblo Maya&quot;","block_context":{"text":"16. Pueblo Maya","link":"http:\/\/www.grieta.org.mx\/index.php\/category\/espejos-de-la-resistencia\/16-pueblo-maya\/"},"img":{"alt_text":"","src":"https:\/\/i0.wp.com\/www.grieta.org.mx\/wp-content\/uploads\/2022\/05\/Sitilpech-e1653577169242.png?resize=350%2C200","width":350,"height":200,"srcset":"https:\/\/i0.wp.com\/www.grieta.org.mx\/wp-content\/uploads\/2022\/05\/Sitilpech-e1653577169242.png?resize=350%2C200 1x, https:\/\/i0.wp.com\/www.grieta.org.mx\/wp-content\/uploads\/2022\/05\/Sitilpech-e1653577169242.png?resize=525%2C300 1.5x, https:\/\/i0.wp.com\/www.grieta.org.mx\/wp-content\/uploads\/2022\/05\/Sitilpech-e1653577169242.png?resize=700%2C400 2x"},"classes":[]},{"id":61314,"url":"http:\/\/www.grieta.org.mx\/index.php\/2021\/06\/19\/yucatan-keken-disfraza-monopolio-de-granjas-porcicolas-en-pequenos-criaderos\/","url_meta":{"origin":66638,"position":1},"title":"Yucat\u00e1n: Kek\u00e9n disfraza monopolio de granjas porc\u00edcolas en peque\u00f1os criaderos","author":"grieta","date":"19 junio, 2021","format":false,"excerpt":"Leandro Chac\u00f3n \/ PorEsto! Con tal de no mostrar el impacto ambiental que produce la porcicultura en el Estado de Yucat\u00e1n, Grupo Porc\u00edcola Mexicano ha creado un modelo de negocio en el que no cuenta con muchas granjas de cerdos con su nombre comercial, as\u00ed lo revel\u00f3 Alexia Dosal Audirac,\u2026","rel":"","context":"En &quot;Agroindustria&quot;","block_context":{"text":"Agroindustria","link":"http:\/\/www.grieta.org.mx\/index.php\/category\/megaproyectos\/agroindustria\/"},"img":{"alt_text":"","src":"https:\/\/i0.wp.com\/www.grieta.org.mx\/wp-content\/uploads\/2021\/08\/KekenAparceria-e1629914737856.png?resize=350%2C200","width":350,"height":200,"srcset":"https:\/\/i0.wp.com\/www.grieta.org.mx\/wp-content\/uploads\/2021\/08\/KekenAparceria-e1629914737856.png?resize=350%2C200 1x, https:\/\/i0.wp.com\/www.grieta.org.mx\/wp-content\/uploads\/2021\/08\/KekenAparceria-e1629914737856.png?resize=525%2C300 1.5x, https:\/\/i0.wp.com\/www.grieta.org.mx\/wp-content\/uploads\/2021\/08\/KekenAparceria-e1629914737856.png?resize=700%2C400 2x"},"classes":[]},{"id":58215,"url":"http:\/\/www.grieta.org.mx\/index.php\/2021\/02\/05\/empresa-porcicola-disfraza-dano-ambiental-en-chapab-yucatan\/","url_meta":{"origin":66638,"position":2},"title":"Empresa porc\u00edcola disfraza da\u00f1o ambiental en Chapab (Yucat\u00e1n)","author":"grieta","date":"5 febrero, 2021","format":false,"excerpt":"Karla Regina Aguilar \/ PorEsto! La intenci\u00f3n de una empresa porc\u00edcola para contratar a personas con discapacidad no es m\u00e1s que un disfraz, asegura el asesor jur\u00eddico de la asamblea M\u00fauch\u2019 X\u00edinbal, Miguel Anguas, quien consider\u00f3 que \u201ces para tratar de desviar su deuda ambiental de la opini\u00f3n p\u00fablica y\u2026","rel":"","context":"En &quot;Agroindustria&quot;","block_context":{"text":"Agroindustria","link":"http:\/\/www.grieta.org.mx\/index.php\/category\/megaproyectos\/agroindustria\/"},"img":{"alt_text":"","src":"https:\/\/i0.wp.com\/www.grieta.org.mx\/wp-content\/uploads\/2021\/04\/Chapab-e1617983746156.png?resize=350%2C200","width":350,"height":200,"srcset":"https:\/\/i0.wp.com\/www.grieta.org.mx\/wp-content\/uploads\/2021\/04\/Chapab-e1617983746156.png?resize=350%2C200 1x, https:\/\/i0.wp.com\/www.grieta.org.mx\/wp-content\/uploads\/2021\/04\/Chapab-e1617983746156.png?resize=525%2C300 1.5x, https:\/\/i0.wp.com\/www.grieta.org.mx\/wp-content\/uploads\/2021\/04\/Chapab-e1617983746156.png?resize=700%2C400 2x"},"classes":[]},{"id":65920,"url":"http:\/\/www.grieta.org.mx\/index.php\/2022\/12\/08\/con-excremento-frente-al-poder-judicial-de-la-federacion-yucatecos-piden-suspension-definitiva-de-las-granjas-porcicolas-yucatan\/","url_meta":{"origin":66638,"position":3},"title":"Con excremento frente al Poder Judicial de la Federaci\u00f3n, yucatecos piden suspensi\u00f3n definitiva de las granjas porc\u00edcolas (Yucat\u00e1n)","author":"grieta","date":"8 diciembre, 2022","format":false,"excerpt":"Itzel Chan \/ Noticaribe M\u00c9RIDA, MX.- Habitantes de Sitilpech no han quitado el dedo del rengl\u00f3n y una vez m\u00e1s volvieron a manifestarse a las afueras del Poder Judicial de la Federaci\u00f3n, pero esta vez lo hicieron con excremento de cerdo dentro de un recipiente, para exigir as\u00ed que sea\u2026","rel":"","context":"En &quot;Agroindustria&quot;","block_context":{"text":"Agroindustria","link":"http:\/\/www.grieta.org.mx\/index.php\/category\/megaproyectos\/agroindustria\/"},"img":{"alt_text":"","src":"https:\/\/i0.wp.com\/www.grieta.org.mx\/wp-content\/uploads\/2022\/12\/Sitilpech10-e1671047518116.jpg?resize=350%2C200","width":350,"height":200,"srcset":"https:\/\/i0.wp.com\/www.grieta.org.mx\/wp-content\/uploads\/2022\/12\/Sitilpech10-e1671047518116.jpg?resize=350%2C200 1x, https:\/\/i0.wp.com\/www.grieta.org.mx\/wp-content\/uploads\/2022\/12\/Sitilpech10-e1671047518116.jpg?resize=525%2C300 1.5x, https:\/\/i0.wp.com\/www.grieta.org.mx\/wp-content\/uploads\/2022\/12\/Sitilpech10-e1671047518116.jpg?resize=700%2C400 2x"},"classes":[]},{"id":66379,"url":"http:\/\/www.grieta.org.mx\/index.php\/2023\/03\/03\/yucatan-antimotines-para-custodiar-alimento-para-cerdos-de-keken-pueblo-maya-de-sitilpech-denuncia-nuevamente-represion-policiaca-por-protesta-contra-mega-granjas-porcicolas\/","url_meta":{"origin":66638,"position":4},"title":"Yucat\u00e1n | Antimotines para custodiar alimento para cerdos de Kek\u00e9n: Pueblo maya de Sitilpech denuncia nuevamente represi\u00f3n policiaca por protesta contra mega granjas porc\u00edcolas","author":"grieta","date":"3 marzo, 2023","format":false,"excerpt":"Noticaribe M\u00c9RIDA, MX.- Una vez m\u00e1s, las y los habitantes de Sitilpech denuncian y exhiben represi\u00f3n policiaca ante el bloqueo que mantienen en una de las granjas porc\u00edcolas en sus tierras. Las personas que mantienen un bloqueo a las afueras de la granja denunciaron que elementos de la Secretar\u00eda de\u2026","rel":"","context":"En &quot;Agroindustria&quot;","block_context":{"text":"Agroindustria","link":"http:\/\/www.grieta.org.mx\/index.php\/category\/megaproyectos\/agroindustria\/"},"img":{"alt_text":"","src":"https:\/\/i0.wp.com\/www.grieta.org.mx\/wp-content\/uploads\/2023\/03\/Antimotines-e1677881381914.jpg?resize=350%2C200","width":350,"height":200,"srcset":"https:\/\/i0.wp.com\/www.grieta.org.mx\/wp-content\/uploads\/2023\/03\/Antimotines-e1677881381914.jpg?resize=350%2C200 1x, https:\/\/i0.wp.com\/www.grieta.org.mx\/wp-content\/uploads\/2023\/03\/Antimotines-e1677881381914.jpg?resize=525%2C300 1.5x, https:\/\/i0.wp.com\/www.grieta.org.mx\/wp-content\/uploads\/2023\/03\/Antimotines-e1677881381914.jpg?resize=700%2C400 2x"},"classes":[]},{"id":61180,"url":"http:\/\/www.grieta.org.mx\/index.php\/2021\/08\/11\/acusan-que-granjas-porcicolas-quieren-revertir-las-demandas-de-amparo-en-yucatan\/","url_meta":{"origin":66638,"position":5},"title":"Acusan que granjas porc\u00edcolas quieren revertir las demandas de amparo en Yucat\u00e1n","author":"grieta","date":"11 agosto, 2021","format":false,"excerpt":"Itzel Chan \/ Noticaribe M\u00c9RIDA, MX.- Habitantes de los pueblos mayas de Sitilpech y Chapab denunciaron que se encuentran amenazados por las \u2018movidas\u2019 de las mega granjas porc\u00edcolas y por las autoridades judiciales, pues a pesar de que el pasado 6 de julio interpusieron una demanda de amparo, las personas\u2026","rel":"","context":"En &quot;Agroindustria&quot;","block_context":{"text":"Agroindustria","link":"http:\/\/www.grieta.org.mx\/index.php\/category\/megaproyectos\/agroindustria\/"},"img":{"alt_text":"","src":"https:\/\/i0.wp.com\/www.grieta.org.mx\/wp-content\/uploads\/2021\/08\/RevertirAmparos.png?resize=350%2C200","width":350,"height":200,"srcset":"https:\/\/i0.wp.com\/www.grieta.org.mx\/wp-content\/uploads\/2021\/08\/RevertirAmparos.png?resize=350%2C200 1x, https:\/\/i0.wp.com\/www.grieta.org.mx\/wp-content\/uploads\/2021\/08\/RevertirAmparos.png?resize=525%2C300 1.5x, https:\/\/i0.wp.com\/www.grieta.org.mx\/wp-content\/uploads\/2021\/08\/RevertirAmparos.png?resize=700%2C400 2x"},"classes":[]}],"_links":{"self":[{"href":"http:\/\/www.grieta.org.mx\/index.php\/wp-json\/wp\/v2\/posts\/66638","targetHints":{"allow":["GET"]}}],"collection":[{"href":"http:\/\/www.grieta.org.mx\/index.php\/wp-json\/wp\/v2\/posts"}],"about":[{"href":"http:\/\/www.grieta.org.mx\/index.php\/wp-json\/wp\/v2\/types\/post"}],"author":[{"embeddable":true,"href":"http:\/\/www.grieta.org.mx\/index.php\/wp-json\/wp\/v2\/users\/2"}],"replies":[{"embeddable":true,"href":"http:\/\/www.grieta.org.mx\/index.php\/wp-json\/wp\/v2\/comments?post=66638"}],"version-history":[{"count":1,"href":"http:\/\/www.grieta.org.mx\/index.php\/wp-json\/wp\/v2\/posts\/66638\/revisions"}],"predecessor-version":[{"id":66641,"href":"http:\/\/www.grieta.org.mx\/index.php\/wp-json\/wp\/v2\/posts\/66638\/revisions\/66641"}],"wp:featuredmedia":[{"embeddable":true,"href":"http:\/\/www.grieta.org.mx\/index.php\/wp-json\/wp\/v2\/media\/66639"}],"wp:attachment":[{"href":"http:\/\/www.grieta.org.mx\/index.php\/wp-json\/wp\/v2\/media?parent=66638"}],"wp:term":[{"taxonomy":"category","embeddable":true,"href":"http:\/\/www.grieta.org.mx\/index.php\/wp-json\/wp\/v2\/categories?post=66638"},{"taxonomy":"post_tag","embeddable":true,"href":"http:\/\/www.grieta.org.mx\/index.php\/wp-json\/wp\/v2\/tags?post=66638"}],"curies":[{"name":"wp","href":"https:\/\/api.w.org\/{rel}","templated":true}]}}