{"id":66631,"date":"2023-03-02T06:21:07","date_gmt":"2023-03-02T12:21:07","guid":{"rendered":"https:\/\/www.grieta.org.mx\/?p=66631"},"modified":"2023-03-26T06:31:52","modified_gmt":"2023-03-26T12:31:52","slug":"sobrecarga-labora-causa-de-accidentes-en-instalaciones-petroleras-en-campeche","status":"publish","type":"post","link":"http:\/\/www.grieta.org.mx\/index.php\/2023\/03\/02\/sobrecarga-labora-causa-de-accidentes-en-instalaciones-petroleras-en-campeche\/","title":{"rendered":"Sobrecarga labora, causa de accidentes en instalaciones petroleras en Campeche"},"content":{"rendered":"<p>Por Esto!<\/p>\n<p>Una de las principales causas de los accidentes que se han registrado en las instalaciones de Petr\u00f3leos Mexicanos (Pemex), tanto en la zona terrestre como marina, son las largas jornadas laborales de 12, 16 y hasta de 24 horas que les cargan a los especialistas consecuencia del congelamiento de plazas, tan solo de la Uni\u00f3n Nacional de Trabajadores y Profesionistas Petroleros se tienen mil 560 plazas sin cubrir desde el 2019, muchas para ingenieros de seguridad, mantenimiento y de operaciones, dio a conocer Silvia Ramos Luna, secretaria general de la UNTyPP.<\/p>\n<p>Record\u00f3 que los petroleros est\u00e1n pasando por momentos muy duros tras los lamentables hechos que se dieron la semana con el incendio suscitado el d\u00eda de ayer en el equipo de perforaci\u00f3n PM-119 que daba mantenimiento a la Cavidad Tuzandepetl-331, en el municipio de Ixhuatl\u00e1n del Sureste, Veracruz, que le cost\u00f3 la vida a por lo menos cuatro trabajadores, \u201ccada que un trabajador nuestro se lastima, sobre todo si fallece moralmente nos afecta mucho\u201d.<\/p>\n<p>Ramos Luna, secretaria general de la UNTyPP, se\u00f1ala que como trabajadores petroleros se sienten indefensos, \u201cnos sentimos bastante agraviados porque creemos que muchos de estos accidentes se pueden evitar y con lo que est\u00e1 pasando, tenemos que esperar el resultado del An\u00e1lisis de Causa Ra\u00edz (ACR), pues cada vez que ocurre un accidente lo primero que se hace es este an\u00e1lisis sobre todo para evitar la repetici\u00f3n\u201d.<\/p>\n<p>Sin embargo, subraya, que muchos de estos accidentes se pueden evitar de no ser por la pol\u00edtica con la que se est\u00e1 conduciendo actualmente la paraestatal, \u201clo real es que seguimos con una pol\u00edtica de administrar plazas, de no permitir que haya cobertura y nosotros como t\u00e9cnicos seguimos con mil 560 plazas sin cubrir, est\u00e1n vac\u00edas, muchas de ellas son para ingenieros en seguridad, en mantenimiento y de operaci\u00f3n\u201d.<\/p>\n<p>Ramos Luna se\u00f1al\u00f3 que la falta de cobertura, en cuanto a t\u00e9cnicos especialistas, provoca cansancio, \u201cnosotros tenemos ingenieros que ya llevan a\u00f1os, desde el 2019, trabajando 12 horas diarias, y otros hasta de 24 por 24; entonces, es muy complicado que un ingeniero pueda estar las 24 horas completamente alerta y nosotros hemos insistido en la cobertura de plazas\u201d.<\/p>\n<p><a href=\"https:\/\/www.poresto.net\/campeche\/2023\/3\/2\/sobrecarga-labora-causa-de-accidentes-en-instalaciones-petroleras-en-campeche-373636.html\" rel=\"noopener\" target=\"_blank\">https:\/\/www.poresto.net\/campeche\/2023\/3\/2\/sobrecarga-labora-causa-de-accidentes-en-instalaciones-petroleras-en-campeche-373636.html<\/a><\/p>\n","protected":false},"excerpt":{"rendered":"<p>Por Esto! Una de las principales causas de los accidentes que se han registrado en las instalaciones de Petr\u00f3leos Mexicanos (Pemex), tanto en la zona terrestre como marina, son las &hellip; <a href=\"http:\/\/www.grieta.org.mx\/index.php\/2023\/03\/02\/sobrecarga-labora-causa-de-accidentes-en-instalaciones-petroleras-en-campeche\/\" class=\"more-link\">Leer m\u00e1s<\/a><\/p>\n","protected":false},"author":2,"featured_media":66632,"comment_status":"closed","ping_status":"closed","sticky":false,"template":"","format":"standard","meta":{"ngg_post_thumbnail":0,"_jetpack_newsletter_access":"","_jetpack_dont_email_post_to_subs":false,"_jetpack_newsletter_tier_id":0,"_jetpack_memberships_contains_paywalled_content":false,"_jetpack_memberships_contains_paid_content":false,"footnotes":""},"categories":[11,80,910,2,3212,83],"tags":[634,1291,2841,125],"class_list":["post-66631","post","type-post","status-publish","format-standard","has-post-thumbnail","hentry","category-campeche","category-cintillo","category-explotacion-y-precariedad-laboral","category-noticias-nacionales","category-precariedad-laboral-en-campeche","category-temas-nacionales","tag-condiciones-laborales","tag-explotacion-laboral","tag-explotacion-y-precariedad-laboral","tag-pemex","entry"],"jetpack_featured_media_url":"http:\/\/www.grieta.org.mx\/wp-content\/uploads\/2023\/03\/SobrecargaLaboral-e1679833697657.jpg","jetpack_sharing_enabled":true,"jetpack_shortlink":"https:\/\/wp.me\/p7ZJR4-hkH","jetpack_likes_enabled":false,"jetpack-related-posts":[{"id":66421,"url":"http:\/\/www.grieta.org.mx\/index.php\/2023\/03\/03\/petroleros-de-campeche-son-explotados-por-falta-de-personal-en-pemex\/","url_meta":{"origin":66631,"position":0},"title":"Petroleros de Campeche son explotados por falta de personal en Pemex","author":"grieta","date":"3 marzo, 2023","format":false,"excerpt":"Gerardo Can \/ Por Esto! Una de las principales causas de los accidentes que se han registrado en las instalaciones de Petr\u00f3leos Mexicanos (PEMEX) en tierra y mar son las jornadas laborales de 12, 16 y hasta 24 horas que le cargan a los especialistas por el \u201ccongelamiento\u201d de plazas.\u2026","rel":"","context":"En &quot;Campeche&quot;","block_context":{"text":"Campeche","link":"http:\/\/www.grieta.org.mx\/index.php\/category\/noticias-nacionales\/campeche\/"},"img":{"alt_text":"","src":"https:\/\/i0.wp.com\/www.grieta.org.mx\/wp-content\/uploads\/2023\/03\/Pemex-e1678064156252.jpg?resize=350%2C200","width":350,"height":200,"srcset":"https:\/\/i0.wp.com\/www.grieta.org.mx\/wp-content\/uploads\/2023\/03\/Pemex-e1678064156252.jpg?resize=350%2C200 1x, https:\/\/i0.wp.com\/www.grieta.org.mx\/wp-content\/uploads\/2023\/03\/Pemex-e1678064156252.jpg?resize=525%2C300 1.5x, https:\/\/i0.wp.com\/www.grieta.org.mx\/wp-content\/uploads\/2023\/03\/Pemex-e1678064156252.jpg?resize=700%2C400 2x"},"classes":[]},{"id":68798,"url":"http:\/\/www.grieta.org.mx\/index.php\/2024\/04\/07\/un-trabajador-muerto-y-13-heridos-en-un-incendio-en-una-plataforma-de-pemex-campeche\/","url_meta":{"origin":66631,"position":1},"title":"Un trabajador muerto y 13 heridos en un incendio en una plataforma de Pemex (Campeche)","author":"grieta","date":"7 abril, 2024","format":false,"excerpt":"Pablo Ferri \/ El Pa\u00eds Un incendio en una plataforma de Pemex en Campeche, en el sur de M\u00e9xico, ha dejado un muerto y 13 heridos, seg\u00fan ha confirmado la empresa paraestatal, en un comunicado divulgado este domingo. Pemex no ha dado detalles del origen y los motivos del siniestro.\u2026","rel":"","context":"En &quot;Campeche&quot;","block_context":{"text":"Campeche","link":"http:\/\/www.grieta.org.mx\/index.php\/category\/noticias-nacionales\/campeche\/"},"img":{"alt_text":"","src":"https:\/\/i0.wp.com\/www.grieta.org.mx\/wp-content\/uploads\/2024\/04\/Incendio-e1712951433295.jpg?resize=350%2C200","width":350,"height":200,"srcset":"https:\/\/i0.wp.com\/www.grieta.org.mx\/wp-content\/uploads\/2024\/04\/Incendio-e1712951433295.jpg?resize=350%2C200 1x, https:\/\/i0.wp.com\/www.grieta.org.mx\/wp-content\/uploads\/2024\/04\/Incendio-e1712951433295.jpg?resize=525%2C300 1.5x, https:\/\/i0.wp.com\/www.grieta.org.mx\/wp-content\/uploads\/2024\/04\/Incendio-e1712951433295.jpg?resize=700%2C400 2x"},"classes":[]},{"id":68637,"url":"http:\/\/www.grieta.org.mx\/index.php\/2024\/03\/15\/obreros-toman-la-embarcacion-la-bamba-exigen-pago-de-salarios-campeche\/","url_meta":{"origin":66631,"position":2},"title":"Obreros toman la embarcaci\u00f3n La Bamba; exigen pago de salarios (Campeche)","author":"grieta","date":"15 marzo, 2024","format":false,"excerpt":"JOS\u00c9 HERRERA \/ GRUPO CANT\u00d3N \/ Campeche Hoy CIUDAD DEL CARNEN, CAMP.- Obreros de la empresa Demar y tripulaci\u00f3n de la embarcaci\u00f3n La Bamba, tomaron en protesta este buque, exigiendo el pago de sus salarios vencidos. Lo anterior fue dado a conocer a los medios de comunicaci\u00f3n los familiares de\u2026","rel":"","context":"En &quot;Campeche&quot;","block_context":{"text":"Campeche","link":"http:\/\/www.grieta.org.mx\/index.php\/category\/noticias-nacionales\/campeche\/"},"img":{"alt_text":"","src":"https:\/\/i0.wp.com\/www.grieta.org.mx\/wp-content\/uploads\/2024\/03\/Campeche-e1710780123560.jpg?resize=350%2C200","width":350,"height":200,"srcset":"https:\/\/i0.wp.com\/www.grieta.org.mx\/wp-content\/uploads\/2024\/03\/Campeche-e1710780123560.jpg?resize=350%2C200 1x, https:\/\/i0.wp.com\/www.grieta.org.mx\/wp-content\/uploads\/2024\/03\/Campeche-e1710780123560.jpg?resize=525%2C300 1.5x, https:\/\/i0.wp.com\/www.grieta.org.mx\/wp-content\/uploads\/2024\/03\/Campeche-e1710780123560.jpg?resize=700%2C400 2x"},"classes":[]},{"id":69346,"url":"http:\/\/www.grieta.org.mx\/index.php\/2024\/07\/26\/amagan-con-cerrar-puente-llevan-seis-meses-sin-cobrar-campeche\/","url_meta":{"origin":66631,"position":3},"title":"Amagan con cerrar puente; llevan seis meses sin cobrar (Campeche)","author":"grieta","date":"26 julio, 2024","format":false,"excerpt":"Campeche Hoy CARMEN, CAMP.- Angustiados por hasta seis meses sin cobrar sus remuneraciones, trabajadores de empresas proveedoras de Petr\u00f3leos Mexicanos (Pemex), bajo el argumento del impago de la petrolera nacional, amenazan con bloquear el Puente Zacatal. Los obreros, quienes pidieron el anonimato por temor a la represalias, expusieron que en\u2026","rel":"","context":"En &quot;Campeche&quot;","block_context":{"text":"Campeche","link":"http:\/\/www.grieta.org.mx\/index.php\/category\/noticias-nacionales\/campeche\/"},"img":{"alt_text":"","src":"https:\/\/i0.wp.com\/www.grieta.org.mx\/wp-content\/uploads\/2024\/07\/Puente-e1722100074644.jpg?resize=350%2C200","width":350,"height":200,"srcset":"https:\/\/i0.wp.com\/www.grieta.org.mx\/wp-content\/uploads\/2024\/07\/Puente-e1722100074644.jpg?resize=350%2C200 1x, https:\/\/i0.wp.com\/www.grieta.org.mx\/wp-content\/uploads\/2024\/07\/Puente-e1722100074644.jpg?resize=525%2C300 1.5x, https:\/\/i0.wp.com\/www.grieta.org.mx\/wp-content\/uploads\/2024\/07\/Puente-e1722100074644.jpg?resize=700%2C400 2x"},"classes":[]},{"id":60705,"url":"http:\/\/www.grieta.org.mx\/index.php\/2021\/07\/18\/alimentos-perecederos-infecta-a-130-trabajadores-de-pemex-en-ciudad-del-carmen-campeche\/","url_meta":{"origin":66631,"position":4},"title":"Alimentos perecederos infecta a 130 trabajadores de Pemex en Ciudad del Carmen (Campeche)","author":"grieta","date":"18 julio, 2021","format":false,"excerpt":"Fernando Kant\u00fan \/ PorEsto! Aproximadamente 130 trabajadores de las plataformas Abkat\u00fan N1 y Abkat\u00fan Alfa se encuentran infectados presuntamente de tifoidea por consumo de alimentos perecederos y agua indebidamente tratada, el contagio inici\u00f3 en la guardia anterior de 40 trabajadores (hace un mes) en la plataforma Abkat\u00fan N1 de inyecci\u00f3n\u2026","rel":"","context":"En &quot;Campeche&quot;","block_context":{"text":"Campeche","link":"http:\/\/www.grieta.org.mx\/index.php\/category\/noticias-nacionales\/campeche\/"},"img":{"alt_text":"","src":"https:\/\/i0.wp.com\/www.grieta.org.mx\/wp-content\/uploads\/2021\/07\/CdCarmenAlimentos2.jpg?resize=350%2C200","width":350,"height":200},"classes":[]},{"id":70066,"url":"http:\/\/www.grieta.org.mx\/index.php\/2024\/10\/06\/acusan-despidos-masivos-en-empresas-que-trabajan-para-pemex-en-ciudad-del-carmen-campeche\/","url_meta":{"origin":66631,"position":5},"title":"Acusan despidos masivos en empresas que trabajan para PEMEX en Ciudad del Carmen (Campeche)","author":"grieta","date":"6 octubre, 2024","format":false,"excerpt":"Perla Prado \/ Por Esto! Si en a\u00f1os anteriores cuando Petr\u00f3leos Mexicanos (PEMEX) le pagaba a sus proveedores los trabajadores sufr\u00edan por no recibir su aguinaldo, este 2024 el panorama se vislumbra peor debido a que ya empezaron los despidos masivos para no cumplir con esa prestaci\u00f3n anual, manifestaron algunos\u2026","rel":"","context":"En &quot;Campeche&quot;","block_context":{"text":"Campeche","link":"http:\/\/www.grieta.org.mx\/index.php\/category\/noticias-nacionales\/campeche\/"},"img":{"alt_text":"","src":"https:\/\/i0.wp.com\/www.grieta.org.mx\/wp-content\/uploads\/2024\/10\/Petroleros-e1728417423180.jpg?resize=350%2C200","width":350,"height":200,"srcset":"https:\/\/i0.wp.com\/www.grieta.org.mx\/wp-content\/uploads\/2024\/10\/Petroleros-e1728417423180.jpg?resize=350%2C200 1x, https:\/\/i0.wp.com\/www.grieta.org.mx\/wp-content\/uploads\/2024\/10\/Petroleros-e1728417423180.jpg?resize=525%2C300 1.5x, https:\/\/i0.wp.com\/www.grieta.org.mx\/wp-content\/uploads\/2024\/10\/Petroleros-e1728417423180.jpg?resize=700%2C400 2x"},"classes":[]}],"_links":{"self":[{"href":"http:\/\/www.grieta.org.mx\/index.php\/wp-json\/wp\/v2\/posts\/66631","targetHints":{"allow":["GET"]}}],"collection":[{"href":"http:\/\/www.grieta.org.mx\/index.php\/wp-json\/wp\/v2\/posts"}],"about":[{"href":"http:\/\/www.grieta.org.mx\/index.php\/wp-json\/wp\/v2\/types\/post"}],"author":[{"embeddable":true,"href":"http:\/\/www.grieta.org.mx\/index.php\/wp-json\/wp\/v2\/users\/2"}],"replies":[{"embeddable":true,"href":"http:\/\/www.grieta.org.mx\/index.php\/wp-json\/wp\/v2\/comments?post=66631"}],"version-history":[{"count":1,"href":"http:\/\/www.grieta.org.mx\/index.php\/wp-json\/wp\/v2\/posts\/66631\/revisions"}],"predecessor-version":[{"id":66633,"href":"http:\/\/www.grieta.org.mx\/index.php\/wp-json\/wp\/v2\/posts\/66631\/revisions\/66633"}],"wp:featuredmedia":[{"embeddable":true,"href":"http:\/\/www.grieta.org.mx\/index.php\/wp-json\/wp\/v2\/media\/66632"}],"wp:attachment":[{"href":"http:\/\/www.grieta.org.mx\/index.php\/wp-json\/wp\/v2\/media?parent=66631"}],"wp:term":[{"taxonomy":"category","embeddable":true,"href":"http:\/\/www.grieta.org.mx\/index.php\/wp-json\/wp\/v2\/categories?post=66631"},{"taxonomy":"post_tag","embeddable":true,"href":"http:\/\/www.grieta.org.mx\/index.php\/wp-json\/wp\/v2\/tags?post=66631"}],"curies":[{"name":"wp","href":"https:\/\/api.w.org\/{rel}","templated":true}]}}