{"id":6663,"date":"2015-07-13T01:29:51","date_gmt":"2015-07-13T01:29:51","guid":{"rendered":"http:\/\/50.22.11.12\/~grietaor\/?p=6663"},"modified":"2016-04-03T14:35:39","modified_gmt":"2016-04-03T14:35:39","slug":"entrada-de-acero-chino-provoca-despidos-masivos-en-sector-siderurgico-de-coahuila","status":"publish","type":"post","link":"http:\/\/www.grieta.org.mx\/index.php\/2015\/07\/13\/entrada-de-acero-chino-provoca-despidos-masivos-en-sector-siderurgico-de-coahuila\/","title":{"rendered":"Entrada de acero chino provoca despidos masivos en sector sider\u00fargico de Coahuila"},"content":{"rendered":"<p><strong>13\/07\/15. <\/strong><a href=\"http:\/\/www.grieta.org.mx\/index.php\/2015\/07\/13\/mexico-monclova-la-ciudad-en-jaque-por-el-acero-chino\">M\u00e9xico: Monclova, la ciudad en jaque por el acero chino<\/a><br \/>\n<em>BBC<\/em><\/p>\n<p><strong>08\/07\/15. <\/strong><a href=\"http:\/\/www.grieta.org.mx\/index.php\/2015\/07\/08\/obreros-siderurgicos-se-preparan-para-tomar-carreteras-y-oficinas-de-gobierno\">Obreros sider\u00fargicos se preparan para tomar carreteras y oficinas de gobierno<\/a><br \/>\n<em>La Jornada<\/em><\/p>\n<p><strong>07\/07\/15. <\/strong><a href=\"http:\/\/www.grieta.org.mx\/index.php\/2015\/07\/07\/entrada-ilegal-de-acero-chino-abona-a-despertar-al-mexico-bronco-del-sindicalismo-ctm\">Entrada ilegal de acero chino abona a despertar al \u201cM\u00e9xico bronco del sindicalismo\u201d: CTM<\/a><br \/>\n<em>Proceso<\/em><\/p>\n<p><strong>01\/07\/15. <\/strong><a href=\"http:\/\/www.grieta.org.mx\/index.php\/2015\/07\/01\/exigen-en-coahuila-cerrar-fronteras-al-acero-chino\">Exigen en Coahuila cerrar fronteras al acero chino<\/a><br \/>\n<em>El Economista<\/em><\/p>\n<p><strong>30\/06\/15. <\/strong><a href=\"http:\/\/www.grieta.org.mx\/index.php\/2015\/06\/30\/despiden-a-8-mil-trabajadores-siderurgicos-en-coahuila\">Despiden a 8 mil trabajadores sider\u00fargicos en Coahuila<\/a><br \/>\n<em>El Financiero<\/em><\/p>\n","protected":false},"excerpt":{"rendered":"<p>13\/07\/15. M\u00e9xico: Monclova, la ciudad en jaque por el acero chino BBC 08\/07\/15. Obreros sider\u00fargicos se preparan para tomar carreteras y oficinas de gobierno La Jornada 07\/07\/15. Entrada ilegal de &hellip; <a href=\"http:\/\/www.grieta.org.mx\/index.php\/2015\/07\/13\/entrada-de-acero-chino-provoca-despidos-masivos-en-sector-siderurgico-de-coahuila\/\" class=\"more-link\">Leer m\u00e1s<\/a><\/p>\n","protected":false},"author":2,"featured_media":21928,"comment_status":"closed","ping_status":"open","sticky":false,"template":"","format":"standard","meta":{"ngg_post_thumbnail":0,"_jetpack_newsletter_access":"","_jetpack_dont_email_post_to_subs":false,"_jetpack_newsletter_tier_id":0,"_jetpack_memberships_contains_paywalled_content":false,"_jetpack_memberships_contains_paid_content":false,"footnotes":""},"categories":[419,2],"tags":[],"class_list":["post-6663","post","type-post","status-publish","format-standard","has-post-thumbnail","hentry","category-coahuila","category-noticias-nacionales","entry"],"jetpack_featured_media_url":"http:\/\/www.grieta.org.mx\/wp-content\/uploads\/2018\/03\/14524434_1106112876131411_958039263622046936_o.jpg","jetpack_sharing_enabled":true,"jetpack_shortlink":"https:\/\/wp.me\/p7ZJR4-1Jt","jetpack_likes_enabled":false,"jetpack-related-posts":[{"id":2486,"url":"http:\/\/www.grieta.org.mx\/index.php\/2015\/07\/13\/mexico-monclova-la-ciudad-en-jaque-por-el-acero-chino\/","url_meta":{"origin":6663,"position":0},"title":"M\u00e9xico: Monclova, la ciudad en jaque por el acero chino","author":"grieta","date":"13 julio, 2015","format":false,"excerpt":"Alberto N\u00e1jar BBC Mundo, Ciudad de M\u00e9xico Fue una marcha in\u00e9dita. En Monclova, Coahuila, en el noreste de M\u00e9xico, miles de personas salieron a las calles para exigir que se controle la importaci\u00f3n de acero proveniente de China. Es la primera vez que se realiza una movilizaci\u00f3n de esta naturaleza\u2026","rel":"","context":"En &quot;CINTILLO&quot;","block_context":{"text":"CINTILLO","link":"http:\/\/www.grieta.org.mx\/index.php\/category\/cintillo\/"},"img":{"alt_text":"","src":"https:\/\/i0.wp.com\/www.grieta.org.mx\/wp-content\/uploads\/2018\/03\/14524434_1106112876131411_958039263622046936_o.jpg?resize=350%2C200","width":350,"height":200,"srcset":"https:\/\/i0.wp.com\/www.grieta.org.mx\/wp-content\/uploads\/2018\/03\/14524434_1106112876131411_958039263622046936_o.jpg?resize=350%2C200 1x, https:\/\/i0.wp.com\/www.grieta.org.mx\/wp-content\/uploads\/2018\/03\/14524434_1106112876131411_958039263622046936_o.jpg?resize=525%2C300 1.5x, https:\/\/i0.wp.com\/www.grieta.org.mx\/wp-content\/uploads\/2018\/03\/14524434_1106112876131411_958039263622046936_o.jpg?resize=700%2C400 2x"},"classes":[]},{"id":2494,"url":"http:\/\/www.grieta.org.mx\/index.php\/2015\/07\/01\/exigen-en-coahuila-cerrar-fronteras-al-acero-chino\/","url_meta":{"origin":6663,"position":1},"title":"Exigen en Coahuila cerrar fronteras al acero chino","author":"grieta","date":"1 julio, 2015","format":false,"excerpt":"Monterrey, N.L.- Se estima que m\u00e1s de 20,000 personas marcharon el d\u00eda de ayer por el centro de Monclova, Coahuila, para demandar al gobierno federal medidas de protecci\u00f3n para la industria sider\u00fargica mexicana, ante el embate de las importaciones desleales de acero de China y de no encontrar respuesta, dirigentes\u2026","rel":"","context":"En &quot;CINTILLO&quot;","block_context":{"text":"CINTILLO","link":"http:\/\/www.grieta.org.mx\/index.php\/category\/cintillo\/"},"img":{"alt_text":"","src":"https:\/\/i0.wp.com\/www.grieta.org.mx\/wp-content\/uploads\/2018\/03\/14524434_1106112876131411_958039263622046936_o.jpg?resize=350%2C200","width":350,"height":200,"srcset":"https:\/\/i0.wp.com\/www.grieta.org.mx\/wp-content\/uploads\/2018\/03\/14524434_1106112876131411_958039263622046936_o.jpg?resize=350%2C200 1x, https:\/\/i0.wp.com\/www.grieta.org.mx\/wp-content\/uploads\/2018\/03\/14524434_1106112876131411_958039263622046936_o.jpg?resize=525%2C300 1.5x, https:\/\/i0.wp.com\/www.grieta.org.mx\/wp-content\/uploads\/2018\/03\/14524434_1106112876131411_958039263622046936_o.jpg?resize=700%2C400 2x"},"classes":[]},{"id":2492,"url":"http:\/\/www.grieta.org.mx\/index.php\/2015\/07\/07\/entrada-ilegal-de-acero-chino-abona-a-despertar-al-mexico-bronco-del-sindicalismo-ctm\/","url_meta":{"origin":6663,"position":2},"title":"Entrada ilegal de acero chino abona a despertar al \u201cM\u00e9xico bronco del sindicalismo\u201d: CTM","author":"grieta","date":"7 julio, 2015","format":false,"excerpt":"Saltillo, Coah., (apro).- Si las autoridades de la Secretar\u00eda de Econom\u00eda no ofrecen una soluci\u00f3n al problema del acero importado de China, estar\u00e1n contribuyendo a despertar al \u201cM\u00e9xico bronco del sindicalismo\u201d, advirti\u00f3 el l\u00edder sindical Tereso Medina. Elsecretario general del Sindicato Nacional de Trabajadores de la Industria Metalmec\u00e1nica y Sider\u00fargica\u2026","rel":"","context":"En &quot;CINTILLO&quot;","block_context":{"text":"CINTILLO","link":"http:\/\/www.grieta.org.mx\/index.php\/category\/cintillo\/"},"img":{"alt_text":"","src":"https:\/\/i0.wp.com\/www.grieta.org.mx\/wp-content\/uploads\/2018\/03\/14524434_1106112876131411_958039263622046936_o.jpg?resize=350%2C200","width":350,"height":200,"srcset":"https:\/\/i0.wp.com\/www.grieta.org.mx\/wp-content\/uploads\/2018\/03\/14524434_1106112876131411_958039263622046936_o.jpg?resize=350%2C200 1x, https:\/\/i0.wp.com\/www.grieta.org.mx\/wp-content\/uploads\/2018\/03\/14524434_1106112876131411_958039263622046936_o.jpg?resize=525%2C300 1.5x, https:\/\/i0.wp.com\/www.grieta.org.mx\/wp-content\/uploads\/2018\/03\/14524434_1106112876131411_958039263622046936_o.jpg?resize=700%2C400 2x"},"classes":[]},{"id":2496,"url":"http:\/\/www.grieta.org.mx\/index.php\/2015\/06\/30\/despiden-a-8-mil-trabajadores-siderurgicos-en-coahuila\/","url_meta":{"origin":6663,"position":3},"title":"Despiden a 8 mil trabajadores sider\u00fargicos en Coahuila","author":"grieta","date":"30 junio, 2015","format":false,"excerpt":"Redacci\u00f3n 30\/06\/15 La entrada al pa\u00eds de acero chino a precios subvaluados ya gener\u00f3 el primer despido de 8 mil personas que trabajaban para Altos Hornos de M\u00e9xico (AHMSA) y otras firmas sider\u00fargicas de Coahuila, lo que provoc\u00f3 movilizaciones en la entidad. En un comunicado, la firma acerera encabezada por\u2026","rel":"","context":"En &quot;CINTILLO&quot;","block_context":{"text":"CINTILLO","link":"http:\/\/www.grieta.org.mx\/index.php\/category\/cintillo\/"},"img":{"alt_text":"","src":"https:\/\/i0.wp.com\/www.grieta.org.mx\/wp-content\/uploads\/2018\/03\/14524434_1106112876131411_958039263622046936_o.jpg?resize=350%2C200","width":350,"height":200,"srcset":"https:\/\/i0.wp.com\/www.grieta.org.mx\/wp-content\/uploads\/2018\/03\/14524434_1106112876131411_958039263622046936_o.jpg?resize=350%2C200 1x, https:\/\/i0.wp.com\/www.grieta.org.mx\/wp-content\/uploads\/2018\/03\/14524434_1106112876131411_958039263622046936_o.jpg?resize=525%2C300 1.5x, https:\/\/i0.wp.com\/www.grieta.org.mx\/wp-content\/uploads\/2018\/03\/14524434_1106112876131411_958039263622046936_o.jpg?resize=700%2C400 2x"},"classes":[]},{"id":2490,"url":"http:\/\/www.grieta.org.mx\/index.php\/2015\/07\/08\/obreros-siderurgicos-se-preparan-para-tomar-carreteras-y-oficinas-de-gobierno\/","url_meta":{"origin":6663,"position":4},"title":"Obreros sider\u00fargicos se preparan para tomar carreteras y oficinas de gobierno","author":"grieta","date":"8 julio, 2015","format":false,"excerpt":"Mi\u00e9rcoles 8 de julio de 2015, p. 27 Monclova, Coah. Obreros sindicalizados de la industria sider\u00fargica se prepara para \u201ctomar carreteras y oficinas de gobierno\u201d si persiste la negativa del gobierno federal de detener la importaci\u00f3n de acero barato de China, Rusia y otros pa\u00edses. Si el gobierno federal no\u2026","rel":"","context":"En &quot;CINTILLO&quot;","block_context":{"text":"CINTILLO","link":"http:\/\/www.grieta.org.mx\/index.php\/category\/cintillo\/"},"img":{"alt_text":"","src":"https:\/\/i0.wp.com\/www.grieta.org.mx\/wp-content\/uploads\/2018\/03\/14524434_1106112876131411_958039263622046936_o.jpg?resize=350%2C200","width":350,"height":200,"srcset":"https:\/\/i0.wp.com\/www.grieta.org.mx\/wp-content\/uploads\/2018\/03\/14524434_1106112876131411_958039263622046936_o.jpg?resize=350%2C200 1x, https:\/\/i0.wp.com\/www.grieta.org.mx\/wp-content\/uploads\/2018\/03\/14524434_1106112876131411_958039263622046936_o.jpg?resize=525%2C300 1.5x, https:\/\/i0.wp.com\/www.grieta.org.mx\/wp-content\/uploads\/2018\/03\/14524434_1106112876131411_958039263622046936_o.jpg?resize=700%2C400 2x"},"classes":[]},{"id":3035,"url":"http:\/\/www.grieta.org.mx\/index.php\/2016\/01\/16\/altos-hornos-despedira-a-600-trabajadoras-en-coahuila\/","url_meta":{"origin":6663,"position":5},"title":"Altos Hornos despedir\u00e1 a 600 trabajadoras en Coahuila","author":"grieta","date":"16 enero, 2016","format":false,"excerpt":"La empresa Altos Hornos de M\u00e9xico (AHMSA) en un comunicado se\u00f1al\u00f3 que ser\u00e1n 600 los trabajadores despedidos en su planta en Monclova, Coahuila. Para AHMSA el personal de \u201cconfianza\u201d, es decir el que no est\u00e1 sindicalizado, sobra para las partidas anuales de la empresa. Sostienen que la situaci\u00f3n financiera de\u2026","rel":"","context":"En &quot;CINTILLO&quot;","block_context":{"text":"CINTILLO","link":"http:\/\/www.grieta.org.mx\/index.php\/category\/cintillo\/"},"img":{"alt_text":"","src":"https:\/\/i0.wp.com\/www.grieta.org.mx\/wp-content\/uploads\/2018\/03\/14524434_1106112876131411_958039263622046936_o.jpg?resize=350%2C200","width":350,"height":200,"srcset":"https:\/\/i0.wp.com\/www.grieta.org.mx\/wp-content\/uploads\/2018\/03\/14524434_1106112876131411_958039263622046936_o.jpg?resize=350%2C200 1x, https:\/\/i0.wp.com\/www.grieta.org.mx\/wp-content\/uploads\/2018\/03\/14524434_1106112876131411_958039263622046936_o.jpg?resize=525%2C300 1.5x, https:\/\/i0.wp.com\/www.grieta.org.mx\/wp-content\/uploads\/2018\/03\/14524434_1106112876131411_958039263622046936_o.jpg?resize=700%2C400 2x"},"classes":[]}],"_links":{"self":[{"href":"http:\/\/www.grieta.org.mx\/index.php\/wp-json\/wp\/v2\/posts\/6663","targetHints":{"allow":["GET"]}}],"collection":[{"href":"http:\/\/www.grieta.org.mx\/index.php\/wp-json\/wp\/v2\/posts"}],"about":[{"href":"http:\/\/www.grieta.org.mx\/index.php\/wp-json\/wp\/v2\/types\/post"}],"author":[{"embeddable":true,"href":"http:\/\/www.grieta.org.mx\/index.php\/wp-json\/wp\/v2\/users\/2"}],"replies":[{"embeddable":true,"href":"http:\/\/www.grieta.org.mx\/index.php\/wp-json\/wp\/v2\/comments?post=6663"}],"version-history":[{"count":1,"href":"http:\/\/www.grieta.org.mx\/index.php\/wp-json\/wp\/v2\/posts\/6663\/revisions"}],"predecessor-version":[{"id":9672,"href":"http:\/\/www.grieta.org.mx\/index.php\/wp-json\/wp\/v2\/posts\/6663\/revisions\/9672"}],"wp:featuredmedia":[{"embeddable":true,"href":"http:\/\/www.grieta.org.mx\/index.php\/wp-json\/wp\/v2\/media\/21928"}],"wp:attachment":[{"href":"http:\/\/www.grieta.org.mx\/index.php\/wp-json\/wp\/v2\/media?parent=6663"}],"wp:term":[{"taxonomy":"category","embeddable":true,"href":"http:\/\/www.grieta.org.mx\/index.php\/wp-json\/wp\/v2\/categories?post=6663"},{"taxonomy":"post_tag","embeddable":true,"href":"http:\/\/www.grieta.org.mx\/index.php\/wp-json\/wp\/v2\/tags?post=6663"}],"curies":[{"name":"wp","href":"https:\/\/api.w.org\/{rel}","templated":true}]}}