{"id":66568,"date":"2023-03-14T12:22:42","date_gmt":"2023-03-14T18:22:42","guid":{"rendered":"https:\/\/www.grieta.org.mx\/?p=66568"},"modified":"2023-03-19T12:29:44","modified_gmt":"2023-03-19T18:29:44","slug":"jalisco-tercer-estado-en-el-que-matan-mas-ninas","status":"publish","type":"post","link":"http:\/\/www.grieta.org.mx\/index.php\/2023\/03\/14\/jalisco-tercer-estado-en-el-que-matan-mas-ninas\/","title":{"rendered":"Jalisco, tercer estado en el que matan m\u00e1s ni\u00f1as"},"content":{"rendered":"<p>Imagen: Archivo NTR \/\u00a0 GP<\/p>\n<p>Sonia Serrano I\u00f1iguez \/ El Diario NTR<\/p>\n<p>De 2015 a 2022 fueron asesinadas 2 mil 166 ni\u00f1as y adolescentes en el pa\u00eds, delito en el que Jalisco ocupa el tercer lugar nacional con 140 v\u00edctimas, apenas por debajo del Estado de M\u00e9xico y Guanajuato.<\/p>\n<p>El dato se desprende de un estudio del Instituto Belisario Dom\u00ednguez del Senado de la Rep\u00fablica que precisa que del total de homicidios, s\u00f3lo 670 se tipificaron como feminicidio. De \u00e9stos, 49 se cometieron en Jalisco, lo que ubica al estado en el tercer sitio nacional.<\/p>\n<p>El documento, titulado\u00a0<i>Feminicidios y homicidios intencionales de ni\u00f1as y adolescentes en M\u00e9xico<\/i>, forma parte del trabajo acad\u00e9mico para apoyar la labor parlamentaria Mirada Legislativa y fue elaborado por la investigadora Irma K\u00e1nter Coronel.<\/p>\n<p>Los datos en los que se basa el an\u00e1lisis corresponden a las carpetas de investigaci\u00f3n reportadas por el Secretariado Ejecutivo del Sistema Nacional de Seguridad (SESNSP) de 2015 a 2022.<\/p>\n<p>En ese periodo fueron asesinadas 27 mil 133 mujeres, ni\u00f1as y adolescentes en el pa\u00eds, pero s\u00f3lo 6 mil 689 cr\u00edmenes fueron clasificados como feminicidio. Ante esos datos, el estudio concluye que \u201cs\u00f3lo uno de cada cinco cr\u00edmenes cometidos contra ni\u00f1as, adolescentes y mujeres se clasificaron e investigaron como feminicidios\u201d.<\/p>\n<p>Del total de los homicidios, 78 por ciento se cometi\u00f3 contra mujeres mayores de edad (21 mil 229) y 8 por ciento contra ni\u00f1as y adolescentes de 0 a 17 a\u00f1os de edad (2 mil 166).<\/p>\n<p>En la investigaci\u00f3n se destaca adem\u00e1s que hay un alto n\u00famero de mujeres asesinadas, casi 14 por ciento (3 mil 738), de las que no hay informaci\u00f3n de la edad que ten\u00edan al momento del crimen. En esos casos, aunque no existe certeza de las razones de la omisi\u00f3n del dato, se se\u00f1ala que pudiera tratarse de \u201cni\u00f1as, adolescentes y mujeres desaparecidas y\/o v\u00edctima de otros delitos como la trata de personas que fueron asesinadas y sus cuerpos dejados en fosas clandestinas o desechadas y\/o abandonadas en bald\u00edos u otros espacios p\u00fablicos\u201d; sin embargo, no se descarta que tambi\u00e9n pueda tratarse de alg\u00fan error o descuido en la integraci\u00f3n de la base de datos.<\/p>\n<p>De los homicidios de ni\u00f1as y adolescentes que s\u00ed se clasificaron como feminicidio, cerca de la mitad ocurri\u00f3 en seis entidades federativas entre las que est\u00e1 Jalisco. Aparecen adem\u00e1s el Estado de M\u00e9xico, Veracruz, Chiapas, Nuevo Le\u00f3n y Puebla.<\/p>\n<p>Jalisco tambi\u00e9n se ubica en el grupo de estados que m\u00e1s homicidios intencionales registra. Ocupa el quinto lugar con 91 v\u00edctimas y s\u00f3lo es superado por el Estado de M\u00e9xico, Guanajuato, Michoac\u00e1n y Chihuahua.<\/p>\n<p>Si se suman homicidios y feminicidios, Jalisco est\u00e1 en el tercer lugar y s\u00f3lo es superado por el Estado de M\u00e9xico y Guanajuato.<\/p>\n<p><a href=\"https:\/\/www.ntrguadalajara.com\/post.php?id_nota=195291\">https:\/\/www.ntrguadalajara.com\/post.php?id_nota=195291<\/a><\/p>\n","protected":false},"excerpt":{"rendered":"<p>Imagen: Archivo NTR \/\u00a0 GP Sonia Serrano I\u00f1iguez \/ El Diario NTR De 2015 a 2022 fueron asesinadas 2 mil 166 ni\u00f1as y adolescentes en el pa\u00eds, delito en el &hellip; <a href=\"http:\/\/www.grieta.org.mx\/index.php\/2023\/03\/14\/jalisco-tercer-estado-en-el-que-matan-mas-ninas\/\" class=\"more-link\">Leer m\u00e1s<\/a><\/p>\n","protected":false},"author":2,"featured_media":66569,"comment_status":"closed","ping_status":"closed","sticky":false,"template":"","format":"standard","meta":{"ngg_post_thumbnail":0,"_jetpack_newsletter_access":"","_jetpack_dont_email_post_to_subs":false,"_jetpack_newsletter_tier_id":0,"_jetpack_memberships_contains_paywalled_content":false,"_jetpack_memberships_contains_paid_content":false,"footnotes":""},"categories":[80,84,2107,20,1827,2303,2,83],"tags":[2518,2999,81,2227,3476,3776,2193],"class_list":["post-66568","post","type-post","status-publish","format-standard","has-post-thumbnail","hentry","category-cintillo","category-feminicidios","category-feminicidios-en-jalisco","category-jalisco","category-la-ninez-en-la-tormenta-capitalista","category-la-ninez-en-la-tormenta-en-jalisco","category-noticias-nacionales","category-temas-nacionales","tag-asesinato-de-ninos","tag-feminicidio-violencia-contra-las-mujeres","tag-feminicidios","tag-feminicidios-infantiles","tag-jovenes-en-la-tormenta-capitalista","tag-la-ninez-en-la-tormenta-capitalista","tag-ninas-asesinadas","entry"],"jetpack_featured_media_url":"http:\/\/www.grieta.org.mx\/wp-content\/uploads\/2023\/03\/2023-03-14_12-03-49___6344.jpg","jetpack_sharing_enabled":true,"jetpack_shortlink":"https:\/\/wp.me\/p7ZJR4-hjG","jetpack_likes_enabled":false,"jetpack-related-posts":[{"id":64651,"url":"http:\/\/www.grieta.org.mx\/index.php\/2022\/07\/30\/suman-27-feminicidios-de-ninas-un-total-de-529-adolescentes-asesinados-este-sexenio-en-jalisco\/","url_meta":{"origin":66568,"position":0},"title":"Suman 27 feminicidios de ni\u00f1as, un total de 529 adolescentes asesinados este sexenio en Jalisco","author":"grieta","date":"30 julio, 2022","format":false,"excerpt":"Imagen: G. Gallo El Informador De acuerdo con informes de la Red por los Derechos de la Infancia de M\u00e9xico (REDIM), con cifras del Secretariado Ejecutivo del Sistema Nacional de Seguridad P\u00fablica, en lo que va de la actual administraci\u00f3n estatal van 27 feminicidios de menores. Por ejemplo, el pasado\u2026","rel":"","context":"En &quot;CINTILLO&quot;","block_context":{"text":"CINTILLO","link":"http:\/\/www.grieta.org.mx\/index.php\/category\/cintillo\/"},"img":{"alt_text":"","src":"https:\/\/i0.wp.com\/www.grieta.org.mx\/wp-content\/uploads\/2022\/07\/imagen_imagen_20220721-213552-20220721-gil_cmyk_crop1659179338221.jpg_1970638775.webp?resize=350%2C200","width":350,"height":200,"srcset":"https:\/\/i0.wp.com\/www.grieta.org.mx\/wp-content\/uploads\/2022\/07\/imagen_imagen_20220721-213552-20220721-gil_cmyk_crop1659179338221.jpg_1970638775.webp?resize=350%2C200 1x, https:\/\/i0.wp.com\/www.grieta.org.mx\/wp-content\/uploads\/2022\/07\/imagen_imagen_20220721-213552-20220721-gil_cmyk_crop1659179338221.jpg_1970638775.webp?resize=525%2C300 1.5x, https:\/\/i0.wp.com\/www.grieta.org.mx\/wp-content\/uploads\/2022\/07\/imagen_imagen_20220721-213552-20220721-gil_cmyk_crop1659179338221.jpg_1970638775.webp?resize=700%2C400 2x"},"classes":[]},{"id":65588,"url":"http:\/\/www.grieta.org.mx\/index.php\/2022\/10\/22\/jalisco-segundo-lugar-en-feminicidios-infantiles\/","url_meta":{"origin":66568,"position":1},"title":"Jalisco, segundo lugar en feminicidios infantiles","author":"grieta","date":"22 octubre, 2022","format":false,"excerpt":"Imagen: Cuartoscuro Redacci\u00f3n \/ El Diario TNR Jalisco se ubica en el segundo sitio a nivel nacional con m\u00e1s feminicidios infantiles y adolescentes, el cuarto lugar con m\u00e1s hospitalizaciones de menores de edad por violencia sexual, y quinto lugar en homicidios de menores de 0 a 17 a\u00f1os, precis\u00f3 Tania\u2026","rel":"","context":"En &quot;CINTILLO&quot;","block_context":{"text":"CINTILLO","link":"http:\/\/www.grieta.org.mx\/index.php\/category\/cintillo\/"},"img":{"alt_text":"","src":"https:\/\/i0.wp.com\/www.grieta.org.mx\/wp-content\/uploads\/2022\/10\/2022-10-22_03-10-55___5899.jpg?resize=350%2C200","width":350,"height":200,"srcset":"https:\/\/i0.wp.com\/www.grieta.org.mx\/wp-content\/uploads\/2022\/10\/2022-10-22_03-10-55___5899.jpg?resize=350%2C200 1x, https:\/\/i0.wp.com\/www.grieta.org.mx\/wp-content\/uploads\/2022\/10\/2022-10-22_03-10-55___5899.jpg?resize=525%2C300 1.5x, https:\/\/i0.wp.com\/www.grieta.org.mx\/wp-content\/uploads\/2022\/10\/2022-10-22_03-10-55___5899.jpg?resize=700%2C400 2x"},"classes":[]},{"id":30911,"url":"http:\/\/www.grieta.org.mx\/index.php\/2019\/03\/08\/al-menos-siete-feminicidios-mensuales-de-ninas-y-adolescentes-redim\/","url_meta":{"origin":66568,"position":2},"title":"Al menos siete feminicidios mensuales de ni\u00f1as y adolescentes: REDIM","author":"grieta","date":"8 marzo, 2019","format":false,"excerpt":"L\u00f3pez D\u00f3riga Digital La cifra de adolescentes v\u00edctimas de feminicidios a nivel nacional se duplic\u00f3 de 2015 a 2018, al pasar de 422 a 861 casos La Red por los Derechos de la Infancia en M\u00e9xico (REDIM) asegur\u00f3 que la violencia machista y omisi\u00f3n de las autoridades son responsables de\u2026","rel":"","context":"En &quot;Chihuahua&quot;","block_context":{"text":"Chihuahua","link":"http:\/\/www.grieta.org.mx\/index.php\/category\/noticias-nacionales\/chihuahua\/"},"img":{"alt_text":"","src":"https:\/\/i0.wp.com\/www.grieta.org.mx\/wp-content\/uploads\/2019\/03\/Al-menos-siete-feminicidios-mensuales-de-ni%C3%B1as-y-adolescentes-REDIM-nl-mzo.jpg?resize=350%2C200","width":350,"height":200,"srcset":"https:\/\/i0.wp.com\/www.grieta.org.mx\/wp-content\/uploads\/2019\/03\/Al-menos-siete-feminicidios-mensuales-de-ni%C3%B1as-y-adolescentes-REDIM-nl-mzo.jpg?resize=350%2C200 1x, https:\/\/i0.wp.com\/www.grieta.org.mx\/wp-content\/uploads\/2019\/03\/Al-menos-siete-feminicidios-mensuales-de-ni%C3%B1as-y-adolescentes-REDIM-nl-mzo.jpg?resize=525%2C300 1.5x, https:\/\/i0.wp.com\/www.grieta.org.mx\/wp-content\/uploads\/2019\/03\/Al-menos-siete-feminicidios-mensuales-de-ni%C3%B1as-y-adolescentes-REDIM-nl-mzo.jpg?resize=700%2C400 2x"},"classes":[]},{"id":65948,"url":"http:\/\/www.grieta.org.mx\/index.php\/2022\/12\/07\/municipios-metropolitanos-con-mas-victimas-de-abuso-sexual-infantil-en-jalisco\/","url_meta":{"origin":66568,"position":3},"title":"Municipios metropolitanos con m\u00e1s v\u00edctimas de abuso sexual infantil en Jalisco","author":"grieta","date":"7 diciembre, 2022","format":false,"excerpt":"Imagen; Cuartoscuro Redacci\u00f3n \/ El Diario NTR Jalisco es uno de los estados con m\u00e1s v\u00edctimas de abuso sexual infantil, Guadalajara, Tlaquepaque, Tonal\u00e1, Zapopan y Puerto Vallarta son los municipios con m\u00e1s casos, de acuerdo con el estudio de investigaci\u00f3n sobre la violencia sexual y la muerte de ni\u00f1as y\u2026","rel":"","context":"En &quot;CINTILLO&quot;","block_context":{"text":"CINTILLO","link":"http:\/\/www.grieta.org.mx\/index.php\/category\/cintillo\/"},"img":{"alt_text":"","src":"https:\/\/i0.wp.com\/www.grieta.org.mx\/wp-content\/uploads\/2022\/12\/2022-12-07_06-12-21___7.jpg?resize=350%2C200","width":350,"height":200,"srcset":"https:\/\/i0.wp.com\/www.grieta.org.mx\/wp-content\/uploads\/2022\/12\/2022-12-07_06-12-21___7.jpg?resize=350%2C200 1x, https:\/\/i0.wp.com\/www.grieta.org.mx\/wp-content\/uploads\/2022\/12\/2022-12-07_06-12-21___7.jpg?resize=525%2C300 1.5x, https:\/\/i0.wp.com\/www.grieta.org.mx\/wp-content\/uploads\/2022\/12\/2022-12-07_06-12-21___7.jpg?resize=700%2C400 2x"},"classes":[]},{"id":65945,"url":"http:\/\/www.grieta.org.mx\/index.php\/2022\/12\/04\/colima-entre-los-estados-mas-inseguros-para-ninas-y-adolescentes\/","url_meta":{"origin":66568,"position":4},"title":"Colima, entre los estados m\u00e1s inseguros para ni\u00f1as y adolescentes","author":"grieta","date":"4 diciembre, 2022","format":false,"excerpt":"Imagen: Diario Avanzada Heidi de Le\u00f3n Guti\u00e9rrez \/ Diario Avanzada Colima, M\u00e9xico, Avanzada (04\/12\/2022).- Colima se encuentra entre los 14 estados m\u00e1s inseguros para las ni\u00f1as y adolescentes, de acuerdo al monitoreo que realiz\u00f3 la organizaci\u00f3n: Aqu\u00ed estamos: feminicidio infantil en M\u00e9xico. El reporte fue elaborado por un grupo de\u2026","rel":"","context":"En &quot;CINTILLO&quot;","block_context":{"text":"CINTILLO","link":"http:\/\/www.grieta.org.mx\/index.php\/category\/cintillo\/"},"img":{"alt_text":"","src":"https:\/\/i0.wp.com\/www.grieta.org.mx\/wp-content\/uploads\/2022\/12\/image-25-1.png?resize=350%2C200","width":350,"height":200,"srcset":"https:\/\/i0.wp.com\/www.grieta.org.mx\/wp-content\/uploads\/2022\/12\/image-25-1.png?resize=350%2C200 1x, https:\/\/i0.wp.com\/www.grieta.org.mx\/wp-content\/uploads\/2022\/12\/image-25-1.png?resize=525%2C300 1.5x"},"classes":[]},{"id":32792,"url":"http:\/\/www.grieta.org.mx\/index.php\/2019\/04\/26\/reportan-mas-de-4-mil-menores-asesinados-en-tres-anos-en-mexico\/","url_meta":{"origin":66568,"position":5},"title":"Reportan m\u00e1s de 4 mil menores asesinados en tres a\u00f1os en M\u00e9xico","author":"grieta","date":"26 abril, 2019","format":false,"excerpt":"Lizett Ximena Mej\u00eda\/Excelsior CIUDAD DE M\u00c9XICO. Desde el 2015 hasta el d\u00eda de hoy han sido asesinados 4 mil 299 ni\u00f1os, ni\u00f1as y adolescentes en M\u00e9xico. De acuerdo con la Red por los Derechos de la Infancia en M\u00e9xico (REDIM), los homicidios aumentaron 42% en estos \u00faltimos tres a\u00f1os debido\u2026","rel":"","context":"En &quot;CINTILLO&quot;","block_context":{"text":"CINTILLO","link":"http:\/\/www.grieta.org.mx\/index.php\/category\/cintillo\/"},"img":{"alt_text":"","src":"https:\/\/i0.wp.com\/www.grieta.org.mx\/wp-content\/uploads\/2019\/05\/2137754.jpg?resize=350%2C200","width":350,"height":200},"classes":[]}],"_links":{"self":[{"href":"http:\/\/www.grieta.org.mx\/index.php\/wp-json\/wp\/v2\/posts\/66568","targetHints":{"allow":["GET"]}}],"collection":[{"href":"http:\/\/www.grieta.org.mx\/index.php\/wp-json\/wp\/v2\/posts"}],"about":[{"href":"http:\/\/www.grieta.org.mx\/index.php\/wp-json\/wp\/v2\/types\/post"}],"author":[{"embeddable":true,"href":"http:\/\/www.grieta.org.mx\/index.php\/wp-json\/wp\/v2\/users\/2"}],"replies":[{"embeddable":true,"href":"http:\/\/www.grieta.org.mx\/index.php\/wp-json\/wp\/v2\/comments?post=66568"}],"version-history":[{"count":1,"href":"http:\/\/www.grieta.org.mx\/index.php\/wp-json\/wp\/v2\/posts\/66568\/revisions"}],"predecessor-version":[{"id":66570,"href":"http:\/\/www.grieta.org.mx\/index.php\/wp-json\/wp\/v2\/posts\/66568\/revisions\/66570"}],"wp:featuredmedia":[{"embeddable":true,"href":"http:\/\/www.grieta.org.mx\/index.php\/wp-json\/wp\/v2\/media\/66569"}],"wp:attachment":[{"href":"http:\/\/www.grieta.org.mx\/index.php\/wp-json\/wp\/v2\/media?parent=66568"}],"wp:term":[{"taxonomy":"category","embeddable":true,"href":"http:\/\/www.grieta.org.mx\/index.php\/wp-json\/wp\/v2\/categories?post=66568"},{"taxonomy":"post_tag","embeddable":true,"href":"http:\/\/www.grieta.org.mx\/index.php\/wp-json\/wp\/v2\/tags?post=66568"}],"curies":[{"name":"wp","href":"https:\/\/api.w.org\/{rel}","templated":true}]}}