{"id":6648,"date":"2015-12-10T01:16:53","date_gmt":"2015-12-10T01:16:53","guid":{"rendered":"http:\/\/50.22.11.12\/~grietaor\/?p=6648"},"modified":"2016-04-03T14:30:15","modified_gmt":"2016-04-03T14:30:15","slug":"pobladores-de-coahuila-se-manifiestan-son-reprimidos-y-criminalizados","status":"publish","type":"post","link":"http:\/\/www.grieta.org.mx\/index.php\/2015\/12\/10\/pobladores-de-coahuila-se-manifiestan-son-reprimidos-y-criminalizados\/","title":{"rendered":"Pobladores de Coahuila se manifiestan; son reprimidos y criminalizados"},"content":{"rendered":"<p><strong>10\/12\/15. <\/strong><a href=\"http:\/\/www.grieta.org.mx\/index.php\/2015\/12\/10\/provoca-molestias-obras-de-pozo-en-gp-pozo\">Provoca molestias obras de pozo en GP Pozo<\/a><br \/>\n<em>El Siglo de Torre\u00f3n<\/em><\/p>\n","protected":false},"excerpt":{"rendered":"<p>10\/12\/15. Provoca molestias obras de pozo en GP Pozo El Siglo de Torre\u00f3n<\/p>\n","protected":false},"author":2,"featured_media":21928,"comment_status":"closed","ping_status":"open","sticky":false,"template":"","format":"standard","meta":{"ngg_post_thumbnail":0,"_jetpack_newsletter_access":"","_jetpack_dont_email_post_to_subs":false,"_jetpack_newsletter_tier_id":0,"_jetpack_memberships_contains_paywalled_content":false,"_jetpack_memberships_contains_paid_content":false,"footnotes":""},"categories":[419,2],"tags":[],"class_list":["post-6648","post","type-post","status-publish","format-standard","has-post-thumbnail","hentry","category-coahuila","category-noticias-nacionales","entry"],"jetpack_featured_media_url":"http:\/\/www.grieta.org.mx\/wp-content\/uploads\/2018\/03\/14524434_1106112876131411_958039263622046936_o.jpg","jetpack_sharing_enabled":true,"jetpack_shortlink":"https:\/\/wp.me\/p7ZJR4-1Je","jetpack_likes_enabled":false,"jetpack-related-posts":[{"id":6582,"url":"http:\/\/www.grieta.org.mx\/index.php\/2016\/07\/23\/privatizacion-del-agua-en-coahuila\/","url_meta":{"origin":6648,"position":0},"title":"Privatizaci\u00f3n del agua en Coahuila","author":"grieta","date":"23 julio, 2016","format":false,"excerpt":"21\/07\/16. Pozo de agua en Mieleras beneficiar\u00e1 a 4 parques industriales El Siglo 12\/03\/16. Proyectan privatizar el servicio del agua El Siglo de Torre\u00f3n 16\/10\/12. Coahuila opera privatizaci\u00f3n silenciosa del agua; gobierno de Moreira la cede a extranjeros, acusan Sin Embargo","rel":"","context":"En &quot;Coahuila&quot;","block_context":{"text":"Coahuila","link":"http:\/\/www.grieta.org.mx\/index.php\/category\/noticias-nacionales\/coahuila\/"},"img":{"alt_text":"","src":"https:\/\/i0.wp.com\/www.grieta.org.mx\/wp-content\/uploads\/2018\/03\/14524434_1106112876131411_958039263622046936_o.jpg?resize=350%2C200","width":350,"height":200,"srcset":"https:\/\/i0.wp.com\/www.grieta.org.mx\/wp-content\/uploads\/2018\/03\/14524434_1106112876131411_958039263622046936_o.jpg?resize=350%2C200 1x, https:\/\/i0.wp.com\/www.grieta.org.mx\/wp-content\/uploads\/2018\/03\/14524434_1106112876131411_958039263622046936_o.jpg?resize=525%2C300 1.5x, https:\/\/i0.wp.com\/www.grieta.org.mx\/wp-content\/uploads\/2018\/03\/14524434_1106112876131411_958039263622046936_o.jpg?resize=700%2C400 2x"},"classes":[]},{"id":17541,"url":"http:\/\/www.grieta.org.mx\/index.php\/2016\/07\/21\/pozo-de-agua-en-mieleras-beneficiara-a-4-parques-industriales\/","url_meta":{"origin":6648,"position":1},"title":"Pozo de agua en Mieleras beneficiar\u00e1 a 4 parques industriales","author":"grieta","date":"21 julio, 2016","format":false,"excerpt":"Por: Yolanda R\u00edos\/ El Siglo de Torre\u00f3n Con la perforaci\u00f3n del pozo 22 en Mieleras, se garantizar\u00e1 el agua potable suficiente a cuatro parques Industriales: Mieleras, Ferropuertos, Pymes y el Parque Industrial de Innovaci\u00f3n Tecnol\u00f3gica (PITT). Alberto Allegre del Cueto presidente de Fomec dijo que las autoridades municipales garantizaron que\u2026","rel":"","context":"En &quot;CINTILLO&quot;","block_context":{"text":"CINTILLO","link":"http:\/\/www.grieta.org.mx\/index.php\/category\/cintillo\/"},"img":{"alt_text":"","src":"https:\/\/i0.wp.com\/www.grieta.org.mx\/wp-content\/uploads\/2018\/03\/14524434_1106112876131411_958039263622046936_o.jpg?resize=350%2C200","width":350,"height":200,"srcset":"https:\/\/i0.wp.com\/www.grieta.org.mx\/wp-content\/uploads\/2018\/03\/14524434_1106112876131411_958039263622046936_o.jpg?resize=350%2C200 1x, https:\/\/i0.wp.com\/www.grieta.org.mx\/wp-content\/uploads\/2018\/03\/14524434_1106112876131411_958039263622046936_o.jpg?resize=525%2C300 1.5x, https:\/\/i0.wp.com\/www.grieta.org.mx\/wp-content\/uploads\/2018\/03\/14524434_1106112876131411_958039263622046936_o.jpg?resize=700%2C400 2x"},"classes":[]},{"id":2470,"url":"http:\/\/www.grieta.org.mx\/index.php\/2015\/12\/10\/provoca-molestias-obras-de-pozo-en-gp-pozo\/","url_meta":{"origin":6648,"position":2},"title":"Provoca molestias obras de pozo en GP Pozo","author":"grieta","date":"10 diciembre, 2015","format":false,"excerpt":"G\u00d3MEZ PALACIO, DGO.- Habitantes de la colonia El Foce est\u00e1n inconformes por la perforaci\u00f3n de un pozo de agua potable en ese sector, situaci\u00f3n que deton\u00f3 en conflicto luego de que en d\u00edas pasados, una mujer que se opon\u00eda al inicio de obras fue detenida por polic\u00edas. Los ciudadanos acusaron\u2026","rel":"","context":"En &quot;CINTILLO&quot;","block_context":{"text":"CINTILLO","link":"http:\/\/www.grieta.org.mx\/index.php\/category\/cintillo\/"},"img":{"alt_text":"","src":"https:\/\/i0.wp.com\/www.grieta.org.mx\/wp-content\/uploads\/2018\/03\/14524434_1106112876131411_958039263622046936_o.jpg?resize=350%2C200","width":350,"height":200,"srcset":"https:\/\/i0.wp.com\/www.grieta.org.mx\/wp-content\/uploads\/2018\/03\/14524434_1106112876131411_958039263622046936_o.jpg?resize=350%2C200 1x, https:\/\/i0.wp.com\/www.grieta.org.mx\/wp-content\/uploads\/2018\/03\/14524434_1106112876131411_958039263622046936_o.jpg?resize=525%2C300 1.5x, https:\/\/i0.wp.com\/www.grieta.org.mx\/wp-content\/uploads\/2018\/03\/14524434_1106112876131411_958039263622046936_o.jpg?resize=700%2C400 2x"},"classes":[]},{"id":6849,"url":"http:\/\/www.grieta.org.mx\/index.php\/2016\/03\/21\/conmemoran-la-masacre-de-coahuila\/","url_meta":{"origin":6648,"position":3},"title":"Conmemoran la masacre de Coahuila","author":"grieta","date":"21 marzo, 2016","format":false,"excerpt":"Leopoldo Ramos Saltillo, Coah. En memoria de cientos de personas desaparecidas en Allende, Coahuila, durante la irrupci\u00f3n de Los Zetas el 18 de marzo de 2011, familiares colocaron flores frente al obelisco localizado en el principal acceso al municipio, y en Saltillo aparecieron pintas con frases alusivas a las v\u00edctimas.\u2026","rel":"","context":"En &quot;CINTILLO&quot;","block_context":{"text":"CINTILLO","link":"http:\/\/www.grieta.org.mx\/index.php\/category\/cintillo\/"},"img":{"alt_text":"","src":"https:\/\/i0.wp.com\/www.grieta.org.mx\/wp-content\/uploads\/2018\/03\/14524434_1106112876131411_958039263622046936_o.jpg?resize=350%2C200","width":350,"height":200,"srcset":"https:\/\/i0.wp.com\/www.grieta.org.mx\/wp-content\/uploads\/2018\/03\/14524434_1106112876131411_958039263622046936_o.jpg?resize=350%2C200 1x, https:\/\/i0.wp.com\/www.grieta.org.mx\/wp-content\/uploads\/2018\/03\/14524434_1106112876131411_958039263622046936_o.jpg?resize=525%2C300 1.5x, https:\/\/i0.wp.com\/www.grieta.org.mx\/wp-content\/uploads\/2018\/03\/14524434_1106112876131411_958039263622046936_o.jpg?resize=700%2C400 2x"},"classes":[]},{"id":2505,"url":"http:\/\/www.grieta.org.mx\/index.php\/2015\/06\/16\/hay-fracking-en-coahuila\/","url_meta":{"origin":6648,"position":4},"title":"\u00bfHay fracking en Coahuila?","author":"grieta","date":"16 junio, 2015","format":false,"excerpt":"El mes pasado CartoCr\u00edtica public\u00f3 mapas y datos con base en informaci\u00f3n oficial sobre la existencia y ubicaci\u00f3n de los pozos perforados mediante la t\u00e9cnica de fractura hidr\u00e1ulica (fracking) en el pa\u00eds. Sin embargo en d\u00edas pasados, en respuesta a la informaci\u00f3n publicada por este blog, la Secretar\u00eda de Medio\u2026","rel":"","context":"En &quot;CINTILLO&quot;","block_context":{"text":"CINTILLO","link":"http:\/\/www.grieta.org.mx\/index.php\/category\/cintillo\/"},"img":{"alt_text":"","src":"https:\/\/i0.wp.com\/www.grieta.org.mx\/wp-content\/uploads\/2018\/03\/14524434_1106112876131411_958039263622046936_o.jpg?resize=350%2C200","width":350,"height":200,"srcset":"https:\/\/i0.wp.com\/www.grieta.org.mx\/wp-content\/uploads\/2018\/03\/14524434_1106112876131411_958039263622046936_o.jpg?resize=350%2C200 1x, https:\/\/i0.wp.com\/www.grieta.org.mx\/wp-content\/uploads\/2018\/03\/14524434_1106112876131411_958039263622046936_o.jpg?resize=525%2C300 1.5x, https:\/\/i0.wp.com\/www.grieta.org.mx\/wp-content\/uploads\/2018\/03\/14524434_1106112876131411_958039263622046936_o.jpg?resize=700%2C400 2x"},"classes":[]},{"id":35210,"url":"http:\/\/www.grieta.org.mx\/index.php\/2019\/06\/16\/el-cancer-tiene-permiso-en-la-laguna-coahuila-y-durango\/","url_meta":{"origin":6648,"position":5},"title":"El c\u00e1ncer tiene permiso en La Laguna (Coahuila y Durango)","author":"grieta","date":"16 junio, 2019","format":false,"excerpt":"Jes\u00fas Pe\u00f1a; fotos: Marco Medina y Jes\u00fas Pe\u00f1a; video: Estefan Baltez\u00e1n y Jes\u00fas Pe\u00f1a; dise\u00f1o: \u00c9dgar de la Garza; edici\u00f3n: Quetzali Garc\u00eda\/ LA VANGUARDIA MX. Los niveles de ars\u00e9nico en el agua de la Laguna rebasan el 100% de lo que permiten las normas ambientales. Esto se traduce negativamente en\u2026","rel":"","context":"En &quot;CINTILLO&quot;","block_context":{"text":"CINTILLO","link":"http:\/\/www.grieta.org.mx\/index.php\/category\/cintillo\/"},"img":{"alt_text":"","src":"https:\/\/i0.wp.com\/www.grieta.org.mx\/wp-content\/uploads\/2018\/03\/14524434_1106112876131411_958039263622046936_o.jpg?resize=350%2C200","width":350,"height":200,"srcset":"https:\/\/i0.wp.com\/www.grieta.org.mx\/wp-content\/uploads\/2018\/03\/14524434_1106112876131411_958039263622046936_o.jpg?resize=350%2C200 1x, https:\/\/i0.wp.com\/www.grieta.org.mx\/wp-content\/uploads\/2018\/03\/14524434_1106112876131411_958039263622046936_o.jpg?resize=525%2C300 1.5x, https:\/\/i0.wp.com\/www.grieta.org.mx\/wp-content\/uploads\/2018\/03\/14524434_1106112876131411_958039263622046936_o.jpg?resize=700%2C400 2x"},"classes":[]}],"_links":{"self":[{"href":"http:\/\/www.grieta.org.mx\/index.php\/wp-json\/wp\/v2\/posts\/6648","targetHints":{"allow":["GET"]}}],"collection":[{"href":"http:\/\/www.grieta.org.mx\/index.php\/wp-json\/wp\/v2\/posts"}],"about":[{"href":"http:\/\/www.grieta.org.mx\/index.php\/wp-json\/wp\/v2\/types\/post"}],"author":[{"embeddable":true,"href":"http:\/\/www.grieta.org.mx\/index.php\/wp-json\/wp\/v2\/users\/2"}],"replies":[{"embeddable":true,"href":"http:\/\/www.grieta.org.mx\/index.php\/wp-json\/wp\/v2\/comments?post=6648"}],"version-history":[{"count":1,"href":"http:\/\/www.grieta.org.mx\/index.php\/wp-json\/wp\/v2\/posts\/6648\/revisions"}],"predecessor-version":[{"id":9664,"href":"http:\/\/www.grieta.org.mx\/index.php\/wp-json\/wp\/v2\/posts\/6648\/revisions\/9664"}],"wp:featuredmedia":[{"embeddable":true,"href":"http:\/\/www.grieta.org.mx\/index.php\/wp-json\/wp\/v2\/media\/21928"}],"wp:attachment":[{"href":"http:\/\/www.grieta.org.mx\/index.php\/wp-json\/wp\/v2\/media?parent=6648"}],"wp:term":[{"taxonomy":"category","embeddable":true,"href":"http:\/\/www.grieta.org.mx\/index.php\/wp-json\/wp\/v2\/categories?post=6648"},{"taxonomy":"post_tag","embeddable":true,"href":"http:\/\/www.grieta.org.mx\/index.php\/wp-json\/wp\/v2\/tags?post=6648"}],"curies":[{"name":"wp","href":"https:\/\/api.w.org\/{rel}","templated":true}]}}