{"id":66425,"date":"2023-03-02T19:01:22","date_gmt":"2023-03-03T01:01:22","guid":{"rendered":"https:\/\/www.grieta.org.mx\/?p=66425"},"modified":"2023-03-05T19:31:20","modified_gmt":"2023-03-06T01:31:20","slug":"sindicalistas-de-la-universidad-autonoma-de-campeche-amenazan-con-huelga","status":"publish","type":"post","link":"http:\/\/www.grieta.org.mx\/index.php\/2023\/03\/02\/sindicalistas-de-la-universidad-autonoma-de-campeche-amenazan-con-huelga\/","title":{"rendered":"Sindicalistas de la Universidad Aut\u00f3noma de Campeche amenazan con huelga"},"content":{"rendered":"<p>Lark \/News.EsEuro<\/p>\n<p>Al grito de \u00a1No m\u00e1s protecci\u00f3n!, y \u00a1Todos somos universitarios! Alrededor de 300 trabajadores sindicalizados se manifestaron frente a la rector\u00eda de la Universidad Aut\u00f3noma de Campeche (UAC) para exigir, entre otras cosas, que desistan del amparo obtenido contra las medidas cautelares del sindicato porque les impide continuar con la legitimaci\u00f3n de su contrato colectivo, ya que, de lo contrario, el 7 de marzo estallar\u00eda el paro. .<\/p>\n<p>Luego de celebrar su primera asamblea general extraordinaria, los miembros de la Sindicato \u00danico de Personal Acad\u00e9mico de la Universidad Aut\u00f3noma de Campeche (Supauac), realizaron una marcha hasta llegar a la plaza frente a la rector\u00eda ubicada en el recinto principal, donde su l\u00edder, Joaqu\u00edn Berzunza Valladares, pidi\u00f3 al rector respeto y di\u00e1logo para los 580 trabajadores que integran esta organizaci\u00f3n.<\/p>\n<p>\u201cNo queremos hacer huelga, pero si hay que hacerlo lo vamos a hacer, no queremos estorbar a miles de alumnos, ellos son la raz\u00f3n de ser del profesorado, queremos seguir cumpliendo a cabalidad nuestras funciones en las aulas, en los centros de investigaci\u00f3n y en todas las facultades y escuelas de esta universidad\u201d, explic\u00f3 antes de entonar el himno de la instituci\u00f3n educativa.<\/p>\n<p>Inform\u00f3 que a partir de este jueves se iniciar\u00edan las negociaciones entre los Comit\u00e9 Ejecutivo con autoridades universitarias, reuniones a realizarse en el Museo de la vida y que concluir\u00e1 el s\u00e1bado, por lo que esperan avances en cuanto a sus solicitudes, ya que el 6 de marzo se realizar\u00e1 otra asamblea para llegar a acuerdos sobre las acciones a tomar respecto al paro.<\/p>\n<p>\u201cEsperamos que en estos tres d\u00edas podamos ver avances en c\u00f3mo resolver esta situaci\u00f3n, pero lo m\u00e1s importante es el convenio colectivo que nos ha costado muchos a\u00f1os y con muchas autoridades lograr esos beneficios, estamos comprometidos con la universidad , pero queremos que tambi\u00e9n la universidad se comprometa con nosotros\u201d, expres\u00f3. <\/p>\n<p><a href=\"https:\/\/news.eseuro.com\/local\/1407788.html\" rel=\"noopener\" target=\"_blank\">https:\/\/news.eseuro.com\/local\/1407788.html<\/a><\/p>\n","protected":false},"excerpt":{"rendered":"<p>Lark \/News.EsEuro Al grito de \u00a1No m\u00e1s protecci\u00f3n!, y \u00a1Todos somos universitarios! Alrededor de 300 trabajadores sindicalizados se manifestaron frente a la rector\u00eda de la Universidad Aut\u00f3noma de Campeche (UAC) &hellip; <a href=\"http:\/\/www.grieta.org.mx\/index.php\/2023\/03\/02\/sindicalistas-de-la-universidad-autonoma-de-campeche-amenazan-con-huelga\/\" class=\"more-link\">Leer m\u00e1s<\/a><\/p>\n","protected":false},"author":2,"featured_media":66426,"comment_status":"closed","ping_status":"closed","sticky":false,"template":"","format":"standard","meta":{"ngg_post_thumbnail":0,"_jetpack_newsletter_access":"","_jetpack_dont_email_post_to_subs":false,"_jetpack_newsletter_tier_id":0,"_jetpack_memberships_contains_paywalled_content":false,"_jetpack_memberships_contains_paid_content":false,"footnotes":""},"categories":[11,80,1040,910,2,83],"tags":[634,113,105],"class_list":["post-66425","post","type-post","status-publish","format-standard","has-post-thumbnail","hentry","category-campeche","category-cintillo","category-conflictos-laborales-en-campeche","category-explotacion-y-precariedad-laboral","category-noticias-nacionales","category-temas-nacionales","tag-condiciones-laborales","tag-conflictos-laborales","tag-derechos-laborales","entry"],"jetpack_featured_media_url":"http:\/\/www.grieta.org.mx\/wp-content\/uploads\/2023\/03\/Sindicalistas-e1678066124448.jpg","jetpack_sharing_enabled":true,"jetpack_shortlink":"https:\/\/wp.me\/p7ZJR4-hhn","jetpack_likes_enabled":false,"jetpack-related-posts":[{"id":65696,"url":"http:\/\/www.grieta.org.mx\/index.php\/2022\/11\/07\/sindicalizados-de-la-universidad-autonoma-del-carmen-se-van-a-paro-indefinido-campeche\/","url_meta":{"origin":66425,"position":0},"title":"Sindicalizados de la Universidad Aut\u00f3noma del Carmen se van a paro indefinido (Campeche)","author":"grieta","date":"7 noviembre, 2022","format":false,"excerpt":"Gerardo Can \/ Por Esto! Por falta de pago de sueldos de un mes, los jubilados y pensionados sindicalizados de la Universidad Aut\u00f3noma del Carmen (Unacar), se manifestaron sobre la calle 31 y 22, adem\u00e1s de irse al paro indefinido de actividades en la m\u00e1xima casa de estudios carmelita o\u2026","rel":"","context":"En &quot;Campeche&quot;","block_context":{"text":"Campeche","link":"http:\/\/www.grieta.org.mx\/index.php\/category\/noticias-nacionales\/campeche\/"},"img":{"alt_text":"","src":"https:\/\/i0.wp.com\/www.grieta.org.mx\/wp-content\/uploads\/2022\/11\/Unacar-e1668709961820.jpg?resize=350%2C200","width":350,"height":200,"srcset":"https:\/\/i0.wp.com\/www.grieta.org.mx\/wp-content\/uploads\/2022\/11\/Unacar-e1668709961820.jpg?resize=350%2C200 1x, https:\/\/i0.wp.com\/www.grieta.org.mx\/wp-content\/uploads\/2022\/11\/Unacar-e1668709961820.jpg?resize=525%2C300 1.5x, https:\/\/i0.wp.com\/www.grieta.org.mx\/wp-content\/uploads\/2022\/11\/Unacar-e1668709961820.jpg?resize=700%2C400 2x"},"classes":[]},{"id":67148,"url":"http:\/\/www.grieta.org.mx\/index.php\/2023\/07\/04\/universidad-autonoma-de-campeche-incumple-prestaciones-a-sindicalizados\/","url_meta":{"origin":66425,"position":1},"title":"Universidad Aut\u00f3noma de Campeche incumple prestaciones a sindicalizados","author":"grieta","date":"4 julio, 2023","format":false,"excerpt":"Por Esto! A casi cuatro meses de haberse firmado el compromiso de realizar el pago de prestaciones pendientes a los trabajadores sindicalizados, la Universidad Aut\u00f3noma de Campeche (UAC) no ha dado cumplimiento a los acuerdos, ni reconocido la existencia de la figura jur\u00eddica de representaci\u00f3n del Sindicato \u00danico de Personal\u2026","rel":"","context":"En &quot;Campeche&quot;","block_context":{"text":"Campeche","link":"http:\/\/www.grieta.org.mx\/index.php\/category\/noticias-nacionales\/campeche\/"},"img":{"alt_text":"","src":"https:\/\/i0.wp.com\/www.grieta.org.mx\/wp-content\/uploads\/2023\/07\/Unacar2-e1688837799345.jpg?resize=350%2C200","width":350,"height":200,"srcset":"https:\/\/i0.wp.com\/www.grieta.org.mx\/wp-content\/uploads\/2023\/07\/Unacar2-e1688837799345.jpg?resize=350%2C200 1x, https:\/\/i0.wp.com\/www.grieta.org.mx\/wp-content\/uploads\/2023\/07\/Unacar2-e1688837799345.jpg?resize=525%2C300 1.5x, https:\/\/i0.wp.com\/www.grieta.org.mx\/wp-content\/uploads\/2023\/07\/Unacar2-e1688837799345.jpg?resize=700%2C400 2x"},"classes":[]},{"id":67383,"url":"http:\/\/www.grieta.org.mx\/index.php\/2023\/08\/03\/rectora-de-la-unacar-se-da-a-la-fuga-tras-manifestacion-de-sindicalizados-campeche\/","url_meta":{"origin":66425,"position":2},"title":"Rectora de la Unacar se da a la fuga tras manifestaci\u00f3n de sindicalizados (Campeche)","author":"grieta","date":"3 agosto, 2023","format":false,"excerpt":"Por Esto! As\u00ed huy\u00f3 la rectora de la Universidad Aut\u00f3noma del Carmen (Unacar), Sandra Martha Laff\u00f3n Leal, despu\u00e9s de que los extrabajadores cerraron los accesos a la rector\u00eda con candados y cadenas, en protesta por la falta de pago de hasta 14 quincenas Es decir, que la mayor\u00eda de los\u2026","rel":"","context":"En &quot;Campeche&quot;","block_context":{"text":"Campeche","link":"http:\/\/www.grieta.org.mx\/index.php\/category\/noticias-nacionales\/campeche\/"},"img":{"alt_text":"","src":"https:\/\/i0.wp.com\/www.grieta.org.mx\/wp-content\/uploads\/2023\/08\/Unacar-e1691365545385.jpg?resize=350%2C200","width":350,"height":200,"srcset":"https:\/\/i0.wp.com\/www.grieta.org.mx\/wp-content\/uploads\/2023\/08\/Unacar-e1691365545385.jpg?resize=350%2C200 1x, https:\/\/i0.wp.com\/www.grieta.org.mx\/wp-content\/uploads\/2023\/08\/Unacar-e1691365545385.jpg?resize=525%2C300 1.5x, https:\/\/i0.wp.com\/www.grieta.org.mx\/wp-content\/uploads\/2023\/08\/Unacar-e1691365545385.jpg?resize=700%2C400 2x"},"classes":[]},{"id":68786,"url":"http:\/\/www.grieta.org.mx\/index.php\/2024\/04\/09\/campeche-huelga-en-la-uac-afecta-a-mas-de-10-mil-estudiantes\/","url_meta":{"origin":66425,"position":3},"title":"Campeche: Huelga en la UAC afecta a m\u00e1s de 10 mil estudiantes","author":"grieta","date":"9 abril, 2024","format":false,"excerpt":"Ste S\u00e1nchez \/ Por Esto! Pese a que este lunes 8 de abril se reanudaban las clases tras el periodo vacacional de Semana Santa, que dio dos semanas de descanso a los alumnos de la Universidad Aut\u00f3noma de Campeche, m\u00e1s de 10 mil estudiantes se ver\u00e1n afectados tras suspenderse las\u2026","rel":"","context":"En &quot;Campeche&quot;","block_context":{"text":"Campeche","link":"http:\/\/www.grieta.org.mx\/index.php\/category\/noticias-nacionales\/campeche\/"},"img":{"alt_text":"","src":"https:\/\/i0.wp.com\/www.grieta.org.mx\/wp-content\/uploads\/2024\/04\/HuelgaUac-e1712683093559.jpg?resize=350%2C200","width":350,"height":200,"srcset":"https:\/\/i0.wp.com\/www.grieta.org.mx\/wp-content\/uploads\/2024\/04\/HuelgaUac-e1712683093559.jpg?resize=350%2C200 1x, https:\/\/i0.wp.com\/www.grieta.org.mx\/wp-content\/uploads\/2024\/04\/HuelgaUac-e1712683093559.jpg?resize=525%2C300 1.5x, https:\/\/i0.wp.com\/www.grieta.org.mx\/wp-content\/uploads\/2024\/04\/HuelgaUac-e1712683093559.jpg?resize=700%2C400 2x"},"classes":[]},{"id":69786,"url":"http:\/\/www.grieta.org.mx\/index.php\/2024\/09\/09\/sindicalizados-del-ayuntamiento-de-campeche-protestan-ante-los-despidos-injustificados\/","url_meta":{"origin":66425,"position":4},"title":"Sindicalizados del Ayuntamiento de Campeche protestan ante los despidos injustificados","author":"grieta","date":"9 septiembre, 2024","format":false,"excerpt":"Wilbert Casanova Villamonte \/ Por Esto! Una fracci\u00f3n del Sindicato \u00danico de Trabajadores al Servicio del Gobierno Municipal (Sutsgm), presidida por Luis Fernando Chab Ruiz, llev\u00f3 a cabo una protesta en la sede del Ayuntamiento de Campeche. La manifestaci\u00f3n se centr\u00f3 en la demanda de que cesen los despidos que\u2026","rel":"","context":"En &quot;Campeche&quot;","block_context":{"text":"Campeche","link":"http:\/\/www.grieta.org.mx\/index.php\/category\/noticias-nacionales\/campeche\/"},"img":{"alt_text":"","src":"https:\/\/i0.wp.com\/www.grieta.org.mx\/wp-content\/uploads\/2024\/09\/Despidos-e1727142053526.jpg?resize=350%2C200","width":350,"height":200,"srcset":"https:\/\/i0.wp.com\/www.grieta.org.mx\/wp-content\/uploads\/2024\/09\/Despidos-e1727142053526.jpg?resize=350%2C200 1x, https:\/\/i0.wp.com\/www.grieta.org.mx\/wp-content\/uploads\/2024\/09\/Despidos-e1727142053526.jpg?resize=525%2C300 1.5x, https:\/\/i0.wp.com\/www.grieta.org.mx\/wp-content\/uploads\/2024\/09\/Despidos-e1727142053526.jpg?resize=700%2C400 2x"},"classes":[]},{"id":9598,"url":"http:\/\/www.grieta.org.mx\/index.php\/2016\/09\/10\/conflictos-laborales-en-campeche\/","url_meta":{"origin":66425,"position":5},"title":"Conflictos laborales en Campeche","author":"grieta","date":"10 septiembre, 2016","format":false,"excerpt":"10\/09\/16. Despiden a obreros de PASA por protestar (Campeche) Tribuna 09\/09\/16. Jubilados exigen pago de bonos (Campeche) Tribuna 06\/09\/16. Paran otra vez los polic\u00edas; sin bono (Campeche) Tribuna 30\/08\/16. Bloquean Planta de Nitr\u00f3geno Cantarell (Campeche) Tribuna 20\/08\/16. Paralizan labores en Cobacam (Campeche) Tribuna 12\/08\/16. Plantean demandas empleados del INAH (Campeche)\u2026","rel":"","context":"En &quot;Campeche&quot;","block_context":{"text":"Campeche","link":"http:\/\/www.grieta.org.mx\/index.php\/category\/noticias-nacionales\/campeche\/"},"img":{"alt_text":"","src":"https:\/\/i0.wp.com\/www.grieta.org.mx\/wp-content\/uploads\/2018\/03\/14524434_1106112876131411_958039263622046936_o.jpg?resize=350%2C200","width":350,"height":200,"srcset":"https:\/\/i0.wp.com\/www.grieta.org.mx\/wp-content\/uploads\/2018\/03\/14524434_1106112876131411_958039263622046936_o.jpg?resize=350%2C200 1x, https:\/\/i0.wp.com\/www.grieta.org.mx\/wp-content\/uploads\/2018\/03\/14524434_1106112876131411_958039263622046936_o.jpg?resize=525%2C300 1.5x, https:\/\/i0.wp.com\/www.grieta.org.mx\/wp-content\/uploads\/2018\/03\/14524434_1106112876131411_958039263622046936_o.jpg?resize=700%2C400 2x"},"classes":[]}],"_links":{"self":[{"href":"http:\/\/www.grieta.org.mx\/index.php\/wp-json\/wp\/v2\/posts\/66425","targetHints":{"allow":["GET"]}}],"collection":[{"href":"http:\/\/www.grieta.org.mx\/index.php\/wp-json\/wp\/v2\/posts"}],"about":[{"href":"http:\/\/www.grieta.org.mx\/index.php\/wp-json\/wp\/v2\/types\/post"}],"author":[{"embeddable":true,"href":"http:\/\/www.grieta.org.mx\/index.php\/wp-json\/wp\/v2\/users\/2"}],"replies":[{"embeddable":true,"href":"http:\/\/www.grieta.org.mx\/index.php\/wp-json\/wp\/v2\/comments?post=66425"}],"version-history":[{"count":1,"href":"http:\/\/www.grieta.org.mx\/index.php\/wp-json\/wp\/v2\/posts\/66425\/revisions"}],"predecessor-version":[{"id":66427,"href":"http:\/\/www.grieta.org.mx\/index.php\/wp-json\/wp\/v2\/posts\/66425\/revisions\/66427"}],"wp:featuredmedia":[{"embeddable":true,"href":"http:\/\/www.grieta.org.mx\/index.php\/wp-json\/wp\/v2\/media\/66426"}],"wp:attachment":[{"href":"http:\/\/www.grieta.org.mx\/index.php\/wp-json\/wp\/v2\/media?parent=66425"}],"wp:term":[{"taxonomy":"category","embeddable":true,"href":"http:\/\/www.grieta.org.mx\/index.php\/wp-json\/wp\/v2\/categories?post=66425"},{"taxonomy":"post_tag","embeddable":true,"href":"http:\/\/www.grieta.org.mx\/index.php\/wp-json\/wp\/v2\/tags?post=66425"}],"curies":[{"name":"wp","href":"https:\/\/api.w.org\/{rel}","templated":true}]}}