{"id":6642,"date":"2015-04-23T01:14:40","date_gmt":"2015-04-23T01:14:40","guid":{"rendered":"http:\/\/50.22.11.12\/~grietaor\/?p=6642"},"modified":"2016-03-29T01:16:48","modified_gmt":"2016-03-29T01:16:48","slug":"estalla-magisterio-de-bc-todo-o-nada-exigen-maestros","status":"publish","type":"post","link":"http:\/\/www.grieta.org.mx\/index.php\/2015\/04\/23\/estalla-magisterio-de-bc-todo-o-nada-exigen-maestros\/","title":{"rendered":"Estalla magisterio de BC; \u201ctodo o nada\u201d, exigen maestros"},"content":{"rendered":"<p>Gabriela Mart\u00ednez y Lorena Lamas, Tijuana, B.C.<\/p>\n<p>Alrededor de 16 mil profesores del Sindicato Nacional de Trabajadores de la Educaci\u00f3n (SNTE) Secci\u00f3n 2, se plantaron en seis edificios gubernamentales de Baja California y rechazaron el pago de una n\u00f3mina extraordinaria que anunci\u00f3 el gobierno estatal, para regresar a las aulas.<\/p>\n<p>El l\u00edder del SNTE en la entidad, Rogelio Alejandro Gudi\u00f1o, advirti\u00f3 que los casi 10 millones que ofreci\u00f3 este jueves el Sistema Educativo Estatal (SEE) para pagar los salarios que no se entregaron durante las quincenas de este a\u00f1o, no son suficientes ya que el reclamo de los maestros es por el rezago de administraciones anteriores que dejaron crecer el problema.<\/p>\n<p>\u201cEsto no nos sirve para nada\u2026 estos nueve millones y fracci\u00f3n apenas representan el 1 por ciento de la deuda que tienen con nosotros (SNTE Secci\u00f3n 2) que es de 883 millones de pesos\u2026 \u00bfQu\u00e9 queremos para volver a clases? Que nos paguen esos 883 millones, es todo o nada\u201d, advirti\u00f3 el secretario.<\/p>\n<p>Detall\u00f3 que actualmente el Gobierno del Estado mantiene un adeudo con los maestros de esta secci\u00f3n por el concepto de retiro (232 millones), prima de antig\u00fcedad (353 millones) y pago de interinos (300 millones), que pertenecen a las n\u00f3minas de finales de 2013 y todo 2014.<\/p>\n<p>Gudi\u00f1o tambi\u00e9n precis\u00f3 que en el caso del sindicato de maestros de la Secci\u00f3n 37 la cifras son m\u00e1s elevadas con cerca de 2 mil 500 millones de pesos en total, por la falta de pago de jubilaciones, cuotas del Issstecali y tambi\u00e9n interinos.<\/p>\n<p>El l\u00edder sindical asegur\u00f3 que lo anterior origin\u00f3 la molestia del magisterio ya que primero exigieron el pago de sus salarios con exhortos y movilizaciones desde agosto pasado, hasta que llegaron al hartazgo durante el reciente periodo de vacaciones de Semana Santa, cuando los maestros no recibieron ni su sueldo, ni su prima vacacional ni el concepto del 22% (del salario) por vivir en una zona cara.<\/p>\n<p>El 13 de abril pasado, los maestros de la Secci\u00f3n 2 del SNTE empezaron con un paro laboral escalonado que a partir del lunes se convirti\u00f3 en el freno total de las actividades del nivel b\u00e1sico educativo; que incluso, este jueves lleg\u00f3 a la movilizaci\u00f3n de unos 16 mil profesores que protestaron en seis puntos diferentes del estado.<\/p>\n<p>Se congregan maestros en Centro de Gobierno de Ensenada<\/p>\n<p>Este viernes fueron m\u00e1s de 2 mil maestros del SNTE los que se plantaron en la explanada del Centro de Gobierno para exigir una soluci\u00f3n r\u00e1pida a las demandas magisteriales, entre estas el pago de prima vacacional, retiro, jubilaciones y pensiones, as\u00ed como pago a interinos.<\/p>\n<p>Alrededor de las 08:00 horas de este jueves, los docentes llegaron con carpas para cubrirse de la lluvia al edificio estatal donde advirtieron que no regresar\u00e1n a las aulas como medida de presi\u00f3n al gobernador, Francisco Vega de Lamadrid, a fin de que salde el adeudo que tiene con los compa\u00f1eros, quienes pararon labores de manera parcial desde el 13 de abril, hasta llegar a la suspensi\u00f3n total de actividades.<\/p>\n<p>Los profesores ensenadenses, algunos asignados a Playas de Rosarito y otros a delegaciones del Sur del municipio en San Quint\u00edn, instalaron bocinas con m\u00fasica grupera, comieron tostadas de mariscos, tacos, aguas frescas, tambi\u00e9n desplegaron sillas en las jardineras, dentro y fuera del inmueble.<\/p>\n<p>Como parte de la atracci\u00f3n, colocaron mantas con mensajes alusivos al adeudo, exigiendo al gobernador de Baja California, Francisco Vega de Lamadrid, dar soluci\u00f3n las demandas magisteriales.<\/p>\n<p>De acuerdo con el Sistema Educativo Estatal (SEE), en el municipio hay 521 escuelas federales y estatales, cuyos profesores est\u00e1n dirigidos por el Sindicato Nacional de Trabajadores de la Educaci\u00f3n (SNTE) y Sindicato Estatal de Trabajadores de la Educaci\u00f3n (SETE), del que algunos miembros han asistido a las aulas para dar clases a los alumnos.<\/p>\n<p>Jos\u00e9 de Jes\u00fas Banda Hern\u00e1ndez, coordinador de la Regi\u00f3n 3 del SNTE, calcul\u00f3 que durante los d\u00edas de huelga han logrado que les depositen el 5 por ciento del adeudo, es decir, poco m\u00e1s de 300 millones de pesos que, comparado con el total que se debe, \u201cno representa\u201d un avance.<\/p>\n<p>\u201cEs un reclamo justo, no es nada que se est\u00e9 pidiendo fuera del orden. El acuerdo que se tom\u00f3 por parte de la secci\u00f3n sindical es, que hasta que no se cubra la totalidad, manifiesto que ha sido m\u00ednimo\u201d.<\/p>\n<p>Dejando de lado la postura de pagos y adeudos, el vocero interpret\u00f3 este movimiento como una lucha pero al mismo tiempo una desventaja para el estudiantado que interrumpi\u00f3 el plan de trabajo con base en contenidos.<\/p>\n<p>\u201cSabemos que la medida es fuerte, pero por eso esperamos que el gobierno cumpla con ello\u2026 \u00bfQu\u00e9 va a pasar? Todav\u00eda no est\u00e1n tomadas las estrategias \u2013para regularizarse- pero si la semana que entra no pagan, el gobierno tiene que conseguir los cr\u00e9ditos para pagar porque los maestros queremos estar dentro del aula\u201d, asegur\u00f3.<\/p>\n<p>Al conflicto, le sum\u00f3 que hay 3 mil maestros que est\u00e1n en edad de jubilaci\u00f3n y no pueden realizar el tr\u00e1mite porque el Sistema Educativo no tiene la capacidad de cubrir las jubilaciones.<\/p>\n<p><a href=\"http:\/\/jornadabc.mx\/tijuana\/23-04-2015\/estalla-magisterio-de-bc-todo-o-nada-exigen-maestros\" target=\"_blank\">jornadabc.mx\/tijuana\/23-04-2015\/estalla-magisterio-de-bc-todo-o-nada-exigen-maestros<\/a><\/p>\n","protected":false},"excerpt":{"rendered":"<p>Gabriela Mart\u00ednez y Lorena Lamas, Tijuana, B.C. Alrededor de 16 mil profesores del Sindicato Nacional de Trabajadores de la Educaci\u00f3n (SNTE) Secci\u00f3n 2, se plantaron en seis edificios gubernamentales de &hellip; <a href=\"http:\/\/www.grieta.org.mx\/index.php\/2015\/04\/23\/estalla-magisterio-de-bc-todo-o-nada-exigen-maestros\/\" class=\"more-link\">Leer m\u00e1s<\/a><\/p>\n","protected":false},"author":2,"featured_media":21928,"comment_status":"closed","ping_status":"open","sticky":false,"template":"","format":"standard","meta":{"ngg_post_thumbnail":0,"_jetpack_newsletter_access":"","_jetpack_dont_email_post_to_subs":false,"_jetpack_newsletter_tier_id":0,"_jetpack_memberships_contains_paywalled_content":false,"_jetpack_memberships_contains_paid_content":false,"footnotes":""},"categories":[80],"tags":[113,107],"class_list":["post-6642","post","type-post","status-publish","format-standard","has-post-thumbnail","hentry","category-cintillo","tag-conflictos-laborales","tag-educacion","entry"],"jetpack_featured_media_url":"http:\/\/www.grieta.org.mx\/wp-content\/uploads\/2018\/03\/14524434_1106112876131411_958039263622046936_o.jpg","jetpack_sharing_enabled":true,"jetpack_shortlink":"https:\/\/wp.me\/p7ZJR4-1J8","jetpack_likes_enabled":false,"jetpack-related-posts":[{"id":6274,"url":"http:\/\/www.grieta.org.mx\/index.php\/2015\/06\/30\/maestros-marchan-en-tabasco-contra-evaluacion-docente\/","url_meta":{"origin":6642,"position":0},"title":"Maestros marchan en Tabasco contra evaluaci\u00f3n docente","author":"grieta","date":"30 junio, 2015","format":false,"excerpt":"Juan Manuel Diego VILLAHERMOSA, TABASCO (30\/JUN\/2015).- Luego de un conato de enfrentamiento contra integrantes de la secci\u00f3n 29 del Sindicato Nacional de Trabajadores de la Educaci\u00f3n (SNTE), maestros disidentes del Sindicato Independiente de Trabajadores de la Educaci\u00f3n de Tabasco (SITET) marcharon contra la reforma educativa que contempla la evaluaci\u00f3n docente.\u2026","rel":"","context":"En &quot;CINTILLO&quot;","block_context":{"text":"CINTILLO","link":"http:\/\/www.grieta.org.mx\/index.php\/category\/cintillo\/"},"img":{"alt_text":"","src":"https:\/\/i0.wp.com\/www.grieta.org.mx\/wp-content\/uploads\/2018\/03\/14524434_1106112876131411_958039263622046936_o.jpg?resize=350%2C200","width":350,"height":200,"srcset":"https:\/\/i0.wp.com\/www.grieta.org.mx\/wp-content\/uploads\/2018\/03\/14524434_1106112876131411_958039263622046936_o.jpg?resize=350%2C200 1x, https:\/\/i0.wp.com\/www.grieta.org.mx\/wp-content\/uploads\/2018\/03\/14524434_1106112876131411_958039263622046936_o.jpg?resize=525%2C300 1.5x, https:\/\/i0.wp.com\/www.grieta.org.mx\/wp-content\/uploads\/2018\/03\/14524434_1106112876131411_958039263622046936_o.jpg?resize=700%2C400 2x"},"classes":[]},{"id":9383,"url":"http:\/\/www.grieta.org.mx\/index.php\/2016\/03\/17\/protestan-maestros-de-educacion-indigena-frente-al-ieepo\/","url_meta":{"origin":6642,"position":1},"title":"Protestan maestros de educaci\u00f3n ind\u00edgena frente al IEEPO","author":"grieta","date":"17 marzo, 2016","format":false,"excerpt":"Luis Jer\u00f3nimo, Oaxaca. OAXACA, Oax., 17 de marzo de 2016.- Maestros de educaci\u00f3n ind\u00edgena de Oaxaca de la Secci\u00f3n 22 del Sindicato Nacional de Trabajadores de la Educaci\u00f3n (SNTE) iniciaron este jueves un mitin frente a las oficinas del Instituto Estatal de Educaci\u00f3n P\u00fablica de Oaxaca (IEEPO) para protestar por\u2026","rel":"","context":"En &quot;CINTILLO&quot;","block_context":{"text":"CINTILLO","link":"http:\/\/www.grieta.org.mx\/index.php\/category\/cintillo\/"},"img":{"alt_text":"","src":"https:\/\/i0.wp.com\/www.grieta.org.mx\/wp-content\/uploads\/2018\/03\/14524434_1106112876131411_958039263622046936_o.jpg?resize=350%2C200","width":350,"height":200,"srcset":"https:\/\/i0.wp.com\/www.grieta.org.mx\/wp-content\/uploads\/2018\/03\/14524434_1106112876131411_958039263622046936_o.jpg?resize=350%2C200 1x, https:\/\/i0.wp.com\/www.grieta.org.mx\/wp-content\/uploads\/2018\/03\/14524434_1106112876131411_958039263622046936_o.jpg?resize=525%2C300 1.5x, https:\/\/i0.wp.com\/www.grieta.org.mx\/wp-content\/uploads\/2018\/03\/14524434_1106112876131411_958039263622046936_o.jpg?resize=700%2C400 2x"},"classes":[]},{"id":1691,"url":"http:\/\/www.grieta.org.mx\/index.php\/2015\/12\/22\/vuelven-a-protestar-maestros-de-la-seccion-22-frente-al-ieepo\/","url_meta":{"origin":6642,"position":2},"title":"Vuelven a protestar maestros de la Secci\u00f3n 22 frente al IEEPO","author":"grieta","date":"22 diciembre, 2015","format":false,"excerpt":"Ernesto Rojas, Oaxaca OAXACA, Oax., 22 de diciembre de 2015.- Maestros de la Secci\u00f3n 22 del Sindicato Nacional de Trabajadores de la Educaci\u00f3n (SNTE) realizaron este martes otra manifestaci\u00f3n frente al Instituto Estatal de Educaci\u00f3n P\u00fablica de Oaxaca (IEEPO) para exigir los pagos atrasados de un a\u00f1o y el reconocimiento\u2026","rel":"","context":"En &quot;CINTILLO&quot;","block_context":{"text":"CINTILLO","link":"http:\/\/www.grieta.org.mx\/index.php\/category\/cintillo\/"},"img":{"alt_text":"","src":"https:\/\/i0.wp.com\/www.grieta.org.mx\/wp-content\/uploads\/2018\/03\/14524434_1106112876131411_958039263622046936_o.jpg?resize=350%2C200","width":350,"height":200,"srcset":"https:\/\/i0.wp.com\/www.grieta.org.mx\/wp-content\/uploads\/2018\/03\/14524434_1106112876131411_958039263622046936_o.jpg?resize=350%2C200 1x, https:\/\/i0.wp.com\/www.grieta.org.mx\/wp-content\/uploads\/2018\/03\/14524434_1106112876131411_958039263622046936_o.jpg?resize=525%2C300 1.5x, https:\/\/i0.wp.com\/www.grieta.org.mx\/wp-content\/uploads\/2018\/03\/14524434_1106112876131411_958039263622046936_o.jpg?resize=700%2C400 2x"},"classes":[]},{"id":13825,"url":"http:\/\/www.grieta.org.mx\/index.php\/2016\/06\/07\/inicia-seccion-22-del-snte-protesta-permanente-en-instalaciones-del-ieepo\/","url_meta":{"origin":6642,"position":3},"title":"Inicia Secci\u00f3n 22 del SNTE protesta permanente en instalaciones del IEEPO","author":"grieta","date":"7 junio, 2016","format":false,"excerpt":"Francisco Cruz, Oaxaca. Maestros y maestras de la Secci\u00f3n 22 del Sindicato Nacional de Trabajadores de la Educaci\u00f3n (SNTE) iniciaron un hoy un \u201cacordonamiento permanente\u201d a las instalaciones del Instituto Estatal de Educaci\u00f3n P\u00fablica de Oaxaca (IEEPO). Los profesores de cada regi\u00f3n se instalar\u00e1n en plant\u00f3n a los alrededores del\u2026","rel":"","context":"En &quot;CINTILLO&quot;","block_context":{"text":"CINTILLO","link":"http:\/\/www.grieta.org.mx\/index.php\/category\/cintillo\/"},"img":{"alt_text":"","src":"https:\/\/i0.wp.com\/www.grieta.org.mx\/wp-content\/uploads\/2018\/03\/14524434_1106112876131411_958039263622046936_o.jpg?resize=350%2C200","width":350,"height":200,"srcset":"https:\/\/i0.wp.com\/www.grieta.org.mx\/wp-content\/uploads\/2018\/03\/14524434_1106112876131411_958039263622046936_o.jpg?resize=350%2C200 1x, https:\/\/i0.wp.com\/www.grieta.org.mx\/wp-content\/uploads\/2018\/03\/14524434_1106112876131411_958039263622046936_o.jpg?resize=525%2C300 1.5x, https:\/\/i0.wp.com\/www.grieta.org.mx\/wp-content\/uploads\/2018\/03\/14524434_1106112876131411_958039263622046936_o.jpg?resize=700%2C400 2x"},"classes":[]},{"id":9100,"url":"http:\/\/www.grieta.org.mx\/index.php\/2016\/03\/21\/protestan-en-mexicali-maestros-liberados-para-exigir-su-jubilacion\/","url_meta":{"origin":6642,"position":4},"title":"Protestan en Mexicali maestros &#8220;liberados&#8221; para exigir su jubilaci\u00f3n","author":"grieta","date":"21 marzo, 2016","format":false,"excerpt":"Antonio Heras, Mexicali, BC Maestros \"liberados\" protestaron en el monumento a Benito Ju\u00e1rez de Mexicali por el retraso del gobierno de Baja California en el pago de su finiquito y su jubilaci\u00f3n. Un grupo de 50 profesores y trabajadores de apoyo a la educaci\u00f3n exigieron que concluya sus procedimientos para\u2026","rel":"","context":"En &quot;CINTILLO&quot;","block_context":{"text":"CINTILLO","link":"http:\/\/www.grieta.org.mx\/index.php\/category\/cintillo\/"},"img":{"alt_text":"","src":"https:\/\/i0.wp.com\/www.grieta.org.mx\/wp-content\/uploads\/2018\/03\/14524434_1106112876131411_958039263622046936_o.jpg?resize=350%2C200","width":350,"height":200,"srcset":"https:\/\/i0.wp.com\/www.grieta.org.mx\/wp-content\/uploads\/2018\/03\/14524434_1106112876131411_958039263622046936_o.jpg?resize=350%2C200 1x, https:\/\/i0.wp.com\/www.grieta.org.mx\/wp-content\/uploads\/2018\/03\/14524434_1106112876131411_958039263622046936_o.jpg?resize=525%2C300 1.5x, https:\/\/i0.wp.com\/www.grieta.org.mx\/wp-content\/uploads\/2018\/03\/14524434_1106112876131411_958039263622046936_o.jpg?resize=700%2C400 2x"},"classes":[]},{"id":38018,"url":"http:\/\/www.grieta.org.mx\/index.php\/2019\/08\/17\/magisterio-de-baja-california-inicio-paro-activo-de-labores-por-deuda-del-gobierno-de-kiko-vega\/","url_meta":{"origin":6642,"position":5},"title":"Magisterio de Baja California inici\u00f3 paro activo de labores por deuda del gobierno de Kiko Vega","author":"grieta","date":"17 agosto, 2019","format":false,"excerpt":"Antonio Heras \/ Lindero Norte. Foto: Cortes\u00eda Mexicali.- Mas de 40 mil trabajadores del magisterio de Baja California se encuentran en paro activo por el incumplimiento de pagos de bonos y retenciones de aportaciones a pr\u00e9stamos e hipotecas por parte del gobierno de Francisco Vega de Lamadrid. Los paristas que\u2026","rel":"","context":"En &quot;Baja California&quot;","block_context":{"text":"Baja California","link":"http:\/\/www.grieta.org.mx\/index.php\/category\/noticias-nacionales\/baja-california\/"},"img":{"alt_text":"","src":"https:\/\/i0.wp.com\/www.grieta.org.mx\/wp-content\/uploads\/2019\/08\/images-2019-08-15T104005.642.jpeg?resize=350%2C200","width":350,"height":200,"srcset":"https:\/\/i0.wp.com\/www.grieta.org.mx\/wp-content\/uploads\/2019\/08\/images-2019-08-15T104005.642.jpeg?resize=350%2C200 1x, https:\/\/i0.wp.com\/www.grieta.org.mx\/wp-content\/uploads\/2019\/08\/images-2019-08-15T104005.642.jpeg?resize=525%2C300 1.5x"},"classes":[]}],"_links":{"self":[{"href":"http:\/\/www.grieta.org.mx\/index.php\/wp-json\/wp\/v2\/posts\/6642","targetHints":{"allow":["GET"]}}],"collection":[{"href":"http:\/\/www.grieta.org.mx\/index.php\/wp-json\/wp\/v2\/posts"}],"about":[{"href":"http:\/\/www.grieta.org.mx\/index.php\/wp-json\/wp\/v2\/types\/post"}],"author":[{"embeddable":true,"href":"http:\/\/www.grieta.org.mx\/index.php\/wp-json\/wp\/v2\/users\/2"}],"replies":[{"embeddable":true,"href":"http:\/\/www.grieta.org.mx\/index.php\/wp-json\/wp\/v2\/comments?post=6642"}],"version-history":[{"count":1,"href":"http:\/\/www.grieta.org.mx\/index.php\/wp-json\/wp\/v2\/posts\/6642\/revisions"}],"predecessor-version":[{"id":6647,"href":"http:\/\/www.grieta.org.mx\/index.php\/wp-json\/wp\/v2\/posts\/6642\/revisions\/6647"}],"wp:featuredmedia":[{"embeddable":true,"href":"http:\/\/www.grieta.org.mx\/index.php\/wp-json\/wp\/v2\/media\/21928"}],"wp:attachment":[{"href":"http:\/\/www.grieta.org.mx\/index.php\/wp-json\/wp\/v2\/media?parent=6642"}],"wp:term":[{"taxonomy":"category","embeddable":true,"href":"http:\/\/www.grieta.org.mx\/index.php\/wp-json\/wp\/v2\/categories?post=6642"},{"taxonomy":"post_tag","embeddable":true,"href":"http:\/\/www.grieta.org.mx\/index.php\/wp-json\/wp\/v2\/tags?post=6642"}],"curies":[{"name":"wp","href":"https:\/\/api.w.org\/{rel}","templated":true}]}}