{"id":66408,"date":"2023-03-01T10:07:24","date_gmt":"2023-03-01T16:07:24","guid":{"rendered":"https:\/\/www.grieta.org.mx\/?p=66408"},"modified":"2023-03-05T10:49:34","modified_gmt":"2023-03-05T16:49:34","slug":"mujeres-en-la-mixteca-exigen-justicia-por-la-muerte-de-jenni-flor-oaxaca","status":"publish","type":"post","link":"http:\/\/www.grieta.org.mx\/index.php\/2023\/03\/01\/mujeres-en-la-mixteca-exigen-justicia-por-la-muerte-de-jenni-flor-oaxaca\/","title":{"rendered":"Mujeres en la Mixteca exigen justicia por la muerte de Jenni Flor (Oaxaca)"},"content":{"rendered":"<p>Imagen: Cortes\u00eda<\/p>\n<p>Leslie Aguilar \/\u00a0 NVI Noticias<\/p>\n<p>HUAJUAPAN DE LE\u00d3N, Oaxaca.- La colectiva feminista Marea Verde Mixteca pidi\u00f3 justicia por el feminismo de Jenni Flor, de 25 a\u00f1os de edad, quien fue asesinada la tarde del 27 de febrero en la comunidad de Santa Cruz Tacache de Mina por su esposo, lo que coloca este caso como el primer feminicidio en la regi\u00f3n Mixteca<\/p>\n<p>Valeria Palma, vocera de esta colectiva, refiri\u00f3 que es lamentable que la violencia se siga ejerciendo contra las mujeres, y que la Mixteca sea una de las regiones donde m\u00e1s cr\u00edmenes de odio contra las mujeres se cometen.<\/p>\n<p>Jenni estaba en su domicilio cuando su esposo \u2013un hombre de 37 a\u00f1os de edad\u2014 lleg\u00f3 y le dispar\u00f3 en varias ocasiones frente a sus hijos y despu\u00e9s huy\u00f3, sin que hasta el momento haya sido detenido.<\/p>\n<p>Palma detall\u00f3 que \u201cun feminicidio m\u00e1s que se suma a nuestra regi\u00f3n y esperemos que se le d\u00e9 el seguimiento requerido y que llegue la justicia pronto; lo que estamos pidiendo es que se sigan agilizando los mecanismos que permitan que las mujeres puedan vivir libres de violencia; esto le compete a los municipios, pero tambi\u00e9n estamos buscando que se realice una investigaci\u00f3n como se debe\u201d<\/p>\n<p><strong>No hay justicia en la Mixteca<\/strong><\/p>\n<p>Refiri\u00f3 que en la Mixteca no hay justicia para los feminicidios y cit\u00f3 el caso de Joselyn Alejandra Vargas Ortiz, quien fue v\u00edctima de feminicidio desde el 2018 y hasta la fecha su feminicida sigue sin recibir sentencia, por lo que explic\u00f3 que no solo se ejerce violencia al momento en que las mujeres mueren, sino que despu\u00e9s de eso, ya que la justicia nunca llega.<\/p>\n<p><strong>La lucha por el 8 de Marzo<\/strong><\/p>\n<p>Adem\u00e1s, record\u00f3 que est\u00e1n pendientes los casos de tres desapariciones y ahora cinco feminicidios: los de Melisa Rojas Pastrana, Mar\u00eda Paula Burgos Calvo, Joselyn Alejandra Vargas Ortiz, Jessica Velasco y ahora el de Jenni Flor.<\/p>\n<p>La colectiva prepara una protesta para el 8 de marzo, donde pedir\u00e1n justicia por las mujeres asesinadas y desparecidas en la Mixteca, ya que la Vicefiscal\u00eda de Justicia en la Mixteca no ha informado avances de las investigaciones de estos casos.<\/p>\n<p><a href=\"https:\/\/www.nvinoticias.com\/oaxaca\/general\/mujeres-en-la-mixteca-exigen-justicia-por-la-muerte-de-jenni-flor\/143908\">https:\/\/www.nvinoticias.com\/oaxaca\/general\/mujeres-en-la-mixteca-exigen-justicia-por-la-muerte-de-jenni-flor\/143908<\/a><\/p>\n","protected":false},"excerpt":{"rendered":"<p>Imagen: Cortes\u00eda Leslie Aguilar \/\u00a0 NVI Noticias HUAJUAPAN DE LE\u00d3N, Oaxaca.- La colectiva feminista Marea Verde Mixteca pidi\u00f3 justicia por el feminismo de Jenni Flor, de 25 a\u00f1os de edad, &hellip; <a href=\"http:\/\/www.grieta.org.mx\/index.php\/2023\/03\/01\/mujeres-en-la-mixteca-exigen-justicia-por-la-muerte-de-jenni-flor-oaxaca\/\" class=\"more-link\">Leer m\u00e1s<\/a><\/p>\n","protected":false},"author":2,"featured_media":66409,"comment_status":"closed","ping_status":"closed","sticky":false,"template":"","format":"standard","meta":{"ngg_post_thumbnail":0,"_jetpack_newsletter_access":"","_jetpack_dont_email_post_to_subs":false,"_jetpack_newsletter_tier_id":0,"_jetpack_memberships_contains_paywalled_content":false,"_jetpack_memberships_contains_paid_content":false,"footnotes":""},"categories":[80,84,1325,2,25,83],"tags":[3042,2999,81,2817,3193,3148,1428],"class_list":["post-66408","post","type-post","status-publish","format-standard","has-post-thumbnail","hentry","category-cintillo","category-feminicidios","category-feminicidios-en-oaxaca-oaxaca","category-noticias-nacionales","category-oaxaca","category-temas-nacionales","tag-colectivos-feministas","tag-feminicidio-violencia-contra-las-mujeres","tag-feminicidios","tag-feministas","tag-lucha-contra-el-feminicidio","tag-lucha-feminista","tag-protestas-contra-el-feminicidio","entry"],"jetpack_featured_media_url":"http:\/\/www.grieta.org.mx\/wp-content\/uploads\/2023\/03\/protesta_por_jenni.webp","jetpack_sharing_enabled":true,"jetpack_shortlink":"https:\/\/wp.me\/p7ZJR4-hh6","jetpack_likes_enabled":false,"jetpack-related-posts":[{"id":65823,"url":"http:\/\/www.grieta.org.mx\/index.php\/2022\/11\/26\/piden-justicia-por-cuatro-feminicidios-y-tres-desapariciones-en-oaxaca\/","url_meta":{"origin":66408,"position":0},"title":"Piden justicia por cuatro feminicidios y tres desapariciones en Oaxaca","author":"grieta","date":"26 noviembre, 2022","format":false,"excerpt":"Imagen: NVI Noticas Lesle Aguilar \/NVI Noticias HUAJUAPAN DE LE\u00d3N, Oaxaca. - Colectivos feministas pidieron a la Fiscal\u00eda de Oaxaca que se aclaren cuatro casos de feminicidios y tres desapariciones ocurridas en la Mixteca. La colectiva feminista Marea Verde Mixteca dio a conocer en el marco del D\u00eda Internacional para\u2026","rel":"","context":"En &quot;CINTILLO&quot;","block_context":{"text":"CINTILLO","link":"http:\/\/www.grieta.org.mx\/index.php\/category\/cintillo\/"},"img":{"alt_text":"","src":"https:\/\/i0.wp.com\/www.grieta.org.mx\/wp-content\/uploads\/2022\/11\/protesta-dia-naranja.webp?resize=350%2C200","width":350,"height":200,"srcset":"https:\/\/i0.wp.com\/www.grieta.org.mx\/wp-content\/uploads\/2022\/11\/protesta-dia-naranja.webp?resize=350%2C200 1x, https:\/\/i0.wp.com\/www.grieta.org.mx\/wp-content\/uploads\/2022\/11\/protesta-dia-naranja.webp?resize=525%2C300 1.5x, https:\/\/i0.wp.com\/www.grieta.org.mx\/wp-content\/uploads\/2022\/11\/protesta-dia-naranja.webp?resize=700%2C400 2x"},"classes":[]},{"id":65754,"url":"http:\/\/www.grieta.org.mx\/index.php\/2022\/11\/02\/con-ofrenda-piden-justicia-para-victimas-de-feminicidio-en-oaxaca\/","url_meta":{"origin":66408,"position":1},"title":"Con ofrenda piden justicia para v\u00edctimas de feminicidio en Oaxaca","author":"grieta","date":"2 noviembre, 2022","format":false,"excerpt":"Imagen: El Solo de Nayarit Redacci\u00f3n \/ El Sol de Nayarit Integrantes de la colectiva \"las nietas de Lilith Oaxaca\", instalaron un altar en memoria de las mujeres que fueron v\u00edctimas de feminicidio en Oaxaca. El altar est\u00e1 ubicado a un costado del atrio de Santo Domingo de Guzm\u00e1n, en\u2026","rel":"","context":"En &quot;CINTILLO&quot;","block_context":{"text":"CINTILLO","link":"http:\/\/www.grieta.org.mx\/index.php\/category\/cintillo\/"},"img":{"alt_text":"","src":"https:\/\/i0.wp.com\/www.grieta.org.mx\/wp-content\/uploads\/2022\/11\/87688_17_20221102213731_117captura_de_pantalla_2022-11-02_a_la_s__2.47.41_p.m.png?resize=350%2C200","width":350,"height":200,"srcset":"https:\/\/i0.wp.com\/www.grieta.org.mx\/wp-content\/uploads\/2022\/11\/87688_17_20221102213731_117captura_de_pantalla_2022-11-02_a_la_s__2.47.41_p.m.png?resize=350%2C200 1x, https:\/\/i0.wp.com\/www.grieta.org.mx\/wp-content\/uploads\/2022\/11\/87688_17_20221102213731_117captura_de_pantalla_2022-11-02_a_la_s__2.47.41_p.m.png?resize=525%2C300 1.5x"},"classes":[]},{"id":21367,"url":"http:\/\/www.grieta.org.mx\/index.php\/2016\/09\/06\/pide-defensoria-investigar-feminicidio-de-profesora-en-la-region-mixteca-oax\/","url_meta":{"origin":66408,"position":2},"title":"Pide defensor\u00eda investigar feminicidio de profesora en Mixteca (Oaxaca)","author":"grieta","date":"6 septiembre, 2016","format":false,"excerpt":"Voces Oaxaca. David Yeudiel, Oaxaca. La Defensor\u00eda de los Derechos Humanos del Pueblo de Oaxaca solicit\u00f3 a la Fiscal\u00eda General del Estado que informe respecto a la investigaci\u00f3n sobre el homicidio de la ciudadana J. R. O., cuyo cuerpo fue encontrado en el r\u00edo Copala semi desnuda y con diez\u2026","rel":"","context":"En &quot;CINTILLO&quot;","block_context":{"text":"CINTILLO","link":"http:\/\/www.grieta.org.mx\/index.php\/category\/cintillo\/"},"img":{"alt_text":"","src":"https:\/\/i0.wp.com\/www.grieta.org.mx\/wp-content\/uploads\/2018\/03\/14524434_1106112876131411_958039263622046936_o.jpg?resize=350%2C200","width":350,"height":200,"srcset":"https:\/\/i0.wp.com\/www.grieta.org.mx\/wp-content\/uploads\/2018\/03\/14524434_1106112876131411_958039263622046936_o.jpg?resize=350%2C200 1x, https:\/\/i0.wp.com\/www.grieta.org.mx\/wp-content\/uploads\/2018\/03\/14524434_1106112876131411_958039263622046936_o.jpg?resize=525%2C300 1.5x, https:\/\/i0.wp.com\/www.grieta.org.mx\/wp-content\/uploads\/2018\/03\/14524434_1106112876131411_958039263622046936_o.jpg?resize=700%2C400 2x"},"classes":[]},{"id":57867,"url":"http:\/\/www.grieta.org.mx\/index.php\/2021\/03\/07\/cedhapi-exige-a-autoridades-investigar-feminicidios-y-desapariciones-forzadas-de-mujeres-de-la-mixteca-oaxaca\/","url_meta":{"origin":66408,"position":3},"title":"Cedhapi exige a autoridades investigar feminicidios y desapariciones forzadas de mujeres de la mixteca (Oaxaca)","author":"grieta","date":"7 marzo, 2021","format":false,"excerpt":"Animal Pol\u00edtico \/ Redacci\u00f3n. Cedhapi denunci\u00f3 que las autoridades han olvidado casos de feminicidio, desaparici\u00f3n forzada y fraudes contra mujeres de la mixteca. El Centro de Derechos Humanos y Asesor\u00eda a Pueblos Indigenas (Cedhapi) denunci\u00f3 este domingo la nula investigaci\u00f3n de casos de feminicidios, desapariciones forzadas, tratos crueles y degradantes,\u2026","rel":"","context":"En &quot;CINTILLO&quot;","block_context":{"text":"CINTILLO","link":"http:\/\/www.grieta.org.mx\/index.php\/category\/cintillo\/"},"img":{"alt_text":"","src":"https:\/\/i0.wp.com\/www.grieta.org.mx\/wp-content\/uploads\/2021\/03\/1-7.jpeg?resize=350%2C200","width":350,"height":200,"srcset":"https:\/\/i0.wp.com\/www.grieta.org.mx\/wp-content\/uploads\/2021\/03\/1-7.jpeg?resize=350%2C200 1x, https:\/\/i0.wp.com\/www.grieta.org.mx\/wp-content\/uploads\/2021\/03\/1-7.jpeg?resize=525%2C300 1.5x, https:\/\/i0.wp.com\/www.grieta.org.mx\/wp-content\/uploads\/2021\/03\/1-7.jpeg?resize=700%2C400 2x, https:\/\/i0.wp.com\/www.grieta.org.mx\/wp-content\/uploads\/2021\/03\/1-7.jpeg?resize=1050%2C600 3x, https:\/\/i0.wp.com\/www.grieta.org.mx\/wp-content\/uploads\/2021\/03\/1-7.jpeg?resize=1400%2C800 4x"},"classes":[]},{"id":60357,"url":"http:\/\/www.grieta.org.mx\/index.php\/2021\/07\/06\/colectivas-feministas-de-oaxaca-resisten-a-la-violencia-de-genero-con-acompanamiento-y-orientacion-oaxaca\/","url_meta":{"origin":66408,"position":4},"title":"Colectivas feministas de Oaxaca resisten a la violencia de g\u00e9nero con acompa\u00f1amiento y orientaci\u00f3n (Oaxaca)","author":"grieta","date":"6 julio, 2021","format":false,"excerpt":"Noticias \/ Citlalli Luciana. De manera conjunta, las colectivas han sumado esfuerzos para tejer una red de apoyo y denuncia. Dan acompa\u00f1amiento psicol\u00f3gico, orientaci\u00f3n jur\u00eddica, realizan b\u00fasquedas a pico y pala, acompa\u00f1an a las familias en sus protestas de justicia, de esta manera colectivas feministas resisten a la violencia de\u2026","rel":"","context":"En &quot;CINTILLO&quot;","block_context":{"text":"CINTILLO","link":"http:\/\/www.grieta.org.mx\/index.php\/category\/cintillo\/"},"img":{"alt_text":"","src":"https:\/\/i0.wp.com\/www.grieta.org.mx\/wp-content\/uploads\/2021\/07\/X.jpg?resize=350%2C200","width":350,"height":200,"srcset":"https:\/\/i0.wp.com\/www.grieta.org.mx\/wp-content\/uploads\/2021\/07\/X.jpg?resize=350%2C200 1x, https:\/\/i0.wp.com\/www.grieta.org.mx\/wp-content\/uploads\/2021\/07\/X.jpg?resize=525%2C300 1.5x, https:\/\/i0.wp.com\/www.grieta.org.mx\/wp-content\/uploads\/2021\/07\/X.jpg?resize=700%2C400 2x, https:\/\/i0.wp.com\/www.grieta.org.mx\/wp-content\/uploads\/2021\/07\/X.jpg?resize=1050%2C600 3x"},"classes":[]},{"id":57369,"url":"http:\/\/www.grieta.org.mx\/index.php\/2021\/03\/07\/marchan-mujeres-zapotecas-contra-feminicidios-en-el-istmo-oaxaca\/","url_meta":{"origin":66408,"position":5},"title":"Marchan mujeres zapotecas contra feminicidios en el Istmo (Oaxaca)","author":"grieta","date":"7 marzo, 2021","format":false,"excerpt":"Pi\u00e9 de P\u00e1gina \/ Diana Manzo. Juchit\u00e1n, Oaxaca.- Vestidas con sus enaguas y huipiles, mujeres zapotecas de este municipio oaxaque\u00f1o marcharon contra los feminicidios y la violencia en el marco del D\u00eda Internacional de la Mujer. Familiares de Carolina, la \u00faltima mujer asesinada en Juchit\u00e1n, encabezaron el contingente que parti\u00f3\u2026","rel":"","context":"En &quot;CINTILLO&quot;","block_context":{"text":"CINTILLO","link":"http:\/\/www.grieta.org.mx\/index.php\/category\/cintillo\/"},"img":{"alt_text":"","src":"https:\/\/i0.wp.com\/www.grieta.org.mx\/wp-content\/uploads\/2021\/03\/1-1.jpg?resize=350%2C200","width":350,"height":200,"srcset":"https:\/\/i0.wp.com\/www.grieta.org.mx\/wp-content\/uploads\/2021\/03\/1-1.jpg?resize=350%2C200 1x, https:\/\/i0.wp.com\/www.grieta.org.mx\/wp-content\/uploads\/2021\/03\/1-1.jpg?resize=525%2C300 1.5x, https:\/\/i0.wp.com\/www.grieta.org.mx\/wp-content\/uploads\/2021\/03\/1-1.jpg?resize=700%2C400 2x"},"classes":[]}],"_links":{"self":[{"href":"http:\/\/www.grieta.org.mx\/index.php\/wp-json\/wp\/v2\/posts\/66408","targetHints":{"allow":["GET"]}}],"collection":[{"href":"http:\/\/www.grieta.org.mx\/index.php\/wp-json\/wp\/v2\/posts"}],"about":[{"href":"http:\/\/www.grieta.org.mx\/index.php\/wp-json\/wp\/v2\/types\/post"}],"author":[{"embeddable":true,"href":"http:\/\/www.grieta.org.mx\/index.php\/wp-json\/wp\/v2\/users\/2"}],"replies":[{"embeddable":true,"href":"http:\/\/www.grieta.org.mx\/index.php\/wp-json\/wp\/v2\/comments?post=66408"}],"version-history":[{"count":1,"href":"http:\/\/www.grieta.org.mx\/index.php\/wp-json\/wp\/v2\/posts\/66408\/revisions"}],"predecessor-version":[{"id":66410,"href":"http:\/\/www.grieta.org.mx\/index.php\/wp-json\/wp\/v2\/posts\/66408\/revisions\/66410"}],"wp:featuredmedia":[{"embeddable":true,"href":"http:\/\/www.grieta.org.mx\/index.php\/wp-json\/wp\/v2\/media\/66409"}],"wp:attachment":[{"href":"http:\/\/www.grieta.org.mx\/index.php\/wp-json\/wp\/v2\/media?parent=66408"}],"wp:term":[{"taxonomy":"category","embeddable":true,"href":"http:\/\/www.grieta.org.mx\/index.php\/wp-json\/wp\/v2\/categories?post=66408"},{"taxonomy":"post_tag","embeddable":true,"href":"http:\/\/www.grieta.org.mx\/index.php\/wp-json\/wp\/v2\/tags?post=66408"}],"curies":[{"name":"wp","href":"https:\/\/api.w.org\/{rel}","templated":true}]}}