{"id":664,"date":"2015-03-06T20:20:42","date_gmt":"2015-03-06T20:20:42","guid":{"rendered":"http:\/\/50.22.11.12\/~grietaor\/?p=664"},"modified":"2016-03-01T20:22:01","modified_gmt":"2016-03-01T20:22:01","slug":"stuaz-se-deslinda-de-la-huelga","status":"publish","type":"post","link":"http:\/\/www.grieta.org.mx\/index.php\/2015\/03\/06\/stuaz-se-deslinda-de-la-huelga\/","title":{"rendered":"STUAZ se deslinda de la huelga"},"content":{"rendered":"<p>Viernes, 6 de marzo de 2015 a las 5:50am<br \/>\nAbigail Salinas<\/p>\n<p>La huelga en la m\u00e1xima casa de estudios \u201ces un asunto pol\u00edtico\u201d, asegur\u00f3 Rafael Rodr\u00edguez Espino, secretario general del Sindicato de Trabajadores de la Universidad Aut\u00f3noma de Zacatecas (STUAZ).<\/p>\n<p>Asimismo, asegur\u00f3 que la Rector\u00eda pag\u00f3 al gremio que dirige, de manera puntual, los salarios y prestaciones correspondientes; \u201cno me deben absolutamente nada porque yo no estall\u00e9 la huelga\u201d.<\/p>\n<p>Dijo adem\u00e1s que detr\u00e1s del movimiento emprendido por el Sindicato de Personal Acad\u00e9mico (SPAUAZ) est\u00e1 el ex rector y diputado con licencia Alfredo Femat Ba\u00f1uelos.<\/p>\n<p>La huelga, sostuvo, \u201cse va a resolver cuando se decidan las plurinominales en el Partido del Trabajo (PT), es lo que \u00e9l est\u00e1 pidiendo y es muy lamentable para la Universidad\u201d.<\/p>\n<p>A continuaci\u00f3n, la entrevista de NTR Medios de Comunicaci\u00f3n con el l\u00edder sindical:<\/p>\n<p>NTR.\u00bfCu\u00e1l es su postura sobre la huelga en la Universidad?<\/p>\n<p>Rafael Rodr\u00edguez Espino (RRE). Est\u00e1 bien, que sigan as\u00ed, que vuelquen a toda la sociedad de Zacatecas en contra del gobierno y apoyen a la Universidad.<\/p>\n<p>Es que los universitarios no hemos tenido la capacidad de decir d\u00f3nde estamos mal;como se dice: queremos ver la casa de enfrente, pero no la nuestra.<\/p>\n<p>NTR. \u00bfUsted qu\u00e9 cree que le hace falta al movimiento?<\/p>\n<p>RRE. Pues va mal porque al SPAUAZ le hace falta dirigentey dejar de echar tanta mentira.<\/p>\n<p>\u00c9l (Crescenciano S\u00e1nchez P\u00e9rez) no informa a su base, es un asunto pol\u00edtico el de la huelga en la Universidad, del cual est\u00e1 atr\u00e1s Alfredo Femat.<\/p>\n<p>Se resolver\u00e1 cuando se decidan las plurinominales en el PT, que es lo que est\u00e1 peleando Alfredo Femat y es muy lamentable que no terminen los paros en la Universidad.<\/p>\n<p>Si no fuera as\u00ed,\u00bfpor qu\u00e9 no cita a una asamblea o a un plebiscito para ver qu\u00e9 opina la gente?Porque entonces se le levantar\u00eda la huelga.<\/p>\n<p>Guardias no hay, las escuelas est\u00e1n solas, la sociedad que aguante; es Alfredo Femat y el comercio que se muera,porque ah\u00ed andan batallando los comerciantes por la falta de venta. Es una locura, una locura pol\u00edtica, una locura de seguridad social que es una mentira.<\/p>\n<p>La denunci\u00e9 hace cerca de dos a\u00f1os, se les olvid\u00f3 que la evidenci\u00e9 cuando eran 800 millones de pesos; dijeron que estaba loco\u00bfY por qu\u00e9 en tiempos electorales sacan eso?<\/p>\n<p>NTR. \u00bfEntonces todo es por cuesti\u00f3n pol\u00edtica?<\/p>\n<p>RRE. Todo es por cuesti\u00f3n pol\u00edtica y estoy dando el nombre de qui\u00e9n: Alfredo Femat Ba\u00f1uelos. En las reuniones del Comit\u00e9 de Huelga s\u00f3lo unos deciden qu\u00e9 se hace, como Neto Perales y Pedro L\u00f3pez J\u00e1quez, por favor de Femat.<\/p>\n<p>NTR. \u00bfA ustedes (STUAZ) ya les lleg\u00f3 la quincena?<\/p>\n<p>RRE. Claro, no estoy en huelga,ya nos pagaron el bono de despensa; no me deben absolutamente nada porque yo no estall\u00e9 la huelga y ya me dieron el retroactivo,no me deben nada.<\/p>\n<p>NTR. \u00bfTodo se est\u00e1 pagando puntualmente?<\/p>\n<p>RRE. S\u00ed, porque nosotros s\u00ed trabajamos y hacemos las cosas que tenemos que hacer.<br \/>\nViernes, 6 de marzo de 2015 a las 5:50am<br \/>\nAbigail Salinas<\/p>\n<p>La huelga en la m\u00e1xima casa de estudios \u201ces un asunto pol\u00edtico\u201d, asegur\u00f3 Rafael Rodr\u00edguez Espino, secretario general del Sindicato de Trabajadores de la Universidad Aut\u00f3noma de Zacatecas (STUAZ).<\/p>\n<p>Asimismo, asegur\u00f3 que la Rector\u00eda pag\u00f3 al gremio que dirige, de manera puntual, los salarios y prestaciones correspondientes; \u201cno me deben absolutamente nada porque yo no estall\u00e9 la huelga\u201d.<\/p>\n<p>Dijo adem\u00e1s que detr\u00e1s del movimiento emprendido por el Sindicato de Personal Acad\u00e9mico (SPAUAZ) est\u00e1 el ex rector y diputado con licencia Alfredo Femat Ba\u00f1uelos.<\/p>\n<p>La huelga, sostuvo, \u201cse va a resolver cuando se decidan las plurinominales en el Partido del Trabajo (PT), es lo que \u00e9l est\u00e1 pidiendo y es muy lamentable para la Universidad\u201d.<\/p>\n<p>A continuaci\u00f3n, la entrevista de NTR Medios de Comunicaci\u00f3n con el l\u00edder sindical:<\/p>\n<p>NTR.\u00bfCu\u00e1l es su postura sobre la huelga en la Universidad?<\/p>\n<p>Rafael Rodr\u00edguez Espino (RRE). Est\u00e1 bien, que sigan as\u00ed, que vuelquen a toda la sociedad de Zacatecas en contra del gobierno y apoyen a la Universidad.<\/p>\n<p>Es que los universitarios no hemos tenido la capacidad de decir d\u00f3nde estamos mal;como se dice: queremos ver la casa de enfrente, pero no la nuestra.<\/p>\n<p>NTR. \u00bfUsted qu\u00e9 cree que le hace falta al movimiento?<\/p>\n<p>RRE. Pues va mal porque al SPAUAZ le hace falta dirigentey dejar de echar tanta mentira.<\/p>\n<p>\u00c9l (Crescenciano S\u00e1nchez P\u00e9rez) no informa a su base, es un asunto pol\u00edtico el de la huelga en la Universidad, del cual est\u00e1 atr\u00e1s Alfredo Femat.<\/p>\n<p>Se resolver\u00e1 cuando se decidan las plurinominales en el PT, que es lo que est\u00e1 peleando Alfredo Femat y es muy lamentable que no terminen los paros en la Universidad.<\/p>\n<p>Si no fuera as\u00ed,\u00bfpor qu\u00e9 no cita a una asamblea o a un plebiscito para ver qu\u00e9 opina la gente?Porque entonces se le levantar\u00eda la huelga.<\/p>\n<p>Guardias no hay, las escuelas est\u00e1n solas, la sociedad que aguante; es Alfredo Femat y el comercio que se muera,porque ah\u00ed andan batallando los comerciantes por la falta de venta. Es una locura, una locura pol\u00edtica, una locura de seguridad social que es una mentira.<\/p>\n<p>La denunci\u00e9 hace cerca de dos a\u00f1os, se les olvid\u00f3 que la evidenci\u00e9 cuando eran 800 millones de pesos; dijeron que estaba loco\u00bfY por qu\u00e9 en tiempos electorales sacan eso?<\/p>\n<p>NTR. \u00bfEntonces todo es por cuesti\u00f3n pol\u00edtica?<\/p>\n<p>RRE. Todo es por cuesti\u00f3n pol\u00edtica y estoy dando el nombre de qui\u00e9n: Alfredo Femat Ba\u00f1uelos. En las reuniones del Comit\u00e9 de Huelga s\u00f3lo unos deciden qu\u00e9 se hace, como Neto Perales y Pedro L\u00f3pez J\u00e1quez, por favor de Femat.<\/p>\n<p>NTR. \u00bfA ustedes (STUAZ) ya les lleg\u00f3 la quincena?<\/p>\n<p>RRE. Claro, no estoy en huelga,ya nos pagaron el bono de despensa; no me deben absolutamente nada porque yo no estall\u00e9 la huelga y ya me dieron el retroactivo,no me deben nada.<\/p>\n<p>NTR. \u00bfTodo se est\u00e1 pagando puntualmente?<\/p>\n<p>RRE. S\u00ed, porque nosotros s\u00ed trabajamos y hacemos las cosas que tenemos que hacer.<\/p>\n<p><a href=\"http:\/\/ntrzacatecas.com\/2015\/03\/06\/huelga-en-la-uaz-un-asunto-politico\/\" target=\"_blank\">ntrzacatecas.com\/2015\/03\/06\/huelga-en-la-uaz-un-asunto-politico\/<\/a><\/p>\n","protected":false},"excerpt":{"rendered":"<p>Viernes, 6 de marzo de 2015 a las 5:50am Abigail Salinas La huelga en la m\u00e1xima casa de estudios \u201ces un asunto pol\u00edtico\u201d, asegur\u00f3 Rafael Rodr\u00edguez Espino, secretario general del &hellip; <a href=\"http:\/\/www.grieta.org.mx\/index.php\/2015\/03\/06\/stuaz-se-deslinda-de-la-huelga\/\" class=\"more-link\">Leer m\u00e1s<\/a><\/p>\n","protected":false},"author":2,"featured_media":21928,"comment_status":"closed","ping_status":"open","sticky":false,"template":"","format":"standard","meta":{"ngg_post_thumbnail":0,"_jetpack_newsletter_access":"","_jetpack_dont_email_post_to_subs":false,"_jetpack_newsletter_tier_id":0,"_jetpack_memberships_contains_paywalled_content":false,"_jetpack_memberships_contains_paid_content":false,"footnotes":""},"categories":[80,139],"tags":[105,107],"class_list":["post-664","post","type-post","status-publish","format-standard","has-post-thumbnail","hentry","category-cintillo","category-zacatecas","tag-derechos-laborales","tag-educacion","entry"],"jetpack_featured_media_url":"http:\/\/www.grieta.org.mx\/wp-content\/uploads\/2018\/03\/14524434_1106112876131411_958039263622046936_o.jpg","jetpack_sharing_enabled":true,"jetpack_shortlink":"https:\/\/wp.me\/p7ZJR4-aI","jetpack_likes_enabled":false,"jetpack-related-posts":[{"id":590,"url":"http:\/\/www.grieta.org.mx\/index.php\/2016\/02\/12\/planta-rector-a-spauaz-stuaz-rechaza-huelga\/","url_meta":{"origin":664,"position":0},"title":"Planta rector a SPAUAZ; STUAZ rechaza huelga","author":"grieta","date":"12 febrero, 2016","format":false,"excerpt":"Viernes, 12 de febrero de 2016 ABIGAIL SALINAS Zacatecas.- El rector de la Universidad Aut\u00f3noma de Zacatecas (UAZ), Armando Silva Ch\u00e1irez, falt\u00f3 a la cita programada este viernes con el delegado del Fovissste y miembros del SPAUAZ. El delegado del Fovissste, Eduardo Duarte Escare\u00f1o, refiri\u00f3 que se esperaba que el\u2026","rel":"","context":"En &quot;CINTILLO&quot;","block_context":{"text":"CINTILLO","link":"http:\/\/www.grieta.org.mx\/index.php\/category\/cintillo\/"},"img":{"alt_text":"","src":"https:\/\/i0.wp.com\/www.grieta.org.mx\/wp-content\/uploads\/2018\/03\/14524434_1106112876131411_958039263622046936_o.jpg?resize=350%2C200","width":350,"height":200,"srcset":"https:\/\/i0.wp.com\/www.grieta.org.mx\/wp-content\/uploads\/2018\/03\/14524434_1106112876131411_958039263622046936_o.jpg?resize=350%2C200 1x, https:\/\/i0.wp.com\/www.grieta.org.mx\/wp-content\/uploads\/2018\/03\/14524434_1106112876131411_958039263622046936_o.jpg?resize=525%2C300 1.5x, https:\/\/i0.wp.com\/www.grieta.org.mx\/wp-content\/uploads\/2018\/03\/14524434_1106112876131411_958039263622046936_o.jpg?resize=700%2C400 2x"},"classes":[]},{"id":678,"url":"http:\/\/www.grieta.org.mx\/index.php\/2016\/02\/15\/conflictos-en-la-universidad-autonoma-de-zacatecas\/","url_meta":{"origin":664,"position":1},"title":"Conflictos en la Universidad Aut\u00f3noma de Zacatecas","author":"grieta","date":"15 febrero, 2016","format":false,"excerpt":"15\/02\/16. Otro Paro en la UAZ NTR Zacatecas 12\/02\/16. Planta rector a SPAUAZ; STUAZ rechaza huelga NTR Zacatecas 27\/01\/16. Paro general en la UAZ NTR Zacatecas 26\/01\/16. Condicionan a alumnos de medicina de la UAZ NTR Zacatecas 18\/01\/16. Denuncia SPAUAZ a rector por peculado NTR Zacatecas 17\/12\/15. Prestar\u00e1 SPAUAZ dinero\u2026","rel":"","context":"En &quot;Zacatecas&quot;","block_context":{"text":"Zacatecas","link":"http:\/\/www.grieta.org.mx\/index.php\/category\/noticias-nacionales\/zacatecas\/"},"img":{"alt_text":"","src":"https:\/\/i0.wp.com\/www.grieta.org.mx\/wp-content\/uploads\/2018\/03\/14524434_1106112876131411_958039263622046936_o.jpg?resize=350%2C200","width":350,"height":200,"srcset":"https:\/\/i0.wp.com\/www.grieta.org.mx\/wp-content\/uploads\/2018\/03\/14524434_1106112876131411_958039263622046936_o.jpg?resize=350%2C200 1x, https:\/\/i0.wp.com\/www.grieta.org.mx\/wp-content\/uploads\/2018\/03\/14524434_1106112876131411_958039263622046936_o.jpg?resize=525%2C300 1.5x, https:\/\/i0.wp.com\/www.grieta.org.mx\/wp-content\/uploads\/2018\/03\/14524434_1106112876131411_958039263622046936_o.jpg?resize=700%2C400 2x"},"classes":[]},{"id":675,"url":"http:\/\/www.grieta.org.mx\/index.php\/2015\/02\/16\/docentes-de-zacatecas-activan-paro-de-brazos-caidos\/","url_meta":{"origin":664,"position":2},"title":"Docentes de Zacatecas activan paro de brazos ca\u00eddos","author":"grieta","date":"16 febrero, 2015","format":false,"excerpt":"Sin Embargo Por Redacci\u00f3n \/ Sin Embargo febrero 16, 2015 Zacatecas, 16 Feb (Notimex).- Los docentes de la Universidad Aut\u00f3noma de Zacatecas (UAZ) iniciaron este lunes un paro de \u201cbrazos ca\u00eddos\u201d en esa casa de estudios en demanda de la soluci\u00f3n al problema econ\u00f3mico. En entrevista, el secretario general del\u2026","rel":"","context":"En &quot;CINTILLO&quot;","block_context":{"text":"CINTILLO","link":"http:\/\/www.grieta.org.mx\/index.php\/category\/cintillo\/"},"img":{"alt_text":"","src":"https:\/\/i0.wp.com\/www.grieta.org.mx\/wp-content\/uploads\/2018\/03\/14524434_1106112876131411_958039263622046936_o.jpg?resize=350%2C200","width":350,"height":200,"srcset":"https:\/\/i0.wp.com\/www.grieta.org.mx\/wp-content\/uploads\/2018\/03\/14524434_1106112876131411_958039263622046936_o.jpg?resize=350%2C200 1x, https:\/\/i0.wp.com\/www.grieta.org.mx\/wp-content\/uploads\/2018\/03\/14524434_1106112876131411_958039263622046936_o.jpg?resize=525%2C300 1.5x, https:\/\/i0.wp.com\/www.grieta.org.mx\/wp-content\/uploads\/2018\/03\/14524434_1106112876131411_958039263622046936_o.jpg?resize=700%2C400 2x"},"classes":[]},{"id":71056,"url":"http:\/\/www.grieta.org.mx\/index.php\/2025\/02\/18\/profesores-de-la-uaz-se-van-a-huelga-para-exigir-mejores-condiciones-laborales-zacatecas\/","url_meta":{"origin":664,"position":3},"title":"Profesores de la UAZ se van a huelga para exigir mejores condiciones laborales (Zacatecas)","author":"grieta","date":"18 febrero, 2025","format":false,"excerpt":"Proceso Por Alonso Ch\u00e1vez Landeros martes, 18 de febrero de 2025 \u00b7 ZACATECAS, Zac. (apro).- Este mediod\u00eda de martes fueron colocadas las banderas rojinegras en la Universidad Aut\u00f3noma de Zacatecas (UAZ) tras estallar la huelga los integrantes del Sindicato de Personal Acad\u00e9mico (SPAUAZ). La huelga fue aprobada por la mayor\u00eda\u2026","rel":"","context":"En &quot;CINTILLO&quot;","block_context":{"text":"CINTILLO","link":"http:\/\/www.grieta.org.mx\/index.php\/category\/cintillo\/"},"img":{"alt_text":"","src":"https:\/\/i0.wp.com\/www.grieta.org.mx\/wp-content\/uploads\/2025\/02\/f685x385-217268_254961_5050.webp?resize=350%2C200","width":350,"height":200,"srcset":"https:\/\/i0.wp.com\/www.grieta.org.mx\/wp-content\/uploads\/2025\/02\/f685x385-217268_254961_5050.webp?resize=350%2C200 1x, https:\/\/i0.wp.com\/www.grieta.org.mx\/wp-content\/uploads\/2025\/02\/f685x385-217268_254961_5050.webp?resize=525%2C300 1.5x"},"classes":[]},{"id":71197,"url":"http:\/\/www.grieta.org.mx\/index.php\/2025\/02\/27\/acciones-anti-huelga-del-rector-provoca-sancion-economica-a-la-uaz-zacatecas\/","url_meta":{"origin":664,"position":4},"title":"Acciones anti-huelga del rector provoca sanci\u00f3n econ\u00f3mica a la UAZ (Zacatecas)","author":"grieta","date":"27 febrero, 2025","format":false,"excerpt":"El tribunal laboral impone multa de m\u00e1s de 148 mil pesos El Sol de Zacatecas, 27 de febrero de 2025 Ana Vacio El Tribunal Laboral del Poder Judicial del Estado, impuso una multa de 148 mil 552.82 pesos a la Universidad Aut\u00f3noma de Zacatecas (UAZ), por varios videos en los\u2026","rel":"","context":"En &quot;CINTILLO&quot;","block_context":{"text":"CINTILLO","link":"http:\/\/www.grieta.org.mx\/index.php\/category\/cintillo\/"},"img":{"alt_text":"","src":"https:\/\/i0.wp.com\/www.grieta.org.mx\/wp-content\/uploads\/2025\/02\/Campus-siglo-XXI-UAZ.webp?resize=350%2C200","width":350,"height":200,"srcset":"https:\/\/i0.wp.com\/www.grieta.org.mx\/wp-content\/uploads\/2025\/02\/Campus-siglo-XXI-UAZ.webp?resize=350%2C200 1x, https:\/\/i0.wp.com\/www.grieta.org.mx\/wp-content\/uploads\/2025\/02\/Campus-siglo-XXI-UAZ.webp?resize=525%2C300 1.5x, https:\/\/i0.wp.com\/www.grieta.org.mx\/wp-content\/uploads\/2025\/02\/Campus-siglo-XXI-UAZ.webp?resize=700%2C400 2x, https:\/\/i0.wp.com\/www.grieta.org.mx\/wp-content\/uploads\/2025\/02\/Campus-siglo-XXI-UAZ.webp?resize=1050%2C600 3x"},"classes":[]},{"id":27397,"url":"http:\/\/www.grieta.org.mx\/index.php\/2016\/01\/08\/suman-9-anos-de-huelga-en-minas-san-martin-taxco-y-cananea\/","url_meta":{"origin":664,"position":5},"title":"Suman 9 a\u00f1os de huelga en minas San Mart\u00edn, Taxco y Cananea","author":"grieta","date":"8 enero, 2016","format":false,"excerpt":"Irma Mej\u00eda\/El Universal Se han cumplido nueve a\u00f1os de las huelgas en la mina San Mart\u00edn en Zacatecas, as\u00ed como en Taxco, Guerrero y Cananea, Sonora que ha derivado en una serie de conflictos al interior del Sindicato Minero, as\u00ed como un rosario de amparos de ambas partes, situaci\u00f3n que\u2026","rel":"","context":"En &quot;CINTILLO&quot;","block_context":{"text":"CINTILLO","link":"http:\/\/www.grieta.org.mx\/index.php\/category\/cintillo\/"},"img":{"alt_text":"","src":"https:\/\/i0.wp.com\/www.grieta.org.mx\/wp-content\/uploads\/2018\/03\/14524434_1106112876131411_958039263622046936_o.jpg?resize=350%2C200","width":350,"height":200,"srcset":"https:\/\/i0.wp.com\/www.grieta.org.mx\/wp-content\/uploads\/2018\/03\/14524434_1106112876131411_958039263622046936_o.jpg?resize=350%2C200 1x, https:\/\/i0.wp.com\/www.grieta.org.mx\/wp-content\/uploads\/2018\/03\/14524434_1106112876131411_958039263622046936_o.jpg?resize=525%2C300 1.5x, https:\/\/i0.wp.com\/www.grieta.org.mx\/wp-content\/uploads\/2018\/03\/14524434_1106112876131411_958039263622046936_o.jpg?resize=700%2C400 2x"},"classes":[]}],"_links":{"self":[{"href":"http:\/\/www.grieta.org.mx\/index.php\/wp-json\/wp\/v2\/posts\/664","targetHints":{"allow":["GET"]}}],"collection":[{"href":"http:\/\/www.grieta.org.mx\/index.php\/wp-json\/wp\/v2\/posts"}],"about":[{"href":"http:\/\/www.grieta.org.mx\/index.php\/wp-json\/wp\/v2\/types\/post"}],"author":[{"embeddable":true,"href":"http:\/\/www.grieta.org.mx\/index.php\/wp-json\/wp\/v2\/users\/2"}],"replies":[{"embeddable":true,"href":"http:\/\/www.grieta.org.mx\/index.php\/wp-json\/wp\/v2\/comments?post=664"}],"version-history":[{"count":1,"href":"http:\/\/www.grieta.org.mx\/index.php\/wp-json\/wp\/v2\/posts\/664\/revisions"}],"predecessor-version":[{"id":666,"href":"http:\/\/www.grieta.org.mx\/index.php\/wp-json\/wp\/v2\/posts\/664\/revisions\/666"}],"wp:featuredmedia":[{"embeddable":true,"href":"http:\/\/www.grieta.org.mx\/index.php\/wp-json\/wp\/v2\/media\/21928"}],"wp:attachment":[{"href":"http:\/\/www.grieta.org.mx\/index.php\/wp-json\/wp\/v2\/media?parent=664"}],"wp:term":[{"taxonomy":"category","embeddable":true,"href":"http:\/\/www.grieta.org.mx\/index.php\/wp-json\/wp\/v2\/categories?post=664"},{"taxonomy":"post_tag","embeddable":true,"href":"http:\/\/www.grieta.org.mx\/index.php\/wp-json\/wp\/v2\/tags?post=664"}],"curies":[{"name":"wp","href":"https:\/\/api.w.org\/{rel}","templated":true}]}}