{"id":66396,"date":"2023-03-02T09:29:07","date_gmt":"2023-03-02T15:29:07","guid":{"rendered":"https:\/\/www.grieta.org.mx\/?p=66396"},"modified":"2023-03-05T09:36:38","modified_gmt":"2023-03-05T15:36:38","slug":"leslie-desaparecio-hace-6-anos-funcionarios-se-justifican-son-muchos-casos-y-poco-personal-colima","status":"publish","type":"post","link":"http:\/\/www.grieta.org.mx\/index.php\/2023\/03\/02\/leslie-desaparecio-hace-6-anos-funcionarios-se-justifican-son-muchos-casos-y-poco-personal-colima\/","title":{"rendered":"Leslie desapareci\u00f3 hace 6 a\u00f1os; funcionarios se justifican: son muchos casos y poco personal (Colima)"},"content":{"rendered":"<p>Imagen: Diario Avanzada<\/p>\n<p>Redacci\u00f3n \/ Diario Avanzada<\/p>\n<p>Colima, M\u00e9xico, Avanzada (02\/03\/2023).- Ana Silvia Larios Moreno, madre de Leslie Alejandra Flores Larios, consider\u00f3 vergonzoso tener en Colima una autoridad que ha sido incapaz de dar una respuesta clara y precisa a los familiares de las personas desaparecidas.<\/p>\n<p>\u201cEntendemos que no se puede culpar a los servidores p\u00fablicos de cada caso de desaparici\u00f3n, pero s\u00ed son responsables de este caos que se vive, de esta falta de resultados que revictimiza a\u00fan m\u00e1s a las v\u00edctimas directas e indirectas\u201d, dijo la tarde del mi\u00e9rcoles durante un acto frente al Palacio de Gobierno por el sexto aniversario de la desaparici\u00f3n de su hija.<\/p>\n<p>El 1 de marzo de 2017, la estudiante de Derecho Leslie Alejandra sali\u00f3 de su domicilio en Villa de \u00c1lvarez, tom\u00f3 un taxi para ir a realizar un trabajo escolar y desde entonces se desconoce su paradero, mientras que despu\u00e9s de seis a\u00f1os las autoridades no han podido localizarla.<\/p>\n<p>\u201cLos funcionarios reci\u00e9n llegados tratan de justificarse con el argumento de que son muchos los casos y cuentan con poco personal y escasos recursos. Mientras tanto, hay expedientes con m\u00e1s de 1,500 hojas, adem\u00e1s de que las averiguaciones y las diligencias se acumulan, dejando a la ciudadan\u00eda indefensa y a los delincuentes impunes\u201d, coment\u00f3 Ana Silvia Larios en el evento en el que particip\u00f3 junto con su esposo y sus dos hijas.<\/p>\n<p>Advirti\u00f3 que desafortunadamente los n\u00fameros de personas desaparecidas no localizadas en Colima siguen creciendo sin parar.<\/p>\n<p>\u201cSeg\u00fan los datos oficiales, en el estado hay actualmente 1,500 denuncias de personas que permanecen en situaci\u00f3n de desaparecidas, pero sabemos que la cantidad real es muy superior, porque muchas familias prefieren no presentar denuncia formal por diversas razones, entre ellas el miedo\u201d.<\/p>\n<p>A\u00f1adi\u00f3: \u201cCon tristeza y preocupaci\u00f3n vemos que el fen\u00f3meno de la desaparici\u00f3n de personas en Colima ha adquirido dimensiones de crisis humanitaria, pues se ha convertido en una tragedia que rebasa ya el \u00e1mbito de las familias para implicar a toda la sociedad, aunque \u00e9sta no haya reaccionado a\u00fan de manera proporcional a la gravedad de la situaci\u00f3n\u201d.<\/p>\n<p>Dijo que adem\u00e1s de las altas cifras de asesinatos, resulta may\u00fasculo y urgente de atender el reto que tienen las autoridades y la sociedad colimense en materia de desaparici\u00f3n de personas, un delito que por sus caracter\u00edsticas e implicaciones para las v\u00edctimas y sus familiares, requiere un trato especializado.<\/p>\n<p>\u201cQue les quede claro a las autoridades que la omisi\u00f3n y la inacci\u00f3n tambi\u00e9n es corrupci\u00f3n. \u00bfCu\u00e1ntas familias m\u00e1s necesitan levantarse en la lucha para devolver la tranquilidad a Colima? \u00bfQu\u00e9 se necesita para mover la rueda de la justicia y encontrar a tantos desaparecidos?\u201d, cuestion\u00f3 la tambi\u00e9n integrante de la Red Desaparecidos en Colima A.C.<\/p>\n<p>\u201cNo es posible seguir viendo el sufrimiento de una madre ante la indiferencia de las autoridades. \u00bfNecesitamos las familias unirnos, luchar y apoyarnos para localizar a los nuestros? Podr\u00e1n argumentar miles de excusas, culpar a las v\u00edctimas, criminalizar o juzgar a las familias. \u00bfPero cu\u00e1ndo devolver\u00e1n la tranquilidad a esta ciudad? S\u00f3lo quiero preguntar: \u00bfCu\u00e1nto dolor m\u00e1s tenemos que sufrir para obtener una respuesta?\u201d<\/p>\n<p>Cont\u00f3 que cuando desapareci\u00f3, mi hija ten\u00eda 24 a\u00f1os y estaba estudiando la carrera de Derecho. Con su car\u00e1cter sensible y su inconformidad ante las injusticias, decidi\u00f3 seguir esa profesi\u00f3n porque quer\u00eda prepararse para ayudar en la defensa de las personas de los sectores vulnerables de la sociedad.<\/p>\n<p>\u201cNadie m\u00e1s ha sabido algo de ella. Nadie ha podido darnos noticia del lugar en que se encuentra: Ni sus amistades, ni las personas que la conoc\u00edan. Tampoco las autoridades responsables han tenido la capacidad para encontrarla a lo largo de estos seis a\u00f1os interminables\u201d.<\/p>\n<p>Pidi\u00f3 a la sociedad que se una a marchas, que alce su voz ante esta situaci\u00f3n, que preste sus ojos u o\u00eddos si ha visto o escuchado algo. Los ciudadanos pueden mandar un mensaje an\u00f3nimo a trav\u00e9s de la p\u00e1gina en Facebook Red Desaparecidos en Colima A.C., o mediante una carta en alguna iglesia, para decirnos si saben de alg\u00fan desaparecido.<\/p>\n<p>\u201cEl caso de las personas desaparecidas no es como lo se\u00f1alan algunos sectores de la sociedad, que andaban en malos pasos o que fue un ajuste de cuentas. Lo que sea, no tienen ning\u00fan derecho a desaparecerlos, no tienen derecho a llev\u00e1rselos ni a asesinar a nadie. Est\u00e1n acabando con la sociedad y eso es lo m\u00e1s doloroso en un Colima que antes era muy tranquilo\u201d.<\/p>\n<p><a href=\"https:\/\/www.diarioavanzada.com.mx\/?p=40296\">https:\/\/www.diarioavanzada.com.mx\/?p=40296<\/a><\/p>\n<p>&nbsp;<\/p>\n","protected":false},"excerpt":{"rendered":"<p>Imagen: Diario Avanzada Redacci\u00f3n \/ Diario Avanzada Colima, M\u00e9xico, Avanzada (02\/03\/2023).- Ana Silvia Larios Moreno, madre de Leslie Alejandra Flores Larios, consider\u00f3 vergonzoso tener en Colima una autoridad que ha &hellip; <a href=\"http:\/\/www.grieta.org.mx\/index.php\/2023\/03\/02\/leslie-desaparecio-hace-6-anos-funcionarios-se-justifican-son-muchos-casos-y-poco-personal-colima\/\" class=\"more-link\">Leer m\u00e1s<\/a><\/p>\n","protected":false},"author":2,"featured_media":66398,"comment_status":"closed","ping_status":"closed","sticky":false,"template":"","format":"standard","meta":{"ngg_post_thumbnail":0,"_jetpack_newsletter_access":"","_jetpack_dont_email_post_to_subs":false,"_jetpack_newsletter_tier_id":0,"_jetpack_memberships_contains_paywalled_content":false,"_jetpack_memberships_contains_paid_content":false,"footnotes":""},"categories":[80,13,87,1829,2,83],"tags":[3791,1490,1828,631,2314,1668,2270,1228],"class_list":["post-66396","post","type-post","status-publish","format-standard","has-post-thumbnail","hentry","category-cintillo","category-colima","category-desaparecidos","category-desaparecidos-en-colima","category-noticias-nacionales","category-temas-nacionales","tag-acciones-por-desaparecidos","tag-adolescentes-desaparecidas","tag-busqueda-de-desaparecidos","tag-desaparecidas","tag-estudiantes-desaparecidos","tag-familiares-de-desaparecidos","tag-mujeres-desaparecidas","tag-protestas-por-desaparecidos","entry"],"jetpack_featured_media_url":"http:\/\/www.grieta.org.mx\/wp-content\/uploads\/2023\/03\/image-17.png","jetpack_sharing_enabled":true,"jetpack_shortlink":"https:\/\/wp.me\/p7ZJR4-hgU","jetpack_likes_enabled":false,"jetpack-related-posts":[{"id":60398,"url":"http:\/\/www.grieta.org.mx\/index.php\/2021\/07\/06\/familias-de-colima-recorren-jalisco-buscando-a-sus-desaparecidos\/","url_meta":{"origin":66396,"position":0},"title":"Familias de Colima recorren Jalisco buscando a sus desaparecidos","author":"grieta","date":"6 julio, 2021","format":false,"excerpt":"Foto:\u00a0 Diario Avanzada Heidi de Le\u00f3n Guti\u00e9rrez \/ Diario Avanzada Colima, M\u00e9xico, Avanzada (06\/07\/2021).- Integrantes de la Red de Personas Desaparecidas en Colima se encuentran en Jalisco para buscar a sus familiares \u00a0en hospitales, albergues,\u00a0 centros penitenciarios \u00a0y en distintos puntos de esa entidad como parte de la Jornada Nacional\u2026","rel":"","context":"En &quot;CINTILLO&quot;","block_context":{"text":"CINTILLO","link":"http:\/\/www.grieta.org.mx\/index.php\/category\/cintillo\/"},"img":{"alt_text":"","src":"https:\/\/i0.wp.com\/www.grieta.org.mx\/wp-content\/uploads\/2021\/07\/Des.png?resize=350%2C200","width":350,"height":200},"classes":[]},{"id":4238,"url":"http:\/\/www.grieta.org.mx\/index.php\/2016\/09\/12\/desaparecidos-en-colima-2\/","url_meta":{"origin":66396,"position":1},"title":"Desaparecidos en Colima","author":"grieta","date":"12 septiembre, 2016","format":false,"excerpt":"12\/09\/16. Colima reporta 48 personas desaparecidas de enero a julio de este a\u00f1oDiario Avanzada 21\/07\/16. Madres de desaparecidos en Colima se unen a protesta en la CDMX y anuncian huelga de hambreDiario Avanzada 21\/03\/16. Colima tercer lugar nacional con mayor n\u00famero de desapariciones forzadas: PGRDiario Avanzada 06\/10\/15. Colima registra 140\u2026","rel":"","context":"En &quot;Colima&quot;","block_context":{"text":"Colima","link":"http:\/\/www.grieta.org.mx\/index.php\/category\/noticias-nacionales\/colima\/"},"img":{"alt_text":"","src":"https:\/\/i0.wp.com\/www.grieta.org.mx\/wp-content\/uploads\/2018\/03\/14524434_1106112876131411_958039263622046936_o.jpg?resize=350%2C200","width":350,"height":200,"srcset":"https:\/\/i0.wp.com\/www.grieta.org.mx\/wp-content\/uploads\/2018\/03\/14524434_1106112876131411_958039263622046936_o.jpg?resize=350%2C200 1x, https:\/\/i0.wp.com\/www.grieta.org.mx\/wp-content\/uploads\/2018\/03\/14524434_1106112876131411_958039263622046936_o.jpg?resize=525%2C300 1.5x, https:\/\/i0.wp.com\/www.grieta.org.mx\/wp-content\/uploads\/2018\/03\/14524434_1106112876131411_958039263622046936_o.jpg?resize=700%2C400 2x"},"classes":[]},{"id":72274,"url":"http:\/\/www.grieta.org.mx\/index.php\/2025\/08\/30\/realizan-vigilia-por-las-personas-desaparecidas-en-colima\/","url_meta":{"origin":66396,"position":2},"title":"Realizan vigilia por las personas desaparecidas en Colima","author":"grieta","date":"30 agosto, 2025","format":false,"excerpt":"Imagen: edro Zamora Brise\u00f1o Redacci\u00f3n \/ Diario Avanzada Colima, M\u00e9xico, Avanzada (30\/08\/2025).-\u00a0Familiares de personas desaparecidas realizaron la noche del viernes una vigilia en memoria de las v\u00edctimas de este delito, en la plaza que lleva su nombre, por la Calzada Galv\u00e1n,\u00a0a un costado del parque de la Piedra Lisa. Convocadas\u2026","rel":"","context":"En &quot;CINTILLO&quot;","block_context":{"text":"CINTILLO","link":"http:\/\/www.grieta.org.mx\/index.php\/category\/cintillo\/"},"img":{"alt_text":"","src":"https:\/\/i0.wp.com\/www.grieta.org.mx\/wp-content\/uploads\/2025\/08\/3cdcbd90-3d79-491c-bc72-1f726864740a-1-1536x1152-1.webp?resize=350%2C200","width":350,"height":200,"srcset":"https:\/\/i0.wp.com\/www.grieta.org.mx\/wp-content\/uploads\/2025\/08\/3cdcbd90-3d79-491c-bc72-1f726864740a-1-1536x1152-1.webp?resize=350%2C200 1x, https:\/\/i0.wp.com\/www.grieta.org.mx\/wp-content\/uploads\/2025\/08\/3cdcbd90-3d79-491c-bc72-1f726864740a-1-1536x1152-1.webp?resize=525%2C300 1.5x, https:\/\/i0.wp.com\/www.grieta.org.mx\/wp-content\/uploads\/2025\/08\/3cdcbd90-3d79-491c-bc72-1f726864740a-1-1536x1152-1.webp?resize=700%2C400 2x, https:\/\/i0.wp.com\/www.grieta.org.mx\/wp-content\/uploads\/2025\/08\/3cdcbd90-3d79-491c-bc72-1f726864740a-1-1536x1152-1.webp?resize=1050%2C600 3x, https:\/\/i0.wp.com\/www.grieta.org.mx\/wp-content\/uploads\/2025\/08\/3cdcbd90-3d79-491c-bc72-1f726864740a-1-1536x1152-1.webp?resize=1400%2C800 4x"},"classes":[]},{"id":53902,"url":"http:\/\/www.grieta.org.mx\/index.php\/2020\/09\/28\/leslie-y-jenny-desaparecieron-al-subir-a-un-taxi-en-colima\/","url_meta":{"origin":66396,"position":3},"title":"Leslie y Jenny desaparecieron al subir a un taxi en Colima","author":"grieta","date":"28 septiembre, 2020","format":false,"excerpt":"Imagenes: Diario Avanzada \u00a0 Heidi de Le\u00f3n Guti\u00e9rrez \/ Diario Avanzada Colima, M\u00e9xico, Avanzada (28\/09\/2020).- Jennifer y Leslie no se conocieron, pero las dos desaparecieron en el municipio de Colima despu\u00e9s de abordar un taxi. Hasta la fecha, sus familiares las siguen buscando, mientras que los avances en la Fiscal\u00eda\u2026","rel":"","context":"En &quot;CINTILLO&quot;","block_context":{"text":"CINTILLO","link":"http:\/\/www.grieta.org.mx\/index.php\/category\/cintillo\/"},"img":{"alt_text":"","src":"https:\/\/i0.wp.com\/www.grieta.org.mx\/wp-content\/uploads\/2020\/10\/image-244.png?resize=350%2C200","width":350,"height":200,"srcset":"https:\/\/i0.wp.com\/www.grieta.org.mx\/wp-content\/uploads\/2020\/10\/image-244.png?resize=350%2C200 1x, https:\/\/i0.wp.com\/www.grieta.org.mx\/wp-content\/uploads\/2020\/10\/image-244.png?resize=525%2C300 1.5x"},"classes":[]},{"id":49342,"url":"http:\/\/www.grieta.org.mx\/index.php\/2020\/05\/10\/continuan-desapareciendo-personas-en-colima-este-10-de-mayo-nada-que-celebrar\/","url_meta":{"origin":66396,"position":4},"title":"Contin\u00faan desapareciendo personas en Colima, \u201ceste 10 de mayo nada que celebrar\u201d","author":"grieta","date":"10 mayo, 2020","format":false,"excerpt":"Imagen: Diario Avanzada Redacci\u00f3n \/ Diario Avanzada Colima, M\u00e9xico, Avanzada (10\/05\/2020).- La Fiscal\u00eda General del Estado de Colima reporta 8 personas desaparecidas, en el per\u00edodo comprendido del 17 de abril al 6 de mayo de 2020 en su p\u00e1gina web, en el apartado \u201cdesaparecidos\u201d. En otro espacio se encuentran la\u2026","rel":"","context":"En &quot;CINTILLO&quot;","block_context":{"text":"CINTILLO","link":"http:\/\/www.grieta.org.mx\/index.php\/category\/cintillo\/"},"img":{"alt_text":"","src":"https:\/\/i0.wp.com\/www.grieta.org.mx\/wp-content\/uploads\/2020\/05\/97127903_281176699709177_6094025677776879616_n.jpg?resize=350%2C200","width":350,"height":200,"srcset":"https:\/\/i0.wp.com\/www.grieta.org.mx\/wp-content\/uploads\/2020\/05\/97127903_281176699709177_6094025677776879616_n.jpg?resize=350%2C200 1x, https:\/\/i0.wp.com\/www.grieta.org.mx\/wp-content\/uploads\/2020\/05\/97127903_281176699709177_6094025677776879616_n.jpg?resize=525%2C300 1.5x, https:\/\/i0.wp.com\/www.grieta.org.mx\/wp-content\/uploads\/2020\/05\/97127903_281176699709177_6094025677776879616_n.jpg?resize=700%2C400 2x, https:\/\/i0.wp.com\/www.grieta.org.mx\/wp-content\/uploads\/2020\/05\/97127903_281176699709177_6094025677776879616_n.jpg?resize=1050%2C600 3x"},"classes":[]},{"id":49946,"url":"http:\/\/www.grieta.org.mx\/index.php\/2020\/05\/25\/imparable-cifra-de-desaparecidos-en-colima-superaria-los-750\/","url_meta":{"origin":66396,"position":5},"title":"Imparable, cifra de desaparecidos en Colima superar\u00eda los 750 (Colima)","author":"grieta","date":"25 mayo, 2020","format":false,"excerpt":"Foto: Diario Avanzada Heidi de Le\u00f3n Guti\u00e9rrez \/ Diario Avanzada Colima,\u00a0 M\u00e9xico, Avanzada (25\/05\/2020).- En Colima, el n\u00famero de desaparecido va en aumento y aunque no existe una cifra oficial p\u00fablica, \u00e9sta podr\u00eda superar las 750 personas. Lo anterior fue se\u00f1alado por la integrante del Comit\u00e9 de B\u00fasqueda de Personas\u2026","rel":"","context":"En &quot;CINTILLO&quot;","block_context":{"text":"CINTILLO","link":"http:\/\/www.grieta.org.mx\/index.php\/category\/cintillo\/"},"img":{"alt_text":"","src":"https:\/\/i0.wp.com\/www.grieta.org.mx\/wp-content\/uploads\/2020\/05\/97545289_1318113668398545_3799757665555447808_n.jpg?resize=350%2C200","width":350,"height":200,"srcset":"https:\/\/i0.wp.com\/www.grieta.org.mx\/wp-content\/uploads\/2020\/05\/97545289_1318113668398545_3799757665555447808_n.jpg?resize=350%2C200 1x, https:\/\/i0.wp.com\/www.grieta.org.mx\/wp-content\/uploads\/2020\/05\/97545289_1318113668398545_3799757665555447808_n.jpg?resize=525%2C300 1.5x, https:\/\/i0.wp.com\/www.grieta.org.mx\/wp-content\/uploads\/2020\/05\/97545289_1318113668398545_3799757665555447808_n.jpg?resize=700%2C400 2x"},"classes":[]}],"_links":{"self":[{"href":"http:\/\/www.grieta.org.mx\/index.php\/wp-json\/wp\/v2\/posts\/66396","targetHints":{"allow":["GET"]}}],"collection":[{"href":"http:\/\/www.grieta.org.mx\/index.php\/wp-json\/wp\/v2\/posts"}],"about":[{"href":"http:\/\/www.grieta.org.mx\/index.php\/wp-json\/wp\/v2\/types\/post"}],"author":[{"embeddable":true,"href":"http:\/\/www.grieta.org.mx\/index.php\/wp-json\/wp\/v2\/users\/2"}],"replies":[{"embeddable":true,"href":"http:\/\/www.grieta.org.mx\/index.php\/wp-json\/wp\/v2\/comments?post=66396"}],"version-history":[{"count":1,"href":"http:\/\/www.grieta.org.mx\/index.php\/wp-json\/wp\/v2\/posts\/66396\/revisions"}],"predecessor-version":[{"id":66400,"href":"http:\/\/www.grieta.org.mx\/index.php\/wp-json\/wp\/v2\/posts\/66396\/revisions\/66400"}],"wp:featuredmedia":[{"embeddable":true,"href":"http:\/\/www.grieta.org.mx\/index.php\/wp-json\/wp\/v2\/media\/66398"}],"wp:attachment":[{"href":"http:\/\/www.grieta.org.mx\/index.php\/wp-json\/wp\/v2\/media?parent=66396"}],"wp:term":[{"taxonomy":"category","embeddable":true,"href":"http:\/\/www.grieta.org.mx\/index.php\/wp-json\/wp\/v2\/categories?post=66396"},{"taxonomy":"post_tag","embeddable":true,"href":"http:\/\/www.grieta.org.mx\/index.php\/wp-json\/wp\/v2\/tags?post=66396"}],"curies":[{"name":"wp","href":"https:\/\/api.w.org\/{rel}","templated":true}]}}