{"id":6630,"date":"2016-02-03T01:07:53","date_gmt":"2016-02-03T01:07:53","guid":{"rendered":"http:\/\/50.22.11.12\/~grietaor\/?p=6630"},"modified":"2016-03-29T01:10:44","modified_gmt":"2016-03-29T01:10:44","slug":"protestan-maestros-frente-a-palacio-de-gobierno-del-estado","status":"publish","type":"post","link":"http:\/\/www.grieta.org.mx\/index.php\/2016\/02\/03\/protestan-maestros-frente-a-palacio-de-gobierno-del-estado\/","title":{"rendered":"Protestan maestros frente a palacio de Gobierno del Estado"},"content":{"rendered":"<p>Alejandro Garc\u00eda, Mexicali, B.C.<\/p>\n<p>Debido a un atraso en el pago del diferencial de retiro correspondiente a enero a seis mil 700 maestros pensionados, alrededor de 50 de estos antiguos trabajadores se manifestaron frente al edificio que alberga el Poder Ejecutivo del Estado, en Mexicali, para exigirle al gobernador liquide la deuda de aproximadamente 22 millones de pesos.<\/p>\n<p>El secretario general del Comit\u00e9 Delegacional IV-1 de la secci\u00f3n II del Sindicato Nacional de Trabajadores de la Educaci\u00f3n (SNTE), Juan Viaduri Padilla, explic\u00f3 que en el 2015 se firm\u00f3 un acuerdo donde supuestamente se garantizaba el pago puntual de esta prestaci\u00f3n. Sin embargo, este no se cumpli\u00f3<\/p>\n<p>A esa deuda, dice Viaduri, se suma otro atraso del pago de ayuda humanitaria a 500 maestros y un adeudo a mil maestros que se jubilaron en el 2015 y a quienes no se le ha otorgado la cantidad de 65 mil pesos a cada uno.<\/p>\n<p>Adem\u00e1s de esto, persiste el problema de nueve mil familiares de maestros retirados ya fallecidos que se han visto imposibilitados de cobrar el seguro colectivo que les dejaron, debido a que el Gobierno del Estado cambi\u00f3 de empresa aseguradora, sin consultar a los sobrevivientes, y el banco que actualmente tiene esas cuentas, Banorte, no se ha hecho responsable del pago de este dinero.<\/p>\n<p>Denunciaron tambi\u00e9n el pago err\u00f3neo que se hizo de la pensi\u00f3n a extrabajadores del magisterio, a los que en su pago mensual no se refleja el aumento del 4.2 por ciento. Esto, dijeron, se debi\u00f3 a que la administraci\u00f3n estatal no hizo la devoluci\u00f3n al Issste en tiempo y provoc\u00f3 que solo se les pagara la mitad de la pensi\u00f3n.<\/p>\n<p>\u201cDefinitivamente, el gobernador tiene que tomar cartas en el asunto. Ya basta de funcionarios ineptos y basta de que se sienten a negociar y que no resuelvan nada\u201d sostuvo el ex trabajador del magisterio.<\/p>\n<p><a href=\"http:\/\/jornadabc.mx\/tijuana\/03-02-2016\/protestan-maestros-frente-palacio-de-gobierno-del-estado\" target=\"_blank\"> jornadabc.mx\/tijuana\/03-02-2016\/protestan-maestros-frente-palacio-de-gobierno-del-estado<\/a><\/p>\n","protected":false},"excerpt":{"rendered":"<p>Alejandro Garc\u00eda, Mexicali, B.C. Debido a un atraso en el pago del diferencial de retiro correspondiente a enero a seis mil 700 maestros pensionados, alrededor de 50 de estos antiguos &hellip; <a href=\"http:\/\/www.grieta.org.mx\/index.php\/2016\/02\/03\/protestan-maestros-frente-a-palacio-de-gobierno-del-estado\/\" class=\"more-link\">Leer m\u00e1s<\/a><\/p>\n","protected":false},"author":2,"featured_media":21928,"comment_status":"closed","ping_status":"open","sticky":false,"template":"","format":"standard","meta":{"ngg_post_thumbnail":0,"_jetpack_newsletter_access":"","_jetpack_dont_email_post_to_subs":false,"_jetpack_newsletter_tier_id":0,"_jetpack_memberships_contains_paywalled_content":false,"_jetpack_memberships_contains_paid_content":false,"footnotes":""},"categories":[80],"tags":[113,107],"class_list":["post-6630","post","type-post","status-publish","format-standard","has-post-thumbnail","hentry","category-cintillo","tag-conflictos-laborales","tag-educacion","entry"],"jetpack_featured_media_url":"http:\/\/www.grieta.org.mx\/wp-content\/uploads\/2018\/03\/14524434_1106112876131411_958039263622046936_o.jpg","jetpack_sharing_enabled":true,"jetpack_shortlink":"https:\/\/wp.me\/p7ZJR4-1IW","jetpack_likes_enabled":false,"jetpack-related-posts":[{"id":9100,"url":"http:\/\/www.grieta.org.mx\/index.php\/2016\/03\/21\/protestan-en-mexicali-maestros-liberados-para-exigir-su-jubilacion\/","url_meta":{"origin":6630,"position":0},"title":"Protestan en Mexicali maestros &#8220;liberados&#8221; para exigir su jubilaci\u00f3n","author":"grieta","date":"21 marzo, 2016","format":false,"excerpt":"Antonio Heras, Mexicali, BC Maestros \"liberados\" protestaron en el monumento a Benito Ju\u00e1rez de Mexicali por el retraso del gobierno de Baja California en el pago de su finiquito y su jubilaci\u00f3n. Un grupo de 50 profesores y trabajadores de apoyo a la educaci\u00f3n exigieron que concluya sus procedimientos para\u2026","rel":"","context":"En &quot;CINTILLO&quot;","block_context":{"text":"CINTILLO","link":"http:\/\/www.grieta.org.mx\/index.php\/category\/cintillo\/"},"img":{"alt_text":"","src":"https:\/\/i0.wp.com\/www.grieta.org.mx\/wp-content\/uploads\/2018\/03\/14524434_1106112876131411_958039263622046936_o.jpg?resize=350%2C200","width":350,"height":200,"srcset":"https:\/\/i0.wp.com\/www.grieta.org.mx\/wp-content\/uploads\/2018\/03\/14524434_1106112876131411_958039263622046936_o.jpg?resize=350%2C200 1x, https:\/\/i0.wp.com\/www.grieta.org.mx\/wp-content\/uploads\/2018\/03\/14524434_1106112876131411_958039263622046936_o.jpg?resize=525%2C300 1.5x, https:\/\/i0.wp.com\/www.grieta.org.mx\/wp-content\/uploads\/2018\/03\/14524434_1106112876131411_958039263622046936_o.jpg?resize=700%2C400 2x"},"classes":[]},{"id":23128,"url":"http:\/\/www.grieta.org.mx\/index.php\/2018\/05\/11\/mil-maestros-interinos-sin-fecha-para-su-pago-anuncia-see-que-tendran-que-gestionar-recursos-por-no-estar-presupuestado-baja-california\/","url_meta":{"origin":6630,"position":1},"title":"Mil maestros interinos sin fecha para su pago; anuncia SEE que tendr\u00e1n que gestionar recursos por no estar presupuestado (Baja California)","author":"grieta","date":"11 mayo, 2018","format":false,"excerpt":"Jorge Heras Mexicali.- De los 3 mil maestros interinos que tiene el Sistema Educativo Estatal, alrededor de 1 mil docentes no han recibido su pago durante este a\u00f1o por problemas en la regularizaci\u00f3n de esta n\u00f3mina, la cual es considerada como extraordinaria pero con un presupuesto anual fijo, inform\u00f3 el\u2026","rel":"","context":"En &quot;Baja California&quot;","block_context":{"text":"Baja California","link":"http:\/\/www.grieta.org.mx\/index.php\/category\/noticias-nacionales\/baja-california\/"},"img":{"alt_text":"","src":"https:\/\/i0.wp.com\/www.grieta.org.mx\/wp-content\/uploads\/2018\/05\/20180511_10555381066842.jpg?resize=350%2C200","width":350,"height":200,"srcset":"https:\/\/i0.wp.com\/www.grieta.org.mx\/wp-content\/uploads\/2018\/05\/20180511_10555381066842.jpg?resize=350%2C200 1x, https:\/\/i0.wp.com\/www.grieta.org.mx\/wp-content\/uploads\/2018\/05\/20180511_10555381066842.jpg?resize=525%2C300 1.5x"},"classes":[]},{"id":27383,"url":"http:\/\/www.grieta.org.mx\/index.php\/2018\/10\/29\/protestaran-maestros-jubilados-por-incumplimiento-de-pago-del-gobierno-de-bc-les-deben-300-mdp\/","url_meta":{"origin":6630,"position":2},"title":"Protestar\u00e1n maestros jubilados por incumplimiento de pago del gobierno de BC; les deben 300 mdp","author":"grieta","date":"29 octubre, 2018","format":false,"excerpt":"Antonio Heras Mexicali.- Maestros y trabajadores de la educaci\u00f3n se manifestar\u00e1n este martes por el anuncio del gobierno de Baja California de no tener dinero para pagar la n\u00f3mina de jubilados. La secretaria de la secci\u00f3n 37 del SNTE, Mar\u00eda Luisa Guti\u00e9rrez Fregoso, convoc\u00f3 a la manifestaci\u00f3n en las instalaciones\u2026","rel":"","context":"En &quot;Baja California&quot;","block_context":{"text":"Baja California","link":"http:\/\/www.grieta.org.mx\/index.php\/category\/noticias-nacionales\/baja-california\/"},"img":{"alt_text":"","src":"https:\/\/i0.wp.com\/www.grieta.org.mx\/wp-content\/uploads\/2018\/10\/images-705112093615532116294.jpg?resize=350%2C200","width":350,"height":200,"srcset":"https:\/\/i0.wp.com\/www.grieta.org.mx\/wp-content\/uploads\/2018\/10\/images-705112093615532116294.jpg?resize=350%2C200 1x, https:\/\/i0.wp.com\/www.grieta.org.mx\/wp-content\/uploads\/2018\/10\/images-705112093615532116294.jpg?resize=525%2C300 1.5x"},"classes":[]},{"id":6636,"url":"http:\/\/www.grieta.org.mx\/index.php\/2015\/04\/25\/6636\/","url_meta":{"origin":6630,"position":3},"title":"Marchan en Mexicali m\u00e1s de 8 mil profesores; reclaman pagos","author":"grieta","date":"25 abril, 2015","format":false,"excerpt":"Antonio Heras, Mexicali, B.C. M\u00e1s de ocho mil maestros federalizados marcharon ayer un kil\u00f3metro hasta el Centro de Gobierno en esta ciudad para exigir que les paguen cerca de 900 millones de pesos que se adeudan al magisterio de la secci\u00f3n 2 del Sindicato Nacional de Trabajadores de la Educaci\u00f3n\u2026","rel":"","context":"En &quot;CINTILLO&quot;","block_context":{"text":"CINTILLO","link":"http:\/\/www.grieta.org.mx\/index.php\/category\/cintillo\/"},"img":{"alt_text":"","src":"https:\/\/i0.wp.com\/www.grieta.org.mx\/wp-content\/uploads\/2018\/03\/14524434_1106112876131411_958039263622046936_o.jpg?resize=350%2C200","width":350,"height":200,"srcset":"https:\/\/i0.wp.com\/www.grieta.org.mx\/wp-content\/uploads\/2018\/03\/14524434_1106112876131411_958039263622046936_o.jpg?resize=350%2C200 1x, https:\/\/i0.wp.com\/www.grieta.org.mx\/wp-content\/uploads\/2018\/03\/14524434_1106112876131411_958039263622046936_o.jpg?resize=525%2C300 1.5x, https:\/\/i0.wp.com\/www.grieta.org.mx\/wp-content\/uploads\/2018\/03\/14524434_1106112876131411_958039263622046936_o.jpg?resize=700%2C400 2x"},"classes":[]},{"id":38018,"url":"http:\/\/www.grieta.org.mx\/index.php\/2019\/08\/17\/magisterio-de-baja-california-inicio-paro-activo-de-labores-por-deuda-del-gobierno-de-kiko-vega\/","url_meta":{"origin":6630,"position":4},"title":"Magisterio de Baja California inici\u00f3 paro activo de labores por deuda del gobierno de Kiko Vega","author":"grieta","date":"17 agosto, 2019","format":false,"excerpt":"Antonio Heras \/ Lindero Norte. Foto: Cortes\u00eda Mexicali.- Mas de 40 mil trabajadores del magisterio de Baja California se encuentran en paro activo por el incumplimiento de pagos de bonos y retenciones de aportaciones a pr\u00e9stamos e hipotecas por parte del gobierno de Francisco Vega de Lamadrid. Los paristas que\u2026","rel":"","context":"En &quot;Baja California&quot;","block_context":{"text":"Baja California","link":"http:\/\/www.grieta.org.mx\/index.php\/category\/noticias-nacionales\/baja-california\/"},"img":{"alt_text":"","src":"https:\/\/i0.wp.com\/www.grieta.org.mx\/wp-content\/uploads\/2019\/08\/images-2019-08-15T104005.642.jpeg?resize=350%2C200","width":350,"height":200,"srcset":"https:\/\/i0.wp.com\/www.grieta.org.mx\/wp-content\/uploads\/2019\/08\/images-2019-08-15T104005.642.jpeg?resize=350%2C200 1x, https:\/\/i0.wp.com\/www.grieta.org.mx\/wp-content\/uploads\/2019\/08\/images-2019-08-15T104005.642.jpeg?resize=525%2C300 1.5x"},"classes":[]},{"id":27948,"url":"http:\/\/www.grieta.org.mx\/index.php\/2018\/12\/21\/amagan-burocratas-con-paro-total-de-labores-si-no-les-pagan-maestros-sin-cobrar-aun-baja-california\/","url_meta":{"origin":6630,"position":5},"title":"Amagan bur\u00f3cratas con paro total de labores si no les pagan; maestros, sin cobrar a\u00fan (Baja California)","author":"grieta","date":"21 diciembre, 2018","format":false,"excerpt":"Este viernes, un d\u00eda despu\u00e9s de que venci\u00f3 el plazo legal para recibir el aguinaldo, trabajadores de gobierno sindicalizados suspendieron labores para participar en una \"asamblea informativa\" en todo el estado. Foto Luis Arellano Sarmiento POR LUIS ARELLANO SARMIENTO Mexicali, 21 de diciembre.- Por la falta de pago del aguinaldo\u2026","rel":"","context":"En &quot;Baja California&quot;","block_context":{"text":"Baja California","link":"http:\/\/www.grieta.org.mx\/index.php\/category\/noticias-nacionales\/baja-california\/"},"img":{"alt_text":"","src":"https:\/\/i0.wp.com\/www.grieta.org.mx\/wp-content\/uploads\/2018\/12\/burocratas_2.jpg?resize=350%2C200","width":350,"height":200,"srcset":"https:\/\/i0.wp.com\/www.grieta.org.mx\/wp-content\/uploads\/2018\/12\/burocratas_2.jpg?resize=350%2C200 1x, https:\/\/i0.wp.com\/www.grieta.org.mx\/wp-content\/uploads\/2018\/12\/burocratas_2.jpg?resize=525%2C300 1.5x"},"classes":[]}],"_links":{"self":[{"href":"http:\/\/www.grieta.org.mx\/index.php\/wp-json\/wp\/v2\/posts\/6630","targetHints":{"allow":["GET"]}}],"collection":[{"href":"http:\/\/www.grieta.org.mx\/index.php\/wp-json\/wp\/v2\/posts"}],"about":[{"href":"http:\/\/www.grieta.org.mx\/index.php\/wp-json\/wp\/v2\/types\/post"}],"author":[{"embeddable":true,"href":"http:\/\/www.grieta.org.mx\/index.php\/wp-json\/wp\/v2\/users\/2"}],"replies":[{"embeddable":true,"href":"http:\/\/www.grieta.org.mx\/index.php\/wp-json\/wp\/v2\/comments?post=6630"}],"version-history":[{"count":1,"href":"http:\/\/www.grieta.org.mx\/index.php\/wp-json\/wp\/v2\/posts\/6630\/revisions"}],"predecessor-version":[{"id":6657,"href":"http:\/\/www.grieta.org.mx\/index.php\/wp-json\/wp\/v2\/posts\/6630\/revisions\/6657"}],"wp:featuredmedia":[{"embeddable":true,"href":"http:\/\/www.grieta.org.mx\/index.php\/wp-json\/wp\/v2\/media\/21928"}],"wp:attachment":[{"href":"http:\/\/www.grieta.org.mx\/index.php\/wp-json\/wp\/v2\/media?parent=6630"}],"wp:term":[{"taxonomy":"category","embeddable":true,"href":"http:\/\/www.grieta.org.mx\/index.php\/wp-json\/wp\/v2\/categories?post=6630"},{"taxonomy":"post_tag","embeddable":true,"href":"http:\/\/www.grieta.org.mx\/index.php\/wp-json\/wp\/v2\/tags?post=6630"}],"curies":[{"name":"wp","href":"https:\/\/api.w.org\/{rel}","templated":true}]}}