{"id":6620,"date":"2016-01-18T01:02:15","date_gmt":"2016-01-18T01:02:15","guid":{"rendered":"http:\/\/50.22.11.12\/~grietaor\/?p=6620"},"modified":"2016-04-03T14:28:26","modified_gmt":"2016-04-03T14:28:26","slug":"movilizaciones-por-ayotzinapa-en-coahuila","status":"publish","type":"post","link":"http:\/\/www.grieta.org.mx\/index.php\/2016\/01\/18\/movilizaciones-por-ayotzinapa-en-coahuila\/","title":{"rendered":"Movilizaciones por Ayotzinapa en Coahuila"},"content":{"rendered":"<p><strong>18\/01\/16. <\/strong><a href=\"http:\/\/www.grieta.org.mx\/index.php\/2016\/01\/18\/caravana-de-padres-de-los-43-llego-a-torreon\">Caravana de padres de los 43 lleg\u00f3 a Torre\u00f3n<\/a><br \/>\n<em>Milenio<\/em><\/p>\n<p><strong>27\/09\/15. <\/strong><a href=\"http:\/\/www.grieta.org.mx\/index.php\/2015\/09\/27\/marchan-por-los-43-en-la-laguna\">Marchan por los 43 en la Laguna<\/a><br \/>\n<em>Terra<\/em><\/p>\n<p><strong>26\/09\/15. <\/strong><a href=\"http:\/\/www.grieta.org.mx\/index.php\/2015\/09\/26\/ayotzi-aguanta-la-narro-se-levanta\">\u00a1Ayotzi aguanta, la Narro se levanta!<\/a><br \/>\n<em>Z\u00f3calo de Saltillo<\/em><\/p>\n<p><strong>22\/02\/15. <\/strong><a href=\"http:\/\/www.grieta.org.mx\/index.php\/2015\/02\/22\/tragedia-une-a-pasta-de-conchos-y-ayotzinapa\">Tragedia une a Pasta de Conchos y Ayotzinapa<\/a><br \/>\n<em>Milenio<\/em><\/p>\n<p><strong>06\/02\/15. <\/strong><a href=\"http:\/\/www.grieta.org.mx\/index.php\/2015\/02\/06\/normalistas-de-ayotzinapa-llegan-a-torreon\">Normalistas de Ayotzinapa llegan a Torre\u00f3n<\/a><br \/>\n<em>Vanguardia<\/em><\/p>\n","protected":false},"excerpt":{"rendered":"<p>18\/01\/16. Caravana de padres de los 43 lleg\u00f3 a Torre\u00f3n Milenio 27\/09\/15. Marchan por los 43 en la Laguna Terra 26\/09\/15. \u00a1Ayotzi aguanta, la Narro se levanta! Z\u00f3calo de Saltillo &hellip; <a href=\"http:\/\/www.grieta.org.mx\/index.php\/2016\/01\/18\/movilizaciones-por-ayotzinapa-en-coahuila\/\" class=\"more-link\">Leer m\u00e1s<\/a><\/p>\n","protected":false},"author":2,"featured_media":21928,"comment_status":"closed","ping_status":"open","sticky":false,"template":"","format":"standard","meta":{"ngg_post_thumbnail":0,"_jetpack_newsletter_access":"","_jetpack_dont_email_post_to_subs":false,"_jetpack_newsletter_tier_id":0,"_jetpack_memberships_contains_paywalled_content":false,"_jetpack_memberships_contains_paid_content":false,"footnotes":""},"categories":[419,87,2],"tags":[],"class_list":["post-6620","post","type-post","status-publish","format-standard","has-post-thumbnail","hentry","category-coahuila","category-desaparecidos","category-noticias-nacionales","entry"],"jetpack_featured_media_url":"http:\/\/www.grieta.org.mx\/wp-content\/uploads\/2018\/03\/14524434_1106112876131411_958039263622046936_o.jpg","jetpack_sharing_enabled":true,"jetpack_shortlink":"https:\/\/wp.me\/p7ZJR4-1IM","jetpack_likes_enabled":false,"jetpack-related-posts":[{"id":2400,"url":"http:\/\/www.grieta.org.mx\/index.php\/2015\/09\/27\/marchan-por-los-43-en-la-laguna\/","url_meta":{"origin":6620,"position":0},"title":"Marchan por los 43 en la Laguna","author":"grieta","date":"27 septiembre, 2015","format":false,"excerpt":"Bajo el grito de \u201cVivos se los llevaron, vivos los queremos\u201d, integrantes del Grupo Vida y Laguneros por la Paz marcharon hoy por las ciudades de G\u00f3mez Palacio y Torre\u00f3n para conmemorar un a\u00f1o de la desaparici\u00f3n de los 43 Normalistas de Ayotzinapa y pronunciarse por las m\u00e1s de mil\u2026","rel":"","context":"En &quot;CINTILLO&quot;","block_context":{"text":"CINTILLO","link":"http:\/\/www.grieta.org.mx\/index.php\/category\/cintillo\/"},"img":{"alt_text":"","src":"https:\/\/i0.wp.com\/www.grieta.org.mx\/wp-content\/uploads\/2018\/03\/14524434_1106112876131411_958039263622046936_o.jpg?resize=350%2C200","width":350,"height":200,"srcset":"https:\/\/i0.wp.com\/www.grieta.org.mx\/wp-content\/uploads\/2018\/03\/14524434_1106112876131411_958039263622046936_o.jpg?resize=350%2C200 1x, https:\/\/i0.wp.com\/www.grieta.org.mx\/wp-content\/uploads\/2018\/03\/14524434_1106112876131411_958039263622046936_o.jpg?resize=525%2C300 1.5x, https:\/\/i0.wp.com\/www.grieta.org.mx\/wp-content\/uploads\/2018\/03\/14524434_1106112876131411_958039263622046936_o.jpg?resize=700%2C400 2x"},"classes":[]},{"id":2625,"url":"http:\/\/www.grieta.org.mx\/index.php\/2016\/01\/18\/caravana-de-padres-de-los-43-llego-a-torreon\/","url_meta":{"origin":6620,"position":1},"title":"Caravana de padres de los 43 lleg\u00f3 a Torre\u00f3n","author":"grieta","date":"18 enero, 2016","format":false,"excerpt":"Invitaron al mitin nacional los d\u00edas 5 y 6 de febrero en el DF para exigirle al gobierno federal respuestas por los miles de desaparecidos, no solo los j\u00f3venes de Iguala sino de todo el pa\u00eds. Torre\u00f3n, Coahuila La Caravana Norte de los Padres de Familia de los 43 Normalistas\u2026","rel":"","context":"En &quot;CINTILLO&quot;","block_context":{"text":"CINTILLO","link":"http:\/\/www.grieta.org.mx\/index.php\/category\/cintillo\/"},"img":{"alt_text":"","src":"https:\/\/i0.wp.com\/www.grieta.org.mx\/wp-content\/uploads\/2018\/03\/14524434_1106112876131411_958039263622046936_o.jpg?resize=350%2C200","width":350,"height":200,"srcset":"https:\/\/i0.wp.com\/www.grieta.org.mx\/wp-content\/uploads\/2018\/03\/14524434_1106112876131411_958039263622046936_o.jpg?resize=350%2C200 1x, https:\/\/i0.wp.com\/www.grieta.org.mx\/wp-content\/uploads\/2018\/03\/14524434_1106112876131411_958039263622046936_o.jpg?resize=525%2C300 1.5x, https:\/\/i0.wp.com\/www.grieta.org.mx\/wp-content\/uploads\/2018\/03\/14524434_1106112876131411_958039263622046936_o.jpg?resize=700%2C400 2x"},"classes":[]},{"id":25973,"url":"http:\/\/www.grieta.org.mx\/index.php\/2018\/08\/30\/fiscalia-de-coahuila-envia-coronas-funebres-a-familiares-de-desaparecidos\/","url_meta":{"origin":6620,"position":2},"title":"Fiscal\u00eda de Coahuila env\u00eda coronas f\u00fanebres a familiares de desaparecidos","author":"grieta","date":"30 agosto, 2018","format":false,"excerpt":"Los integrantes de Fuerzas Unidas por Nuestros Desaparecidos en La Laguna dijeron que la desaparici\u00f3n no implica que sus familiares est\u00e9n muertos. De muy mal gusto la corona enviada por la Fiscal\u00eda de Coahuila. (FUUNDEC) Conmemoran D\u00eda Internacional de las V\u00edctimas por la Desapareci\u00f3n Forzada en Torre\u00f3n. (Luis L\u00f3pez) Luis\u2026","rel":"","context":"En &quot;Coahuila&quot;","block_context":{"text":"Coahuila","link":"http:\/\/www.grieta.org.mx\/index.php\/category\/noticias-nacionales\/coahuila\/"},"img":{"alt_text":"","src":"https:\/\/i0.wp.com\/www.grieta.org.mx\/wp-content\/uploads\/2018\/08\/corona-enviada-fiscalia-coahuila.jpg?resize=350%2C200","width":350,"height":200,"srcset":"https:\/\/i0.wp.com\/www.grieta.org.mx\/wp-content\/uploads\/2018\/08\/corona-enviada-fiscalia-coahuila.jpg?resize=350%2C200 1x, https:\/\/i0.wp.com\/www.grieta.org.mx\/wp-content\/uploads\/2018\/08\/corona-enviada-fiscalia-coahuila.jpg?resize=525%2C300 1.5x, https:\/\/i0.wp.com\/www.grieta.org.mx\/wp-content\/uploads\/2018\/08\/corona-enviada-fiscalia-coahuila.jpg?resize=700%2C400 2x"},"classes":[]},{"id":3073,"url":"http:\/\/www.grieta.org.mx\/index.php\/2014\/11\/05\/coahuila-tiene-su-propia-ayotzinapa-desaparecieron-300-en-allende-academico\/","url_meta":{"origin":6620,"position":3},"title":"Coahuila tiene su propia Ayotzinapa, desaparecieron 300 en Allende: acad\u00e9mico","author":"grieta","date":"5 noviembre, 2014","format":false,"excerpt":"Redacci\u00f3n AN noviembre 5, 2014 7:43 pm Carlos Manuel Vald\u00e9s afirma que el estado de Coahuila est\u00e1 siendo ap\u00e1tico, hay poca gente que expresa lo que sucede y termina cuidando s\u00f3lo los intereses individuales. El docente en la Facultad de Ciencias Sociales de la Universidad Aut\u00f3noma de Coahuila, Carlos Manuel\u2026","rel":"","context":"En &quot;CINTILLO&quot;","block_context":{"text":"CINTILLO","link":"http:\/\/www.grieta.org.mx\/index.php\/category\/cintillo\/"},"img":{"alt_text":"","src":"https:\/\/i0.wp.com\/www.grieta.org.mx\/wp-content\/uploads\/2018\/03\/14524434_1106112876131411_958039263622046936_o.jpg?resize=350%2C200","width":350,"height":200,"srcset":"https:\/\/i0.wp.com\/www.grieta.org.mx\/wp-content\/uploads\/2018\/03\/14524434_1106112876131411_958039263622046936_o.jpg?resize=350%2C200 1x, https:\/\/i0.wp.com\/www.grieta.org.mx\/wp-content\/uploads\/2018\/03\/14524434_1106112876131411_958039263622046936_o.jpg?resize=525%2C300 1.5x, https:\/\/i0.wp.com\/www.grieta.org.mx\/wp-content\/uploads\/2018\/03\/14524434_1106112876131411_958039263622046936_o.jpg?resize=700%2C400 2x"},"classes":[]},{"id":6712,"url":"http:\/\/www.grieta.org.mx\/index.php\/2016\/07\/13\/ejidatarios-de-zaragoza-coahuila-defienden-su-tierra\/","url_meta":{"origin":6620,"position":4},"title":"Ejidatarios de Zaragoza, Coahuila defienden su tierra","author":"grieta","date":"13 julio, 2016","format":false,"excerpt":"04\/04\/16. Ejidatarios reclaman predios donde se construye puente Milenio 16\/02\/16. Protestan por construcci\u00f3n de puente en la carretera a Mieleras El Siglo de Torre\u00f3n","rel":"","context":"En &quot;Coahuila&quot;","block_context":{"text":"Coahuila","link":"http:\/\/www.grieta.org.mx\/index.php\/category\/noticias-nacionales\/coahuila\/"},"img":{"alt_text":"","src":"https:\/\/i0.wp.com\/www.grieta.org.mx\/wp-content\/uploads\/2018\/03\/14524434_1106112876131411_958039263622046936_o.jpg?resize=350%2C200","width":350,"height":200,"srcset":"https:\/\/i0.wp.com\/www.grieta.org.mx\/wp-content\/uploads\/2018\/03\/14524434_1106112876131411_958039263622046936_o.jpg?resize=350%2C200 1x, https:\/\/i0.wp.com\/www.grieta.org.mx\/wp-content\/uploads\/2018\/03\/14524434_1106112876131411_958039263622046936_o.jpg?resize=525%2C300 1.5x, https:\/\/i0.wp.com\/www.grieta.org.mx\/wp-content\/uploads\/2018\/03\/14524434_1106112876131411_958039263622046936_o.jpg?resize=700%2C400 2x"},"classes":[]},{"id":9853,"url":"http:\/\/www.grieta.org.mx\/index.php\/2016\/09\/13\/fuerza-coahuila-asesina-a-dos-jovenes-y-monta-escena-de-enfrentamiento\/","url_meta":{"origin":6620,"position":5},"title":"Montajes, asesinatos y abusos por parte de Fuerza Coahuila y polic\u00eda estatal de Coahuila","author":"grieta","date":"13 septiembre, 2016","format":false,"excerpt":"13\/09\/16. Acusa a elementos de Fuerza Coahuila de matar al perro El Z\u00f3calo de Saltillo 12\/09\/16. Ocasionan accidentes escoltas y polic\u00edas de Fuerza Coahuila El Heraldo de Saltillo 10\/09\/16. Fuerza Coahuila allana casa y golpea a personas Vanguardia 09\/09\/16. Denuncian a polic\u00edas de Saltillo por abuso de autoridad y agresiones\u2026","rel":"","context":"En &quot;Coahuila&quot;","block_context":{"text":"Coahuila","link":"http:\/\/www.grieta.org.mx\/index.php\/category\/noticias-nacionales\/coahuila\/"},"img":{"alt_text":"","src":"https:\/\/i0.wp.com\/www.grieta.org.mx\/wp-content\/uploads\/2018\/03\/14524434_1106112876131411_958039263622046936_o.jpg?resize=350%2C200","width":350,"height":200,"srcset":"https:\/\/i0.wp.com\/www.grieta.org.mx\/wp-content\/uploads\/2018\/03\/14524434_1106112876131411_958039263622046936_o.jpg?resize=350%2C200 1x, https:\/\/i0.wp.com\/www.grieta.org.mx\/wp-content\/uploads\/2018\/03\/14524434_1106112876131411_958039263622046936_o.jpg?resize=525%2C300 1.5x, https:\/\/i0.wp.com\/www.grieta.org.mx\/wp-content\/uploads\/2018\/03\/14524434_1106112876131411_958039263622046936_o.jpg?resize=700%2C400 2x"},"classes":[]}],"_links":{"self":[{"href":"http:\/\/www.grieta.org.mx\/index.php\/wp-json\/wp\/v2\/posts\/6620","targetHints":{"allow":["GET"]}}],"collection":[{"href":"http:\/\/www.grieta.org.mx\/index.php\/wp-json\/wp\/v2\/posts"}],"about":[{"href":"http:\/\/www.grieta.org.mx\/index.php\/wp-json\/wp\/v2\/types\/post"}],"author":[{"embeddable":true,"href":"http:\/\/www.grieta.org.mx\/index.php\/wp-json\/wp\/v2\/users\/2"}],"replies":[{"embeddable":true,"href":"http:\/\/www.grieta.org.mx\/index.php\/wp-json\/wp\/v2\/comments?post=6620"}],"version-history":[{"count":1,"href":"http:\/\/www.grieta.org.mx\/index.php\/wp-json\/wp\/v2\/posts\/6620\/revisions"}],"predecessor-version":[{"id":9661,"href":"http:\/\/www.grieta.org.mx\/index.php\/wp-json\/wp\/v2\/posts\/6620\/revisions\/9661"}],"wp:featuredmedia":[{"embeddable":true,"href":"http:\/\/www.grieta.org.mx\/index.php\/wp-json\/wp\/v2\/media\/21928"}],"wp:attachment":[{"href":"http:\/\/www.grieta.org.mx\/index.php\/wp-json\/wp\/v2\/media?parent=6620"}],"wp:term":[{"taxonomy":"category","embeddable":true,"href":"http:\/\/www.grieta.org.mx\/index.php\/wp-json\/wp\/v2\/categories?post=6620"},{"taxonomy":"post_tag","embeddable":true,"href":"http:\/\/www.grieta.org.mx\/index.php\/wp-json\/wp\/v2\/tags?post=6620"}],"curies":[{"name":"wp","href":"https:\/\/api.w.org\/{rel}","templated":true}]}}