{"id":66189,"date":"2023-01-26T17:34:29","date_gmt":"2023-01-26T23:34:29","guid":{"rendered":"https:\/\/www.grieta.org.mx\/?p=66189"},"modified":"2023-02-08T17:43:13","modified_gmt":"2023-02-08T23:43:13","slug":"sindicalizados-del-ayuntamiento-tomaron-el-palacio-de-seybaplaya-por-2-horas-campeche","status":"publish","type":"post","link":"http:\/\/www.grieta.org.mx\/index.php\/2023\/01\/26\/sindicalizados-del-ayuntamiento-tomaron-el-palacio-de-seybaplaya-por-2-horas-campeche\/","title":{"rendered":"Sindicalizados del Ayuntamiento tomaron el Palacio de Seybaplaya por 2 horas (Campeche)"},"content":{"rendered":"<p>Luis Carmona \/ Yucat\u00e1n a la Mano<\/p>\n<p>Los Sindicalizados de Seybaplaya, Champot\u00f3n se unieron a la manifestaciones por quejas de maltrato y abuso laboral<\/p>\n<p>Por dos horas integrantes del Sindicato de Trabajadores del Ayuntamiento de Champot\u00f3n adscrito a los Tres Poderes bloquearon el acceso al Palacio Municipal de Seybaplaya, en apoyo a los trabajadores despedidos pero que al ser reasignados los obligan a trabajar d\u00edas festivos, s\u00e1bados, y hasta barrer calles.<\/p>\n<p>Los manifestantes se plantaron desde temprana hora para impedir el acceso a los trabajadores, por lo que al lugar lleg\u00f3 el secretario de la Comuna, Alberto Talango P\u00e9rez, para intentar dialogar con los manifestantes, quienes recriminaron la \u201cfalta de palabra\u201d de la alcaldesa Cinthia Vel\u00e1zquez.<\/p>\n<p>Aseguran que los obligan a barrer \u201ccomo una forma de humillaci\u00f3n\u201d, as\u00ed tambi\u00e9n a trabajar los s\u00e1bados y descansar los domingos, lo cual es violatorio a la ley estatal.<\/p>\n<p>En el di\u00e1logo, la autoridad dio a conocer que cumplieron al reinstalarlos desde el primer d\u00eda del mes de enero, y en cuanto a barrer calles, indic\u00f3 que en el \u00e1rea de Servicios P\u00fablicos es donde requieren personas; sin embargo, respetaron a cinco trabajadores que tienen profesi\u00f3n y los retiraron de Servicios P\u00fablicos, por lo que es parte de los acuerdos que se tomaron.<\/p>\n<p>Tras darse a conocer lo anterior, y luego de dos horas de bloqueo, al fin dejaron entrar a los trabajadores, pero se\u00f1alan que siguen pendientes algunos temas.<\/p>\n<p>Reclamaron al director Jur\u00eddico de la Comuna, Mitsunary Lee, de entrometerse y de opinar en un l\u00edo donde desconoce la situaci\u00f3n, adem\u00e1s que no es seybano y s\u00f3lo pretende \u201csobajarlos\u201d al ordenarles barrer calles<\/p>\n<p>Tambi\u00e9n criticaron \u201cla falta de tacto\u201d del director Jur\u00eddico Pol\u00edtico, quien dijo a los trabajadores \u201cmejor dejen ingresar a los empleados o actuamos\u201d, lo cual fue tomado como una amenaza por los bur\u00f3cratas e insistieron en no dejar pasar a nadie y de ser posible quedarse varios d\u00edas.<\/p>\n<p>Sin embargo, intervino el secretario y llam\u00f3 a dialogar, y tras dos horas lograron que los empleados ingresaran al Palacio, pero quedan pendientes los temas porque alegan que, en el reingreso de los trabajadores despedidos en el 2021, aceptaron laborar los s\u00e1bados, lo cual fue negado y por ello ser\u00e1 revisado en pr\u00f3ximas fechas.<\/p>\n<p>Mientras tanto, los sindicalizados que levantaron el plant\u00f3n despu\u00e9s de dos a\u00f1os al ser reinstalados, ahora amenazan de nuevo con manifestarse si no logran acordar con la Comuna de Cinthia Vel\u00e1zquez, pues la acusan de faltar a su palabra y humillarlos.<\/p>\n<p>Fuentes: Por Esto.<\/p>\n<p><a href=\"https:\/\/www.yucatanalamano.com\/sindicalizados-del-ayuntamiento-tomaron-el-palacio-de-seybaplaya-por-2-horas\/\" rel=\"noopener\" target=\"_blank\">https:\/\/www.yucatanalamano.com\/sindicalizados-del-ayuntamiento-tomaron-el-palacio-de-seybaplaya-por-2-horas\/<\/a><\/p>\n","protected":false},"excerpt":{"rendered":"<p>Luis Carmona \/ Yucat\u00e1n a la Mano Los Sindicalizados de Seybaplaya, Champot\u00f3n se unieron a la manifestaciones por quejas de maltrato y abuso laboral Por dos horas integrantes del Sindicato &hellip; <a href=\"http:\/\/www.grieta.org.mx\/index.php\/2023\/01\/26\/sindicalizados-del-ayuntamiento-tomaron-el-palacio-de-seybaplaya-por-2-horas-campeche\/\" class=\"more-link\">Leer m\u00e1s<\/a><\/p>\n","protected":false},"author":2,"featured_media":66190,"comment_status":"closed","ping_status":"closed","sticky":false,"template":"","format":"standard","meta":{"ngg_post_thumbnail":0,"_jetpack_newsletter_access":"","_jetpack_dont_email_post_to_subs":false,"_jetpack_newsletter_tier_id":0,"_jetpack_memberships_contains_paywalled_content":false,"_jetpack_memberships_contains_paid_content":false,"footnotes":""},"categories":[11,80,1040,910,2,83],"tags":[2054,634,113,2463,105],"class_list":["post-66189","post","type-post","status-publish","format-standard","has-post-thumbnail","hentry","category-campeche","category-cintillo","category-conflictos-laborales-en-campeche","category-explotacion-y-precariedad-laboral","category-noticias-nacionales","category-temas-nacionales","tag-acoso-laboral","tag-condiciones-laborales","tag-conflictos-laborales","tag-demandas-laborales","tag-derechos-laborales","entry"],"jetpack_featured_media_url":"http:\/\/www.grieta.org.mx\/wp-content\/uploads\/2023\/02\/CampecheLaboral-e1675899670748.jpg","jetpack_sharing_enabled":true,"jetpack_shortlink":"https:\/\/wp.me\/p7ZJR4-hdz","jetpack_likes_enabled":false,"jetpack-related-posts":[{"id":56195,"url":"http:\/\/www.grieta.org.mx\/index.php\/2021\/01\/05\/ayuntamiento-despide-a-71-sindicalizados-sin-razon-en-seybaplayacampeche\/","url_meta":{"origin":66189,"position":0},"title":"Ayuntamiento despide a 71 sindicalizados sin raz\u00f3n en Seybaplaya(Campeche)","author":"grieta","date":"5 enero, 2021","format":false,"excerpt":"Jos\u00e9 Valencia \/ PorEsto! Los servicios quedaron suspendidos en todas las \u00e1reas del Ayuntamiento ante la notificaci\u00f3n de los despidos Sendas protestan realizaron ayer 71 empleados sindicalizados del Sindicato de los Tres Poderes de Seybaplaya tras ser notificados que fueron despedidos por el secretario del Comit\u00e9 Municipal, Juan Carlos Cab\u2026","rel":"","context":"En &quot;Campeche&quot;","block_context":{"text":"Campeche","link":"http:\/\/www.grieta.org.mx\/index.php\/category\/noticias-nacionales\/campeche\/"},"img":{"alt_text":"","src":"https:\/\/i0.wp.com\/www.grieta.org.mx\/wp-content\/uploads\/2021\/01\/Seybaplaya.png?resize=350%2C200","width":350,"height":200,"srcset":"https:\/\/i0.wp.com\/www.grieta.org.mx\/wp-content\/uploads\/2021\/01\/Seybaplaya.png?resize=350%2C200 1x, https:\/\/i0.wp.com\/www.grieta.org.mx\/wp-content\/uploads\/2021\/01\/Seybaplaya.png?resize=525%2C300 1.5x"},"classes":[]},{"id":69786,"url":"http:\/\/www.grieta.org.mx\/index.php\/2024\/09\/09\/sindicalizados-del-ayuntamiento-de-campeche-protestan-ante-los-despidos-injustificados\/","url_meta":{"origin":66189,"position":1},"title":"Sindicalizados del Ayuntamiento de Campeche protestan ante los despidos injustificados","author":"grieta","date":"9 septiembre, 2024","format":false,"excerpt":"Wilbert Casanova Villamonte \/ Por Esto! Una fracci\u00f3n del Sindicato \u00danico de Trabajadores al Servicio del Gobierno Municipal (Sutsgm), presidida por Luis Fernando Chab Ruiz, llev\u00f3 a cabo una protesta en la sede del Ayuntamiento de Campeche. La manifestaci\u00f3n se centr\u00f3 en la demanda de que cesen los despidos que\u2026","rel":"","context":"En &quot;Campeche&quot;","block_context":{"text":"Campeche","link":"http:\/\/www.grieta.org.mx\/index.php\/category\/noticias-nacionales\/campeche\/"},"img":{"alt_text":"","src":"https:\/\/i0.wp.com\/www.grieta.org.mx\/wp-content\/uploads\/2024\/09\/Despidos-e1727142053526.jpg?resize=350%2C200","width":350,"height":200,"srcset":"https:\/\/i0.wp.com\/www.grieta.org.mx\/wp-content\/uploads\/2024\/09\/Despidos-e1727142053526.jpg?resize=350%2C200 1x, https:\/\/i0.wp.com\/www.grieta.org.mx\/wp-content\/uploads\/2024\/09\/Despidos-e1727142053526.jpg?resize=525%2C300 1.5x, https:\/\/i0.wp.com\/www.grieta.org.mx\/wp-content\/uploads\/2024\/09\/Despidos-e1727142053526.jpg?resize=700%2C400 2x"},"classes":[]},{"id":65696,"url":"http:\/\/www.grieta.org.mx\/index.php\/2022\/11\/07\/sindicalizados-de-la-universidad-autonoma-del-carmen-se-van-a-paro-indefinido-campeche\/","url_meta":{"origin":66189,"position":2},"title":"Sindicalizados de la Universidad Aut\u00f3noma del Carmen se van a paro indefinido (Campeche)","author":"grieta","date":"7 noviembre, 2022","format":false,"excerpt":"Gerardo Can \/ Por Esto! Por falta de pago de sueldos de un mes, los jubilados y pensionados sindicalizados de la Universidad Aut\u00f3noma del Carmen (Unacar), se manifestaron sobre la calle 31 y 22, adem\u00e1s de irse al paro indefinido de actividades en la m\u00e1xima casa de estudios carmelita o\u2026","rel":"","context":"En &quot;Campeche&quot;","block_context":{"text":"Campeche","link":"http:\/\/www.grieta.org.mx\/index.php\/category\/noticias-nacionales\/campeche\/"},"img":{"alt_text":"","src":"https:\/\/i0.wp.com\/www.grieta.org.mx\/wp-content\/uploads\/2022\/11\/Unacar-e1668709961820.jpg?resize=350%2C200","width":350,"height":200,"srcset":"https:\/\/i0.wp.com\/www.grieta.org.mx\/wp-content\/uploads\/2022\/11\/Unacar-e1668709961820.jpg?resize=350%2C200 1x, https:\/\/i0.wp.com\/www.grieta.org.mx\/wp-content\/uploads\/2022\/11\/Unacar-e1668709961820.jpg?resize=525%2C300 1.5x, https:\/\/i0.wp.com\/www.grieta.org.mx\/wp-content\/uploads\/2022\/11\/Unacar-e1668709961820.jpg?resize=700%2C400 2x"},"classes":[]},{"id":67383,"url":"http:\/\/www.grieta.org.mx\/index.php\/2023\/08\/03\/rectora-de-la-unacar-se-da-a-la-fuga-tras-manifestacion-de-sindicalizados-campeche\/","url_meta":{"origin":66189,"position":3},"title":"Rectora de la Unacar se da a la fuga tras manifestaci\u00f3n de sindicalizados (Campeche)","author":"grieta","date":"3 agosto, 2023","format":false,"excerpt":"Por Esto! As\u00ed huy\u00f3 la rectora de la Universidad Aut\u00f3noma del Carmen (Unacar), Sandra Martha Laff\u00f3n Leal, despu\u00e9s de que los extrabajadores cerraron los accesos a la rector\u00eda con candados y cadenas, en protesta por la falta de pago de hasta 14 quincenas Es decir, que la mayor\u00eda de los\u2026","rel":"","context":"En &quot;Campeche&quot;","block_context":{"text":"Campeche","link":"http:\/\/www.grieta.org.mx\/index.php\/category\/noticias-nacionales\/campeche\/"},"img":{"alt_text":"","src":"https:\/\/i0.wp.com\/www.grieta.org.mx\/wp-content\/uploads\/2023\/08\/Unacar-e1691365545385.jpg?resize=350%2C200","width":350,"height":200,"srcset":"https:\/\/i0.wp.com\/www.grieta.org.mx\/wp-content\/uploads\/2023\/08\/Unacar-e1691365545385.jpg?resize=350%2C200 1x, https:\/\/i0.wp.com\/www.grieta.org.mx\/wp-content\/uploads\/2023\/08\/Unacar-e1691365545385.jpg?resize=525%2C300 1.5x, https:\/\/i0.wp.com\/www.grieta.org.mx\/wp-content\/uploads\/2023\/08\/Unacar-e1691365545385.jpg?resize=700%2C400 2x"},"classes":[]},{"id":29404,"url":"http:\/\/www.grieta.org.mx\/index.php\/2019\/02\/16\/descuenta-ayuntamiento-7-dias-a-participantes-de-la-huelga-laboral-campeche\/","url_meta":{"origin":66189,"position":4},"title":"Descuenta Ayuntamiento 7 d\u00edas a participantes de la huelga laboral (Campeche)","author":"grieta","date":"16 febrero, 2019","format":false,"excerpt":"\u00a0 Redacci\u00f3n \/ El Sur de Campeche \u00a0 Pese al compromiso de no tomar represalias por el movimiento, la Comuna toma venganza Cabildo de Campeche sesiona y avisa a los medios de comunicaci\u00f3n pocos minutos antes de iniciar la reuni\u00f3n, en donde se aprob\u00f3 la cuenta p\u00fablica 2018, mientras tanto\u2026","rel":"","context":"En &quot;Campeche&quot;","block_context":{"text":"Campeche","link":"http:\/\/www.grieta.org.mx\/index.php\/category\/noticias-nacionales\/campeche\/"},"img":{"alt_text":"","src":"https:\/\/i0.wp.com\/www.grieta.org.mx\/wp-content\/uploads\/2019\/02\/cabildo.jpg?resize=350%2C200","width":350,"height":200,"srcset":"https:\/\/i0.wp.com\/www.grieta.org.mx\/wp-content\/uploads\/2019\/02\/cabildo.jpg?resize=350%2C200 1x, https:\/\/i0.wp.com\/www.grieta.org.mx\/wp-content\/uploads\/2019\/02\/cabildo.jpg?resize=525%2C300 1.5x, https:\/\/i0.wp.com\/www.grieta.org.mx\/wp-content\/uploads\/2019\/02\/cabildo.jpg?resize=700%2C400 2x"},"classes":[]},{"id":66964,"url":"http:\/\/www.grieta.org.mx\/index.php\/2023\/05\/23\/obreros-exigen-reparto-de-utilidades-protestan-afuera-de-una-maquiladora-en-campeche\/","url_meta":{"origin":66189,"position":5},"title":"Obreros exigen reparto de utilidades; protestan afuera de una maquiladora en Campeche","author":"grieta","date":"23 mayo, 2023","format":false,"excerpt":"Amado Caamal \/ Por Esto! Obreros de la maquiladora \u201cAugusta Sportswear\u201d ubicado a la cercan\u00eda de Tepak\u00e1n y Becal con cartulinas alusivas exhiben su enojo y exigen el reparto de utilidades que se les ha negado por la ca\u00edda de otra maquiladora de Champot\u00f3n y les quieren hacer pagar los\u2026","rel":"","context":"En &quot;Campeche&quot;","block_context":{"text":"Campeche","link":"http:\/\/www.grieta.org.mx\/index.php\/category\/noticias-nacionales\/campeche\/"},"img":{"alt_text":"","src":"https:\/\/i0.wp.com\/www.grieta.org.mx\/wp-content\/uploads\/2023\/05\/ParoMaquiladora-e1685037778820.jpg?resize=350%2C200","width":350,"height":200,"srcset":"https:\/\/i0.wp.com\/www.grieta.org.mx\/wp-content\/uploads\/2023\/05\/ParoMaquiladora-e1685037778820.jpg?resize=350%2C200 1x, https:\/\/i0.wp.com\/www.grieta.org.mx\/wp-content\/uploads\/2023\/05\/ParoMaquiladora-e1685037778820.jpg?resize=525%2C300 1.5x, https:\/\/i0.wp.com\/www.grieta.org.mx\/wp-content\/uploads\/2023\/05\/ParoMaquiladora-e1685037778820.jpg?resize=700%2C400 2x"},"classes":[]}],"_links":{"self":[{"href":"http:\/\/www.grieta.org.mx\/index.php\/wp-json\/wp\/v2\/posts\/66189","targetHints":{"allow":["GET"]}}],"collection":[{"href":"http:\/\/www.grieta.org.mx\/index.php\/wp-json\/wp\/v2\/posts"}],"about":[{"href":"http:\/\/www.grieta.org.mx\/index.php\/wp-json\/wp\/v2\/types\/post"}],"author":[{"embeddable":true,"href":"http:\/\/www.grieta.org.mx\/index.php\/wp-json\/wp\/v2\/users\/2"}],"replies":[{"embeddable":true,"href":"http:\/\/www.grieta.org.mx\/index.php\/wp-json\/wp\/v2\/comments?post=66189"}],"version-history":[{"count":1,"href":"http:\/\/www.grieta.org.mx\/index.php\/wp-json\/wp\/v2\/posts\/66189\/revisions"}],"predecessor-version":[{"id":66191,"href":"http:\/\/www.grieta.org.mx\/index.php\/wp-json\/wp\/v2\/posts\/66189\/revisions\/66191"}],"wp:featuredmedia":[{"embeddable":true,"href":"http:\/\/www.grieta.org.mx\/index.php\/wp-json\/wp\/v2\/media\/66190"}],"wp:attachment":[{"href":"http:\/\/www.grieta.org.mx\/index.php\/wp-json\/wp\/v2\/media?parent=66189"}],"wp:term":[{"taxonomy":"category","embeddable":true,"href":"http:\/\/www.grieta.org.mx\/index.php\/wp-json\/wp\/v2\/categories?post=66189"},{"taxonomy":"post_tag","embeddable":true,"href":"http:\/\/www.grieta.org.mx\/index.php\/wp-json\/wp\/v2\/tags?post=66189"}],"curies":[{"name":"wp","href":"https:\/\/api.w.org\/{rel}","templated":true}]}}