{"id":66170,"date":"2023-01-26T16:26:40","date_gmt":"2023-01-26T22:26:40","guid":{"rendered":"https:\/\/www.grieta.org.mx\/?p=66170"},"modified":"2023-01-29T16:37:28","modified_gmt":"2023-01-29T22:37:28","slug":"planta-de-pemex-cumple-tres-dias-bloqueada-por-ejidatarios-de-atasta-campeche","status":"publish","type":"post","link":"http:\/\/www.grieta.org.mx\/index.php\/2023\/01\/26\/planta-de-pemex-cumple-tres-dias-bloqueada-por-ejidatarios-de-atasta-campeche\/","title":{"rendered":"Planta de Pemex cumple tres d\u00edas bloqueada por ejidatarios de Atasta (Campeche)"},"content":{"rendered":"<p>Luis Carmona \/ Yucat\u00e1n a la Mano<\/p>\n<p>Los pobladores de Atasta contin\u00faan con su postura sobre los ingresos del predial y ven como justo el bloqueo de la planta de Pemex<\/p>\n<p>Los recursos generados a trav\u00e9s del pago del impuesto predial de la plantas de nitr\u00f3geno y proceso de gas, asentadas en la Pen\u00ednsula de Atasta, deben ser pagados directamente a las autoridades de la Junta Municipal y no al municipio, ya que por ley debe ser distribuido entre todas las comunidades que carecen de gran n\u00famero de servicios p\u00fablicos, como calles y alumbrado, se\u00f1alo Gabriel Alejandro P\u00e9rez, habitante de la Comisar\u00eda de San Antonio C\u00e1rdenas.<\/p>\n<p>Coment\u00f3 que el bloqueo al Centro de Proceso y Transporte de Gas \u201cAtasta\u201d, de Petr\u00f3leos Mexicanos (PEMEX), se mantiene en tanto la paraestatal no pague a los atastecos, no s\u00f3lo por el uso del terreno, que son m\u00e1s de 34 hect\u00e1reas, que es terreno ejidal, sino tambi\u00e9n que se comprometa a resarcir todo el da\u00f1o que le ha causado a la zona desde que est\u00e1 operando, hace cerca de 40 a\u00f1os, lo mismo que con la Planta de Nitr\u00f3geno \u201cCantarell\u201d, que tambi\u00e9n est\u00e1 en situaci\u00f3n similar.<\/p>\n<p>Dijo que la raz\u00f3n del bloqueo a la planta es porque la empresa no ha cumplido con los ejidatarios el pago por el uso de esos terrenos, situaci\u00f3n que no es reciente, sino que lleva muchos a\u00f1os, \u201cadem\u00e1s peleamos que la planta como la de nitr\u00f3geno cumpla con el pago por el uso de suelo; en el caso de la planta de nitr\u00f3geno, desde hace 23 a\u00f1os se viene manejando una indemnizaci\u00f3n\u201d.<\/p>\n<p>Se\u00f1al\u00f3 que dichos recursos que paga la Planta de Nitr\u00f3geno \u201cCantarell\u201d se han triangulado de forma injusta; \u201cel error es que el dinero que paga la planta no va directamente a las comunidades sino que primero pasa por el Ayuntamiento y despu\u00e9s va a la Junta; pero debe ser directamente pagado a la junta para que a trav\u00e9s de esta se distribuya a las ocho comunidades de la Pen\u00ednsula de Atasta donde hay mucho atraso\u201d.<\/p>\n<p>En el caso del Centro de Proceso y Transporte de Gas, explic\u00f3 que ignoran d\u00f3nde terminan esos recursos, porque no llega a los ejidatarios. \u201cEse dinero lo da PEMEX para los ejidatarios; por eso estamos peleando\u201d, aleg\u00f3 Gabriel Alejandro P\u00e9rez.<\/p>\n<p>Enfatiz\u00f3 con el bloqueo, que ayer cumpli\u00f3 dos d\u00edas, el martes no se lleg\u00f3 a ning\u00fan acuerdo con el directivo de PEMEX, Francisco Rivera, y el subsecretario de Gobierno C, Daniel L\u00f3pez Lanz. \u201cSe pidi\u00f3 que dejemos pasar los veh\u00edculos de las empresas, pero no lo permitieron porque tambi\u00e9n causan da\u00f1o a las comunidades. Solamente est\u00e1n reclamando sus derechos\u201d, acot\u00f3.<\/p>\n<p>\u201cLas autoridades de Nuevo Progreso no han hecho nada por su pueblo, el gobierno aporta, pero no llegan los recursos por la corrupci\u00f3n\u201d.<\/p>\n<p>\u201cMe gustar\u00eda que el presidente municipal, Pablo Guti\u00e9rrez Lazarus, recorra las calles de Nuevo Progreso, para que vea en qu\u00e9 condiciones est\u00e1n. Se le ha pedido a Ermilo May, presidente de la Junta de Atasta, que vea por las comunidades, porque el comisario Vicente Ovando no est\u00e1 haciendo nada\u201d, dijo el poblador.<\/p>\n<p>Fuentes: Por Esto.<\/p>\n<p><a href=\"https:\/\/www.yucatanalamano.com\/planta-de-pemex-cumple-tres-dias-bloqueada-por-ejidatarios-de-atasta\/\" rel=\"noopener\" target=\"_blank\">https:\/\/www.yucatanalamano.com\/planta-de-pemex-cumple-tres-dias-bloqueada-por-ejidatarios-de-atasta\/<\/a><\/p>\n","protected":false},"excerpt":{"rendered":"<p>Luis Carmona \/ Yucat\u00e1n a la Mano Los pobladores de Atasta contin\u00faan con su postura sobre los ingresos del predial y ven como justo el bloqueo de la planta de &hellip; <a href=\"http:\/\/www.grieta.org.mx\/index.php\/2023\/01\/26\/planta-de-pemex-cumple-tres-dias-bloqueada-por-ejidatarios-de-atasta-campeche\/\" class=\"more-link\">Leer m\u00e1s<\/a><\/p>\n","protected":false},"author":2,"featured_media":66171,"comment_status":"closed","ping_status":"closed","sticky":false,"template":"","format":"standard","meta":{"ngg_post_thumbnail":0,"_jetpack_newsletter_access":"","_jetpack_dont_email_post_to_subs":false,"_jetpack_newsletter_tier_id":0,"_jetpack_memberships_contains_paywalled_content":false,"_jetpack_memberships_contains_paid_content":false,"footnotes":""},"categories":[11,80,2997,2],"tags":[354,175,125],"class_list":["post-66170","post","type-post","status-publish","format-standard","has-post-thumbnail","hentry","category-campeche","category-cintillo","category-despojo-de-tierras-en-campeche","category-noticias-nacionales","tag-bloqueo","tag-ejidatarios","tag-pemex","entry"],"jetpack_featured_media_url":"http:\/\/www.grieta.org.mx\/wp-content\/uploads\/2023\/01\/Pemex-e1675031606227.jpg","jetpack_sharing_enabled":true,"jetpack_shortlink":"https:\/\/wp.me\/p7ZJR4-hdg","jetpack_likes_enabled":false,"jetpack-related-posts":[{"id":66183,"url":"http:\/\/www.grieta.org.mx\/index.php\/2023\/02\/03\/ejidatarios-de-atasta-acusan-a-pemex-por-querer-malpagar-34-terrenos-en-deuda-campeche\/","url_meta":{"origin":66170,"position":0},"title":"Ejidatarios de Atasta acusan a Pemex por querer &#8216;malpagar&#8217; 34 terrenos en deuda (Campeche)","author":"grieta","date":"3 febrero, 2023","format":false,"excerpt":"Gerardo Can Dzib \/ por Esto! A un precio irrisorio pretende pagar Petr\u00f3leos Mexicanos (Pemex) las 34 hect\u00e1reas pendientes por liquidar a los ejidatarios de la Pen\u00ednsula de Atasta de las 562 que ocupa el Centro de Proceso y Transporte de Gas \u201cAtasta\u201d, en contubernio con el Instituto de Administraci\u00f3n\u2026","rel":"","context":"En &quot;Campeche&quot;","block_context":{"text":"Campeche","link":"http:\/\/www.grieta.org.mx\/index.php\/category\/noticias-nacionales\/campeche\/"},"img":{"alt_text":"","src":"https:\/\/i0.wp.com\/www.grieta.org.mx\/wp-content\/uploads\/2023\/02\/Atasta-e1675898652855.jpg?resize=350%2C200","width":350,"height":200,"srcset":"https:\/\/i0.wp.com\/www.grieta.org.mx\/wp-content\/uploads\/2023\/02\/Atasta-e1675898652855.jpg?resize=350%2C200 1x, https:\/\/i0.wp.com\/www.grieta.org.mx\/wp-content\/uploads\/2023\/02\/Atasta-e1675898652855.jpg?resize=525%2C300 1.5x, https:\/\/i0.wp.com\/www.grieta.org.mx\/wp-content\/uploads\/2023\/02\/Atasta-e1675898652855.jpg?resize=700%2C400 2x"},"classes":[]},{"id":1532,"url":"http:\/\/www.grieta.org.mx\/index.php\/2015\/11\/14\/planta-de-nitrogeno-genera-leucemia-y-cancer-a-pobladores\/","url_meta":{"origin":66170,"position":1},"title":"Planta de Nitr\u00f3geno genera leucemia y c\u00e1ncer a pobladores","author":"grieta","date":"14 noviembre, 2015","format":false,"excerpt":"En 35 a\u00f1os, Atasta fue contaminado ATASTA.\u2014 Petr\u00f3leos Mexicanos (Pemex), \u00fanicamente ha dejado durante m\u00e1s de 35 a\u00f1os al pueblo de Atasta, destrucci\u00f3n y contaminaci\u00f3n en el medio ambiente, siendo responsable de las enfermedades como el c\u00e1ncer y leucemia. Tiene como cinco a seis a\u00f1os que han comenzado a aparecer\u2026","rel":"","context":"En &quot;campeche&quot;","block_context":{"text":"campeche","link":"http:\/\/www.grieta.org.mx\/index.php\/category\/campeche\/"},"img":{"alt_text":"","src":"https:\/\/i0.wp.com\/www.grieta.org.mx\/wp-content\/uploads\/2018\/03\/14524434_1106112876131411_958039263622046936_o.jpg?resize=350%2C200","width":350,"height":200,"srcset":"https:\/\/i0.wp.com\/www.grieta.org.mx\/wp-content\/uploads\/2018\/03\/14524434_1106112876131411_958039263622046936_o.jpg?resize=350%2C200 1x, https:\/\/i0.wp.com\/www.grieta.org.mx\/wp-content\/uploads\/2018\/03\/14524434_1106112876131411_958039263622046936_o.jpg?resize=525%2C300 1.5x, https:\/\/i0.wp.com\/www.grieta.org.mx\/wp-content\/uploads\/2018\/03\/14524434_1106112876131411_958039263622046936_o.jpg?resize=700%2C400 2x"},"classes":[]},{"id":1537,"url":"http:\/\/www.grieta.org.mx\/index.php\/2015\/11\/02\/ronda-la-muerte-en-atasta\/","url_meta":{"origin":66170,"position":2},"title":"Ronda la muerte en Atasta","author":"grieta","date":"2 noviembre, 2015","format":false,"excerpt":"La muerte ronda entre los habitantes de la Pen\u00ednsula de Atasta, pues el \u00edndice de c\u00e1ncer e infartos cada d\u00eda es mayor, atribuidas a la actividad petrolera, producto de las emisiones contaminantes de las plantas de compresi\u00f3n de gas y de nitr\u00f3geno, asegur\u00f3 Elio Garc\u00eda Rodr\u00edguez. El gestor social de\u2026","rel":"","context":"En &quot;campeche&quot;","block_context":{"text":"campeche","link":"http:\/\/www.grieta.org.mx\/index.php\/category\/campeche\/"},"img":{"alt_text":"","src":"https:\/\/i0.wp.com\/www.grieta.org.mx\/wp-content\/uploads\/2018\/03\/14524434_1106112876131411_958039263622046936_o.jpg?resize=350%2C200","width":350,"height":200,"srcset":"https:\/\/i0.wp.com\/www.grieta.org.mx\/wp-content\/uploads\/2018\/03\/14524434_1106112876131411_958039263622046936_o.jpg?resize=350%2C200 1x, https:\/\/i0.wp.com\/www.grieta.org.mx\/wp-content\/uploads\/2018\/03\/14524434_1106112876131411_958039263622046936_o.jpg?resize=525%2C300 1.5x, https:\/\/i0.wp.com\/www.grieta.org.mx\/wp-content\/uploads\/2018\/03\/14524434_1106112876131411_958039263622046936_o.jpg?resize=700%2C400 2x"},"classes":[]},{"id":67430,"url":"http:\/\/www.grieta.org.mx\/index.php\/2023\/08\/02\/pescadores-exigen-a-pemex-resarcir-danos-por-derrames-en-sonda-de-campeche\/","url_meta":{"origin":66170,"position":3},"title":"Pescadores exigen a Pemex resarcir da\u00f1os por derrames en Sonda de Campeche","author":"grieta","date":"2 agosto, 2023","format":false,"excerpt":"Gabriel Graniel Herrera \/ Foto: Fernando Eloy \/ La Jornada Maya Piden realizar una reuni\u00f3n urgente para tratar las afectaciones ecol\u00f3gicas 02\/08\/2023 | San Francisco de Campeche Pescadores ribere\u00f1os del municipio del Carmen exigir\u00e1n a Petr\u00f3leos Mexicanos (Pemex) que pague una indemnizaci\u00f3n o que aumente los apoyos que aporta para\u2026","rel":"","context":"En &quot;Campeche&quot;","block_context":{"text":"Campeche","link":"http:\/\/www.grieta.org.mx\/index.php\/category\/noticias-nacionales\/campeche\/"},"img":{"alt_text":"","src":"https:\/\/i0.wp.com\/www.grieta.org.mx\/wp-content\/uploads\/2023\/08\/Derrame-e1691645712711.jpg?resize=350%2C200","width":350,"height":200,"srcset":"https:\/\/i0.wp.com\/www.grieta.org.mx\/wp-content\/uploads\/2023\/08\/Derrame-e1691645712711.jpg?resize=350%2C200 1x, https:\/\/i0.wp.com\/www.grieta.org.mx\/wp-content\/uploads\/2023\/08\/Derrame-e1691645712711.jpg?resize=525%2C300 1.5x, https:\/\/i0.wp.com\/www.grieta.org.mx\/wp-content\/uploads\/2023\/08\/Derrame-e1691645712711.jpg?resize=700%2C400 2x"},"classes":[]},{"id":9598,"url":"http:\/\/www.grieta.org.mx\/index.php\/2016\/09\/10\/conflictos-laborales-en-campeche\/","url_meta":{"origin":66170,"position":4},"title":"Conflictos laborales en Campeche","author":"grieta","date":"10 septiembre, 2016","format":false,"excerpt":"10\/09\/16. Despiden a obreros de PASA por protestar (Campeche) Tribuna 09\/09\/16. Jubilados exigen pago de bonos (Campeche) Tribuna 06\/09\/16. Paran otra vez los polic\u00edas; sin bono (Campeche) Tribuna 30\/08\/16. Bloquean Planta de Nitr\u00f3geno Cantarell (Campeche) Tribuna 20\/08\/16. Paralizan labores en Cobacam (Campeche) Tribuna 12\/08\/16. Plantean demandas empleados del INAH (Campeche)\u2026","rel":"","context":"En &quot;Campeche&quot;","block_context":{"text":"Campeche","link":"http:\/\/www.grieta.org.mx\/index.php\/category\/noticias-nacionales\/campeche\/"},"img":{"alt_text":"","src":"https:\/\/i0.wp.com\/www.grieta.org.mx\/wp-content\/uploads\/2018\/03\/14524434_1106112876131411_958039263622046936_o.jpg?resize=350%2C200","width":350,"height":200,"srcset":"https:\/\/i0.wp.com\/www.grieta.org.mx\/wp-content\/uploads\/2018\/03\/14524434_1106112876131411_958039263622046936_o.jpg?resize=350%2C200 1x, https:\/\/i0.wp.com\/www.grieta.org.mx\/wp-content\/uploads\/2018\/03\/14524434_1106112876131411_958039263622046936_o.jpg?resize=525%2C300 1.5x, https:\/\/i0.wp.com\/www.grieta.org.mx\/wp-content\/uploads\/2018\/03\/14524434_1106112876131411_958039263622046936_o.jpg?resize=700%2C400 2x"},"classes":[]},{"id":42966,"url":"http:\/\/www.grieta.org.mx\/index.php\/2020\/01\/07\/un-incendio-en-una-plataforma-de-pemex-en-campeche-deja-tres-heridos\/","url_meta":{"origin":66170,"position":5},"title":"Un incendio en una plataforma de Pemex en Campeche deja tres heridos","author":"grieta","date":"7 enero, 2020","format":false,"excerpt":"Rosa Santana \/ Proceso CIUDAD DEL CARMEN, Cam. (apro). \u2013 Un incendio registrado esta ma\u00f1ana en la plataforma Akal-C 6 de Pemex, ubicada en la Sonda de Campeche, dej\u00f3 un saldo de tres trabajadores lesionados. El incidente ocurri\u00f3 aproximadamente a las 10:00 horas de este martes en el lado oeste\u2026","rel":"","context":"En &quot;Campeche&quot;","block_context":{"text":"Campeche","link":"http:\/\/www.grieta.org.mx\/index.php\/category\/noticias-nacionales\/campeche\/"},"img":{"alt_text":"","src":"https:\/\/i0.wp.com\/www.grieta.org.mx\/wp-content\/uploads\/2020\/01\/Pemex_Campeche-870x522-e1578770327600.jpg?resize=350%2C200","width":350,"height":200,"srcset":"https:\/\/i0.wp.com\/www.grieta.org.mx\/wp-content\/uploads\/2020\/01\/Pemex_Campeche-870x522-e1578770327600.jpg?resize=350%2C200 1x, https:\/\/i0.wp.com\/www.grieta.org.mx\/wp-content\/uploads\/2020\/01\/Pemex_Campeche-870x522-e1578770327600.jpg?resize=525%2C300 1.5x, https:\/\/i0.wp.com\/www.grieta.org.mx\/wp-content\/uploads\/2020\/01\/Pemex_Campeche-870x522-e1578770327600.jpg?resize=700%2C400 2x"},"classes":[]}],"_links":{"self":[{"href":"http:\/\/www.grieta.org.mx\/index.php\/wp-json\/wp\/v2\/posts\/66170","targetHints":{"allow":["GET"]}}],"collection":[{"href":"http:\/\/www.grieta.org.mx\/index.php\/wp-json\/wp\/v2\/posts"}],"about":[{"href":"http:\/\/www.grieta.org.mx\/index.php\/wp-json\/wp\/v2\/types\/post"}],"author":[{"embeddable":true,"href":"http:\/\/www.grieta.org.mx\/index.php\/wp-json\/wp\/v2\/users\/2"}],"replies":[{"embeddable":true,"href":"http:\/\/www.grieta.org.mx\/index.php\/wp-json\/wp\/v2\/comments?post=66170"}],"version-history":[{"count":1,"href":"http:\/\/www.grieta.org.mx\/index.php\/wp-json\/wp\/v2\/posts\/66170\/revisions"}],"predecessor-version":[{"id":66172,"href":"http:\/\/www.grieta.org.mx\/index.php\/wp-json\/wp\/v2\/posts\/66170\/revisions\/66172"}],"wp:featuredmedia":[{"embeddable":true,"href":"http:\/\/www.grieta.org.mx\/index.php\/wp-json\/wp\/v2\/media\/66171"}],"wp:attachment":[{"href":"http:\/\/www.grieta.org.mx\/index.php\/wp-json\/wp\/v2\/media?parent=66170"}],"wp:term":[{"taxonomy":"category","embeddable":true,"href":"http:\/\/www.grieta.org.mx\/index.php\/wp-json\/wp\/v2\/categories?post=66170"},{"taxonomy":"post_tag","embeddable":true,"href":"http:\/\/www.grieta.org.mx\/index.php\/wp-json\/wp\/v2\/tags?post=66170"}],"curies":[{"name":"wp","href":"https:\/\/api.w.org\/{rel}","templated":true}]}}