{"id":6615,"date":"2015-12-02T01:00:36","date_gmt":"2015-12-02T01:00:36","guid":{"rendered":"http:\/\/50.22.11.12\/~grietaor\/?p=6615"},"modified":"2016-04-26T03:12:04","modified_gmt":"2016-04-26T03:12:04","slug":"siembran-torres-en-samarkanda-villahermosa-tabasco","status":"publish","type":"post","link":"http:\/\/www.grieta.org.mx\/index.php\/2015\/12\/02\/siembran-torres-en-samarkanda-villahermosa-tabasco\/","title":{"rendered":"Siembran torres en Samarkanda, Villahermosa, Tabasco"},"content":{"rendered":"<p>V\u00edctor Esquivel <\/p>\n<p>Se han construido tres mega edificios: Pir\u00e1mide de Pemex, Torre Samarkanda y Edificio Ejecutivo; proyectan dos.<br \/>\nSiembran torres en Samarkanda La avenida Samarkanda busca convertirse en un corredor de torres gigantes; actualmente hay tres y dos que se construir\u00e1n.<\/p>\n<p>La avenida Samarkanda enclavada en una de las zonas m\u00e1s exclusivas de Villahermosa, se convertir\u00e1 en un corredor de torres que son edificadas para aumentar la oferta de oficinas, principalmente para empresas petroleras.<\/p>\n<p>A decir de los especialistas consultados por Grupo Cant\u00f3n, la Pir\u00e1mide de Pemex se ha convertido en un im\u00e1n para la edificaci\u00f3n vertical, de tal suerte que tan solo en la avenida, se han construido recientemente dos torres y un estacionamiento p\u00fablico de cinco niveles, siendo los crecimientos hacia arriba la \u00fanica opci\u00f3n para desarrolladores.<\/p>\n<p>Actualmente se han construido tres edificios, entre ellos un estacionamiento p\u00fablico de cinco niveles frente a la Pir\u00e1mide de Pemex, la Torre Samarkanda a un costado del Lienzo Charro, y el Edificio Ejecutivo, a un costado del fraccionamiento Nueva Imagen.<\/p>\n<p>Adem\u00e1s est\u00e1n proyectadas las construcciones de dos mega torres m\u00e1s : Ixna Tower y Torre Ankor, que vendr\u00e1n a darle mayor plusval\u00eda a la zona.<\/p>\n<p>Aunque es Samarkanda donde se ha observado un mayor crecimiento de construcciones verticales, en general la zona de Tabasco 2000 se ha convertido en espacios caracterizados por edificios que rondan los 90 metros de altura, de los cuales se tiene registro de al menos 14, donde se desarrolla una gran actividad ejecutiva, comercial y hotelera, por lo que su plusval\u00eda tanto en materia de construcci\u00f3n como de arrendamiento, tambi\u00e9n son de las m\u00e1s elevadas, consider\u00f3 el ingeniero Francisco Vidal.<\/p>\n<p>A decir del especialista, la falta de espacios en Villahermosa ha propiciado la construcci\u00f3n de estructuras verticales, tanto para las actividades comerciales como viviend\u00edsticas, y para el alojamiento de oficinas p\u00fablicas.<\/p>\n<p>\u201cLos inversionistas ven esta zona muy adecuada para oficinas p\u00fablicas, hoteles y locales comerciales, adem\u00e1s de que es alta y libre de inundaciones\u201d, indic\u00f3.<\/p>\n<p>Urbanismo de altura:<\/p>\n<p>1.- LA TORRE ANKOR<br \/>\n\u2022 Integrar\u00e1 dos edificios \u2022 Uno ser\u00e1 para habitaciones y 67 departamentos.<br \/>\n\u2022 El segundo de nueve pisos ser\u00e1 el edificio de oficinas m\u00e1s exclusivo de la ciudad.<br \/>\n\u2022 Contar\u00e1 adem\u00e1s con una novedosa plaza comercial con espacios destinados a servicios.<\/p>\n<p>2.- EDIFICIO EJECUTIVO<br \/>\n\u2022 Tiene cinco niveles con un dise\u00f1o arquitect\u00f3nico moderno.<br \/>\n\u2022 Sus espacios son para oficinas adem\u00e1s de contener en su interior diversos tipos de negocios.<br \/>\n\u2022 Avenida Samarkanda 306.<\/p>\n<p>3.- TORRE SAMARKANDA<br \/>\n\u2022 Tiene siete niveles.<br \/>\n\u2022 Inversi\u00f3n: 70 millones de pesos.<br \/>\n\u2022 Est\u00e1 ubicado en el n\u00famero 302.<br \/>\n\u2022 Tiene una superficie 2 mil 662 metros cuadrados.<br \/>\n\u2022 En la planta baja hay cuatro locales comerciales en renta \u2022 Ocho espacios para oficinas.<\/p>\n<p>4.- IXNA TOWER<br \/>\n\u2022 Inversi\u00f3n: $320 millones.<br \/>\n\u2022 Superficie: 27,919 metros cuadrados.<br \/>\nCARACTER\u00cdSTICAS:<br \/>\n\u2022 21 niveles.<br \/>\n\u2022 Lobby de triple altura.<br \/>\n\u2022 \u00c1rea de locales comerciales en la planta baja.<br \/>\n\u2022 9 niveles de estacionamiento.<br \/>\n\u2022 11 niveles de oficinas.<br \/>\n\u2022 Pentoffice.<\/p>\n<p>5.- PIR\u00c1MIDE DE PEMEX<br \/>\n\u2022 Es un edificio de arquitectura moderna con cristales transparentes.<br \/>\n\u2022 Consta de seis plantas.<br \/>\n\u2022 Alberga oficinas de Pemex en Tabasco.<br \/>\n\u2022 Su construcci\u00f3n asemeja una gran pir\u00e1mide.<\/p>\n<p><a href=\"http:\/\/www.tabascohoy.com\/2\/notas\/283923\/siembran-torres-en-samarkanda\" target=\"_blank\">http:\/\/www.tabascohoy.com\/2\/notas\/283923\/siembran-torres-en-samarkanda<\/a><\/p>\n","protected":false},"excerpt":{"rendered":"<p>V\u00edctor Esquivel Se han construido tres mega edificios: Pir\u00e1mide de Pemex, Torre Samarkanda y Edificio Ejecutivo; proyectan dos. Siembran torres en Samarkanda La avenida Samarkanda busca convertirse en un corredor &hellip; <a href=\"http:\/\/www.grieta.org.mx\/index.php\/2015\/12\/02\/siembran-torres-en-samarkanda-villahermosa-tabasco\/\" class=\"more-link\">Leer m\u00e1s<\/a><\/p>\n","protected":false},"author":2,"featured_media":21928,"comment_status":"closed","ping_status":"open","sticky":false,"template":"","format":"standard","meta":{"ngg_post_thumbnail":0,"_jetpack_newsletter_access":"","_jetpack_dont_email_post_to_subs":false,"_jetpack_newsletter_tier_id":0,"_jetpack_memberships_contains_paywalled_content":false,"_jetpack_memberships_contains_paid_content":false,"footnotes":""},"categories":[80,415],"tags":[399],"class_list":["post-6615","post","type-post","status-publish","format-standard","has-post-thumbnail","hentry","category-cintillo","category-tabasco","tag-proyecto-inmobiliario","entry"],"jetpack_featured_media_url":"http:\/\/www.grieta.org.mx\/wp-content\/uploads\/2018\/03\/14524434_1106112876131411_958039263622046936_o.jpg","jetpack_sharing_enabled":true,"jetpack_shortlink":"https:\/\/wp.me\/p7ZJR4-1IH","jetpack_likes_enabled":false,"jetpack-related-posts":[{"id":6616,"url":"http:\/\/www.grieta.org.mx\/index.php\/2015\/12\/02\/6616\/","url_meta":{"origin":6615,"position":0},"title":"Megaproyectos inmobiliarios en Tabasco","author":"grieta","date":"2 diciembre, 2015","format":false,"excerpt":"02\/12\/15. Siembran torres en Samarkanda, Villahermosa, TabascoTabasco Hoy 02\/12\/15. Rodear\u00e1n al nuevo convenciones mega plaza, hoteles, parqueTabasco Hoy 18\/12\/15. Tabasco Diamante, el mega desarrollo de 640 mddEl Economista 14\/05\/15. Altabrisa atrae mega desarrollo inmobiliarioTabasco Hoy","rel":"","context":"En &quot;NOTICIAS NACIONALES&quot;","block_context":{"text":"NOTICIAS NACIONALES","link":"http:\/\/www.grieta.org.mx\/index.php\/category\/noticias-nacionales\/"},"img":{"alt_text":"","src":"https:\/\/i0.wp.com\/www.grieta.org.mx\/wp-content\/uploads\/2018\/03\/14524434_1106112876131411_958039263622046936_o.jpg?resize=350%2C200","width":350,"height":200,"srcset":"https:\/\/i0.wp.com\/www.grieta.org.mx\/wp-content\/uploads\/2018\/03\/14524434_1106112876131411_958039263622046936_o.jpg?resize=350%2C200 1x, https:\/\/i0.wp.com\/www.grieta.org.mx\/wp-content\/uploads\/2018\/03\/14524434_1106112876131411_958039263622046936_o.jpg?resize=525%2C300 1.5x, https:\/\/i0.wp.com\/www.grieta.org.mx\/wp-content\/uploads\/2018\/03\/14524434_1106112876131411_958039263622046936_o.jpg?resize=700%2C400 2x"},"classes":[]},{"id":492,"url":"http:\/\/www.grieta.org.mx\/index.php\/2015\/09\/25\/cooperativas-pesqueras-de-tabasco-demandan-que-pemex-las-indemnice\/","url_meta":{"origin":6615,"position":1},"title":"Cooperativas pesqueras de Tabasco demandan que Pemex las indemnice","author":"grieta","date":"25 septiembre, 2015","format":false,"excerpt":"Ren\u00e9 Alberto L\u00f3pez Villahermosa, Tab. Integrantes de m\u00e1s de 80 organizaciones pesqueras del puerto de S\u00e1nchez Magallanes, municipio de C\u00e1rdenas, denunciaron que desechos de la plataforma del campo Arjona de Petr\u00f3leos Mexicanos (Pemex), desmantelado en 1998 ante las protestas de los pobladores, contaminan seis kil\u00f3metros de litoral, lo que ha\u2026","rel":"","context":"En &quot;CINTILLO&quot;","block_context":{"text":"CINTILLO","link":"http:\/\/www.grieta.org.mx\/index.php\/category\/cintillo\/"},"img":{"alt_text":"","src":"https:\/\/i0.wp.com\/www.grieta.org.mx\/wp-content\/uploads\/2018\/03\/14524434_1106112876131411_958039263622046936_o.jpg?resize=350%2C200","width":350,"height":200,"srcset":"https:\/\/i0.wp.com\/www.grieta.org.mx\/wp-content\/uploads\/2018\/03\/14524434_1106112876131411_958039263622046936_o.jpg?resize=350%2C200 1x, https:\/\/i0.wp.com\/www.grieta.org.mx\/wp-content\/uploads\/2018\/03\/14524434_1106112876131411_958039263622046936_o.jpg?resize=525%2C300 1.5x, https:\/\/i0.wp.com\/www.grieta.org.mx\/wp-content\/uploads\/2018\/03\/14524434_1106112876131411_958039263622046936_o.jpg?resize=700%2C400 2x"},"classes":[]},{"id":19543,"url":"http:\/\/www.grieta.org.mx\/index.php\/2016\/08\/12\/protestan-jubilados-de-pemex-ante-recortes-tabasco\/","url_meta":{"origin":6615,"position":2},"title":"Protestan jubilados de Pemex ante recortes (Tabasco)","author":"grieta","date":"12 agosto, 2016","format":false,"excerpt":"Omar Policroniades Villahermosa, Tab., 12 de agosto del 2016.- Una treintena de jubilados protest\u00f3 este viernes en la Pir\u00e1mide de Pemex por los recortes a sus pensiones y en reclamo de un mejor servicio m\u00e9dico que se ha visto afectado por ajustes presupuestales, reflej\u00e1ndose en el desabasto de medicamentos. Con\u2026","rel":"","context":"En &quot;CINTILLO&quot;","block_context":{"text":"CINTILLO","link":"http:\/\/www.grieta.org.mx\/index.php\/category\/cintillo\/"},"img":{"alt_text":"","src":"https:\/\/i0.wp.com\/www.grieta.org.mx\/wp-content\/uploads\/2018\/03\/14524434_1106112876131411_958039263622046936_o.jpg?resize=350%2C200","width":350,"height":200,"srcset":"https:\/\/i0.wp.com\/www.grieta.org.mx\/wp-content\/uploads\/2018\/03\/14524434_1106112876131411_958039263622046936_o.jpg?resize=350%2C200 1x, https:\/\/i0.wp.com\/www.grieta.org.mx\/wp-content\/uploads\/2018\/03\/14524434_1106112876131411_958039263622046936_o.jpg?resize=525%2C300 1.5x, https:\/\/i0.wp.com\/www.grieta.org.mx\/wp-content\/uploads\/2018\/03\/14524434_1106112876131411_958039263622046936_o.jpg?resize=700%2C400 2x"},"classes":[]},{"id":16332,"url":"http:\/\/www.grieta.org.mx\/index.php\/2016\/07\/08\/maestros-bloquean-tres-carreteras-en-tabasco\/","url_meta":{"origin":6615,"position":3},"title":"Maestros bloquean tres carreteras en Tabasco","author":"grieta","date":"8 julio, 2016","format":false,"excerpt":"Raquel May Ol\u00e1n Villahermosa, Tabasco.- Mientras este viernes maestros anunciaron la liberaci\u00f3n del paso a la altura del km 114+300 de la carretera Federal Villahermosa-Esc\u00e1rcega, despu\u00e9s de 17 d\u00edas de obstaculizarla; surgieron dos nuevos bloqueos en la Regi\u00f3n de los Pantanos de esta entidad, espec\u00edficamente en los municipios de Macuspana\u2026","rel":"","context":"En &quot;CINTILLO&quot;","block_context":{"text":"CINTILLO","link":"http:\/\/www.grieta.org.mx\/index.php\/category\/cintillo\/"},"img":{"alt_text":"","src":"https:\/\/i0.wp.com\/www.grieta.org.mx\/wp-content\/uploads\/2018\/03\/14524434_1106112876131411_958039263622046936_o.jpg?resize=350%2C200","width":350,"height":200,"srcset":"https:\/\/i0.wp.com\/www.grieta.org.mx\/wp-content\/uploads\/2018\/03\/14524434_1106112876131411_958039263622046936_o.jpg?resize=350%2C200 1x, https:\/\/i0.wp.com\/www.grieta.org.mx\/wp-content\/uploads\/2018\/03\/14524434_1106112876131411_958039263622046936_o.jpg?resize=525%2C300 1.5x, https:\/\/i0.wp.com\/www.grieta.org.mx\/wp-content\/uploads\/2018\/03\/14524434_1106112876131411_958039263622046936_o.jpg?resize=700%2C400 2x"},"classes":[]},{"id":9999,"url":"http:\/\/www.grieta.org.mx\/index.php\/2015\/11\/14\/difunden-videos-de-agresion-de-granaderos-contra-vecinos-en-avenida-de-las-torres\/","url_meta":{"origin":6615,"position":4},"title":"Difunden videos de agresi\u00f3n de granaderos contra vecinos en Avenida de las Torres","author":"grieta","date":"14 noviembre, 2015","format":false,"excerpt":"Foto: Cuartoscuro. Por Redacci\u00f3n Luego de que vecinos chocaran con granaderos en la Avenida de las Torres, a la altura de la Bajada del Capul\u00edn en la delegaci\u00f3n \u00c1lvaro Obreg\u00f3n, este s\u00e1bado se han dado a conocer tres videos en los que se logra ver la brutalidad con la que\u2026","rel":"","context":"En &quot;CINTILLO&quot;","block_context":{"text":"CINTILLO","link":"http:\/\/www.grieta.org.mx\/index.php\/category\/cintillo\/"},"img":{"alt_text":"","src":"https:\/\/i0.wp.com\/www.grieta.org.mx\/wp-content\/uploads\/2018\/03\/14524434_1106112876131411_958039263622046936_o.jpg?resize=350%2C200","width":350,"height":200,"srcset":"https:\/\/i0.wp.com\/www.grieta.org.mx\/wp-content\/uploads\/2018\/03\/14524434_1106112876131411_958039263622046936_o.jpg?resize=350%2C200 1x, https:\/\/i0.wp.com\/www.grieta.org.mx\/wp-content\/uploads\/2018\/03\/14524434_1106112876131411_958039263622046936_o.jpg?resize=525%2C300 1.5x, https:\/\/i0.wp.com\/www.grieta.org.mx\/wp-content\/uploads\/2018\/03\/14524434_1106112876131411_958039263622046936_o.jpg?resize=700%2C400 2x"},"classes":[]},{"id":6350,"url":"http:\/\/www.grieta.org.mx\/index.php\/2015\/10\/30\/arman-protesta-exigen-pago-a-contratista-de-pemex\/","url_meta":{"origin":6615,"position":5},"title":"Arman protesta; exigen pago a contratista de Pemex","author":"grieta","date":"30 octubre, 2015","format":false,"excerpt":"Redacci\u00f3n Tabasco Hoy Un grupo de trabajadores de una empresa contratista realizan una protesta en la plaza Terranova, cerca del Hospital Juan Graham, pues se encuentran exigiendo su pago; luego de reunirse en este lugar se encaminar\u00e1n a las oficinas de las empresas Mayamar, en el parquezote de Ciudad Industrial.\u2026","rel":"","context":"En &quot;CINTILLO&quot;","block_context":{"text":"CINTILLO","link":"http:\/\/www.grieta.org.mx\/index.php\/category\/cintillo\/"},"img":{"alt_text":"","src":"https:\/\/i0.wp.com\/www.grieta.org.mx\/wp-content\/uploads\/2018\/03\/14524434_1106112876131411_958039263622046936_o.jpg?resize=350%2C200","width":350,"height":200,"srcset":"https:\/\/i0.wp.com\/www.grieta.org.mx\/wp-content\/uploads\/2018\/03\/14524434_1106112876131411_958039263622046936_o.jpg?resize=350%2C200 1x, https:\/\/i0.wp.com\/www.grieta.org.mx\/wp-content\/uploads\/2018\/03\/14524434_1106112876131411_958039263622046936_o.jpg?resize=525%2C300 1.5x, https:\/\/i0.wp.com\/www.grieta.org.mx\/wp-content\/uploads\/2018\/03\/14524434_1106112876131411_958039263622046936_o.jpg?resize=700%2C400 2x"},"classes":[]}],"_links":{"self":[{"href":"http:\/\/www.grieta.org.mx\/index.php\/wp-json\/wp\/v2\/posts\/6615","targetHints":{"allow":["GET"]}}],"collection":[{"href":"http:\/\/www.grieta.org.mx\/index.php\/wp-json\/wp\/v2\/posts"}],"about":[{"href":"http:\/\/www.grieta.org.mx\/index.php\/wp-json\/wp\/v2\/types\/post"}],"author":[{"embeddable":true,"href":"http:\/\/www.grieta.org.mx\/index.php\/wp-json\/wp\/v2\/users\/2"}],"replies":[{"embeddable":true,"href":"http:\/\/www.grieta.org.mx\/index.php\/wp-json\/wp\/v2\/comments?post=6615"}],"version-history":[{"count":1,"href":"http:\/\/www.grieta.org.mx\/index.php\/wp-json\/wp\/v2\/posts\/6615\/revisions"}],"predecessor-version":[{"id":11081,"href":"http:\/\/www.grieta.org.mx\/index.php\/wp-json\/wp\/v2\/posts\/6615\/revisions\/11081"}],"wp:featuredmedia":[{"embeddable":true,"href":"http:\/\/www.grieta.org.mx\/index.php\/wp-json\/wp\/v2\/media\/21928"}],"wp:attachment":[{"href":"http:\/\/www.grieta.org.mx\/index.php\/wp-json\/wp\/v2\/media?parent=6615"}],"wp:term":[{"taxonomy":"category","embeddable":true,"href":"http:\/\/www.grieta.org.mx\/index.php\/wp-json\/wp\/v2\/categories?post=6615"},{"taxonomy":"post_tag","embeddable":true,"href":"http:\/\/www.grieta.org.mx\/index.php\/wp-json\/wp\/v2\/tags?post=6615"}],"curies":[{"name":"wp","href":"https:\/\/api.w.org\/{rel}","templated":true}]}}