{"id":65997,"date":"2022-12-14T13:45:56","date_gmt":"2022-12-14T19:45:56","guid":{"rendered":"https:\/\/www.grieta.org.mx\/?p=65997"},"modified":"2022-12-27T14:02:12","modified_gmt":"2022-12-27T20:02:12","slug":"ven-en-el-interoceanico-proyecto-de-saqueo-y-despojo-apiidtt-15-anos-de-lucha-y-resistencia-por-la-vida-oaxaca","status":"publish","type":"post","link":"http:\/\/www.grieta.org.mx\/index.php\/2022\/12\/14\/ven-en-el-interoceanico-proyecto-de-saqueo-y-despojo-apiidtt-15-anos-de-lucha-y-resistencia-por-la-vida-oaxaca\/","title":{"rendered":"Ven en el Interoce\u00e1nico proyecto de saqueo y despojo, APIIDTT 15 a\u00f1os de lucha y resistencia por la vida (Oaxaca)"},"content":{"rendered":"<p>Imagen: Cortes\u00eda<\/p>\n<p>Gerardo Valdivieso Parada \/ NVINoticias<\/p>\n<p>SAN BLAS ATEMPA, Oaxaca.- Integrantes de la Asamblea de los Pueblos Ind\u00edgenas del Istmo en Defensa de la Tierra y el Territorio (APIIDTT) conmemoraron 15 a\u00f1os \u201cen este caminar de lucha y resistencia por la defensa de la vida, tierra y territorio\u201d. En ese marco celebraron el foro &#8220;El Istmo en la encrucijada global: corredor interoce\u00e1nico, megaproyectos y resistencias&#8221; en la comunidad de Puente Madera.<\/p>\n<p>Las organizaciones en resistencia reunidas en esta comunidad que est\u00e1n dentro de la campa\u00f1a nacional \u201cEl Istmo es Nuestro\u201d, reiteraron su rechazo a la implementaci\u00f3n del Corredor Interoce\u00e1nico, que consideraron un \u201cproyecto del gran capital que destruye y despoja a los pueblos del Istmo de Tehuantepec\u201d.<\/p>\n<p>Los asistentes coincidieron en que la \u201cimposici\u00f3n del Corredor Interoce\u00e1nico ha evidenciado la colusi\u00f3n y corrupci\u00f3n de funcionarios p\u00fablicos e instituciones de los tres niveles de gobierno, su relaci\u00f3n con el crimen organizado, as\u00ed como el profundo inter\u00e9s de empresas nacionales e internacionales que pretenden hacer de la regi\u00f3n un muro fronterizo industrial, conectado por gasoductos, oleoductos, carreteras, trenes, puertos, l\u00edneas de alta tensi\u00f3n y parques industriales\u201d.<\/p>\n<p>Reiteraron que el megaproyecto tiene la finalidad de saquear, despojar y depredar los bienes naturales \u201cde este vasto territorio que compartimos y nos pertenece a nosotras y nosotros como pueblos originarios binniz\u00e1, ayuujk, ikoots, angp\u00f3n, slijuala xanuc\u2019 y tannundaj\u00fcy, desde mucho antes del surgimiento del Estado y el sistema econ\u00f3mico capitalista\u201d.<\/p>\n<p>Coincidieron en construir iniciativas que emanen \u201cdesde nuestras asambleas, comunidades, a partir de nuestras necesidades, modos y formas como pueblos originarios, sin intermediaciones externas, ni mucho menos impulsadas por los caciques locales que hoy acompa\u00f1an a la nueva administraci\u00f3n estatal en turno, como tampoco desde consultas aceleradas desde el poder, que son un arma que solo a ellos les beneficia\u201d.<\/p>\n<p><a href=\"https:\/\/istmo.nvinoticias.com\/istmo\/general\/ven-en-el-interoceanico-proyecto-de-saqueo-y-despojo\/17441\">https:\/\/istmo.nvinoticias.com\/istmo\/general\/ven-en-el-interoceanico-proyecto-de-saqueo-y-despojo\/17441<\/a><\/p>\n","protected":false},"excerpt":{"rendered":"<p>Imagen: Cortes\u00eda Gerardo Valdivieso Parada \/ NVINoticias SAN BLAS ATEMPA, Oaxaca.- Integrantes de la Asamblea de los Pueblos Ind\u00edgenas del Istmo en Defensa de la Tierra y el Territorio (APIIDTT) &hellip; <a href=\"http:\/\/www.grieta.org.mx\/index.php\/2022\/12\/14\/ven-en-el-interoceanico-proyecto-de-saqueo-y-despojo-apiidtt-15-anos-de-lucha-y-resistencia-por-la-vida-oaxaca\/\" class=\"more-link\">Leer m\u00e1s<\/a><\/p>\n","protected":false},"author":2,"featured_media":65998,"comment_status":"closed","ping_status":"closed","sticky":false,"template":"","format":"standard","meta":{"ngg_post_thumbnail":0,"_jetpack_newsletter_access":"","_jetpack_dont_email_post_to_subs":false,"_jetpack_newsletter_tier_id":0,"_jetpack_memberships_contains_paywalled_content":false,"_jetpack_memberships_contains_paid_content":false,"footnotes":""},"categories":[49,80,1708,1948,1605,1278,973,1,954,3,922,941,2,25,83],"tags":[3614,2793,4136,4135,3703,96,2528,3056],"class_list":["post-65997","post","type-post","status-publish","format-standard","has-post-thumbnail","hentry","category-5-istmo","category-cintillo","category-corredor-del-istmo-de-tehuantepec","category-corredor-transistmico","category-despojo-de-tierras-en-oaxaca","category-despojo-de-tierras-y-territorios","category-esp-oaxaca","category-espejos-de-la-resistencia","category-espejos-estados","category-megaproyectos","category-megaproyectos-estados","category-mp-oaxaca","category-noticias-nacionales","category-oaxaca","category-temas-nacionales","tag-corredor-interoceanico","tag-defensores-territorio","tag-espejo-5","tag-itsmo","tag-lucha-contra-megapoyectos","tag-megaproyectos","tag-resistencia-contra-megaproyectos","tag-transistmico","entry"],"jetpack_featured_media_url":"http:\/\/www.grieta.org.mx\/wp-content\/uploads\/2022\/12\/proyecto_interoceanico.webp","jetpack_sharing_enabled":true,"jetpack_shortlink":"https:\/\/wp.me\/p7ZJR4-hat","jetpack_likes_enabled":false,"jetpack-related-posts":[{"id":67028,"url":"http:\/\/www.grieta.org.mx\/index.php\/2023\/06\/15\/comunidad-indigena-binniza-de-puente-madera-detiene-polo-de-desarrollo-del-corredor-interoceanico-del-istmo-de-tehuantepec\/","url_meta":{"origin":65997,"position":0},"title":"Comunidad ind\u00edgena Binniza de Puente Madera detiene Polo de Desarrollo del Corredor Interoce\u00e1nico del Istmo de Tehuantepec (Oaxaca)","author":"grieta","date":"15 junio, 2023","format":false,"excerpt":"Imagen: P\u00e1gina 3 Pedro Mat\u00edas \/ P\u00e1gina 3 OAXACA, Oax. (pagina3.mx).- La comunidad ind\u00edgena Binniza de Puente Madera logr\u00f3 detener mediante un juicio de amparo el Polo de Desarrollo para el Bienestar en San Blas Atempa que pretende imponer el presidente Andr\u00e9s Manuel L\u00f3pez Obrador como parte del Corredor Interoce\u00e1nico\u2026","rel":"","context":"En &quot;5. Istmo&quot;","block_context":{"text":"5. Istmo","link":"http:\/\/www.grieta.org.mx\/index.php\/category\/espejos-de-la-resistencia\/5-istmo\/"},"img":{"alt_text":"","src":"https:\/\/i0.wp.com\/www.grieta.org.mx\/wp-content\/uploads\/2023\/06\/IMG_4332.webp?resize=350%2C200","width":350,"height":200,"srcset":"https:\/\/i0.wp.com\/www.grieta.org.mx\/wp-content\/uploads\/2023\/06\/IMG_4332.webp?resize=350%2C200 1x, https:\/\/i0.wp.com\/www.grieta.org.mx\/wp-content\/uploads\/2023\/06\/IMG_4332.webp?resize=525%2C300 1.5x"},"classes":[]},{"id":68485,"url":"http:\/\/www.grieta.org.mx\/index.php\/2024\/02\/12\/dan-46-anos-de-carcel-a-activista-comunitario-que-se-opuso-al-corredor-interoceanico-oaxaca\/","url_meta":{"origin":65997,"position":1},"title":"Dan 46 a\u00f1os de c\u00e1rcel a activista comunitario que se opuso al Corredor Interoce\u00e1nico (Oaxaca)","author":"grieta","date":"12 febrero, 2024","format":false,"excerpt":"Imagen: Diana Manzo Diana Manzo \/Istmo Press OAXACA. -Un juez de Oaxaca dict\u00f3 sentencia por 46 a\u00f1os y seis meses de prisi\u00f3n a David Hern\u00e1ndez Salazar, defensor comunitario binniz\u00e1 (zapoteco), que se opuso al Polo de Desarrollo industrial del Corredor Interoce\u00e1nico del Istmo de Tehuantepec en su comunidad, Puente Madera,\u2026","rel":"","context":"En &quot;5. Istmo&quot;","block_context":{"text":"5. Istmo","link":"http:\/\/www.grieta.org.mx\/index.php\/category\/espejos-de-la-resistencia\/5-istmo\/"},"img":{"alt_text":"","src":"https:\/\/i0.wp.com\/www.grieta.org.mx\/wp-content\/uploads\/2024\/02\/activista_agua_David_Hernandez_Diana_Manzo.jpg?resize=350%2C200","width":350,"height":200,"srcset":"https:\/\/i0.wp.com\/www.grieta.org.mx\/wp-content\/uploads\/2024\/02\/activista_agua_David_Hernandez_Diana_Manzo.jpg?resize=350%2C200 1x, https:\/\/i0.wp.com\/www.grieta.org.mx\/wp-content\/uploads\/2024\/02\/activista_agua_David_Hernandez_Diana_Manzo.jpg?resize=525%2C300 1.5x, https:\/\/i0.wp.com\/www.grieta.org.mx\/wp-content\/uploads\/2024\/02\/activista_agua_David_Hernandez_Diana_Manzo.jpg?resize=700%2C400 2x"},"classes":[]},{"id":67516,"url":"http:\/\/www.grieta.org.mx\/index.php\/2023\/08\/08\/comunidad-de-puente-madera-acusa-persecucion-de-opositores-al-corredor-interoceanico-oaxaca\/","url_meta":{"origin":65997,"position":2},"title":"Comunidad de Puente Madera acusa persecuci\u00f3n de opositores al Corredor Interoce\u00e1nico (Oaxaca)","author":"grieta","date":"8 agosto, 2023","format":false,"excerpt":"Imagen: Avispa Midia Sare Frabes \/ Avispa Midia Desde el Istmo de Tehuantepec, Oaxaca, la Asamblea General Comunitaria de Puente Madera mantiene una campa\u00f1a para alertar a la poblaci\u00f3n sobre su lucha y resistencia frente a la imposici\u00f3n de un parque industrial en tierras de uso com\u00fan de la poblaci\u00f3n\u2026","rel":"","context":"En &quot;5. Istmo&quot;","block_context":{"text":"5. Istmo","link":"http:\/\/www.grieta.org.mx\/index.php\/category\/espejos-de-la-resistencia\/5-istmo\/"},"img":{"alt_text":"","src":"https:\/\/i0.wp.com\/www.grieta.org.mx\/wp-content\/uploads\/2023\/08\/Puente-madera-defensa-tierras-comunales-01.jpg?resize=350%2C200","width":350,"height":200,"srcset":"https:\/\/i0.wp.com\/www.grieta.org.mx\/wp-content\/uploads\/2023\/08\/Puente-madera-defensa-tierras-comunales-01.jpg?resize=350%2C200 1x, https:\/\/i0.wp.com\/www.grieta.org.mx\/wp-content\/uploads\/2023\/08\/Puente-madera-defensa-tierras-comunales-01.jpg?resize=525%2C300 1.5x, https:\/\/i0.wp.com\/www.grieta.org.mx\/wp-content\/uploads\/2023\/08\/Puente-madera-defensa-tierras-comunales-01.jpg?resize=700%2C400 2x"},"classes":[]},{"id":69275,"url":"http:\/\/www.grieta.org.mx\/index.php\/2024\/06\/17\/despoja-marina-cerro-a-juchitan-oaxaca-para-beneficiar-obra-de-linea-k-del-interoceanico\/","url_meta":{"origin":65997,"position":3},"title":"Despoja Marina cerro a Juchit\u00e1n, Oaxaca para beneficiar obra de L\u00ednea K del Interoce\u00e1nico","author":"grieta","date":"17 junio, 2024","format":false,"excerpt":"Imagen: Edgar Mar\u00edn Diana Manzo \/ Agencia de Noticias IstmoPress #Juchit\u00e1n 17 Jun (#Istmopress) \u2013 Sin importar que exista un amparo federal que ordena la no extracci\u00f3n de roca del cerro del Estero Gui\u00e9 \u2013 hogar de aves y donde existe una amplia biodiversidad- en el municipio de Juchit\u00e1n, Oaxaca,\u2026","rel":"","context":"En &quot;5. Istmo&quot;","block_context":{"text":"5. Istmo","link":"http:\/\/www.grieta.org.mx\/index.php\/category\/espejos-de-la-resistencia\/5-istmo\/"},"img":{"alt_text":"","src":"https:\/\/i0.wp.com\/www.grieta.org.mx\/wp-content\/uploads\/2024\/07\/1718682209188-800x445-1.jpg?resize=350%2C200","width":350,"height":200,"srcset":"https:\/\/i0.wp.com\/www.grieta.org.mx\/wp-content\/uploads\/2024\/07\/1718682209188-800x445-1.jpg?resize=350%2C200 1x, https:\/\/i0.wp.com\/www.grieta.org.mx\/wp-content\/uploads\/2024\/07\/1718682209188-800x445-1.jpg?resize=525%2C300 1.5x, https:\/\/i0.wp.com\/www.grieta.org.mx\/wp-content\/uploads\/2024\/07\/1718682209188-800x445-1.jpg?resize=700%2C400 2x"},"classes":[]},{"id":65676,"url":"http:\/\/www.grieta.org.mx\/index.php\/2022\/10\/28\/matan-a-comunero-y-atentan-contra-dirigente-del-colectivo-sol-rojo-en-el-istmo-oaxaqueno-ambos-opositores-del-corredor-interoceanico-oaxaca\/","url_meta":{"origin":65997,"position":4},"title":"Matan a comunero y atentan contra dirigente del colectivo \u201cSol Rojo\u201d en el Istmo oaxaque\u00f1o ; ambos opositores del corredor interoce\u00e1nico (Oaxaca)","author":"grieta","date":"28 octubre, 2022","format":false,"excerpt":"Imagen: Especial Diana Manzo \/ Agencia de Noticias IstmoPress #Tehuantepec 28 Oct (#Istmopress) \u2013 Ayer por la noche, Jes\u00fas Manuel Garc\u00eda Mart\u00ednez, comunero zapoteca de la comunidad agraria de Santa Cruz Tagolaba conocido tambi\u00e9n como \u201cChu Pau\u201d, fue asesinado por un grupo de personas armadas, quienes interrumpieron su domicilio en\u2026","rel":"","context":"En &quot;CINTILLO&quot;","block_context":{"text":"CINTILLO","link":"http:\/\/www.grieta.org.mx\/index.php\/category\/cintillo\/"},"img":{"alt_text":"","src":"https:\/\/i0.wp.com\/www.grieta.org.mx\/wp-content\/uploads\/2022\/11\/BSZASRZZ5NG2DO2KEHU5OFYRNI.webp?resize=350%2C200","width":350,"height":200,"srcset":"https:\/\/i0.wp.com\/www.grieta.org.mx\/wp-content\/uploads\/2022\/11\/BSZASRZZ5NG2DO2KEHU5OFYRNI.webp?resize=350%2C200 1x, https:\/\/i0.wp.com\/www.grieta.org.mx\/wp-content\/uploads\/2022\/11\/BSZASRZZ5NG2DO2KEHU5OFYRNI.webp?resize=525%2C300 1.5x, https:\/\/i0.wp.com\/www.grieta.org.mx\/wp-content\/uploads\/2022\/11\/BSZASRZZ5NG2DO2KEHU5OFYRNI.webp?resize=700%2C400 2x"},"classes":[]},{"id":66947,"url":"http:\/\/www.grieta.org.mx\/index.php\/2023\/05\/18\/amenazan-de-muerte-a-dos-defensores-en-oaxaca-por-denunciar-al-cartel-del-despojo\/","url_meta":{"origin":65997,"position":5},"title":"Amenazan de muerte a dos defensores en Oaxaca por denunciar al cartel del despojo","author":"grieta","date":"18 mayo, 2023","format":false,"excerpt":"Imagen: Diana Manzo Dos defensores del territorio en el Istmo de Tehuantepec recibieron amenaza por \u00abel c\u00e1rtel del despojo\u00bb, un grupo que arrebata tierras de uso com\u00fan para, presuntamente, entregarlas a las obras del Corredor Interoce\u00e1nico Diana Manzo \u00cftsmo Express \/ Pie de P\u00e1gina OAXACA. \u2013 Elliot Escobar G\u00f3mez y\u2026","rel":"","context":"En &quot;CINTILLO&quot;","block_context":{"text":"CINTILLO","link":"http:\/\/www.grieta.org.mx\/index.php\/category\/cintillo\/"},"img":{"alt_text":"","src":"https:\/\/i0.wp.com\/www.grieta.org.mx\/wp-content\/uploads\/2023\/05\/defensor_oaxaca_amenazas_Diana_manzo.jpg?resize=350%2C200","width":350,"height":200,"srcset":"https:\/\/i0.wp.com\/www.grieta.org.mx\/wp-content\/uploads\/2023\/05\/defensor_oaxaca_amenazas_Diana_manzo.jpg?resize=350%2C200 1x, https:\/\/i0.wp.com\/www.grieta.org.mx\/wp-content\/uploads\/2023\/05\/defensor_oaxaca_amenazas_Diana_manzo.jpg?resize=525%2C300 1.5x, https:\/\/i0.wp.com\/www.grieta.org.mx\/wp-content\/uploads\/2023\/05\/defensor_oaxaca_amenazas_Diana_manzo.jpg?resize=700%2C400 2x"},"classes":[]}],"_links":{"self":[{"href":"http:\/\/www.grieta.org.mx\/index.php\/wp-json\/wp\/v2\/posts\/65997","targetHints":{"allow":["GET"]}}],"collection":[{"href":"http:\/\/www.grieta.org.mx\/index.php\/wp-json\/wp\/v2\/posts"}],"about":[{"href":"http:\/\/www.grieta.org.mx\/index.php\/wp-json\/wp\/v2\/types\/post"}],"author":[{"embeddable":true,"href":"http:\/\/www.grieta.org.mx\/index.php\/wp-json\/wp\/v2\/users\/2"}],"replies":[{"embeddable":true,"href":"http:\/\/www.grieta.org.mx\/index.php\/wp-json\/wp\/v2\/comments?post=65997"}],"version-history":[{"count":1,"href":"http:\/\/www.grieta.org.mx\/index.php\/wp-json\/wp\/v2\/posts\/65997\/revisions"}],"predecessor-version":[{"id":65999,"href":"http:\/\/www.grieta.org.mx\/index.php\/wp-json\/wp\/v2\/posts\/65997\/revisions\/65999"}],"wp:featuredmedia":[{"embeddable":true,"href":"http:\/\/www.grieta.org.mx\/index.php\/wp-json\/wp\/v2\/media\/65998"}],"wp:attachment":[{"href":"http:\/\/www.grieta.org.mx\/index.php\/wp-json\/wp\/v2\/media?parent=65997"}],"wp:term":[{"taxonomy":"category","embeddable":true,"href":"http:\/\/www.grieta.org.mx\/index.php\/wp-json\/wp\/v2\/categories?post=65997"},{"taxonomy":"post_tag","embeddable":true,"href":"http:\/\/www.grieta.org.mx\/index.php\/wp-json\/wp\/v2\/tags?post=65997"}],"curies":[{"name":"wp","href":"https:\/\/api.w.org\/{rel}","templated":true}]}}