{"id":65981,"date":"2022-12-17T11:59:08","date_gmt":"2022-12-17T17:59:08","guid":{"rendered":"https:\/\/www.grieta.org.mx\/?p=65981"},"modified":"2022-12-25T12:13:53","modified_gmt":"2022-12-25T18:13:53","slug":"a-tres-anos-de-la-desaparicion-de-los-hermanos-camarena-familia-denuncia-obstruccion-a-la-justicia-e-intento-de-secuestro-jalisco","status":"publish","type":"post","link":"http:\/\/www.grieta.org.mx\/index.php\/2022\/12\/17\/a-tres-anos-de-la-desaparicion-de-los-hermanos-camarena-familia-denuncia-obstruccion-a-la-justicia-e-intento-de-secuestro-jalisco\/","title":{"rendered":"A tres a\u00f1os de la desaparici\u00f3n de los hermanos Camarena, familia denuncia obstrucci\u00f3n a la justicia e intento de secuestro (Jalisco)"},"content":{"rendered":"<p>Imagen: Zona Docs<\/p>\n<p><b>A\u00a0<\/b><strong>tres a\u00f1os de la desaparici\u00f3n forzada de los cuatro hermanos Camarena por polic\u00edas municipales en el municipio de Ocotl\u00e1n, Jalisco,\u00a0<\/strong><strong>los avances para encontrarlos siguen siendo insuficientes.<\/strong><\/p>\n<p>Mario Marlo \/ Somos el Medio<\/p>\n<p>Mar\u00eda Guadalupe Camarena, madre de Jos\u00e9 de Jes\u00fas Mart\u00ednez Camarena, Ernesto Padilla Camarena, Tonatiuh Avalos Camarena, y Oswaldo Javier Avalos Camarena,\u00a0<strong>desaparecidos el 19 de diciembre de 2019 por polic\u00edas municipales del municipio de Ocotl\u00e1n, Jalisco,<\/strong>\u00a0sigue luchando por encontrar a sus hijos con vida y acceder a la verdad sobre su desaparici\u00f3n.<\/p>\n<p>Debido a la ineficiencia de la Fiscal\u00eda Especial en Personas Desaparecidas, Mar\u00eda Guadalupe Camarena y su hija Mayra Avalos Camarena se han centrado en denunciar la incapacidad de las autoridades y han salido a las calles y zonas rurales de Jalisco en busca de sus hijos.<\/p>\n<p>Acompa\u00f1adas de su abogada\u00a0<strong>Ana Cabral y Rub\u00e9n Dar\u00edo Silva, miembros del Centro de Justicia para la Paz y el Desarrollo (CEPAD)<\/strong>, denunciaron que a pesar de que el Comit\u00e9 contra la Desaparici\u00f3n Forzada de las Naciones Unidas (CED) emiti\u00f3 el 6 de enero de 2021 cuatro Acciones Urgentes 1002 a 1005\/2021, pidiendo al Estado Mexicano la creaci\u00f3n de una estrategia integral para una investigaci\u00f3n y b\u00fasqueda exhaustiva de los hermanos Camarena,\u00a0<strong>la aplicaci\u00f3n del mecanismo internacional humanitario ha sido obstaculizada por distintas omisiones de las autoridades estatales.<\/strong><\/p>\n<p>Ana Cabral, abogada del CEPAD, inform\u00f3 que:<\/p>\n<p><em>\u00a0<strong>\u201ca pesar de que el mecanismo humanitario internacional fue activado, hasta ahora la b\u00fasqueda de los hermanos Camarena se ha visto obstaculizada por distintas omisiones de las autoridades estatales\u201d.<\/strong><\/em><\/p>\n<p>Debido a esto, las integrantes de la familia Camarena han asumido el rol de buscadoras con el fin de encontrar el paradero de los cuatro hermanos.<\/p>\n<p><em><strong>\u201cDespu\u00e9s de que mis hijos fueron privados de su libertad por polic\u00edas municipales de Ocotl\u00e1n Jalisco, me convert\u00ed en rastreadora e investigadora\u2026 mis hijos no son desaparecidos, fueron desaparecidos forzosamente, por eso ahora los busco en vida y bajo tierra\u201d, explic\u00f3 Mar\u00eda Guadalupe Camarena en una conferencia de prensa.<\/strong><\/em><\/p>\n<p><em><strong>\u201cNos hacen falta b\u00fasquedas por parte de la Fiscal\u00eda, cosa que no se ha hecho durante seis meses. Lo que dijo el gobierno de Enrique Alfaro en su Cuarto Informe de Gobierno, que el 90% de los desaparecidos se van por su voluntad, no lo creo. No creo que mis hijos ni nadie de los desaparecidos haya querido estar en una fosa clandestina. Cada vez que vamos a una fosa clandestina encontramos cuerpos golpeados, torturados, y a\u00fan los hemos encontrado con las esposas y encintados. Ese es mi vida, lo que ha pasado desde que me desaparecieron a mis hijos.\u201d<\/strong><\/em><\/p>\n<p>La abogada del Centro de Justicia para la Paz y el Desarrollo, Ana Cabral, inform\u00f3 que el pasado martes 9 de diciembre por la noche, una camioneta RAM roja y otra blanca modelo GMC, ambas con vidrios polarizados,\u00a0<strong>intentaron secuestrar a Mar\u00eda Guadalupe y su hija Mayra en el municipio de Tlaquepaque.<\/strong>\u00a0Seg\u00fan el an\u00e1lisis del CEPAD, el incidente podr\u00eda ser\u00a0<strong>un acto de intimidaci\u00f3n ante la rueda de prensa anunciada con algunos d\u00edas de antelaci\u00f3n.<\/strong><\/p>\n<p>Por ello, responsabilizan a las autoridades municipales, estatales y federales por cualquier atentado que pueda vulnerar la integridad de la familia Camarena, debido a su acci\u00f3n, aquiescencia u omisi\u00f3n en garantizar su seguridad.<\/p>\n<p>Adem\u00e1s, exigieron a las autoridades federales y estatales que contribuyan a la consolidaci\u00f3n de procesos de b\u00fasqueda por parte de todas las autoridades responsables, que el Juzgado de Control y Oralidad con sede en Ocotl\u00e1n Jalisco\u00a0<strong>act\u00fae de manera seria, eficaz y diligente, que las autoridades federales y estatales cumplan con su obligaci\u00f3n de prevenir agresiones<\/strong>\u00a0ante el ejercicio de la defensa leg\u00edtima de los derechos humanos y que la Fiscal\u00eda Especial en Personas Desaparecidas garantice medidas de protecci\u00f3n a la familia Camarena. Tambi\u00e9n pidieron que el Mecanismo de Protecci\u00f3n para Personas Defensoras de Derechos Humanos y Periodistas asegure la incorporaci\u00f3n de las personas integrantes de la familia Camarena y genere acciones necesarias para garantizar plenamente sus derechos a la vida, integridad y libertad.<\/p>\n<p><a href=\"https:\/\/www.zonadocs.mx\/2022\/12\/17\/a-tres-anos-de-la-desaparicion-de-los-hermanos-camarena\/\">https:\/\/www.zonadocs.mx\/2022\/12\/17\/a-tres-anos-de-la-desaparicion-de-los-hermanos-camarena\/<\/a><\/p>\n","protected":false},"excerpt":{"rendered":"<p>Imagen: Zona Docs A\u00a0tres a\u00f1os de la desaparici\u00f3n forzada de los cuatro hermanos Camarena por polic\u00edas municipales en el municipio de Ocotl\u00e1n, Jalisco,\u00a0los avances para encontrarlos siguen siendo insuficientes. Mario &hellip; <a href=\"http:\/\/www.grieta.org.mx\/index.php\/2022\/12\/17\/a-tres-anos-de-la-desaparicion-de-los-hermanos-camarena-familia-denuncia-obstruccion-a-la-justicia-e-intento-de-secuestro-jalisco\/\" class=\"more-link\">Leer m\u00e1s<\/a><\/p>\n","protected":false},"author":2,"featured_media":65982,"comment_status":"closed","ping_status":"closed","sticky":false,"template":"","format":"standard","meta":{"ngg_post_thumbnail":0,"_jetpack_newsletter_access":"","_jetpack_dont_email_post_to_subs":false,"_jetpack_newsletter_tier_id":0,"_jetpack_memberships_contains_paywalled_content":false,"_jetpack_memberships_contains_paid_content":false,"footnotes":""},"categories":[80,87,1032,20,2,83],"tags":[2860,1242,121,3660,2233,3830,3793],"class_list":["post-65981","post","type-post","status-publish","format-standard","has-post-thumbnail","hentry","category-cintillo","category-desaparecidos","category-desaparecidos-en-jalisco","category-jalisco","category-noticias-nacionales","category-temas-nacionales","tag-amenazas-contra-activistas","tag-autoridades-impiden-investigaciones-de-familiares","tag-desaparecidos","tag-fiscalia","tag-hostigamiento-contra-familiares-de-desaparecidos","tag-policia-implicada","tag-represion-contra-familiares-de-desaparecidos","entry"],"jetpack_featured_media_url":"http:\/\/www.grieta.org.mx\/wp-content\/uploads\/2022\/12\/FkCt515UcAAq43M-1536x1024-1.jpeg","jetpack_sharing_enabled":true,"jetpack_shortlink":"https:\/\/wp.me\/p7ZJR4-had","jetpack_likes_enabled":false,"jetpack-related-posts":[{"id":62937,"url":"http:\/\/www.grieta.org.mx\/index.php\/2021\/12\/20\/marchan-por-desaparicion-de-los-hermanos-camarena-jalisco\/","url_meta":{"origin":65981,"position":0},"title":"Marchan por desaparici\u00f3n de los hermanos Camarena (Jalisco)","author":"grieta","date":"20 diciembre, 2021","format":false,"excerpt":"Foto: Jorge Alberto Mendoza Edgar Flores \/ El Diario NTR Alrededor de 50 familiares y amigos de los hermanos Camarena, desaparecidos en 2019 en Ocotl\u00e1n por polic\u00edas municipales, marcharon este domingo desde la glorieta de los Ni\u00f1os H\u00e9roes, renombrada como de Las y Los Desaparecidos, hasta palacio de gobierno. Su\u2026","rel":"","context":"En &quot;CINTILLO&quot;","block_context":{"text":"CINTILLO","link":"http:\/\/www.grieta.org.mx\/index.php\/category\/cintillo\/"},"img":{"alt_text":"","src":"https:\/\/i0.wp.com\/www.grieta.org.mx\/wp-content\/uploads\/2021\/12\/2021-12-19_11-12-18___6721.jpg?resize=350%2C200","width":350,"height":200,"srcset":"https:\/\/i0.wp.com\/www.grieta.org.mx\/wp-content\/uploads\/2021\/12\/2021-12-19_11-12-18___6721.jpg?resize=350%2C200 1x, https:\/\/i0.wp.com\/www.grieta.org.mx\/wp-content\/uploads\/2021\/12\/2021-12-19_11-12-18___6721.jpg?resize=525%2C300 1.5x, https:\/\/i0.wp.com\/www.grieta.org.mx\/wp-content\/uploads\/2021\/12\/2021-12-19_11-12-18___6721.jpg?resize=700%2C400 2x"},"classes":[]},{"id":49363,"url":"http:\/\/www.grieta.org.mx\/index.php\/2020\/05\/11\/entre-cielo-y-tierra-un-colectivo-de-madres-que-se-aferra-al-1-de-fe-jalisco\/","url_meta":{"origin":65981,"position":1},"title":"\u201cEntre cielo y tierra\u201d: un colectivo de madres que se aferra al 1% de fe (Jalisco)","author":"grieta","date":"11 mayo, 2020","format":false,"excerpt":"Foto: Zona Docs \u201cFeliz D\u00eda de las madres\u201d desearon estas guerreras buscadoras que se aferran a la esperanza de ver regresar a sus amores desaparecidos en Jalisco. Feliz d\u00eda desearon, reconociendo que, en medio de esta situaci\u00f3n at\u00edpica mundial de pandemia, miles de madres, hijos e hijas en M\u00e9xico experimentaron\u2026","rel":"","context":"En &quot;CINTILLO&quot;","block_context":{"text":"CINTILLO","link":"http:\/\/www.grieta.org.mx\/index.php\/category\/cintillo\/"},"img":{"alt_text":"","src":"https:\/\/i0.wp.com\/www.grieta.org.mx\/wp-content\/uploads\/2020\/05\/photo5030937095409084612.jpg?resize=350%2C200","width":350,"height":200,"srcset":"https:\/\/i0.wp.com\/www.grieta.org.mx\/wp-content\/uploads\/2020\/05\/photo5030937095409084612.jpg?resize=350%2C200 1x, https:\/\/i0.wp.com\/www.grieta.org.mx\/wp-content\/uploads\/2020\/05\/photo5030937095409084612.jpg?resize=525%2C300 1.5x, https:\/\/i0.wp.com\/www.grieta.org.mx\/wp-content\/uploads\/2020\/05\/photo5030937095409084612.jpg?resize=700%2C400 2x, https:\/\/i0.wp.com\/www.grieta.org.mx\/wp-content\/uploads\/2020\/05\/photo5030937095409084612.jpg?resize=1050%2C600 3x"},"classes":[]},{"id":52533,"url":"http:\/\/www.grieta.org.mx\/index.php\/2020\/08\/01\/y-de-que-nos-han-servido-sus-promesas-reclamo-de-familiares-de-jovenes-desaparecidos-en-teocaltiche-jalisco\/","url_meta":{"origin":65981,"position":2},"title":"\u201c\u00bfY de qu\u00e9 nos han servido sus promesas?\u201d: reclamo de familiares de j\u00f3venes desaparecidos en Teocaltiche (Jalisco)","author":"grieta","date":"1 agosto, 2020","format":false,"excerpt":"Foto: Christian Cantero \u201cAlfaro nos dijiste que el viernes tendr\u00edas noticias sobre nuestros hijos, pero es s\u00e1bado y a\u00fan no tenemos nada. Sal y da la cara\u201d, reclam\u00f3 al gobernador de Jalisco, la madre de\u00a0Daniel Rodr\u00edguez Sandoval, quien desapareci\u00f3 junto con\u00a0Brayan Eduardo Medina Carrillo, el pasado 18 de julio cuando\u2026","rel":"","context":"En &quot;CINTILLO&quot;","block_context":{"text":"CINTILLO","link":"http:\/\/www.grieta.org.mx\/index.php\/category\/cintillo\/"},"img":{"alt_text":"","src":"https:\/\/i0.wp.com\/www.grieta.org.mx\/wp-content\/uploads\/2020\/08\/ch16.jpeg?resize=350%2C200","width":350,"height":200,"srcset":"https:\/\/i0.wp.com\/www.grieta.org.mx\/wp-content\/uploads\/2020\/08\/ch16.jpeg?resize=350%2C200 1x, https:\/\/i0.wp.com\/www.grieta.org.mx\/wp-content\/uploads\/2020\/08\/ch16.jpeg?resize=525%2C300 1.5x, https:\/\/i0.wp.com\/www.grieta.org.mx\/wp-content\/uploads\/2020\/08\/ch16.jpeg?resize=700%2C400 2x"},"classes":[]},{"id":68440,"url":"http:\/\/www.grieta.org.mx\/index.php\/2024\/01\/25\/se-busca-reportante-los-errores-del-censo-para-ubicar-a-las-personas-desaparecidas-en-jalisco\/","url_meta":{"origin":65981,"position":3},"title":"Se busca reportante: los errores del censo para \u201cubicar\u201d a las personas desaparecidas en Jalisco","author":"grieta","date":"25 enero, 2024","format":false,"excerpt":"Imagen: Zona Docs En la informaci\u00f3n p\u00fablica del \u201ccenso\u201d de la Estrategia Nacional de B\u00fasqueda Generalizada que realiz\u00f3 el Gobierno Federal aparecen, por lo menos, 28 registros err\u00f3neos de personas que fueron desaparecidas en Jalisco. Uno de los errores m\u00e1s evidentes es que en los registros se dice desconocer qui\u00e9n\u2026","rel":"","context":"En &quot;CINTILLO&quot;","block_context":{"text":"CINTILLO","link":"http:\/\/www.grieta.org.mx\/index.php\/category\/cintillo\/"},"img":{"alt_text":"","src":"https:\/\/i0.wp.com\/www.grieta.org.mx\/wp-content\/uploads\/2024\/02\/FAMILIA-CAMARENA-PORTADA-scaled-1.jpg?resize=350%2C200","width":350,"height":200,"srcset":"https:\/\/i0.wp.com\/www.grieta.org.mx\/wp-content\/uploads\/2024\/02\/FAMILIA-CAMARENA-PORTADA-scaled-1.jpg?resize=350%2C200 1x, https:\/\/i0.wp.com\/www.grieta.org.mx\/wp-content\/uploads\/2024\/02\/FAMILIA-CAMARENA-PORTADA-scaled-1.jpg?resize=525%2C300 1.5x, https:\/\/i0.wp.com\/www.grieta.org.mx\/wp-content\/uploads\/2024\/02\/FAMILIA-CAMARENA-PORTADA-scaled-1.jpg?resize=700%2C400 2x, https:\/\/i0.wp.com\/www.grieta.org.mx\/wp-content\/uploads\/2024\/02\/FAMILIA-CAMARENA-PORTADA-scaled-1.jpg?resize=1050%2C600 3x"},"classes":[]},{"id":56601,"url":"http:\/\/www.grieta.org.mx\/index.php\/2021\/02\/01\/a-tres-anos-de-su-desaparicion-no-existen-avances-de-veracruzanos-desaparecidos-en-jalisco\/","url_meta":{"origin":65981,"position":4},"title":"A tres a\u00f1os de su desaparici\u00f3n, no existen avances de veracruzanos desaparecidos en Jalisco","author":"grieta","date":"1 febrero, 2021","format":false,"excerpt":"Foto: Darwin Franco Hoy se cumplen tres a\u00f1os de que Juan y Jos\u00e9 \u00c1ngel Mel\u00e9ndrez Luna; as\u00ed como Jos\u00e9 Juan Santos Mel\u00e9ndrez y Jos\u00e9 Mel\u00e9ndrez Pineda fueran v\u00edctimas de desaparici\u00f3n forzada a manos de polic\u00edas municipales del Autl\u00e1n de Navarro, Jalisco. A pesar de haber detenidos a varios de los\u2026","rel":"","context":"En &quot;CINTILLO&quot;","block_context":{"text":"CINTILLO","link":"http:\/\/www.grieta.org.mx\/index.php\/category\/cintillo\/"},"img":{"alt_text":"","src":"https:\/\/i0.wp.com\/www.grieta.org.mx\/wp-content\/uploads\/2021\/02\/Familiares-de-personas-desaparecidas-en-veracruz.-Foto-Especial-e1519831403248-1536x1080-1.jpg?resize=350%2C200","width":350,"height":200,"srcset":"https:\/\/i0.wp.com\/www.grieta.org.mx\/wp-content\/uploads\/2021\/02\/Familiares-de-personas-desaparecidas-en-veracruz.-Foto-Especial-e1519831403248-1536x1080-1.jpg?resize=350%2C200 1x, https:\/\/i0.wp.com\/www.grieta.org.mx\/wp-content\/uploads\/2021\/02\/Familiares-de-personas-desaparecidas-en-veracruz.-Foto-Especial-e1519831403248-1536x1080-1.jpg?resize=525%2C300 1.5x, https:\/\/i0.wp.com\/www.grieta.org.mx\/wp-content\/uploads\/2021\/02\/Familiares-de-personas-desaparecidas-en-veracruz.-Foto-Especial-e1519831403248-1536x1080-1.jpg?resize=700%2C400 2x, https:\/\/i0.wp.com\/www.grieta.org.mx\/wp-content\/uploads\/2021\/02\/Familiares-de-personas-desaparecidas-en-veracruz.-Foto-Especial-e1519831403248-1536x1080-1.jpg?resize=1050%2C600 3x, https:\/\/i0.wp.com\/www.grieta.org.mx\/wp-content\/uploads\/2021\/02\/Familiares-de-personas-desaparecidas-en-veracruz.-Foto-Especial-e1519831403248-1536x1080-1.jpg?resize=1400%2C800 4x"},"classes":[]},{"id":27307,"url":"http:\/\/www.grieta.org.mx\/index.php\/2018\/10\/18\/por-italianos-desaparecidos-en-jalisco-bloquean-estacion-de-trenes\/","url_meta":{"origin":65981,"position":5},"title":"Por italianos desaparecidos en Jalisco, bloquean estaci\u00f3n de trenes","author":"grieta","date":"18 octubre, 2018","format":false,"excerpt":"Familiares de Raffaele Russo, Antonio Russo y Vincenzo Cimmino acusan al gobierno de su pa\u00eds de \u2018abandonarlos\u2019; exigen la aparici\u00f3n de sus parientes CIUDAD DE M\u00c9XICO A casi 10 meses de la desaparici\u00f3n de los italianos Raffaele Russo, Antonio Russo y Vincenzo Cimmino, en Jalisco, familiares y amigos de \u00e9stos\u2026","rel":"","context":"En &quot;CINTILLO&quot;","block_context":{"text":"CINTILLO","link":"http:\/\/www.grieta.org.mx\/index.php\/category\/cintillo\/"},"img":{"alt_text":"","src":"https:\/\/i0.wp.com\/www.grieta.org.mx\/wp-content\/uploads\/2018\/10\/2026845.jpg?resize=350%2C200","width":350,"height":200,"srcset":"https:\/\/i0.wp.com\/www.grieta.org.mx\/wp-content\/uploads\/2018\/10\/2026845.jpg?resize=350%2C200 1x, https:\/\/i0.wp.com\/www.grieta.org.mx\/wp-content\/uploads\/2018\/10\/2026845.jpg?resize=525%2C300 1.5x"},"classes":[]}],"_links":{"self":[{"href":"http:\/\/www.grieta.org.mx\/index.php\/wp-json\/wp\/v2\/posts\/65981","targetHints":{"allow":["GET"]}}],"collection":[{"href":"http:\/\/www.grieta.org.mx\/index.php\/wp-json\/wp\/v2\/posts"}],"about":[{"href":"http:\/\/www.grieta.org.mx\/index.php\/wp-json\/wp\/v2\/types\/post"}],"author":[{"embeddable":true,"href":"http:\/\/www.grieta.org.mx\/index.php\/wp-json\/wp\/v2\/users\/2"}],"replies":[{"embeddable":true,"href":"http:\/\/www.grieta.org.mx\/index.php\/wp-json\/wp\/v2\/comments?post=65981"}],"version-history":[{"count":1,"href":"http:\/\/www.grieta.org.mx\/index.php\/wp-json\/wp\/v2\/posts\/65981\/revisions"}],"predecessor-version":[{"id":65983,"href":"http:\/\/www.grieta.org.mx\/index.php\/wp-json\/wp\/v2\/posts\/65981\/revisions\/65983"}],"wp:featuredmedia":[{"embeddable":true,"href":"http:\/\/www.grieta.org.mx\/index.php\/wp-json\/wp\/v2\/media\/65982"}],"wp:attachment":[{"href":"http:\/\/www.grieta.org.mx\/index.php\/wp-json\/wp\/v2\/media?parent=65981"}],"wp:term":[{"taxonomy":"category","embeddable":true,"href":"http:\/\/www.grieta.org.mx\/index.php\/wp-json\/wp\/v2\/categories?post=65981"},{"taxonomy":"post_tag","embeddable":true,"href":"http:\/\/www.grieta.org.mx\/index.php\/wp-json\/wp\/v2\/tags?post=65981"}],"curies":[{"name":"wp","href":"https:\/\/api.w.org\/{rel}","templated":true}]}}