{"id":65931,"date":"2022-12-14T10:31:47","date_gmt":"2022-12-14T16:31:47","guid":{"rendered":"https:\/\/www.grieta.org.mx\/?p=65931"},"modified":"2022-12-15T10:44:07","modified_gmt":"2022-12-15T16:44:07","slug":"sindicalizados-de-semarnat-realizan-paro-de-labores-por-retraso-de-pagos-en-campeche","status":"publish","type":"post","link":"http:\/\/www.grieta.org.mx\/index.php\/2022\/12\/14\/sindicalizados-de-semarnat-realizan-paro-de-labores-por-retraso-de-pagos-en-campeche\/","title":{"rendered":"Sindicalizados de Semarnat realizan paro de labores por retraso de pagos en Campeche"},"content":{"rendered":"<p>Wilbert Casanova \/ Foto: Lucio Blanco \/ Por Esto!<\/p>\n<p>Ante el retraso en el pago de prestaciones por 2 millones 500 mil 672 pesos, los empleados de cinco dependencias federales suspendieron labores este d\u00eda en demanda de que les cubran este monto, exigi\u00f3 la secretaria general del Sindicato de Trabajadores de la Secretar\u00eda de Medio Ambiente y Recursos Naturales (Semarnat), Lizbeth Aracely Gonz\u00e1lez Zum\u00e1rraga y advirti\u00f3 que continuar\u00e1n con la medida de presi\u00f3n si no hay una respuesta positiva a la petici\u00f3n de los 164 sindicalizados.<\/p>\n<p>Adem\u00e1s de la Semarnat no laboraron en la Comisi\u00f3n Nacional del Agua (Conagua), Procuradur\u00eda Federal de Protecci\u00f3n al Ambiente (Profepa), Comisi\u00f3n Nacional Forestal (Conafor) y Comisi\u00f3n Nacional de \u00c1reas Naturales Protegidas (Conanp).<\/p>\n<p>Gonz\u00e1lez Zum\u00e1rraga explic\u00f3 que el paro en Conafor, Semarnat, Conanp, Conagua y Profepa, es porque \u201cno est\u00e1n cumpliendo con el pago de prestaciones de fin de a\u00f1o ya ven que nada m\u00e1s nos faltan dos d\u00edas para terminar, y salir de vacaciones\u201d.<\/p>\n<p>Detall\u00f3 que son 518 pesos para la festividad de la posada, la tarjeta electr\u00f3nica que consigui\u00f3 la Federaci\u00f3n de Sindicatos de Trabajadores al Servicio del Estado (FSTSE) por 13 mil 500 y el obsequio que nos dan por la cifra de 1200 pesos, en este rubro inclu\u00eda el pavo.<\/p>\n<p>Adelant\u00f3 que ya tuvo acercamiento con los administrativos de las cinco oficinas gubernamentales federales por lo que manifest\u00f3 su confianza de que les cubran las prestaciones de lo contrario continuar\u00e1n este jueves 15 de diciembre con el paro laboral. <\/p>\n<p><a href=\"https:\/\/www.poresto.net\/campeche\/2022\/12\/14\/sindicalizados-de-semarnat-realizan-paro-de-labores-por-retraso-de-pagos-en-campeche-363552.html\" rel=\"noopener\" target=\"_blank\">https:\/\/www.poresto.net\/campeche\/2022\/12\/14\/sindicalizados-de-semarnat-realizan-paro-de-labores-por-retraso-de-pagos-en-campeche-363552.html<\/a><\/p>\n","protected":false},"excerpt":{"rendered":"<p>Wilbert Casanova \/ Foto: Lucio Blanco \/ Por Esto! Ante el retraso en el pago de prestaciones por 2 millones 500 mil 672 pesos, los empleados de cinco dependencias federales &hellip; <a href=\"http:\/\/www.grieta.org.mx\/index.php\/2022\/12\/14\/sindicalizados-de-semarnat-realizan-paro-de-labores-por-retraso-de-pagos-en-campeche\/\" class=\"more-link\">Leer m\u00e1s<\/a><\/p>\n","protected":false},"author":2,"featured_media":65932,"comment_status":"closed","ping_status":"closed","sticky":false,"template":"","format":"standard","meta":{"ngg_post_thumbnail":0,"_jetpack_newsletter_access":"","_jetpack_dont_email_post_to_subs":false,"_jetpack_newsletter_tier_id":0,"_jetpack_memberships_contains_paywalled_content":false,"_jetpack_memberships_contains_paid_content":false,"footnotes":""},"categories":[11,80,1040,910,2,83],"tags":[2102,105,2841,858],"class_list":["post-65931","post","type-post","status-publish","format-standard","has-post-thumbnail","hentry","category-campeche","category-cintillo","category-conflictos-laborales-en-campeche","category-explotacion-y-precariedad-laboral","category-noticias-nacionales","category-temas-nacionales","tag-conflicto-laboral","tag-derechos-laborales","tag-explotacion-y-precariedad-laboral","tag-paro-laboral","entry"],"jetpack_featured_media_url":"http:\/\/www.grieta.org.mx\/wp-content\/uploads\/2022\/12\/ParoSemarnat-e1671122428106.jpg","jetpack_sharing_enabled":true,"jetpack_shortlink":"https:\/\/wp.me\/p7ZJR4-h9p","jetpack_likes_enabled":false,"jetpack-related-posts":[{"id":28964,"url":"http:\/\/www.grieta.org.mx\/index.php\/2019\/02\/14\/paran-labores-en-semarnat-de-nl-nuevo-leon\/","url_meta":{"origin":65931,"position":0},"title":"Paran labores en Semarnat de NL (Nuevo Le\u00f3n)","author":"grieta","date":"14 febrero, 2019","format":false,"excerpt":"Redacci\u00f3n Posta Protestan por despidos y falta de prestaciones. NUEVO LE\u00d3N.- En protesta por el despido de 50 empleados sin las liquidaciones de ley, la Semarnat en Nuevo Le\u00f3n inici\u00f3 un paro de labores este lunes. Los trabajadores inconformes se\u00f1alaron que los problemas iniciaron con el nuevo Gobierno Federal. Mencionaron\u2026","rel":"","context":"En &quot;CINTILLO&quot;","block_context":{"text":"CINTILLO","link":"http:\/\/www.grieta.org.mx\/index.php\/category\/cintillo\/"},"img":{"alt_text":"","src":"https:\/\/i0.wp.com\/www.grieta.org.mx\/wp-content\/uploads\/2019\/02\/Paran-labores-en-Semarnat-de-NL-feb.jpg?resize=350%2C200","width":350,"height":200,"srcset":"https:\/\/i0.wp.com\/www.grieta.org.mx\/wp-content\/uploads\/2019\/02\/Paran-labores-en-Semarnat-de-NL-feb.jpg?resize=350%2C200 1x, https:\/\/i0.wp.com\/www.grieta.org.mx\/wp-content\/uploads\/2019\/02\/Paran-labores-en-Semarnat-de-NL-feb.jpg?resize=525%2C300 1.5x"},"classes":[]},{"id":65696,"url":"http:\/\/www.grieta.org.mx\/index.php\/2022\/11\/07\/sindicalizados-de-la-universidad-autonoma-del-carmen-se-van-a-paro-indefinido-campeche\/","url_meta":{"origin":65931,"position":1},"title":"Sindicalizados de la Universidad Aut\u00f3noma del Carmen se van a paro indefinido (Campeche)","author":"grieta","date":"7 noviembre, 2022","format":false,"excerpt":"Gerardo Can \/ Por Esto! Por falta de pago de sueldos de un mes, los jubilados y pensionados sindicalizados de la Universidad Aut\u00f3noma del Carmen (Unacar), se manifestaron sobre la calle 31 y 22, adem\u00e1s de irse al paro indefinido de actividades en la m\u00e1xima casa de estudios carmelita o\u2026","rel":"","context":"En &quot;Campeche&quot;","block_context":{"text":"Campeche","link":"http:\/\/www.grieta.org.mx\/index.php\/category\/noticias-nacionales\/campeche\/"},"img":{"alt_text":"","src":"https:\/\/i0.wp.com\/www.grieta.org.mx\/wp-content\/uploads\/2022\/11\/Unacar-e1668709961820.jpg?resize=350%2C200","width":350,"height":200,"srcset":"https:\/\/i0.wp.com\/www.grieta.org.mx\/wp-content\/uploads\/2022\/11\/Unacar-e1668709961820.jpg?resize=350%2C200 1x, https:\/\/i0.wp.com\/www.grieta.org.mx\/wp-content\/uploads\/2022\/11\/Unacar-e1668709961820.jpg?resize=525%2C300 1.5x, https:\/\/i0.wp.com\/www.grieta.org.mx\/wp-content\/uploads\/2022\/11\/Unacar-e1668709961820.jpg?resize=700%2C400 2x"},"classes":[]},{"id":67233,"url":"http:\/\/www.grieta.org.mx\/index.php\/2023\/07\/25\/sindicalizados-del-inah-en-chetumal-inician-paro-de-labores-exigen-respetar-el-pliego-petitorio-quintana-roo\/","url_meta":{"origin":65931,"position":2},"title":"Sindicalizados del INAH en Chetumal inician paro de labores; exigen respetar el pliego petitorio (Quintana Roo)","author":"grieta","date":"25 julio, 2023","format":false,"excerpt":"Por Esto! De acuerdo con la informaci\u00f3n proporcionada se dio a conocer qu\u00e9, trabajadores sindicalizados de la delegaci\u00f3n del Instituto Nacional de Antropolog\u00eda e Historia (INAH) en Quintana Roo dieron inicio a un paro de labores en Chetumal. Los empleados exigen que la Direcci\u00f3n General cumpla con un pliego petitorio\u2026","rel":"","context":"En &quot;CINTILLO&quot;","block_context":{"text":"CINTILLO","link":"http:\/\/www.grieta.org.mx\/index.php\/category\/cintillo\/"},"img":{"alt_text":"","src":"https:\/\/i0.wp.com\/www.grieta.org.mx\/wp-content\/uploads\/2023\/07\/Inah-e1690328890807.jpg?resize=350%2C200","width":350,"height":200,"srcset":"https:\/\/i0.wp.com\/www.grieta.org.mx\/wp-content\/uploads\/2023\/07\/Inah-e1690328890807.jpg?resize=350%2C200 1x, https:\/\/i0.wp.com\/www.grieta.org.mx\/wp-content\/uploads\/2023\/07\/Inah-e1690328890807.jpg?resize=525%2C300 1.5x, https:\/\/i0.wp.com\/www.grieta.org.mx\/wp-content\/uploads\/2023\/07\/Inah-e1690328890807.jpg?resize=700%2C400 2x"},"classes":[]},{"id":69786,"url":"http:\/\/www.grieta.org.mx\/index.php\/2024\/09\/09\/sindicalizados-del-ayuntamiento-de-campeche-protestan-ante-los-despidos-injustificados\/","url_meta":{"origin":65931,"position":3},"title":"Sindicalizados del Ayuntamiento de Campeche protestan ante los despidos injustificados","author":"grieta","date":"9 septiembre, 2024","format":false,"excerpt":"Wilbert Casanova Villamonte \/ Por Esto! Una fracci\u00f3n del Sindicato \u00danico de Trabajadores al Servicio del Gobierno Municipal (Sutsgm), presidida por Luis Fernando Chab Ruiz, llev\u00f3 a cabo una protesta en la sede del Ayuntamiento de Campeche. La manifestaci\u00f3n se centr\u00f3 en la demanda de que cesen los despidos que\u2026","rel":"","context":"En &quot;Campeche&quot;","block_context":{"text":"Campeche","link":"http:\/\/www.grieta.org.mx\/index.php\/category\/noticias-nacionales\/campeche\/"},"img":{"alt_text":"","src":"https:\/\/i0.wp.com\/www.grieta.org.mx\/wp-content\/uploads\/2024\/09\/Despidos-e1727142053526.jpg?resize=350%2C200","width":350,"height":200,"srcset":"https:\/\/i0.wp.com\/www.grieta.org.mx\/wp-content\/uploads\/2024\/09\/Despidos-e1727142053526.jpg?resize=350%2C200 1x, https:\/\/i0.wp.com\/www.grieta.org.mx\/wp-content\/uploads\/2024\/09\/Despidos-e1727142053526.jpg?resize=525%2C300 1.5x, https:\/\/i0.wp.com\/www.grieta.org.mx\/wp-content\/uploads\/2024\/09\/Despidos-e1727142053526.jpg?resize=700%2C400 2x"},"classes":[]},{"id":65118,"url":"http:\/\/www.grieta.org.mx\/index.php\/2022\/09\/09\/sindicalizados-del-inah-campeche-se-suman-a-paro-nacional-cerrarian-zonas-arqueologicas\/","url_meta":{"origin":65931,"position":4},"title":"Sindicalizados del INAH Campeche se suman a paro nacional; cerrar\u00edan zonas arqueol\u00f3gicas","author":"grieta","date":"9 septiembre, 2022","format":false,"excerpt":"Por Esto! Los 82 sindicalizados del Instituto Nacional de Antropolog\u00eda e Historia (INAH) en Campeche pararon labores en apoyo a la manifestaci\u00f3n nacional, por lo que no habr\u00e1 atenci\u00f3n al p\u00fablico hasta el lunes; por su parte el Secretario General, Pedro Samuel Dzul Moo, advirti\u00f3 que de no haber acuerdos\u2026","rel":"","context":"En &quot;Campeche&quot;","block_context":{"text":"Campeche","link":"http:\/\/www.grieta.org.mx\/index.php\/category\/noticias-nacionales\/campeche\/"},"img":{"alt_text":"","src":"https:\/\/i0.wp.com\/www.grieta.org.mx\/wp-content\/uploads\/2022\/09\/TrabajadoresINAH-e1662744398783.jpeg?resize=350%2C200","width":350,"height":200,"srcset":"https:\/\/i0.wp.com\/www.grieta.org.mx\/wp-content\/uploads\/2022\/09\/TrabajadoresINAH-e1662744398783.jpeg?resize=350%2C200 1x, https:\/\/i0.wp.com\/www.grieta.org.mx\/wp-content\/uploads\/2022\/09\/TrabajadoresINAH-e1662744398783.jpeg?resize=525%2C300 1.5x, https:\/\/i0.wp.com\/www.grieta.org.mx\/wp-content\/uploads\/2022\/09\/TrabajadoresINAH-e1662744398783.jpeg?resize=700%2C400 2x"},"classes":[]},{"id":29641,"url":"http:\/\/www.grieta.org.mx\/index.php\/2019\/02\/11\/se-une-semarnat-guanajuato-a-protesta-nacional-exigen-pagos-atrasados\/","url_meta":{"origin":65931,"position":5},"title":"Se une Semarnat Guanajuato a protesta nacional, exigen pagos atrasados","author":"grieta","date":"11 febrero, 2019","format":false,"excerpt":"Redaccion AM, Le\u00f3n Guanajuato, 11 de Febrero Como parte de una protesta nacional por la suspensi\u00f3n de algunos derechos laborales de trabajadores de la Secretar\u00eda de Medio Ambiente y Recursos Naturales (Semarnat), esta ma\u00f1ana se comenz\u00f3 un paro de labores de la delegaci\u00f3n en Guanajuato de dicha dependencia. Entre las\u2026","rel":"","context":"En &quot;CINTILLO&quot;","block_context":{"text":"CINTILLO","link":"http:\/\/www.grieta.org.mx\/index.php\/category\/cintillo\/"},"img":{"alt_text":"","src":"https:\/\/i0.wp.com\/www.grieta.org.mx\/wp-content\/uploads\/2019\/02\/se-une-semarnat-guanajuato-a-protesta-nacional-exigen-pagos-atrasados-c3ef255e57fde08f69b497dfb76d8a6c.jpg_851672003.jpg?resize=350%2C200","width":350,"height":200,"srcset":"https:\/\/i0.wp.com\/www.grieta.org.mx\/wp-content\/uploads\/2019\/02\/se-une-semarnat-guanajuato-a-protesta-nacional-exigen-pagos-atrasados-c3ef255e57fde08f69b497dfb76d8a6c.jpg_851672003.jpg?resize=350%2C200 1x, https:\/\/i0.wp.com\/www.grieta.org.mx\/wp-content\/uploads\/2019\/02\/se-une-semarnat-guanajuato-a-protesta-nacional-exigen-pagos-atrasados-c3ef255e57fde08f69b497dfb76d8a6c.jpg_851672003.jpg?resize=525%2C300 1.5x, https:\/\/i0.wp.com\/www.grieta.org.mx\/wp-content\/uploads\/2019\/02\/se-une-semarnat-guanajuato-a-protesta-nacional-exigen-pagos-atrasados-c3ef255e57fde08f69b497dfb76d8a6c.jpg_851672003.jpg?resize=700%2C400 2x"},"classes":[]}],"_links":{"self":[{"href":"http:\/\/www.grieta.org.mx\/index.php\/wp-json\/wp\/v2\/posts\/65931","targetHints":{"allow":["GET"]}}],"collection":[{"href":"http:\/\/www.grieta.org.mx\/index.php\/wp-json\/wp\/v2\/posts"}],"about":[{"href":"http:\/\/www.grieta.org.mx\/index.php\/wp-json\/wp\/v2\/types\/post"}],"author":[{"embeddable":true,"href":"http:\/\/www.grieta.org.mx\/index.php\/wp-json\/wp\/v2\/users\/2"}],"replies":[{"embeddable":true,"href":"http:\/\/www.grieta.org.mx\/index.php\/wp-json\/wp\/v2\/comments?post=65931"}],"version-history":[{"count":1,"href":"http:\/\/www.grieta.org.mx\/index.php\/wp-json\/wp\/v2\/posts\/65931\/revisions"}],"predecessor-version":[{"id":65933,"href":"http:\/\/www.grieta.org.mx\/index.php\/wp-json\/wp\/v2\/posts\/65931\/revisions\/65933"}],"wp:featuredmedia":[{"embeddable":true,"href":"http:\/\/www.grieta.org.mx\/index.php\/wp-json\/wp\/v2\/media\/65932"}],"wp:attachment":[{"href":"http:\/\/www.grieta.org.mx\/index.php\/wp-json\/wp\/v2\/media?parent=65931"}],"wp:term":[{"taxonomy":"category","embeddable":true,"href":"http:\/\/www.grieta.org.mx\/index.php\/wp-json\/wp\/v2\/categories?post=65931"},{"taxonomy":"post_tag","embeddable":true,"href":"http:\/\/www.grieta.org.mx\/index.php\/wp-json\/wp\/v2\/tags?post=65931"}],"curies":[{"name":"wp","href":"https:\/\/api.w.org\/{rel}","templated":true}]}}