{"id":65792,"date":"2022-11-24T20:02:25","date_gmt":"2022-11-25T02:02:25","guid":{"rendered":"https:\/\/www.grieta.org.mx\/?p=65792"},"modified":"2022-11-26T20:18:29","modified_gmt":"2022-11-27T02:18:29","slug":"hasta-los-santos-se-rompieron-con-la-explosion-en-uman-yucatan","status":"publish","type":"post","link":"http:\/\/www.grieta.org.mx\/index.php\/2022\/11\/24\/hasta-los-santos-se-rompieron-con-la-explosion-en-uman-yucatan\/","title":{"rendered":"Hasta los santos se rompieron con la explosi\u00f3n en Um\u00e1n (Yucat\u00e1n)"},"content":{"rendered":"<p>Herbeth Escalante \/ Haz Ruido<\/p>\n<blockquote><p>Habitantes de las comisar\u00edas reportan da\u00f1os en sus viviendas tras las constantes detonaciones por el Tren Maya<\/p><\/blockquote>\n<p>Um\u00e1n, Yucat\u00e1n, 24 de noviembre de 2022.- Paredes con fisuras, ca\u00edda de fragmentos de techos, puertas da\u00f1adas y hasta adornos religiosos destrozados de decenas de viviendas de comisar\u00edas ind\u00edgenas fue el saldo de la fuerte explosi\u00f3n de ayer en un banco de materiales en el municipio de Um\u00e1n, desde donde se extraen piedras para la construcci\u00f3n del Tren Maya.<\/p>\n<p>\u201cEst\u00e1bamos almorzando cuando de pronto se escuch\u00f3 un fuerte ruido y todo empez\u00f3 a temblar, pensamos que se iba a caer el techo. El nacimiento de navidad que tenemos en la puerta se cay\u00f3 y se rompieron unas im\u00e1genes\u201d, relat\u00f3 do\u00f1a Celsa Nazaria Pech Mutul, pobladora de Xcucul Sur, una de las comunidades en donde se reportaron m\u00e1s afectaciones.<\/p>\n<p>Junto con su nieta Camila mostr\u00f3 el Ni\u00f1o Dios y otro santo que se fragmentaron al caer tras las vibraciones de la detonaci\u00f3n. Acababan de colocarlos ante la cercan\u00eda de las fiestas decembrinas.<\/p>\n<p>Otra vecina de esta comunidad maya, Gilberta Pool, cont\u00f3 que estaba cocinando cuando su vivienda pr\u00e1cticamente comenz\u00f3 a temblar. Por un momento pens\u00f3 que se trat\u00f3 de un sismo, como los que ocurren en otros estados del pa\u00eds.<\/p>\n<p>\u201cMi hijo se asust\u00f3 mucho porque la hamaca se movi\u00f3, ten\u00edamos miedo de que se caiga el techo\u201d, se\u00f1al\u00f3 la mujer, quien se quej\u00f3 de que seguramente nadie se har\u00e1 responsable de las fisuras en su paredes.<\/p>\n<p>Las y los habitantes se\u00f1alaron que hay por lo menos tres bancos de materiales en los alrededores de Xcucul Sur y que durante varios a\u00f1os siempre han ocurrido detonaciones, pero que en el \u00faltimo mes estos han incrementado y cada vez son m\u00e1s intensos.<\/p>\n<p>Explicaron que primero sienten que el piso se empieza a mover y luego se escucha la explosi\u00f3n. En ocasiones ocurren dos detonaciones intensas a la semana, incluso en la noche, por lo que sus humildes vivienda ya empiezan a presentar da\u00f1os.<\/p>\n<p>\u201cMi mayor temor es que el techo de la casa no aguante y se venga abajo mientras estamos durmiendo\u201d, se\u00f1al\u00f3 el se\u00f1or Santos Domingo, quien asegur\u00f3 que el problema se agrav\u00f3 cuando iniciaron los trabajos de construcci\u00f3n del Tren Maya afuera de la comisar\u00eda vecina de Ticimul.<\/p>\n<p>El Ayuntamiento de Um\u00e1n confirm\u00f3 que las afectaciones provienen de las detonaciones para extraer material p\u00e9treo para la edificaci\u00f3n de dicho megaproyecto del Gobierno federal. Indic\u00f3 que se reportaron da\u00f1os en varias comisarias y colonias, pero a\u00fan no han terminado de cuantificar la magnitud.  <\/p>\n<p>El alcalde Gaspar Ventura Cisneros Polanco ha dispuesto brigadas de Protecci\u00f3n Civil para recorrer las \u00e1reas que se tienen registradas como afectadas por estas maniobras, seg\u00fan los llamados de los propios ciudadanos. <\/p>\n<p>De hecho, la Direcci\u00f3n de Ecolog\u00eda Municipal del Ayuntamiento solicit\u00f3 la intervenci\u00f3n de la Procuradur\u00eda Federal de Protecci\u00f3n al Ambiente (Profepa) para que, siendo un proyecto de car\u00e1cter federal, se pueda tambi\u00e9n gestionar soluciones en las \u00e1reas que resulten afectadas y as\u00ed lo demanden.<\/p>\n<p>Por lo pronto, personal del Ej\u00e9rcito, la Polic\u00eda Estatal y Protecci\u00f3n Civil de Yucat\u00e1n acudieron al banco de materiales en donde ocurri\u00f3 la detonaci\u00f3n, localizado en el tramo carretero Ticimul-Tebec, quienes lo habr\u00eda clausurado por el mal manejo de los explosivo. (Foto de Lorenzo Hern\u00e1ndez)<\/p>\n<p><a href=\"https:\/\/www.hazruido.mx\/reportes\/hasta-los-santos-se-rompieron-con-la-explosion-en-uman\/\" rel=\"noopener\" target=\"_blank\">https:\/\/www.hazruido.mx\/reportes\/hasta-los-santos-se-rompieron-con-la-explosion-en-uman\/<\/a><\/p>\n","protected":false},"excerpt":{"rendered":"<p>Herbeth Escalante \/ Haz Ruido Habitantes de las comisar\u00edas reportan da\u00f1os en sus viviendas tras las constantes detonaciones por el Tren Maya Um\u00e1n, Yucat\u00e1n, 24 de noviembre de 2022.- Paredes &hellip; <a href=\"http:\/\/www.grieta.org.mx\/index.php\/2022\/11\/24\/hasta-los-santos-se-rompieron-con-la-explosion-en-uman-yucatan\/\" class=\"more-link\">Leer m\u00e1s<\/a><\/p>\n","protected":false},"author":2,"featured_media":65793,"comment_status":"closed","ping_status":"closed","sticky":false,"template":"","format":"standard","meta":{"ngg_post_thumbnail":0,"_jetpack_newsletter_access":"","_jetpack_dont_email_post_to_subs":false,"_jetpack_newsletter_tier_id":0,"_jetpack_memberships_contains_paywalled_content":false,"_jetpack_memberships_contains_paid_content":false,"footnotes":""},"categories":[80,3,922,952,2,2026,36],"tags":[1063,1878],"class_list":["post-65792","post","type-post","status-publish","format-standard","has-post-thumbnail","hentry","category-cintillo","category-megaproyectos","category-megaproyectos-estados","category-mp-yucatan","category-noticias-nacionales","category-tren-maya","category-yucatan","tag-destruccion-de-casas","tag-tren-maya","entry"],"jetpack_featured_media_url":"http:\/\/www.grieta.org.mx\/wp-content\/uploads\/2022\/11\/Uman-e1669515230847.jpg","jetpack_sharing_enabled":true,"jetpack_shortlink":"https:\/\/wp.me\/p7ZJR4-h7a","jetpack_likes_enabled":false,"jetpack-related-posts":[{"id":69163,"url":"http:\/\/www.grieta.org.mx\/index.php\/2024\/06\/14\/se-derrumban-placas-de-concreto-de-un-puente-del-tren-maya\/","url_meta":{"origin":65792,"position":0},"title":"Se derrumban placas de concreto de un puente del Tren Maya","author":"grieta","date":"14 junio, 2024","format":false,"excerpt":"Haz Ruido Critican la mala calidad en la construcci\u00f3n del distribuidor vial en Maxcan\u00fa. M\u00e9rida, Yucat\u00e1n,14 de Junio de 2024.- Tras las m\u00e1s recientes lluvias que han ca\u00eddo en Yucat\u00e1n, este viernes se report\u00f3 el desplome de varias placas de concreto del puente que se construy\u00f3 en Maxcan\u00fa como parte\u2026","rel":"","context":"En &quot;CINTILLO&quot;","block_context":{"text":"CINTILLO","link":"http:\/\/www.grieta.org.mx\/index.php\/category\/cintillo\/"},"img":{"alt_text":"","src":"https:\/\/i0.wp.com\/www.grieta.org.mx\/wp-content\/uploads\/2024\/06\/Demoler-e1718626343630.jpg?resize=350%2C200","width":350,"height":200,"srcset":"https:\/\/i0.wp.com\/www.grieta.org.mx\/wp-content\/uploads\/2024\/06\/Demoler-e1718626343630.jpg?resize=350%2C200 1x, https:\/\/i0.wp.com\/www.grieta.org.mx\/wp-content\/uploads\/2024\/06\/Demoler-e1718626343630.jpg?resize=525%2C300 1.5x, https:\/\/i0.wp.com\/www.grieta.org.mx\/wp-content\/uploads\/2024\/06\/Demoler-e1718626343630.jpg?resize=700%2C400 2x"},"classes":[]},{"id":47874,"url":"http:\/\/www.grieta.org.mx\/index.php\/2020\/04\/13\/las-vias-torcidas-del-tren-maya-video\/","url_meta":{"origin":65792,"position":1},"title":"Las v\u00edas torcidas del tren maya (Video)","author":"grieta","date":"13 abril, 2020","format":false,"excerpt":"https:\/\/www.youtube.com\/watch?v=k8FRX9eT0YY","rel":"","context":"En &quot;16. Pueblo Maya&quot;","block_context":{"text":"16. Pueblo Maya","link":"http:\/\/www.grieta.org.mx\/index.php\/category\/espejos-de-la-resistencia\/16-pueblo-maya\/"},"img":{"alt_text":"","src":"https:\/\/i0.wp.com\/www.grieta.org.mx\/wp-content\/uploads\/2020\/04\/ViasTorcidasTrenMaya.png?resize=350%2C200","width":350,"height":200,"srcset":"https:\/\/i0.wp.com\/www.grieta.org.mx\/wp-content\/uploads\/2020\/04\/ViasTorcidasTrenMaya.png?resize=350%2C200 1x, https:\/\/i0.wp.com\/www.grieta.org.mx\/wp-content\/uploads\/2020\/04\/ViasTorcidasTrenMaya.png?resize=525%2C300 1.5x, https:\/\/i0.wp.com\/www.grieta.org.mx\/wp-content\/uploads\/2020\/04\/ViasTorcidasTrenMaya.png?resize=700%2C400 2x"},"classes":[]},{"id":58211,"url":"http:\/\/www.grieta.org.mx\/index.php\/2021\/04\/07\/tren-maya-agravara-contaminacion-del-acuifero-de-yucatan\/","url_meta":{"origin":65792,"position":2},"title":"Tren Maya agravar\u00e1 contaminaci\u00f3n del acu\u00edfero de Yucat\u00e1n","author":"grieta","date":"7 abril, 2021","format":false,"excerpt":"Haz Ruido Aseguran que los sistemas geohidrol\u00f3gicos k\u00e1rsticos est\u00e1n en riesgo, debido a que la regi\u00f3n se caracteriza por su fragilidad y por el compromiso de su manto fre\u00e1tico con graves problemas de sobreexplotaci\u00f3n y contaminaci\u00f3n en la zona metropolitana. Adem\u00e1s, el proyecto ferroviario amenaza a Cuxtal. M\u00e9rida, Yucat\u00e1n, 7\u2026","rel":"","context":"En &quot;Campeche&quot;","block_context":{"text":"Campeche","link":"http:\/\/www.grieta.org.mx\/index.php\/category\/noticias-nacionales\/campeche\/"},"img":{"alt_text":"","src":"https:\/\/i0.wp.com\/www.grieta.org.mx\/wp-content\/uploads\/2021\/04\/TrenAgravaraContaminacion-e1617899843889.png?resize=350%2C200","width":350,"height":200,"srcset":"https:\/\/i0.wp.com\/www.grieta.org.mx\/wp-content\/uploads\/2021\/04\/TrenAgravaraContaminacion-e1617899843889.png?resize=350%2C200 1x, https:\/\/i0.wp.com\/www.grieta.org.mx\/wp-content\/uploads\/2021\/04\/TrenAgravaraContaminacion-e1617899843889.png?resize=525%2C300 1.5x, https:\/\/i0.wp.com\/www.grieta.org.mx\/wp-content\/uploads\/2021\/04\/TrenAgravaraContaminacion-e1617899843889.png?resize=700%2C400 2x"},"classes":[]},{"id":35945,"url":"http:\/\/www.grieta.org.mx\/index.php\/2019\/07\/05\/expansion-de-megaproyectos-en-la-peninsula-de-yucatan-video\/","url_meta":{"origin":65792,"position":3},"title":"Expansi\u00f3n de Megaproyectos en la Pen\u00ednsula de Yucat\u00e1n (Video)","author":"grieta","date":"5 julio, 2019","format":false,"excerpt":"https:\/\/youtu.be\/qLBARIAaBsI","rel":"","context":"En &quot;Campeche&quot;","block_context":{"text":"Campeche","link":"http:\/\/www.grieta.org.mx\/index.php\/category\/noticias-nacionales\/campeche\/"},"img":{"alt_text":"","src":"https:\/\/i0.wp.com\/img.youtube.com\/vi\/qLBARIAaBsI\/0.jpg?resize=350%2C200","width":350,"height":200},"classes":[]},{"id":65834,"url":"http:\/\/www.grieta.org.mx\/index.php\/2022\/11\/30\/tren-maya-campesinos-bloquean-el-paso-de-camiones-que-llevan-material-a-las-obras-yucatan\/","url_meta":{"origin":65792,"position":4},"title":"Tren Maya: Campesinos bloquean el paso de camiones que llevan material a las obras (Yucat\u00e1n)","author":"grieta","date":"30 noviembre, 2022","format":false,"excerpt":"Juan Antonio Osorio \/ Diario de Yucat\u00e1n VALLADOLID.\u2013 Campesinos de cuatro comunidades, molestos porque Fonatur no ha cumplido un ofrecimiento, bloquearon el paso de volquetes y camiones de carga que trasladan material de construcci\u00f3n para las obras del Tren Maya. Los inconformes pertenecen a las comisar\u00edas de Tahmuy, Tepak\u00e1n, Dzodzilch\u00e9n\u2026","rel":"","context":"En &quot;CINTILLO&quot;","block_context":{"text":"CINTILLO","link":"http:\/\/www.grieta.org.mx\/index.php\/category\/cintillo\/"},"img":{"alt_text":"","src":"https:\/\/i0.wp.com\/www.grieta.org.mx\/wp-content\/uploads\/2022\/12\/ValladolidTren-e1670024290526.jpg?resize=350%2C200","width":350,"height":200,"srcset":"https:\/\/i0.wp.com\/www.grieta.org.mx\/wp-content\/uploads\/2022\/12\/ValladolidTren-e1670024290526.jpg?resize=350%2C200 1x, https:\/\/i0.wp.com\/www.grieta.org.mx\/wp-content\/uploads\/2022\/12\/ValladolidTren-e1670024290526.jpg?resize=525%2C300 1.5x, https:\/\/i0.wp.com\/www.grieta.org.mx\/wp-content\/uploads\/2022\/12\/ValladolidTren-e1670024290526.jpg?resize=700%2C400 2x"},"classes":[]},{"id":38773,"url":"http:\/\/www.grieta.org.mx\/index.php\/2019\/09\/03\/tren-maya-responde-a-intereses-del-gran-capital-y-no-a-comunidades\/","url_meta":{"origin":65792,"position":5},"title":"Tren Maya responde a intereses del gran capital y no a comunidades","author":"grieta","date":"3 septiembre, 2019","format":false,"excerpt":"Jes\u00fas Mej\u00eda\/LectorMx M\u00e9rida, Yucat\u00e1n.- Lejos de responder a las necesidades de las comunidades m\u00e1s vulnerables de la Pen\u00ednsula de Yucat\u00e1n, el Tren Maya responde a intereses privados de los sectores industrial, comercial y de servicios tur\u00edsticos que han desplegado una estrategia de inversiones a gran escala en la regi\u00f3n. Representantes\u2026","rel":"","context":"En &quot;Agroindustria&quot;","block_context":{"text":"Agroindustria","link":"http:\/\/www.grieta.org.mx\/index.php\/category\/megaproyectos\/agroindustria\/"},"img":{"alt_text":"","src":"https:\/\/i0.wp.com\/www.grieta.org.mx\/wp-content\/uploads\/2019\/09\/IMG-20190903-WA0028-1280x640-e1567612065906.jpg?resize=350%2C200","width":350,"height":200,"srcset":"https:\/\/i0.wp.com\/www.grieta.org.mx\/wp-content\/uploads\/2019\/09\/IMG-20190903-WA0028-1280x640-e1567612065906.jpg?resize=350%2C200 1x, https:\/\/i0.wp.com\/www.grieta.org.mx\/wp-content\/uploads\/2019\/09\/IMG-20190903-WA0028-1280x640-e1567612065906.jpg?resize=525%2C300 1.5x, https:\/\/i0.wp.com\/www.grieta.org.mx\/wp-content\/uploads\/2019\/09\/IMG-20190903-WA0028-1280x640-e1567612065906.jpg?resize=700%2C400 2x"},"classes":[]}],"_links":{"self":[{"href":"http:\/\/www.grieta.org.mx\/index.php\/wp-json\/wp\/v2\/posts\/65792","targetHints":{"allow":["GET"]}}],"collection":[{"href":"http:\/\/www.grieta.org.mx\/index.php\/wp-json\/wp\/v2\/posts"}],"about":[{"href":"http:\/\/www.grieta.org.mx\/index.php\/wp-json\/wp\/v2\/types\/post"}],"author":[{"embeddable":true,"href":"http:\/\/www.grieta.org.mx\/index.php\/wp-json\/wp\/v2\/users\/2"}],"replies":[{"embeddable":true,"href":"http:\/\/www.grieta.org.mx\/index.php\/wp-json\/wp\/v2\/comments?post=65792"}],"version-history":[{"count":1,"href":"http:\/\/www.grieta.org.mx\/index.php\/wp-json\/wp\/v2\/posts\/65792\/revisions"}],"predecessor-version":[{"id":65794,"href":"http:\/\/www.grieta.org.mx\/index.php\/wp-json\/wp\/v2\/posts\/65792\/revisions\/65794"}],"wp:featuredmedia":[{"embeddable":true,"href":"http:\/\/www.grieta.org.mx\/index.php\/wp-json\/wp\/v2\/media\/65793"}],"wp:attachment":[{"href":"http:\/\/www.grieta.org.mx\/index.php\/wp-json\/wp\/v2\/media?parent=65792"}],"wp:term":[{"taxonomy":"category","embeddable":true,"href":"http:\/\/www.grieta.org.mx\/index.php\/wp-json\/wp\/v2\/categories?post=65792"},{"taxonomy":"post_tag","embeddable":true,"href":"http:\/\/www.grieta.org.mx\/index.php\/wp-json\/wp\/v2\/tags?post=65792"}],"curies":[{"name":"wp","href":"https:\/\/api.w.org\/{rel}","templated":true}]}}