{"id":65784,"date":"2022-11-25T19:46:21","date_gmt":"2022-11-26T01:46:21","guid":{"rendered":"https:\/\/www.grieta.org.mx\/?p=65784"},"modified":"2022-11-26T20:02:03","modified_gmt":"2022-11-27T02:02:03","slug":"toman-las-calles-para-exigir-un-alto-a-la-violencia-machista-en-el-estado-mas-seguro-del-pais-yucatan","status":"publish","type":"post","link":"http:\/\/www.grieta.org.mx\/index.php\/2022\/11\/25\/toman-las-calles-para-exigir-un-alto-a-la-violencia-machista-en-el-estado-mas-seguro-del-pais-yucatan\/","title":{"rendered":"Toman las calles para exigir un alto a la violencia machista \u201cen el estado m\u00e1s seguro del pa\u00eds\u201d (Yucat\u00e1n)"},"content":{"rendered":"<p>Por Itzel Chan \/ Fotograf\u00edas de Otilia Rauda \/  Haz Ruido<\/p>\n<blockquote><p>Cerca de cien mujeres recorrieron el Paseo de Montejo para recordar a las amigas, hermanas y madres que ya no est\u00e1n porque han sido v\u00edctimas de feminicidio. As\u00ed se vivi\u00f3 otra jornada de #25N en la capital yucateca.<\/p><\/blockquote>\n<p>M\u00e9rida, Yucat\u00e1n, 25 de noviembre de 2022.- Desde el Monumento a la Patria hasta El Remate, en donde est\u00e1 colocada la Antimonumenta, cerca de cien mujeres caminaron esta tarde para pedir un alto a la violencia machista que permea en el estado.<\/p>\n<p>Con pa\u00f1uelos morados, pancartas en mano y consignas para exigir la creaci\u00f3n de espacios seguros, recorrieron el emblem\u00e1tico Paseo de Montejo de la capital yucateca y tambi\u00e9n recordaron a las que ya no est\u00e1n.<\/p>\n<p>\u201c\u00a1Vivas se las llevaron, vivas las queremos!\u201d, gritaron las mujeres, haciendo hincapi\u00e9 en todos aquellos casos en los que amigas, hermanas y madres han sido desaparecidas, violentadas y asesinadas.<\/p>\n<p><img loading=\"lazy\" decoding=\"async\" data-attachment-id=\"65786\" data-permalink=\"http:\/\/www.grieta.org.mx\/index.php\/2022\/11\/25\/toman-las-calles-para-exigir-un-alto-a-la-violencia-machista-en-el-estado-mas-seguro-del-pais-yucatan\/25nov2\/\" data-orig-file=\"http:\/\/www.grieta.org.mx\/wp-content\/uploads\/2022\/11\/25Nov2-e1669514008985.jpg\" data-orig-size=\"800,526\" data-comments-opened=\"0\" data-image-meta=\"{&quot;aperture&quot;:&quot;0&quot;,&quot;credit&quot;:&quot;&quot;,&quot;camera&quot;:&quot;&quot;,&quot;caption&quot;:&quot;&quot;,&quot;created_timestamp&quot;:&quot;0&quot;,&quot;copyright&quot;:&quot;&quot;,&quot;focal_length&quot;:&quot;0&quot;,&quot;iso&quot;:&quot;0&quot;,&quot;shutter_speed&quot;:&quot;0&quot;,&quot;title&quot;:&quot;&quot;,&quot;orientation&quot;:&quot;1&quot;}\" data-image-title=\"25Nov2\" data-image-description=\"\" data-image-caption=\"\" data-medium-file=\"http:\/\/www.grieta.org.mx\/wp-content\/uploads\/2022\/11\/25Nov2-e1669514008985-300x197.jpg\" data-large-file=\"http:\/\/www.grieta.org.mx\/wp-content\/uploads\/2022\/11\/25Nov2-1024x673.jpg\" src=\"http:\/\/www.grieta.org.mx\/wp-content\/uploads\/2022\/11\/25Nov2-e1669514008985.jpg\" alt=\"\" width=\"800\" height=\"526\" class=\"alignnone size-full wp-image-65786\" srcset=\"http:\/\/www.grieta.org.mx\/wp-content\/uploads\/2022\/11\/25Nov2-e1669514008985.jpg 800w, http:\/\/www.grieta.org.mx\/wp-content\/uploads\/2022\/11\/25Nov2-e1669514008985-300x197.jpg 300w, http:\/\/www.grieta.org.mx\/wp-content\/uploads\/2022\/11\/25Nov2-e1669514008985-768x505.jpg 768w\" sizes=\"auto, (max-width: 800px) 100vw, 800px\" \/><\/p>\n<p>Durante el tramo, que ha sido derrotero con anterioridad en otras marchas en las que la solicitud es la misma, las asistentes se detuvieron a compartir testimonios propios de sucesos de violencia en sus vidas.<\/p>\n<p>Reclaman a las autoridades que no sean omisas y apliquen las sanciones correspondientes a quienes agreden, violan y matan en Yucat\u00e1n, \u201cuno de los estados m\u00e1s seguros del pa\u00eds\u201d, recalcaron.<\/p>\n<p><img loading=\"lazy\" decoding=\"async\" data-attachment-id=\"65787\" data-permalink=\"http:\/\/www.grieta.org.mx\/index.php\/2022\/11\/25\/toman-las-calles-para-exigir-un-alto-a-la-violencia-machista-en-el-estado-mas-seguro-del-pais-yucatan\/25nov3\/\" data-orig-file=\"http:\/\/www.grieta.org.mx\/wp-content\/uploads\/2022\/11\/25Nov3-e1669514125508.jpg\" data-orig-size=\"800,534\" data-comments-opened=\"0\" data-image-meta=\"{&quot;aperture&quot;:&quot;0&quot;,&quot;credit&quot;:&quot;&quot;,&quot;camera&quot;:&quot;&quot;,&quot;caption&quot;:&quot;&quot;,&quot;created_timestamp&quot;:&quot;0&quot;,&quot;copyright&quot;:&quot;&quot;,&quot;focal_length&quot;:&quot;0&quot;,&quot;iso&quot;:&quot;0&quot;,&quot;shutter_speed&quot;:&quot;0&quot;,&quot;title&quot;:&quot;&quot;,&quot;orientation&quot;:&quot;1&quot;}\" data-image-title=\"25Nov3\" data-image-description=\"\" data-image-caption=\"\" data-medium-file=\"http:\/\/www.grieta.org.mx\/wp-content\/uploads\/2022\/11\/25Nov3-e1669514125508-300x200.jpg\" data-large-file=\"http:\/\/www.grieta.org.mx\/wp-content\/uploads\/2022\/11\/25Nov3-1024x684.jpg\" src=\"http:\/\/www.grieta.org.mx\/wp-content\/uploads\/2022\/11\/25Nov3-e1669514125508.jpg\" alt=\"\" width=\"800\" height=\"534\" class=\"alignnone size-full wp-image-65787\" srcset=\"http:\/\/www.grieta.org.mx\/wp-content\/uploads\/2022\/11\/25Nov3-e1669514125508.jpg 800w, http:\/\/www.grieta.org.mx\/wp-content\/uploads\/2022\/11\/25Nov3-e1669514125508-300x200.jpg 300w, http:\/\/www.grieta.org.mx\/wp-content\/uploads\/2022\/11\/25Nov3-e1669514125508-768x513.jpg 768w\" sizes=\"auto, (max-width: 800px) 100vw, 800px\" \/><\/p>\n<p>Do\u00f1a Ligia Canto Lugo, madre de Emma Gabriela Molina Canto, record\u00f3 que su hija fue v\u00edctima de feminicidio en marzo de 2017, cuando este caso sacudi\u00f3 a la sociedad yucateca. Gaby, como cari\u00f1osamente le llamaban, hab\u00eda denunciado en numerosas ocasiones los m\u00faltiples tipos de violencia por parte de su expareja, as\u00ed como la revictimizaci\u00f3n de las autoridades. <\/p>\n<p>La se\u00f1ora Canto Lugo exigi\u00f3 que sea confirmada la sentencia del responsable, Alberto Mart\u00edn Medina Sonda, quien ha solicitado un amparo ante la justicia federal para revertir la sentencia de 50 a\u00f1os por este asesinato en raz\u00f3n de g\u00e9nero. Adem\u00e1s, hizo eco de otros casos que ha acompa\u00f1ado, que a\u00fan no han sido resueltos y han quedado impunes.<\/p>\n<p><img loading=\"lazy\" decoding=\"async\" data-attachment-id=\"65788\" data-permalink=\"http:\/\/www.grieta.org.mx\/index.php\/2022\/11\/25\/toman-las-calles-para-exigir-un-alto-a-la-violencia-machista-en-el-estado-mas-seguro-del-pais-yucatan\/25nov4\/\" data-orig-file=\"http:\/\/www.grieta.org.mx\/wp-content\/uploads\/2022\/11\/25Nov4-e1669514244757.jpg\" data-orig-size=\"800,518\" data-comments-opened=\"0\" data-image-meta=\"{&quot;aperture&quot;:&quot;0&quot;,&quot;credit&quot;:&quot;&quot;,&quot;camera&quot;:&quot;&quot;,&quot;caption&quot;:&quot;&quot;,&quot;created_timestamp&quot;:&quot;0&quot;,&quot;copyright&quot;:&quot;&quot;,&quot;focal_length&quot;:&quot;0&quot;,&quot;iso&quot;:&quot;0&quot;,&quot;shutter_speed&quot;:&quot;0&quot;,&quot;title&quot;:&quot;&quot;,&quot;orientation&quot;:&quot;1&quot;}\" data-image-title=\"25Nov4\" data-image-description=\"\" data-image-caption=\"\" data-medium-file=\"http:\/\/www.grieta.org.mx\/wp-content\/uploads\/2022\/11\/25Nov4-e1669514244757-300x194.jpg\" data-large-file=\"http:\/\/www.grieta.org.mx\/wp-content\/uploads\/2022\/11\/25Nov4-1024x663.jpg\" src=\"http:\/\/www.grieta.org.mx\/wp-content\/uploads\/2022\/11\/25Nov4-e1669514244757.jpg\" alt=\"\" width=\"800\" height=\"518\" class=\"alignnone size-full wp-image-65788\" srcset=\"http:\/\/www.grieta.org.mx\/wp-content\/uploads\/2022\/11\/25Nov4-e1669514244757.jpg 800w, http:\/\/www.grieta.org.mx\/wp-content\/uploads\/2022\/11\/25Nov4-e1669514244757-300x194.jpg 300w, http:\/\/www.grieta.org.mx\/wp-content\/uploads\/2022\/11\/25Nov4-e1669514244757-768x497.jpg 768w\" sizes=\"auto, (max-width: 800px) 100vw, 800px\" \/><\/p>\n<p>Algunas manifestantes asistieron con sus hijas e hijos, ya que piden que ellas y ellos crezcan en un entorno sin violencia. Tambi\u00e9n se observ\u00f3 un contingente que lucha contra la violencia vicaria, es decir, cuando el progenitor utiliza a las ni\u00f1as y ni\u00f1os para da\u00f1ar a su madre.<\/p>\n<p><img loading=\"lazy\" decoding=\"async\" data-attachment-id=\"65789\" data-permalink=\"http:\/\/www.grieta.org.mx\/index.php\/2022\/11\/25\/toman-las-calles-para-exigir-un-alto-a-la-violencia-machista-en-el-estado-mas-seguro-del-pais-yucatan\/25nov5\/\" data-orig-file=\"http:\/\/www.grieta.org.mx\/wp-content\/uploads\/2022\/11\/25Nov5-e1669514358546.jpg\" data-orig-size=\"800,526\" data-comments-opened=\"0\" data-image-meta=\"{&quot;aperture&quot;:&quot;0&quot;,&quot;credit&quot;:&quot;&quot;,&quot;camera&quot;:&quot;&quot;,&quot;caption&quot;:&quot;&quot;,&quot;created_timestamp&quot;:&quot;0&quot;,&quot;copyright&quot;:&quot;&quot;,&quot;focal_length&quot;:&quot;0&quot;,&quot;iso&quot;:&quot;0&quot;,&quot;shutter_speed&quot;:&quot;0&quot;,&quot;title&quot;:&quot;&quot;,&quot;orientation&quot;:&quot;1&quot;}\" data-image-title=\"25Nov5\" data-image-description=\"\" data-image-caption=\"\" data-medium-file=\"http:\/\/www.grieta.org.mx\/wp-content\/uploads\/2022\/11\/25Nov5-e1669514358546-300x197.jpg\" data-large-file=\"http:\/\/www.grieta.org.mx\/wp-content\/uploads\/2022\/11\/25Nov5-1024x673.jpg\" src=\"http:\/\/www.grieta.org.mx\/wp-content\/uploads\/2022\/11\/25Nov5-e1669514358546.jpg\" alt=\"\" width=\"800\" height=\"526\" class=\"alignnone size-full wp-image-65789\" srcset=\"http:\/\/www.grieta.org.mx\/wp-content\/uploads\/2022\/11\/25Nov5-e1669514358546.jpg 800w, http:\/\/www.grieta.org.mx\/wp-content\/uploads\/2022\/11\/25Nov5-e1669514358546-300x197.jpg 300w, http:\/\/www.grieta.org.mx\/wp-content\/uploads\/2022\/11\/25Nov5-e1669514358546-768x505.jpg 768w\" sizes=\"auto, (max-width: 800px) 100vw, 800px\" \/><\/p>\n<p>Al finalizar el recorrido, las mujeres intervinieron la estatua de Los Montejo, ubicada en el punto conocido como el Remate. Esas esculturas, instaladas hace poco m\u00e1s de 10 a\u00f1os, han sido se\u00f1aladas en numerosas ocasiones por especialistas y colectivos ind\u00edgenas como un s\u00edmbolo del raciclasismo prevalente en la ciudad de M\u00e9rida.<\/p>\n<p><a href=\"https:\/\/www.hazruido.mx\/reportes\/toman-las-calles-para-exigir-un-alto-a-la-violencia-machista-en-el-estado-mas-seguro-del-pais\/\" rel=\"noopener\" target=\"_blank\">https:\/\/www.hazruido.mx\/reportes\/toman-las-calles-para-exigir-un-alto-a-la-violencia-machista-en-el-estado-mas-seguro-del-pais\/<\/a><\/p>\n","protected":false},"excerpt":{"rendered":"<p>Por Itzel Chan \/ Fotograf\u00edas de Otilia Rauda \/ Haz Ruido Cerca de cien mujeres recorrieron el Paseo de Montejo para recordar a las amigas, hermanas y madres que ya &hellip; <a href=\"http:\/\/www.grieta.org.mx\/index.php\/2022\/11\/25\/toman-las-calles-para-exigir-un-alto-a-la-violencia-machista-en-el-estado-mas-seguro-del-pais-yucatan\/\" class=\"more-link\">Leer m\u00e1s<\/a><\/p>\n","protected":false},"author":2,"featured_media":65785,"comment_status":"closed","ping_status":"closed","sticky":false,"template":"","format":"standard","meta":{"ngg_post_thumbnail":0,"_jetpack_newsletter_access":"","_jetpack_dont_email_post_to_subs":false,"_jetpack_newsletter_tier_id":0,"_jetpack_memberships_contains_paywalled_content":false,"_jetpack_memberships_contains_paid_content":false,"footnotes":""},"categories":[80,3168,2,36],"tags":[3209],"class_list":["post-65784","post","type-post","status-publish","format-standard","has-post-thumbnail","hentry","category-cintillo","category-lucha-de-las-mujeres-en-yucatan","category-noticias-nacionales","category-yucatan","tag-lucha-contra-la-violencia-contra-las-mujeres","entry"],"jetpack_featured_media_url":"http:\/\/www.grieta.org.mx\/wp-content\/uploads\/2022\/11\/25Nov-e1669513839791.jpg","jetpack_sharing_enabled":true,"jetpack_shortlink":"https:\/\/wp.me\/p7ZJR4-h72","jetpack_likes_enabled":false,"jetpack-related-posts":[{"id":45962,"url":"http:\/\/www.grieta.org.mx\/index.php\/2020\/03\/08\/se-pinta-merida-de-violeta-no-somos-una-no-somos-cien-cuentanos-vila-cuentanos-bien-corean-mujeres-durante-manifestacion-contra-la-violencia-de-genero-en-la-capital-yucat\/","url_meta":{"origin":65784,"position":0},"title":"Se pinta M\u00e9rida de violeta: \u201c\u00a1No somos una, no somos cien, cu\u00e9ntanos Vila, cu\u00e9ntanos bien!\u201d, corean mujeres durante manifestaci\u00f3n contra la violencia de g\u00e9nero en la capital yucateca","author":"grieta","date":"8 marzo, 2020","format":false,"excerpt":"J\u00e9ssica Garc\u00eda \/ Noticaribe M\u00c9RIDA, MX. \u2013 El color violeta como distintivo de una lucha, esa que exige un alto a la violencia de g\u00e9nero, al machismo, a los feminicidios y a la desigualdad. Ese es el color que miles de mujeres portaron este d\u00eda en alguna prenda o accesorio\u2026","rel":"","context":"En &quot;CINTILLO&quot;","block_context":{"text":"CINTILLO","link":"http:\/\/www.grieta.org.mx\/index.php\/category\/cintillo\/"},"img":{"alt_text":"","src":"https:\/\/i0.wp.com\/www.grieta.org.mx\/wp-content\/uploads\/2020\/03\/8MarzoMerida-e1583949033546.png?resize=350%2C200","width":350,"height":200,"srcset":"https:\/\/i0.wp.com\/www.grieta.org.mx\/wp-content\/uploads\/2020\/03\/8MarzoMerida-e1583949033546.png?resize=350%2C200 1x, https:\/\/i0.wp.com\/www.grieta.org.mx\/wp-content\/uploads\/2020\/03\/8MarzoMerida-e1583949033546.png?resize=525%2C300 1.5x, https:\/\/i0.wp.com\/www.grieta.org.mx\/wp-content\/uploads\/2020\/03\/8MarzoMerida-e1583949033546.png?resize=700%2C400 2x"},"classes":[]},{"id":66485,"url":"http:\/\/www.grieta.org.mx\/index.php\/2023\/03\/08\/miles-de-mujeres-marcharon-contra-la-violencia-feminicida-yucatan\/","url_meta":{"origin":65784,"position":1},"title":"Miles de mujeres marcharon contra la violencia feminicida (Yucat\u00e1n)","author":"grieta","date":"8 marzo, 2023","format":false,"excerpt":"Por Paloma Reyes e Itzel Chan \/ Fotos de Otilia Rauda \/ Haz Ruido Pese a la oscuridad en Paseo de Montejo, se realizaron dos marchas en el Centro Hist\u00f3rico. Durante sus trayectos, gritaron consignas, tocaron m\u00fasica, intervinieron espacios p\u00fablicos y prendieron fogatas a vallas instaladas por la polic\u00eda. Merida,\u2026","rel":"","context":"En &quot;CINTILLO&quot;","block_context":{"text":"CINTILLO","link":"http:\/\/www.grieta.org.mx\/index.php\/category\/cintillo\/"},"img":{"alt_text":"","src":"https:\/\/i0.wp.com\/www.grieta.org.mx\/wp-content\/uploads\/2023\/03\/8M23Merida-e1678665299626.jpg?resize=350%2C200","width":350,"height":200,"srcset":"https:\/\/i0.wp.com\/www.grieta.org.mx\/wp-content\/uploads\/2023\/03\/8M23Merida-e1678665299626.jpg?resize=350%2C200 1x, https:\/\/i0.wp.com\/www.grieta.org.mx\/wp-content\/uploads\/2023\/03\/8M23Merida-e1678665299626.jpg?resize=525%2C300 1.5x, https:\/\/i0.wp.com\/www.grieta.org.mx\/wp-content\/uploads\/2023\/03\/8M23Merida-e1678665299626.jpg?resize=700%2C400 2x"},"classes":[]},{"id":57613,"url":"http:\/\/www.grieta.org.mx\/index.php\/2021\/03\/07\/si-no-luchamos-juntas-nos-mataran-por-separado-las-vallas-son-una-provocacion-gritan-mujeres-de-yucatan-en-las-calles-de-merida\/","url_meta":{"origin":65784,"position":2},"title":"\u201c\u00a1Si no luchamos juntas nos mataran por separado!\u201d: \u201cLas vallas son una provocaci\u00f3n\u201d, gritan mujeres de Yucat\u00e1n en las calles de M\u00e9rida","author":"grieta","date":"7 marzo, 2021","format":false,"excerpt":"Itzel Chan \/ Noticaribe M\u00c9RIDA, MX.- Ante la ola de violencia de g\u00e9nero y feminicidios en Yucat\u00e1n, mujeres salieron a las calles, previamente al D\u00eda Internacional de la Mujer, para gritar: \u00a1Si no luchamos juntas, nos matar\u00e1n por separado! Y al llegar al monumento a la Patria, derribaron las vallas\u2026","rel":"","context":"En &quot;CINTILLO&quot;","block_context":{"text":"CINTILLO","link":"http:\/\/www.grieta.org.mx\/index.php\/category\/cintillo\/"},"img":{"alt_text":"","src":"https:\/\/i0.wp.com\/www.grieta.org.mx\/wp-content\/uploads\/2021\/03\/Marchap8MMerida.png?resize=350%2C200","width":350,"height":200,"srcset":"https:\/\/i0.wp.com\/www.grieta.org.mx\/wp-content\/uploads\/2021\/03\/Marchap8MMerida.png?resize=350%2C200 1x, https:\/\/i0.wp.com\/www.grieta.org.mx\/wp-content\/uploads\/2021\/03\/Marchap8MMerida.png?resize=525%2C300 1.5x"},"classes":[]},{"id":53375,"url":"http:\/\/www.grieta.org.mx\/index.php\/2020\/09\/15\/feministas-yucatecas-toman-la-codhey\/","url_meta":{"origin":65784,"position":3},"title":"Feministas yucatecas toman la CODHEY","author":"grieta","date":"15 septiembre, 2020","format":false,"excerpt":"Por Esto! Agrupaciones feministas de Yucat\u00e1n tomaron de manera simb\u00f3lica las instalaciones de la Comisi\u00f3n de Derechos Humanos de Yucat\u00e1n (CODHEY) como protesta por la violencia de g\u00e9nero que se viven en la entidad. Criticaron que las autoridades no han tomado acciones para evitar que se cometan asesinatos de mujeres.\u2026","rel":"","context":"En &quot;CINTILLO&quot;","block_context":{"text":"CINTILLO","link":"http:\/\/www.grieta.org.mx\/index.php\/category\/cintillo\/"},"img":{"alt_text":"","src":"https:\/\/i0.wp.com\/www.grieta.org.mx\/wp-content\/uploads\/2020\/09\/TomaCodehy1.png?resize=350%2C200","width":350,"height":200,"srcset":"https:\/\/i0.wp.com\/www.grieta.org.mx\/wp-content\/uploads\/2020\/09\/TomaCodehy1.png?resize=350%2C200 1x, https:\/\/i0.wp.com\/www.grieta.org.mx\/wp-content\/uploads\/2020\/09\/TomaCodehy1.png?resize=525%2C300 1.5x"},"classes":[]},{"id":66186,"url":"http:\/\/www.grieta.org.mx\/index.php\/2023\/02\/06\/en-yucatan-se-registraron-mas-de-10-mil-casos-de-violencia-contra-mujeres\/","url_meta":{"origin":65784,"position":4},"title":"En Yucat\u00e1n, se registraron m\u00e1s de 10 mil casos de violencia contra mujeres","author":"grieta","date":"6 febrero, 2023","format":false,"excerpt":"Luis Carmona \/ Yucat\u00e1n a la Mano En la entidad se denunciaron 346 agresores armados, de los cuales 82 corresponden a la capital yucateca; o sea casi una cuarta parte del total Durante 2022 en Yucat\u00e1n se contabilizaron 10 mil 405 casos de violencia contra mujeres, contexto en el que\u2026","rel":"","context":"En &quot;CINTILLO&quot;","block_context":{"text":"CINTILLO","link":"http:\/\/www.grieta.org.mx\/index.php\/category\/cintillo\/"},"img":{"alt_text":"","src":"https:\/\/i0.wp.com\/www.grieta.org.mx\/wp-content\/uploads\/2023\/02\/ViolenciaMujeres-e1675899107662.jpg?resize=350%2C200","width":350,"height":200,"srcset":"https:\/\/i0.wp.com\/www.grieta.org.mx\/wp-content\/uploads\/2023\/02\/ViolenciaMujeres-e1675899107662.jpg?resize=350%2C200 1x, https:\/\/i0.wp.com\/www.grieta.org.mx\/wp-content\/uploads\/2023\/02\/ViolenciaMujeres-e1675899107662.jpg?resize=525%2C300 1.5x, https:\/\/i0.wp.com\/www.grieta.org.mx\/wp-content\/uploads\/2023\/02\/ViolenciaMujeres-e1675899107662.jpg?resize=700%2C400 2x"},"classes":[]},{"id":41546,"url":"http:\/\/www.grieta.org.mx\/index.php\/2019\/11\/25\/policia-detuvo-a-6-mujeres-en-yucatan-durante-marcha-contra-la-violencia-de-genero\/","url_meta":{"origin":65784,"position":5},"title":"Polic\u00eda detuvo a 6 mujeres en Yucat\u00e1n durante marcha contra la violencia de g\u00e9nero","author":"grieta","date":"25 noviembre, 2019","format":false,"excerpt":"Tras cumplir un breve arresto administrativo, las mujeres fueron liberadas, inform\u00f3 la Secretar\u00eda de Seguridad P\u00fablica. Redacci\u00f3n Animal Pol\u00edtico Seis mujeres fueron detenidas por la polic\u00eda este lunes en M\u00e9rida, Yucat\u00e1n, durante la protesta por el D\u00eda Internacional de la Eliminaci\u00f3n de la Violencia Contra las Mujeres. Manifestantes denunciaron que\u2026","rel":"","context":"En &quot;CINTILLO&quot;","block_context":{"text":"CINTILLO","link":"http:\/\/www.grieta.org.mx\/index.php\/category\/cintillo\/"},"img":{"alt_text":"","src":"https:\/\/i0.wp.com\/www.grieta.org.mx\/wp-content\/uploads\/2019\/11\/MarchaMujeresYuc.png?resize=350%2C200","width":350,"height":200},"classes":[]}],"_links":{"self":[{"href":"http:\/\/www.grieta.org.mx\/index.php\/wp-json\/wp\/v2\/posts\/65784","targetHints":{"allow":["GET"]}}],"collection":[{"href":"http:\/\/www.grieta.org.mx\/index.php\/wp-json\/wp\/v2\/posts"}],"about":[{"href":"http:\/\/www.grieta.org.mx\/index.php\/wp-json\/wp\/v2\/types\/post"}],"author":[{"embeddable":true,"href":"http:\/\/www.grieta.org.mx\/index.php\/wp-json\/wp\/v2\/users\/2"}],"replies":[{"embeddable":true,"href":"http:\/\/www.grieta.org.mx\/index.php\/wp-json\/wp\/v2\/comments?post=65784"}],"version-history":[{"count":1,"href":"http:\/\/www.grieta.org.mx\/index.php\/wp-json\/wp\/v2\/posts\/65784\/revisions"}],"predecessor-version":[{"id":65791,"href":"http:\/\/www.grieta.org.mx\/index.php\/wp-json\/wp\/v2\/posts\/65784\/revisions\/65791"}],"wp:featuredmedia":[{"embeddable":true,"href":"http:\/\/www.grieta.org.mx\/index.php\/wp-json\/wp\/v2\/media\/65785"}],"wp:attachment":[{"href":"http:\/\/www.grieta.org.mx\/index.php\/wp-json\/wp\/v2\/media?parent=65784"}],"wp:term":[{"taxonomy":"category","embeddable":true,"href":"http:\/\/www.grieta.org.mx\/index.php\/wp-json\/wp\/v2\/categories?post=65784"},{"taxonomy":"post_tag","embeddable":true,"href":"http:\/\/www.grieta.org.mx\/index.php\/wp-json\/wp\/v2\/tags?post=65784"}],"curies":[{"name":"wp","href":"https:\/\/api.w.org\/{rel}","templated":true}]}}