{"id":65708,"date":"2022-11-14T18:05:13","date_gmt":"2022-11-15T00:05:13","guid":{"rendered":"https:\/\/www.grieta.org.mx\/?p=65708"},"modified":"2022-11-18T18:09:46","modified_gmt":"2022-11-19T00:09:46","slug":"exigen-destitucion-del-fiscal-de-morelos-por-deficiencias-al-investigar-homicidios-y-feminicidios","status":"publish","type":"post","link":"http:\/\/www.grieta.org.mx\/index.php\/2022\/11\/14\/exigen-destitucion-del-fiscal-de-morelos-por-deficiencias-al-investigar-homicidios-y-feminicidios\/","title":{"rendered":"Exigen destituci\u00f3n del fiscal de Morelos por encubrir homicidios y feminicidios"},"content":{"rendered":"<p>Leticia Villase\u00f1or \/ MVS Noticias<\/p>\n<p>Distintas organizaciones feministas de la diversidad sexual y sociedad civil organizada exigieron a las y los legisladores la destituci\u00f3n del fiscal General de Morelos, Uriel Carmona G\u00e1ndara, tras las deficiencias y presuntos actos de corrupci\u00f3n con que se investigan homicidios y feminicidios en la entidad.<\/p>\n<p>Laura del Rayo, integrante de la Alianza de Mujeres de Morelos, dio a conocer diversas acciones para obligar a las y los integrantes de la actual legislatura a deponer al funcionario estatal.<\/p>\n<p>Este martes se realizar\u00e1 una caminata en Cuernavaca, desde la iglesia del calvario hasta el Congreso del estado, donde si las condiciones lo permiten pasar\u00e1n la noche a fin de esperar el arribo de Carmona G\u00e1ndara.<br \/>\nLo anterior, para la comparecencia a la que fue citado derivado de las anomal\u00edas del feminicidio de Ariadna Fernanda.<br \/>\nEn el acto estuvieron presentes familiares de v\u00edctimas, afectados por los deficientes peritajes que les ha impedido la acci\u00f3n de la justicia.<\/p>\n<p><a href=\"https:\/\/mvsnoticias.com\/nacional\/estados\/2022\/11\/14\/exigen-destitucion-del-fiscal-de-morelos-por-deficiencias-al-investigar-homicidios-feminicidios-571979.html\" rel=\"noopener\" target=\"_blank\">https:\/\/mvsnoticias.com\/nacional\/estados\/2022\/11\/14\/exigen-destitucion-del-fiscal-de-morelos-por-deficiencias-al-investigar-homicidios-feminicidios-571979.html<\/a><\/p>\n","protected":false},"excerpt":{"rendered":"<p>Leticia Villase\u00f1or \/ MVS Noticias Distintas organizaciones feministas de la diversidad sexual y sociedad civil organizada exigieron a las y los legisladores la destituci\u00f3n del fiscal General de Morelos, Uriel &hellip; <a href=\"http:\/\/www.grieta.org.mx\/index.php\/2022\/11\/14\/exigen-destitucion-del-fiscal-de-morelos-por-deficiencias-al-investigar-homicidios-y-feminicidios\/\" class=\"more-link\">Leer m\u00e1s<\/a><\/p>\n","protected":false},"author":2,"featured_media":65709,"comment_status":"closed","ping_status":"closed","sticky":false,"template":"","format":"standard","meta":{"ngg_post_thumbnail":0,"_jetpack_newsletter_access":"","_jetpack_dont_email_post_to_subs":false,"_jetpack_newsletter_tier_id":0,"_jetpack_memberships_contains_paywalled_content":false,"_jetpack_memberships_contains_paid_content":false,"footnotes":""},"categories":[80,1627,2901,22,2,83],"tags":[81,3019],"class_list":["post-65708","post","type-post","status-publish","format-standard","has-post-thumbnail","hentry","category-cintillo","category-feminicidios-en-morelos","category-luchas-de-las-mujeres-en-morelos","category-morelos","category-noticias-nacionales","category-temas-nacionales","tag-feminicidios","tag-movilizaciones-contra-feminicidios","entry"],"jetpack_featured_media_url":"http:\/\/www.grieta.org.mx\/wp-content\/uploads\/2022\/11\/Screenshot-2022-11-18-at-18-07-07-Exigen-destitucion-del-fiscal-de-Morelos-por-deficiencias-al-investigar-homicidios-y-feminicidios.png","jetpack_sharing_enabled":true,"jetpack_shortlink":"https:\/\/wp.me\/p7ZJR4-h5O","jetpack_likes_enabled":false,"jetpack-related-posts":[{"id":38373,"url":"http:\/\/www.grieta.org.mx\/index.php\/2019\/07\/26\/morelos-en-segundo-lugar-en-feminicidios-semaforo-delictivo\/","url_meta":{"origin":65708,"position":0},"title":"Morelos, en segundo lugar en feminicidios: Sem\u00e1foro Delictivo","author":"grieta","date":"26 julio, 2019","format":false,"excerpt":"Dulce Valdepe\u00f1a \/ Quadrat\u00edn Morelos CUAUTLA, Mor., 26 de julio del 2019.- De acuerdo al los resultados que arroj\u00f3 el proyecto social \u201cSem\u00e1foro Delictivo\u201d, el estado de Morelos se encuentra en el segundo lugar a nivel nacional en feminicidios seguido de Veracruz. El estado de Morelos tiene ocho municipios con\u2026","rel":"","context":"En &quot;CINTILLO&quot;","block_context":{"text":"CINTILLO","link":"http:\/\/www.grieta.org.mx\/index.php\/category\/cintillo\/"},"img":{"alt_text":"","src":"https:\/\/i0.wp.com\/www.grieta.org.mx\/wp-content\/uploads\/2019\/08\/04CA5DC0-5C28-45B9-9483-C2E274BBECF2-1160x700.jpeg?resize=350%2C200","width":350,"height":200,"srcset":"https:\/\/i0.wp.com\/www.grieta.org.mx\/wp-content\/uploads\/2019\/08\/04CA5DC0-5C28-45B9-9483-C2E274BBECF2-1160x700.jpeg?resize=350%2C200 1x, https:\/\/i0.wp.com\/www.grieta.org.mx\/wp-content\/uploads\/2019\/08\/04CA5DC0-5C28-45B9-9483-C2E274BBECF2-1160x700.jpeg?resize=525%2C300 1.5x, https:\/\/i0.wp.com\/www.grieta.org.mx\/wp-content\/uploads\/2019\/08\/04CA5DC0-5C28-45B9-9483-C2E274BBECF2-1160x700.jpeg?resize=700%2C400 2x, https:\/\/i0.wp.com\/www.grieta.org.mx\/wp-content\/uploads\/2019\/08\/04CA5DC0-5C28-45B9-9483-C2E274BBECF2-1160x700.jpeg?resize=1050%2C600 3x"},"classes":[]},{"id":38536,"url":"http:\/\/www.grieta.org.mx\/index.php\/2019\/08\/22\/veracruz-y-morelos-lideran-feminicidios\/","url_meta":{"origin":65708,"position":1},"title":"Veracruz y Morelos lideran feminicidios","author":"grieta","date":"22 agosto, 2019","format":false,"excerpt":"Antonio Baranda \/ Omnia Cd. de M\u00e9xico (22 agosto 2019).- Veracruz y Morelos, dos estados gobernados por Morena, tienen las tasas m\u00e1s altas de feminicidios en M\u00e9xico. Adem\u00e1s, esas dos entidades encabezan el mayor n\u00famero de secuestros. Con 114 feminicidios registrados entre enero y julio de este a\u00f1o, Veracruz promedia\u2026","rel":"","context":"En &quot;CINTILLO&quot;","block_context":{"text":"CINTILLO","link":"http:\/\/www.grieta.org.mx\/index.php\/category\/cintillo\/"},"img":{"alt_text":"","src":"https:\/\/i0.wp.com\/www.grieta.org.mx\/wp-content\/uploads\/2019\/08\/big_rycux3qm.jpg?resize=350%2C200","width":350,"height":200,"srcset":"https:\/\/i0.wp.com\/www.grieta.org.mx\/wp-content\/uploads\/2019\/08\/big_rycux3qm.jpg?resize=350%2C200 1x, https:\/\/i0.wp.com\/www.grieta.org.mx\/wp-content\/uploads\/2019\/08\/big_rycux3qm.jpg?resize=525%2C300 1.5x, https:\/\/i0.wp.com\/www.grieta.org.mx\/wp-content\/uploads\/2019\/08\/big_rycux3qm.jpg?resize=700%2C400 2x"},"classes":[]},{"id":8040,"url":"http:\/\/www.grieta.org.mx\/index.php\/2016\/08\/11\/feminicidios-en-morelos\/","url_meta":{"origin":65708,"position":2},"title":"Feminicidios en Morelos","author":"grieta","date":"11 agosto, 2016","format":false,"excerpt":"11\/08\/16. Feminicidios, imparables a pesar de Alerta de G\u00e9nero en Morelos La Silla Rota 11\/08\/16. Todas las mujeres asesinadas en Morelos estuvieron en cautiverio; quedaron aisladas y violentadas hasta la muerte: CIDHMRevoluci\u00f3n 3.0 25\/07\/16. En Edomex y Morelos: \u201cla alerta de g\u00e9nero naci\u00f3 muerta\u201d; \u201chacen pasar feminicidios como suicidios\u201d: activista\u2026","rel":"","context":"En &quot;Feminicidios&quot;","block_context":{"text":"Feminicidios","link":"http:\/\/www.grieta.org.mx\/index.php\/category\/temas-nacionales\/feminicidios\/"},"img":{"alt_text":"","src":"https:\/\/i0.wp.com\/www.grieta.org.mx\/wp-content\/uploads\/2018\/03\/14524434_1106112876131411_958039263622046936_o.jpg?resize=350%2C200","width":350,"height":200,"srcset":"https:\/\/i0.wp.com\/www.grieta.org.mx\/wp-content\/uploads\/2018\/03\/14524434_1106112876131411_958039263622046936_o.jpg?resize=350%2C200 1x, https:\/\/i0.wp.com\/www.grieta.org.mx\/wp-content\/uploads\/2018\/03\/14524434_1106112876131411_958039263622046936_o.jpg?resize=525%2C300 1.5x, https:\/\/i0.wp.com\/www.grieta.org.mx\/wp-content\/uploads\/2018\/03\/14524434_1106112876131411_958039263622046936_o.jpg?resize=700%2C400 2x"},"classes":[]},{"id":17335,"url":"http:\/\/www.grieta.org.mx\/index.php\/2016\/07\/21\/aumentan-los-feminicidios-en-morelos-pese-a-la-alerta-de-violencia-de-genero\/","url_meta":{"origin":65708,"position":3},"title":"Aumentan los feminicidios en Morelos, pese a la alerta de violencia de g\u00e9nero","author":"grieta","date":"21 julio, 2016","format":false,"excerpt":"Jos\u00e9 Antonio Rom\u00e1n A unos d\u00edas de que se cumpla un a\u00f1o de la puesta en marcha de la alerta de violencia de g\u00e9nero en el estado de Morelos, los casos de feminicidios se mantienen en forma creciente, debido esencialmente a la omisi\u00f3n y deficiencias gubernamentales en el cumplimiento de\u2026","rel":"","context":"En &quot;CINTILLO&quot;","block_context":{"text":"CINTILLO","link":"http:\/\/www.grieta.org.mx\/index.php\/category\/cintillo\/"},"img":{"alt_text":"","src":"https:\/\/i0.wp.com\/www.grieta.org.mx\/wp-content\/uploads\/2018\/03\/14524434_1106112876131411_958039263622046936_o.jpg?resize=350%2C200","width":350,"height":200,"srcset":"https:\/\/i0.wp.com\/www.grieta.org.mx\/wp-content\/uploads\/2018\/03\/14524434_1106112876131411_958039263622046936_o.jpg?resize=350%2C200 1x, https:\/\/i0.wp.com\/www.grieta.org.mx\/wp-content\/uploads\/2018\/03\/14524434_1106112876131411_958039263622046936_o.jpg?resize=525%2C300 1.5x, https:\/\/i0.wp.com\/www.grieta.org.mx\/wp-content\/uploads\/2018\/03\/14524434_1106112876131411_958039263622046936_o.jpg?resize=700%2C400 2x"},"classes":[]},{"id":18886,"url":"http:\/\/www.grieta.org.mx\/index.php\/2016\/07\/19\/contabiliza-el-cocofem-38-feminicidios-en-lo-que-va-del-2016-morelos\/","url_meta":{"origin":65708,"position":4},"title":"Contabiliza el Cocofem 38 feminicidios en lo que va del 2016 (MORELOS)","author":"grieta","date":"19 julio, 2016","format":false,"excerpt":"Tlaulli Preciado, Morelos De igual modo, el Comit\u00e9 Contra el Feminicidio en Morelos (Cocofem) lament\u00f3 que varias instituciones municipales, estatales y federales ignoren los puntos que contempla la AVG y que claramente se\u00f1alan lo que les corresponde. La vocera del Comit\u00e9, Ixlol Cielo Preciado, manifest\u00f3 que s\u00f3lo el Instituto de\u2026","rel":"","context":"En &quot;CINTILLO&quot;","block_context":{"text":"CINTILLO","link":"http:\/\/www.grieta.org.mx\/index.php\/category\/cintillo\/"},"img":{"alt_text":"","src":"https:\/\/i0.wp.com\/www.grieta.org.mx\/wp-content\/uploads\/2018\/03\/14524434_1106112876131411_958039263622046936_o.jpg?resize=350%2C200","width":350,"height":200,"srcset":"https:\/\/i0.wp.com\/www.grieta.org.mx\/wp-content\/uploads\/2018\/03\/14524434_1106112876131411_958039263622046936_o.jpg?resize=350%2C200 1x, https:\/\/i0.wp.com\/www.grieta.org.mx\/wp-content\/uploads\/2018\/03\/14524434_1106112876131411_958039263622046936_o.jpg?resize=525%2C300 1.5x, https:\/\/i0.wp.com\/www.grieta.org.mx\/wp-content\/uploads\/2018\/03\/14524434_1106112876131411_958039263622046936_o.jpg?resize=700%2C400 2x"},"classes":[]},{"id":8041,"url":"http:\/\/www.grieta.org.mx\/index.php\/2016\/03\/08\/pese-a-alerta-de-genero-morelos-suma-530-feminicidios-de-2000-a-2013\/","url_meta":{"origin":65708,"position":5},"title":"Pese a Alerta de G\u00e9nero Morelos suma 530 feminicidios de 2000 a 2013","author":"grieta","date":"8 marzo, 2016","format":false,"excerpt":"Redacci\u00f3n Revoluci\u00f3n Tres Punto Cero Dentro del marco del d\u00eda internacional de la mujer, en el estado de Morelos se han cometido 37 feminicidios, dijo Juliana Quintanilla, integrante de la Comisi\u00f3n Independiente de Derechos Humanos de Morelos (CIDHM). El 10 de agosto de 2015 se emiti\u00f3 el Decreto de Alerta\u2026","rel":"","context":"En &quot;CINTILLO&quot;","block_context":{"text":"CINTILLO","link":"http:\/\/www.grieta.org.mx\/index.php\/category\/cintillo\/"},"img":{"alt_text":"","src":"https:\/\/i0.wp.com\/www.grieta.org.mx\/wp-content\/uploads\/2018\/03\/14524434_1106112876131411_958039263622046936_o.jpg?resize=350%2C200","width":350,"height":200,"srcset":"https:\/\/i0.wp.com\/www.grieta.org.mx\/wp-content\/uploads\/2018\/03\/14524434_1106112876131411_958039263622046936_o.jpg?resize=350%2C200 1x, https:\/\/i0.wp.com\/www.grieta.org.mx\/wp-content\/uploads\/2018\/03\/14524434_1106112876131411_958039263622046936_o.jpg?resize=525%2C300 1.5x, https:\/\/i0.wp.com\/www.grieta.org.mx\/wp-content\/uploads\/2018\/03\/14524434_1106112876131411_958039263622046936_o.jpg?resize=700%2C400 2x"},"classes":[]}],"_links":{"self":[{"href":"http:\/\/www.grieta.org.mx\/index.php\/wp-json\/wp\/v2\/posts\/65708","targetHints":{"allow":["GET"]}}],"collection":[{"href":"http:\/\/www.grieta.org.mx\/index.php\/wp-json\/wp\/v2\/posts"}],"about":[{"href":"http:\/\/www.grieta.org.mx\/index.php\/wp-json\/wp\/v2\/types\/post"}],"author":[{"embeddable":true,"href":"http:\/\/www.grieta.org.mx\/index.php\/wp-json\/wp\/v2\/users\/2"}],"replies":[{"embeddable":true,"href":"http:\/\/www.grieta.org.mx\/index.php\/wp-json\/wp\/v2\/comments?post=65708"}],"version-history":[{"count":1,"href":"http:\/\/www.grieta.org.mx\/index.php\/wp-json\/wp\/v2\/posts\/65708\/revisions"}],"predecessor-version":[{"id":65711,"href":"http:\/\/www.grieta.org.mx\/index.php\/wp-json\/wp\/v2\/posts\/65708\/revisions\/65711"}],"wp:featuredmedia":[{"embeddable":true,"href":"http:\/\/www.grieta.org.mx\/index.php\/wp-json\/wp\/v2\/media\/65709"}],"wp:attachment":[{"href":"http:\/\/www.grieta.org.mx\/index.php\/wp-json\/wp\/v2\/media?parent=65708"}],"wp:term":[{"taxonomy":"category","embeddable":true,"href":"http:\/\/www.grieta.org.mx\/index.php\/wp-json\/wp\/v2\/categories?post=65708"},{"taxonomy":"post_tag","embeddable":true,"href":"http:\/\/www.grieta.org.mx\/index.php\/wp-json\/wp\/v2\/tags?post=65708"}],"curies":[{"name":"wp","href":"https:\/\/api.w.org\/{rel}","templated":true}]}}