{"id":657,"date":"2015-03-10T20:16:30","date_gmt":"2015-03-10T20:16:30","guid":{"rendered":"http:\/\/50.22.11.12\/~grietaor\/?p=657"},"modified":"2016-03-01T20:17:24","modified_gmt":"2016-03-01T20:17:24","slug":"marchan-5-mil-en-apoyo-al-spauaz","status":"publish","type":"post","link":"http:\/\/www.grieta.org.mx\/index.php\/2015\/03\/10\/marchan-5-mil-en-apoyo-al-spauaz\/","title":{"rendered":"Marchan 5 mil en apoyo al SPAUAZ"},"content":{"rendered":"<p>Martes, 10 de marzo de 2015 a las 9:22pm<br \/>\nABIGAIL SALINAS \/ NTRZACATECAS.COM<\/p>\n<p>Un contingente de aproximadamente 5 mil personas marcharon por las principales calles del Centro Hist\u00f3rico en la manifestaci\u00f3n que convoc\u00f3 el Sindicato de Personal Acad\u00e9mico de la Universidad Aut\u00f3noma de Zacatecas (SPAUAZ).<\/p>\n<p>A partir de las 11:20 horas el grupo sali\u00f3 desde la explanada de la Unidad Acad\u00e9mica de Ingenier\u00eda de la UAZ, con direcci\u00f3n a la Legislatura Local.<\/p>\n<p>Los manifestantes marcharon por una parte del boulevard y algunas de las principales calles del Centro Hist\u00f3rico de Zacatecas.<\/p>\n<p>Al SPAUAZ se sumaron miembros del Movimiento Democr\u00e1tico Magisterial de Zacatecas (MDMZ) secci\u00f3n 58; del Sindicato Independiente de Trabajadores del Estado de Zacatecas (SITEZ) y del sindicato de trabajadores del Instituto Mexicano del Seguro Social (IMSS), y del pretendido Sindicato \u00danico de Trabajadores del IZEA (SUTIZEA) adem\u00e1s de algunos estudiantes de la m\u00e1xima casa de estudios.<\/p>\n<p><a href=\"http:\/\/ntrzacatecas.com\/2015\/03\/10\/marchan-5-mil-en-apoyo-al-spauaz\/\" target=\"_blank\">ntrzacatecas.com\/2015\/03\/10\/marchan-5-mil-en-apoyo-al-spauaz\/<\/a><\/p>\n","protected":false},"excerpt":{"rendered":"<p>Martes, 10 de marzo de 2015 a las 9:22pm ABIGAIL SALINAS \/ NTRZACATECAS.COM Un contingente de aproximadamente 5 mil personas marcharon por las principales calles del Centro Hist\u00f3rico en la &hellip; <a href=\"http:\/\/www.grieta.org.mx\/index.php\/2015\/03\/10\/marchan-5-mil-en-apoyo-al-spauaz\/\" class=\"more-link\">Leer m\u00e1s<\/a><\/p>\n","protected":false},"author":2,"featured_media":21928,"comment_status":"closed","ping_status":"open","sticky":false,"template":"","format":"standard","meta":{"ngg_post_thumbnail":0,"_jetpack_newsletter_access":"","_jetpack_dont_email_post_to_subs":false,"_jetpack_newsletter_tier_id":0,"_jetpack_memberships_contains_paywalled_content":false,"_jetpack_memberships_contains_paid_content":false,"footnotes":""},"categories":[80,139],"tags":[105,107],"class_list":["post-657","post","type-post","status-publish","format-standard","has-post-thumbnail","hentry","category-cintillo","category-zacatecas","tag-derechos-laborales","tag-educacion","entry"],"jetpack_featured_media_url":"http:\/\/www.grieta.org.mx\/wp-content\/uploads\/2018\/03\/14524434_1106112876131411_958039263622046936_o.jpg","jetpack_sharing_enabled":true,"jetpack_shortlink":"https:\/\/wp.me\/p7ZJR4-aB","jetpack_likes_enabled":false,"jetpack-related-posts":[{"id":671,"url":"http:\/\/www.grieta.org.mx\/index.php\/2015\/02\/23\/marchan-mil-200-sindicalizados\/","url_meta":{"origin":657,"position":0},"title":"Marchan mil 200 sindicalizados","author":"grieta","date":"23 febrero, 2015","format":false,"excerpt":"Lunes, 23 de febrero de 2015 a las 9:57pm Abigail Salinas \/ ntrzacatecas.com Aproximadamente mil 200 manifestantes marcharon por las principales calles del Centro Hist\u00f3rico de Zacatecas; docentes y alumnos de la Universidad Aut\u00f3noma de Zacatecas (UAZ) participaron en el movimiento convocado por el Sindicato de Personal Acad\u00e9mico (SPAUAZ). En\u2026","rel":"","context":"En &quot;CINTILLO&quot;","block_context":{"text":"CINTILLO","link":"http:\/\/www.grieta.org.mx\/index.php\/category\/cintillo\/"},"img":{"alt_text":"","src":"https:\/\/i0.wp.com\/www.grieta.org.mx\/wp-content\/uploads\/2018\/03\/14524434_1106112876131411_958039263622046936_o.jpg?resize=350%2C200","width":350,"height":200,"srcset":"https:\/\/i0.wp.com\/www.grieta.org.mx\/wp-content\/uploads\/2018\/03\/14524434_1106112876131411_958039263622046936_o.jpg?resize=350%2C200 1x, https:\/\/i0.wp.com\/www.grieta.org.mx\/wp-content\/uploads\/2018\/03\/14524434_1106112876131411_958039263622046936_o.jpg?resize=525%2C300 1.5x, https:\/\/i0.wp.com\/www.grieta.org.mx\/wp-content\/uploads\/2018\/03\/14524434_1106112876131411_958039263622046936_o.jpg?resize=700%2C400 2x"},"classes":[]},{"id":40370,"url":"http:\/\/www.grieta.org.mx\/index.php\/2019\/10\/09\/home-secciones-educacion-se-sumaran-spauaz-y-stuaz-a-paro-nacional-convocado-por-la-contu-zacatecas\/","url_meta":{"origin":657,"position":1},"title":"Educaci\u00f3n Se sumar\u00e1n Spauaz y Stuaz a paro nacional convocado por la Contu (Zacatecas)","author":"grieta","date":"9 octubre, 2019","format":false,"excerpt":"Exigen mayor subsidio a instituciones de educaci\u00f3n superior y que se atienda la crisis Universidades corren el riesgo de no pagar salarios y prestaciones en el cierre de a\u00f1o MART\u00cdN CATAL\u00c1N LERMA \/ La jornada Zacatecas, 09 de octubre de 2019 Zacatecas.- El Sindicato de Personal Acad\u00e9mico de la Benem\u00e9rita\u2026","rel":"","context":"En &quot;CINTILLO&quot;","block_context":{"text":"CINTILLO","link":"http:\/\/www.grieta.org.mx\/index.php\/category\/cintillo\/"},"img":{"alt_text":"","src":"https:\/\/i0.wp.com\/www.grieta.org.mx\/wp-content\/uploads\/2019\/10\/Nota-1-stuaz-copia-1.jpg?resize=350%2C200","width":350,"height":200},"classes":[]},{"id":587,"url":"http:\/\/www.grieta.org.mx\/index.php\/2016\/02\/15\/otro-paro-en-la-uaz\/","url_meta":{"origin":657,"position":2},"title":"Otro paro en la UAZ","author":"grieta","date":"15 febrero, 2016","format":false,"excerpt":"Zacatecas Lunes, 15 de febrero de 2016 ABIGAIL SALINAS Zacatecas.- Al mediod\u00eda de este lunes, en asamblea general del Sindicato del Personal Acad\u00e9mico de la Universidad Aut\u00f3noma de Zacatecas (SPAUAZ), se decidi\u00f3 realizar un paro general de actividades este martes en todos los planteles de la m\u00e1xima casa de estudios\u2026","rel":"","context":"En &quot;CINTILLO&quot;","block_context":{"text":"CINTILLO","link":"http:\/\/www.grieta.org.mx\/index.php\/category\/cintillo\/"},"img":{"alt_text":"","src":"https:\/\/i0.wp.com\/www.grieta.org.mx\/wp-content\/uploads\/2018\/03\/14524434_1106112876131411_958039263622046936_o.jpg?resize=350%2C200","width":350,"height":200,"srcset":"https:\/\/i0.wp.com\/www.grieta.org.mx\/wp-content\/uploads\/2018\/03\/14524434_1106112876131411_958039263622046936_o.jpg?resize=350%2C200 1x, https:\/\/i0.wp.com\/www.grieta.org.mx\/wp-content\/uploads\/2018\/03\/14524434_1106112876131411_958039263622046936_o.jpg?resize=525%2C300 1.5x, https:\/\/i0.wp.com\/www.grieta.org.mx\/wp-content\/uploads\/2018\/03\/14524434_1106112876131411_958039263622046936_o.jpg?resize=700%2C400 2x"},"classes":[]},{"id":651,"url":"http:\/\/www.grieta.org.mx\/index.php\/2015\/03\/11\/no-hay-negociacion-spauaz\/","url_meta":{"origin":657,"position":3},"title":"\u201cNo hay negociaci\u00f3n\u201d: SPAUAZ","author":"grieta","date":"11 marzo, 2015","format":false,"excerpt":"Mi\u00e9rcoles, 11 de marzo de 2015 a las 10:24pm ABIGAIL SALINAS \/ NTRZACATECAS.COM Zacatecas.- Sin conseguir negociaci\u00f3n, la tarde de este mi\u00e9rcoles se llev\u00f3 a cabo una reuni\u00f3n entre el secretario general del Sindicato de Personal Acad\u00e9mico de la Universidad Aut\u00f3noma de Zacatecas (SPAUAZ), el rector Armando Silva Ch\u00e1irez y\u2026","rel":"","context":"En &quot;CINTILLO&quot;","block_context":{"text":"CINTILLO","link":"http:\/\/www.grieta.org.mx\/index.php\/category\/cintillo\/"},"img":{"alt_text":"","src":"https:\/\/i0.wp.com\/www.grieta.org.mx\/wp-content\/uploads\/2018\/03\/14524434_1106112876131411_958039263622046936_o.jpg?resize=350%2C200","width":350,"height":200,"srcset":"https:\/\/i0.wp.com\/www.grieta.org.mx\/wp-content\/uploads\/2018\/03\/14524434_1106112876131411_958039263622046936_o.jpg?resize=350%2C200 1x, https:\/\/i0.wp.com\/www.grieta.org.mx\/wp-content\/uploads\/2018\/03\/14524434_1106112876131411_958039263622046936_o.jpg?resize=525%2C300 1.5x, https:\/\/i0.wp.com\/www.grieta.org.mx\/wp-content\/uploads\/2018\/03\/14524434_1106112876131411_958039263622046936_o.jpg?resize=700%2C400 2x"},"classes":[]},{"id":16117,"url":"http:\/\/www.grieta.org.mx\/index.php\/2016\/07\/07\/marchan-en-rechazo-a-la-reforma-educativa\/","url_meta":{"origin":657,"position":4},"title":"Marchan en rechazo a la reforma educativa","author":"grieta","date":"7 julio, 2016","format":false,"excerpt":"Jueves, 7 de julio de 2016 STAFF | NTRZACATECAS.COM Zacatecas.- Aproximadamente 400 manifestantes marcharon en apoyo al magisterio de Oaxaca y en rechazo a la reforma educativa. La marcha fue convocada por el Frente Social para la Soberan\u00eda Popular (FSSP) y a ella se sumaron el Movimiento Democr\u00e1tico del Magisterio\u2026","rel":"","context":"En &quot;CINTILLO&quot;","block_context":{"text":"CINTILLO","link":"http:\/\/www.grieta.org.mx\/index.php\/category\/cintillo\/"},"img":{"alt_text":"","src":"https:\/\/i0.wp.com\/www.grieta.org.mx\/wp-content\/uploads\/2018\/03\/14524434_1106112876131411_958039263622046936_o.jpg?resize=350%2C200","width":350,"height":200,"srcset":"https:\/\/i0.wp.com\/www.grieta.org.mx\/wp-content\/uploads\/2018\/03\/14524434_1106112876131411_958039263622046936_o.jpg?resize=350%2C200 1x, https:\/\/i0.wp.com\/www.grieta.org.mx\/wp-content\/uploads\/2018\/03\/14524434_1106112876131411_958039263622046936_o.jpg?resize=525%2C300 1.5x, https:\/\/i0.wp.com\/www.grieta.org.mx\/wp-content\/uploads\/2018\/03\/14524434_1106112876131411_958039263622046936_o.jpg?resize=700%2C400 2x"},"classes":[]},{"id":631,"url":"http:\/\/www.grieta.org.mx\/index.php\/2015\/03\/13\/ofrece-rector-70-plazas-a-docentes-al-spauaz\/","url_meta":{"origin":657,"position":5},"title":"Ofrece rector 70 plazas a docentes al SPAUAZ","author":"grieta","date":"13 marzo, 2015","format":false,"excerpt":"viernes, 13 de marzo de 2015 a las 10:16pm ABIGAIL SALINAS \/ ntrzacatecas.com Zacatecas.- Armando Silva Ch\u00e1irez, rector de la Universidad Aut\u00f3noma de Zacatecas ofreci\u00f3 al secretario general del SPAUAZ, Jos\u00e9 Crescenciano S\u00e1nchez P\u00e9rez, 70 plazas docentes de las 74 que pidi\u00f3 el sindicato. Tras 23 d\u00edas de huelga, Silva\u2026","rel":"","context":"En &quot;CINTILLO&quot;","block_context":{"text":"CINTILLO","link":"http:\/\/www.grieta.org.mx\/index.php\/category\/cintillo\/"},"img":{"alt_text":"","src":"https:\/\/i0.wp.com\/www.grieta.org.mx\/wp-content\/uploads\/2018\/03\/14524434_1106112876131411_958039263622046936_o.jpg?resize=350%2C200","width":350,"height":200,"srcset":"https:\/\/i0.wp.com\/www.grieta.org.mx\/wp-content\/uploads\/2018\/03\/14524434_1106112876131411_958039263622046936_o.jpg?resize=350%2C200 1x, https:\/\/i0.wp.com\/www.grieta.org.mx\/wp-content\/uploads\/2018\/03\/14524434_1106112876131411_958039263622046936_o.jpg?resize=525%2C300 1.5x, https:\/\/i0.wp.com\/www.grieta.org.mx\/wp-content\/uploads\/2018\/03\/14524434_1106112876131411_958039263622046936_o.jpg?resize=700%2C400 2x"},"classes":[]}],"_links":{"self":[{"href":"http:\/\/www.grieta.org.mx\/index.php\/wp-json\/wp\/v2\/posts\/657","targetHints":{"allow":["GET"]}}],"collection":[{"href":"http:\/\/www.grieta.org.mx\/index.php\/wp-json\/wp\/v2\/posts"}],"about":[{"href":"http:\/\/www.grieta.org.mx\/index.php\/wp-json\/wp\/v2\/types\/post"}],"author":[{"embeddable":true,"href":"http:\/\/www.grieta.org.mx\/index.php\/wp-json\/wp\/v2\/users\/2"}],"replies":[{"embeddable":true,"href":"http:\/\/www.grieta.org.mx\/index.php\/wp-json\/wp\/v2\/comments?post=657"}],"version-history":[{"count":1,"href":"http:\/\/www.grieta.org.mx\/index.php\/wp-json\/wp\/v2\/posts\/657\/revisions"}],"predecessor-version":[{"id":658,"href":"http:\/\/www.grieta.org.mx\/index.php\/wp-json\/wp\/v2\/posts\/657\/revisions\/658"}],"wp:featuredmedia":[{"embeddable":true,"href":"http:\/\/www.grieta.org.mx\/index.php\/wp-json\/wp\/v2\/media\/21928"}],"wp:attachment":[{"href":"http:\/\/www.grieta.org.mx\/index.php\/wp-json\/wp\/v2\/media?parent=657"}],"wp:term":[{"taxonomy":"category","embeddable":true,"href":"http:\/\/www.grieta.org.mx\/index.php\/wp-json\/wp\/v2\/categories?post=657"},{"taxonomy":"post_tag","embeddable":true,"href":"http:\/\/www.grieta.org.mx\/index.php\/wp-json\/wp\/v2\/tags?post=657"}],"curies":[{"name":"wp","href":"https:\/\/api.w.org\/{rel}","templated":true}]}}