{"id":65696,"date":"2022-11-07T12:15:32","date_gmt":"2022-11-07T18:15:32","guid":{"rendered":"https:\/\/www.grieta.org.mx\/?p=65696"},"modified":"2022-11-17T12:37:27","modified_gmt":"2022-11-17T18:37:27","slug":"sindicalizados-de-la-universidad-autonoma-del-carmen-se-van-a-paro-indefinido-campeche","status":"publish","type":"post","link":"http:\/\/www.grieta.org.mx\/index.php\/2022\/11\/07\/sindicalizados-de-la-universidad-autonoma-del-carmen-se-van-a-paro-indefinido-campeche\/","title":{"rendered":"Sindicalizados de la Universidad Aut\u00f3noma del Carmen se van a paro indefinido (Campeche)"},"content":{"rendered":"<p>Gerardo Can \/ Por Esto!<\/p>\n<p>Por falta de pago de sueldos de un mes, los jubilados y pensionados sindicalizados de la Universidad Aut\u00f3noma del Carmen (Unacar), se manifestaron sobre la calle 31 y 22, adem\u00e1s de irse al paro indefinido de actividades en la m\u00e1xima casa de estudios carmelita o hasta que el rector Jos\u00e9 Antonio Ruz Hern\u00e1ndez, les pague<\/p>\n<p>Alrededor de las 10:00 horas Los jubilados y pensionados afiliados al Sindicato \u00danico de Trabajadores de la Universidad Aut\u00f3noma del Carmen (Sutunacar), se reunieron a puerta cerrada en el Centro Cultural Universitario en Asamblea General Extraordinaria, y despu\u00e9s de dos horas en sesi\u00f3n determinaron manifestarse hasta cierto punto de forma pacifica con una caminata desde la calle 31 crece con la 28 hasta la calle 22 frente al Palacio Municipal, donde con pancartas y lonas denunciaron toda la serie de anomal\u00edas que ha cometido el actual rector Jos\u00e9 Antonio Ruz Hern\u00e1ndez, al extinguirse los recursos del Fideicomiso de Pensiones y Jubilaciones.<\/p>\n<p>Por ello, adem\u00e1s de bloquear por unos minutos la circulaci\u00f3n de estas dos arterias, decidieron irse al paro fe labores de manera indefinida en la Universidad Aut\u00f3noma del Carmen como tambi\u00e9n tomar las instalaciones, debido a desde el mes de octubre alrededor de 150 extrabajadores universitarios sindicalizados y por m\u00e1s de seis meses no ha pagado la Unacar las cuotas sindicales, \u201ca los extrabajadores sindicalizados les deben sus sueldos del mes de octubre, desde el 2019 ning\u00fan compa\u00f1ero sindicalizado se ha podido jubilar, son 83 los que est\u00e1n pendientes, y tambi\u00e9n desde hace seis meses las cuotas sindicales no son transferidas al Sindicato, y es por eso que en la asamblea general se determin\u00f3 irnos a paro general de labores&#8221;, se\u00f1al\u00f3 Jos\u00e9 Ram\u00f3n Maga\u00f1a Mart\u00ednez, secretario general del Sutunacar.<\/p>\n<p><a href=\"https:\/\/www.poresto.net\/campeche\/2022\/11\/7\/sindicalizados-de-la-universidad-autonoma-del-carmen-se-van-paro-indefinido-358567.html\" rel=\"noopener\" target=\"_blank\">https:\/\/www.poresto.net\/campeche\/2022\/11\/7\/sindicalizados-de-la-universidad-autonoma-del-carmen-se-van-paro-indefinido-358567.html<\/a><\/p>\n","protected":false},"excerpt":{"rendered":"<p>Gerardo Can \/ Por Esto! Por falta de pago de sueldos de un mes, los jubilados y pensionados sindicalizados de la Universidad Aut\u00f3noma del Carmen (Unacar), se manifestaron sobre la &hellip; <a href=\"http:\/\/www.grieta.org.mx\/index.php\/2022\/11\/07\/sindicalizados-de-la-universidad-autonoma-del-carmen-se-van-a-paro-indefinido-campeche\/\" class=\"more-link\">Leer m\u00e1s<\/a><\/p>\n","protected":false},"author":2,"featured_media":65697,"comment_status":"closed","ping_status":"closed","sticky":false,"template":"","format":"standard","meta":{"ngg_post_thumbnail":0,"_jetpack_newsletter_access":"","_jetpack_dont_email_post_to_subs":false,"_jetpack_newsletter_tier_id":0,"_jetpack_memberships_contains_paywalled_content":false,"_jetpack_memberships_contains_paid_content":false,"footnotes":""},"categories":[11,80,1040,910,2,83],"tags":[113,2463,2841,2390],"class_list":["post-65696","post","type-post","status-publish","format-standard","has-post-thumbnail","hentry","category-campeche","category-cintillo","category-conflictos-laborales-en-campeche","category-explotacion-y-precariedad-laboral","category-noticias-nacionales","category-temas-nacionales","tag-conflictos-laborales","tag-demandas-laborales","tag-explotacion-y-precariedad-laboral","tag-trabajadores-universitarios","entry"],"jetpack_featured_media_url":"http:\/\/www.grieta.org.mx\/wp-content\/uploads\/2022\/11\/Unacar-e1668709961820.jpg","jetpack_sharing_enabled":true,"jetpack_shortlink":"https:\/\/wp.me\/p7ZJR4-h5C","jetpack_likes_enabled":false,"jetpack-related-posts":[{"id":67383,"url":"http:\/\/www.grieta.org.mx\/index.php\/2023\/08\/03\/rectora-de-la-unacar-se-da-a-la-fuga-tras-manifestacion-de-sindicalizados-campeche\/","url_meta":{"origin":65696,"position":0},"title":"Rectora de la Unacar se da a la fuga tras manifestaci\u00f3n de sindicalizados (Campeche)","author":"grieta","date":"3 agosto, 2023","format":false,"excerpt":"Por Esto! As\u00ed huy\u00f3 la rectora de la Universidad Aut\u00f3noma del Carmen (Unacar), Sandra Martha Laff\u00f3n Leal, despu\u00e9s de que los extrabajadores cerraron los accesos a la rector\u00eda con candados y cadenas, en protesta por la falta de pago de hasta 14 quincenas Es decir, que la mayor\u00eda de los\u2026","rel":"","context":"En &quot;Campeche&quot;","block_context":{"text":"Campeche","link":"http:\/\/www.grieta.org.mx\/index.php\/category\/noticias-nacionales\/campeche\/"},"img":{"alt_text":"","src":"https:\/\/i0.wp.com\/www.grieta.org.mx\/wp-content\/uploads\/2023\/08\/Unacar-e1691365545385.jpg?resize=350%2C200","width":350,"height":200,"srcset":"https:\/\/i0.wp.com\/www.grieta.org.mx\/wp-content\/uploads\/2023\/08\/Unacar-e1691365545385.jpg?resize=350%2C200 1x, https:\/\/i0.wp.com\/www.grieta.org.mx\/wp-content\/uploads\/2023\/08\/Unacar-e1691365545385.jpg?resize=525%2C300 1.5x, https:\/\/i0.wp.com\/www.grieta.org.mx\/wp-content\/uploads\/2023\/08\/Unacar-e1691365545385.jpg?resize=700%2C400 2x"},"classes":[]},{"id":67735,"url":"http:\/\/www.grieta.org.mx\/index.php\/2023\/09\/14\/en-ciudad-del-carmen-jubilados-de-la-unacar-exigen-pagos-atrasados-campeche\/","url_meta":{"origin":65696,"position":1},"title":"En Ciudad del Carmen, jubilados de la Unacar exigen pagos atrasados (Campeche)","author":"grieta","date":"14 septiembre, 2023","format":false,"excerpt":"Un grupo de jubilados y pensionados de la Universidad Aut\u00f3noma del Carmen marcharon del Sindicato \u00danico de Trabajadores de la Unacar (Sutunacar) hasta rector\u00eda para exigir a las autoridades universitarias, encabezadas por Sandra Martha Laff\u00f3n Leal, como rectora, que cumpla con el pago de quincenas atrasadas, pues hay algunos a\u2026","rel":"","context":"En &quot;Campeche&quot;","block_context":{"text":"Campeche","link":"http:\/\/www.grieta.org.mx\/index.php\/category\/noticias-nacionales\/campeche\/"},"img":{"alt_text":"","src":"https:\/\/i0.wp.com\/www.grieta.org.mx\/wp-content\/uploads\/2023\/09\/CDCarmen-e1694802785883.jpg?resize=350%2C200","width":350,"height":200,"srcset":"https:\/\/i0.wp.com\/www.grieta.org.mx\/wp-content\/uploads\/2023\/09\/CDCarmen-e1694802785883.jpg?resize=350%2C200 1x, https:\/\/i0.wp.com\/www.grieta.org.mx\/wp-content\/uploads\/2023\/09\/CDCarmen-e1694802785883.jpg?resize=525%2C300 1.5x, https:\/\/i0.wp.com\/www.grieta.org.mx\/wp-content\/uploads\/2023\/09\/CDCarmen-e1694802785883.jpg?resize=700%2C400 2x"},"classes":[]},{"id":68783,"url":"http:\/\/www.grieta.org.mx\/index.php\/2024\/03\/28\/en-campeche-extrabajadores-de-la-universidad-del-carmen-llevan-dos-quincenas-sin-cobrar\/","url_meta":{"origin":65696,"position":2},"title":"En Campeche, extrabajadores de la Universidad del Carmen llevan dos quincenas sin cobrar","author":"grieta","date":"28 marzo, 2024","format":false,"excerpt":"Gerardo Can \/ Por Esto! Una vez m\u00e1s, la rectora de la Universidad Aut\u00f3noma del Carmen, Sandra Martha Laff\u00f3n Leal y el secretario general, Juan Pablo Cetina Monterrey, incumplieron la promesa de pago de al menos dos quincenas del 2024 a los extrabajadores sindicalizados, con lo que ya suman tres\u2026","rel":"","context":"En &quot;Campeche&quot;","block_context":{"text":"Campeche","link":"http:\/\/www.grieta.org.mx\/index.php\/category\/noticias-nacionales\/campeche\/"},"img":{"alt_text":"","src":"https:\/\/i0.wp.com\/www.grieta.org.mx\/wp-content\/uploads\/2024\/04\/FaltaPago-e1712682131509.jpg?resize=350%2C200","width":350,"height":200,"srcset":"https:\/\/i0.wp.com\/www.grieta.org.mx\/wp-content\/uploads\/2024\/04\/FaltaPago-e1712682131509.jpg?resize=350%2C200 1x, https:\/\/i0.wp.com\/www.grieta.org.mx\/wp-content\/uploads\/2024\/04\/FaltaPago-e1712682131509.jpg?resize=525%2C300 1.5x, https:\/\/i0.wp.com\/www.grieta.org.mx\/wp-content\/uploads\/2024\/04\/FaltaPago-e1712682131509.jpg?resize=700%2C400 2x"},"classes":[]},{"id":67964,"url":"http:\/\/www.grieta.org.mx\/index.php\/2023\/10\/18\/jubilados-toman-la-rectoria-de-la-unacar-campeche\/","url_meta":{"origin":65696,"position":3},"title":"Jubilados toman la Rector\u00eda de la Unacar (Campeche)","author":"grieta","date":"18 octubre, 2023","format":false,"excerpt":"CARMEN. \u201cSi las autoridades universitarias han perdido el poder de gesti\u00f3n o no pueden trabajar en nuestro beneficio, que se vayan\u201d, exigieron los trabajadores jubilados y pensionados de la Universidad Aut\u00f3noma del Carmen (Unacar), al tomar las instalaciones de la Rector\u00eda de la maxima casa de estudios en demanda del\u2026","rel":"","context":"En &quot;Campeche&quot;","block_context":{"text":"Campeche","link":"http:\/\/www.grieta.org.mx\/index.php\/category\/noticias-nacionales\/campeche\/"},"img":{"alt_text":"","src":"https:\/\/i0.wp.com\/www.grieta.org.mx\/wp-content\/uploads\/2023\/10\/Jubilados-e1697896122422.jpg?resize=350%2C200","width":350,"height":200,"srcset":"https:\/\/i0.wp.com\/www.grieta.org.mx\/wp-content\/uploads\/2023\/10\/Jubilados-e1697896122422.jpg?resize=350%2C200 1x, https:\/\/i0.wp.com\/www.grieta.org.mx\/wp-content\/uploads\/2023\/10\/Jubilados-e1697896122422.jpg?resize=525%2C300 1.5x, https:\/\/i0.wp.com\/www.grieta.org.mx\/wp-content\/uploads\/2023\/10\/Jubilados-e1697896122422.jpg?resize=700%2C400 2x"},"classes":[]},{"id":66425,"url":"http:\/\/www.grieta.org.mx\/index.php\/2023\/03\/02\/sindicalistas-de-la-universidad-autonoma-de-campeche-amenazan-con-huelga\/","url_meta":{"origin":65696,"position":4},"title":"Sindicalistas de la Universidad Aut\u00f3noma de Campeche amenazan con huelga","author":"grieta","date":"2 marzo, 2023","format":false,"excerpt":"Lark \/News.EsEuro Al grito de \u00a1No m\u00e1s protecci\u00f3n!, y \u00a1Todos somos universitarios! Alrededor de 300 trabajadores sindicalizados se manifestaron frente a la rector\u00eda de la Universidad Aut\u00f3noma de Campeche (UAC) para exigir, entre otras cosas, que desistan del amparo obtenido contra las medidas cautelares del sindicato porque les impide continuar\u2026","rel":"","context":"En &quot;Campeche&quot;","block_context":{"text":"Campeche","link":"http:\/\/www.grieta.org.mx\/index.php\/category\/noticias-nacionales\/campeche\/"},"img":{"alt_text":"","src":"https:\/\/i0.wp.com\/www.grieta.org.mx\/wp-content\/uploads\/2023\/03\/Sindicalistas-e1678066124448.jpg?resize=350%2C200","width":350,"height":200,"srcset":"https:\/\/i0.wp.com\/www.grieta.org.mx\/wp-content\/uploads\/2023\/03\/Sindicalistas-e1678066124448.jpg?resize=350%2C200 1x, https:\/\/i0.wp.com\/www.grieta.org.mx\/wp-content\/uploads\/2023\/03\/Sindicalistas-e1678066124448.jpg?resize=525%2C300 1.5x, https:\/\/i0.wp.com\/www.grieta.org.mx\/wp-content\/uploads\/2023\/03\/Sindicalistas-e1678066124448.jpg?resize=700%2C400 2x"},"classes":[]},{"id":67148,"url":"http:\/\/www.grieta.org.mx\/index.php\/2023\/07\/04\/universidad-autonoma-de-campeche-incumple-prestaciones-a-sindicalizados\/","url_meta":{"origin":65696,"position":5},"title":"Universidad Aut\u00f3noma de Campeche incumple prestaciones a sindicalizados","author":"grieta","date":"4 julio, 2023","format":false,"excerpt":"Por Esto! A casi cuatro meses de haberse firmado el compromiso de realizar el pago de prestaciones pendientes a los trabajadores sindicalizados, la Universidad Aut\u00f3noma de Campeche (UAC) no ha dado cumplimiento a los acuerdos, ni reconocido la existencia de la figura jur\u00eddica de representaci\u00f3n del Sindicato \u00danico de Personal\u2026","rel":"","context":"En &quot;Campeche&quot;","block_context":{"text":"Campeche","link":"http:\/\/www.grieta.org.mx\/index.php\/category\/noticias-nacionales\/campeche\/"},"img":{"alt_text":"","src":"https:\/\/i0.wp.com\/www.grieta.org.mx\/wp-content\/uploads\/2023\/07\/Unacar2-e1688837799345.jpg?resize=350%2C200","width":350,"height":200,"srcset":"https:\/\/i0.wp.com\/www.grieta.org.mx\/wp-content\/uploads\/2023\/07\/Unacar2-e1688837799345.jpg?resize=350%2C200 1x, https:\/\/i0.wp.com\/www.grieta.org.mx\/wp-content\/uploads\/2023\/07\/Unacar2-e1688837799345.jpg?resize=525%2C300 1.5x, https:\/\/i0.wp.com\/www.grieta.org.mx\/wp-content\/uploads\/2023\/07\/Unacar2-e1688837799345.jpg?resize=700%2C400 2x"},"classes":[]}],"_links":{"self":[{"href":"http:\/\/www.grieta.org.mx\/index.php\/wp-json\/wp\/v2\/posts\/65696","targetHints":{"allow":["GET"]}}],"collection":[{"href":"http:\/\/www.grieta.org.mx\/index.php\/wp-json\/wp\/v2\/posts"}],"about":[{"href":"http:\/\/www.grieta.org.mx\/index.php\/wp-json\/wp\/v2\/types\/post"}],"author":[{"embeddable":true,"href":"http:\/\/www.grieta.org.mx\/index.php\/wp-json\/wp\/v2\/users\/2"}],"replies":[{"embeddable":true,"href":"http:\/\/www.grieta.org.mx\/index.php\/wp-json\/wp\/v2\/comments?post=65696"}],"version-history":[{"count":1,"href":"http:\/\/www.grieta.org.mx\/index.php\/wp-json\/wp\/v2\/posts\/65696\/revisions"}],"predecessor-version":[{"id":65698,"href":"http:\/\/www.grieta.org.mx\/index.php\/wp-json\/wp\/v2\/posts\/65696\/revisions\/65698"}],"wp:featuredmedia":[{"embeddable":true,"href":"http:\/\/www.grieta.org.mx\/index.php\/wp-json\/wp\/v2\/media\/65697"}],"wp:attachment":[{"href":"http:\/\/www.grieta.org.mx\/index.php\/wp-json\/wp\/v2\/media?parent=65696"}],"wp:term":[{"taxonomy":"category","embeddable":true,"href":"http:\/\/www.grieta.org.mx\/index.php\/wp-json\/wp\/v2\/categories?post=65696"},{"taxonomy":"post_tag","embeddable":true,"href":"http:\/\/www.grieta.org.mx\/index.php\/wp-json\/wp\/v2\/tags?post=65696"}],"curies":[{"name":"wp","href":"https:\/\/api.w.org\/{rel}","templated":true}]}}