{"id":6559,"date":"2016-03-26T00:30:54","date_gmt":"2016-03-26T00:30:54","guid":{"rendered":"http:\/\/50.22.11.12\/~grietaor\/?p=6559"},"modified":"2016-03-29T00:35:04","modified_gmt":"2016-03-29T00:35:04","slug":"activistas-se-manifiestan-en-contra-del-proyecto-ecozone","status":"publish","type":"post","link":"http:\/\/www.grieta.org.mx\/index.php\/2016\/03\/26\/activistas-se-manifiestan-en-contra-del-proyecto-ecozone\/","title":{"rendered":"Activistas se manifiestan en contra del proyecto Ecozone"},"content":{"rendered":"<p>.<img loading=\"lazy\" decoding=\"async\" data-attachment-id=\"6562\" data-permalink=\"http:\/\/www.grieta.org.mx\/index.php\/2016\/03\/26\/activistas-se-manifiestan-en-contra-del-proyecto-ecozone\/sukarne_manifestacion-1\/\" data-orig-file=\"http:\/\/www.grieta.org.mx\/wp-content\/uploads\/2016\/03\/sukarne_manifestacion-1.jpg\" data-orig-size=\"660,440\" data-comments-opened=\"0\" data-image-meta=\"{&quot;aperture&quot;:&quot;0&quot;,&quot;credit&quot;:&quot;&quot;,&quot;camera&quot;:&quot;&quot;,&quot;caption&quot;:&quot;&quot;,&quot;created_timestamp&quot;:&quot;0&quot;,&quot;copyright&quot;:&quot;&quot;,&quot;focal_length&quot;:&quot;0&quot;,&quot;iso&quot;:&quot;0&quot;,&quot;shutter_speed&quot;:&quot;0&quot;,&quot;title&quot;:&quot;&quot;,&quot;orientation&quot;:&quot;0&quot;}\" data-image-title=\"sukarne_manifestacion (1)\" data-image-description=\"\" data-image-caption=\"\" data-medium-file=\"http:\/\/www.grieta.org.mx\/wp-content\/uploads\/2016\/03\/sukarne_manifestacion-1-300x200.jpg\" data-large-file=\"http:\/\/www.grieta.org.mx\/wp-content\/uploads\/2016\/03\/sukarne_manifestacion-1.jpg\" class=\"alignnone size-full wp-image-6562\" src=\"http:\/\/grieta.org.mx\/wp-content\/uploads\/2016\/03\/sukarne_manifestacion-1.jpg\" alt=\"sukarne_manifestacion (1)\" width=\"660\" height=\"440\" srcset=\"http:\/\/www.grieta.org.mx\/wp-content\/uploads\/2016\/03\/sukarne_manifestacion-1.jpg 660w, http:\/\/www.grieta.org.mx\/wp-content\/uploads\/2016\/03\/sukarne_manifestacion-1-300x200.jpg 300w\" sizes=\"auto, (max-width: 660px) 100vw, 660px\" \/><br \/>\nJorge Heras, Mexicali, B.C<br \/>\nColectivos de artistas y activistas se pronunciaron en contra del proyecto habitacional, comercial e industrial que intenta llevar a cabo la empresa Viz Resource Management, S.A. de C.V, filial del corporativo Su Karne.<\/p>\n<p>La tarde de este s\u00e1bado, una docena de personas protestaron en el monumento a Benito Ju\u00e1rez ubicado en la zona hotelera de esta ciudad.<\/p>\n<p>Con mantas pintadas con aerosol, los manifestantes se opusieron al proyecto denominado EcozoneMx que intenta edificarse en las faldas de la Sierra Cucapah.<\/p>\n<p>\u201cNo compres SuKancer. Quieren convertir la Sierra Cucapah en un basurero t\u00f3xico. Comparte, difunde y act\u00faa\u201d, dec\u00edan las consignas plasmadas en algunas pancartas.<\/p>\n<p>El acto de protesta fue organizado por el colectivo \u201cArtistas contra la represi\u00f3n-Mexicali Ayotzinapa\u201d, el cual advirti\u00f3 que continuaran con las manifestaciones para intentar frenar el proyecto que consideran da\u00f1ar\u00e1 el medio ambiente y la vida y fauna de la localidad.<\/p>\n<p>El proyecto EcozoneMx que se construir\u00eda en una superficie de mas de 14 mil hect\u00e1reas, ha asido criticada por ambientalistas, organismos de la sociedad civil y etnias ind\u00edgenas.<\/p>\n<p>Actualmente se encuentra en proceso de revisi\u00f3n por parte de la Secretar\u00eda de Medio Ambiente y Recursos Naturales (Semarnat), quien determinar\u00e1 la viabilidad de la construcci\u00f3n.<\/p>\n<p><a href=\"http:\/\/jornadabc.mx\/tijuana\/26-03-2016\/activistas-se-manifiestan-en-contra-del-proyecto-ecozone\" target=\"_blank\">http:\/\/jornadabc.mx\/tijuana\/26-03-2016\/activistas-se-manifiestan-en-contra-del-proyecto-ecozone<\/a><\/p>\n","protected":false},"excerpt":{"rendered":"<p>. Jorge Heras, Mexicali, B.C Colectivos de artistas y activistas se pronunciaron en contra del proyecto habitacional, comercial e industrial que intenta llevar a cabo la empresa Viz Resource Management, &hellip; <a href=\"http:\/\/www.grieta.org.mx\/index.php\/2016\/03\/26\/activistas-se-manifiestan-en-contra-del-proyecto-ecozone\/\" class=\"more-link\">Leer m\u00e1s<\/a><\/p>\n","protected":false},"author":2,"featured_media":21928,"comment_status":"closed","ping_status":"open","sticky":false,"template":"","format":"standard","meta":{"ngg_post_thumbnail":0,"_jetpack_newsletter_access":"","_jetpack_dont_email_post_to_subs":false,"_jetpack_newsletter_tier_id":0,"_jetpack_memberships_contains_paywalled_content":false,"_jetpack_memberships_contains_paid_content":false,"footnotes":""},"categories":[80],"tags":[117,96],"class_list":["post-6559","post","type-post","status-publish","format-standard","has-post-thumbnail","hentry","category-cintillo","tag-cucapas","tag-megaproyectos","entry"],"jetpack_featured_media_url":"http:\/\/www.grieta.org.mx\/wp-content\/uploads\/2018\/03\/14524434_1106112876131411_958039263622046936_o.jpg","jetpack_sharing_enabled":true,"jetpack_shortlink":"https:\/\/wp.me\/p7ZJR4-1HN","jetpack_likes_enabled":false,"jetpack-related-posts":[{"id":19166,"url":"http:\/\/www.grieta.org.mx\/index.php\/2016\/08\/04\/protestan-en-semarnat-en-contra-de-ecozonemx\/","url_meta":{"origin":6559,"position":0},"title":"Protestan en Semarnat en contra de EcozoneMx","author":"grieta","date":"4 agosto, 2016","format":false,"excerpt":"Por Jorge Heras Mexicali, 4 de agosto. - Un grupo de personas se manifestaron en las oficinas de la Secretar\u00eda del Medio Ambiente y Recursos Naturales (Semarnat) en protesta por la reciente aprobaci\u00f3n del proyecto comercial, habitacional e industrial denominado EcozoneMx. Alrededor de las 9:00 horas, una docena de personas\u2026","rel":"","context":"En &quot;CINTILLO&quot;","block_context":{"text":"CINTILLO","link":"http:\/\/www.grieta.org.mx\/index.php\/category\/cintillo\/"},"img":{"alt_text":"","src":"https:\/\/i0.wp.com\/www.grieta.org.mx\/wp-content\/uploads\/2018\/03\/14524434_1106112876131411_958039263622046936_o.jpg?resize=350%2C200","width":350,"height":200,"srcset":"https:\/\/i0.wp.com\/www.grieta.org.mx\/wp-content\/uploads\/2018\/03\/14524434_1106112876131411_958039263622046936_o.jpg?resize=350%2C200 1x, https:\/\/i0.wp.com\/www.grieta.org.mx\/wp-content\/uploads\/2018\/03\/14524434_1106112876131411_958039263622046936_o.jpg?resize=525%2C300 1.5x, https:\/\/i0.wp.com\/www.grieta.org.mx\/wp-content\/uploads\/2018\/03\/14524434_1106112876131411_958039263622046936_o.jpg?resize=700%2C400 2x"},"classes":[]},{"id":16134,"url":"http:\/\/www.grieta.org.mx\/index.php\/2016\/07\/04\/ecozone-requiere-de-acompanamiento-ciudadano\/","url_meta":{"origin":6559,"position":1},"title":"Ecozone requiere de acompa\u00f1amiento ciudadano","author":"grieta","date":"4 julio, 2016","format":false,"excerpt":"- El proyecto que pretende abarcar miles de hect\u00e1reas de la Sierra Cucapah y que contempla la extracci\u00f3n de materiales p\u00e9treos y manejo de residuos peligrosos se present\u00f3 con informaci\u00f3n muy pobre sobre sus efectos al medio ambiente. TIJUANA.- La preocupaci\u00f3n que la comunidad mexicalense y grupos ambientalistas tienen sobre\u2026","rel":"","context":"En &quot;CINTILLO&quot;","block_context":{"text":"CINTILLO","link":"http:\/\/www.grieta.org.mx\/index.php\/category\/cintillo\/"},"img":{"alt_text":"","src":"https:\/\/i0.wp.com\/www.grieta.org.mx\/wp-content\/uploads\/2018\/03\/14524434_1106112876131411_958039263622046936_o.jpg?resize=350%2C200","width":350,"height":200,"srcset":"https:\/\/i0.wp.com\/www.grieta.org.mx\/wp-content\/uploads\/2018\/03\/14524434_1106112876131411_958039263622046936_o.jpg?resize=350%2C200 1x, https:\/\/i0.wp.com\/www.grieta.org.mx\/wp-content\/uploads\/2018\/03\/14524434_1106112876131411_958039263622046936_o.jpg?resize=525%2C300 1.5x, https:\/\/i0.wp.com\/www.grieta.org.mx\/wp-content\/uploads\/2018\/03\/14524434_1106112876131411_958039263622046936_o.jpg?resize=700%2C400 2x"},"classes":[]},{"id":346,"url":"http:\/\/www.grieta.org.mx\/index.php\/2016\/08\/04\/megaproyecto-de-energia-fotovoltaica-en-sierra-cucapa\/","url_meta":{"origin":6559,"position":2},"title":"Megaproyecto en Sierra Cucap\u00e1","author":"grieta","date":"4 agosto, 2016","format":false,"excerpt":"04\/08\/16. Protestan en Semarnat en contra de EcozoneMx La Jornada Baja California 04\/07\/16. Ecozone requiere de acompa\u00f1amiento ciudadano Unimexicali 26\/03\/16. Activistas se manifiestan en contra del proyecto Ecozone La Jornada Baja California 09\/03\/16. Cucap\u00e1s insisten en da\u00f1os que causar\u00eda EcozoneMX La Jornada Baja California 26\/02\/16. Promueven frente ambientalista contra megaproyecto\u2026","rel":"","context":"En &quot;Baja California&quot;","block_context":{"text":"Baja California","link":"http:\/\/www.grieta.org.mx\/index.php\/category\/noticias-nacionales\/baja-california\/"},"img":{"alt_text":"","src":"https:\/\/i0.wp.com\/www.grieta.org.mx\/wp-content\/uploads\/2018\/03\/14524434_1106112876131411_958039263622046936_o.jpg?resize=350%2C200","width":350,"height":200,"srcset":"https:\/\/i0.wp.com\/www.grieta.org.mx\/wp-content\/uploads\/2018\/03\/14524434_1106112876131411_958039263622046936_o.jpg?resize=350%2C200 1x, https:\/\/i0.wp.com\/www.grieta.org.mx\/wp-content\/uploads\/2018\/03\/14524434_1106112876131411_958039263622046936_o.jpg?resize=525%2C300 1.5x, https:\/\/i0.wp.com\/www.grieta.org.mx\/wp-content\/uploads\/2018\/03\/14524434_1106112876131411_958039263622046936_o.jpg?resize=700%2C400 2x"},"classes":[]},{"id":353,"url":"http:\/\/www.grieta.org.mx\/index.php\/2016\/02\/26\/promueven-frente-ambientalista-contra-megaproyecto-en-mexicali\/","url_meta":{"origin":6559,"position":3},"title":"Promueven frente ambientalista contra megaproyecto en Mexicali","author":"grieta","date":"26 febrero, 2016","format":false,"excerpt":"Febrero 26, 2016 Antonio Heras, Mexicali \u201cNo queremos un Tajamar en Baja California\u201d, advirtieron senderistas y monta\u00f1istas de Mexicali al considerar que un proyecto industrial en la Sierra Cucap\u00e1 destruir\u00e1 la fauna y la flora end\u00e9micas, pero sobre todo el h\u00e1bitat del borrego cimarr\u00f3n. Acusaron que \u201cde manera subrepticia\u201d la\u2026","rel":"","context":"En &quot;CINTILLO&quot;","block_context":{"text":"CINTILLO","link":"http:\/\/www.grieta.org.mx\/index.php\/category\/cintillo\/"},"img":{"alt_text":"","src":"https:\/\/i0.wp.com\/www.grieta.org.mx\/wp-content\/uploads\/2018\/03\/14524434_1106112876131411_958039263622046936_o.jpg?resize=350%2C200","width":350,"height":200,"srcset":"https:\/\/i0.wp.com\/www.grieta.org.mx\/wp-content\/uploads\/2018\/03\/14524434_1106112876131411_958039263622046936_o.jpg?resize=350%2C200 1x, https:\/\/i0.wp.com\/www.grieta.org.mx\/wp-content\/uploads\/2018\/03\/14524434_1106112876131411_958039263622046936_o.jpg?resize=525%2C300 1.5x, https:\/\/i0.wp.com\/www.grieta.org.mx\/wp-content\/uploads\/2018\/03\/14524434_1106112876131411_958039263622046936_o.jpg?resize=700%2C400 2x"},"classes":[]},{"id":319,"url":"http:\/\/www.grieta.org.mx\/index.php\/2016\/02\/08\/megaproyecto-amenaza-habitat-en-sierra-cucapa\/","url_meta":{"origin":6559,"position":4},"title":"Megaproyecto amenaza h\u00e1bitat en Sierra Cucap\u00e1","author":"grieta","date":"8 febrero, 2016","format":false,"excerpt":"Febrero 8, 2016 Gabriela Mart\u00ednez y Jorge Heras, Tijuana, B.C. La empresa Viz Resource Management SA de CV pretende construir una de las m\u00e1s grandes plantas de energ\u00eda solar (fotovoltaica) de Am\u00e9rica Latina en 14 mil hect\u00e1reas en la Sierra Cucap\u00e1 del municipio de Mexicali. El proyecto tambi\u00e9n incluye la\u2026","rel":"","context":"En &quot;CINTILLO&quot;","block_context":{"text":"CINTILLO","link":"http:\/\/www.grieta.org.mx\/index.php\/category\/cintillo\/"},"img":{"alt_text":"","src":"https:\/\/i0.wp.com\/www.grieta.org.mx\/wp-content\/uploads\/2018\/03\/14524434_1106112876131411_958039263622046936_o.jpg?resize=350%2C200","width":350,"height":200,"srcset":"https:\/\/i0.wp.com\/www.grieta.org.mx\/wp-content\/uploads\/2018\/03\/14524434_1106112876131411_958039263622046936_o.jpg?resize=350%2C200 1x, https:\/\/i0.wp.com\/www.grieta.org.mx\/wp-content\/uploads\/2018\/03\/14524434_1106112876131411_958039263622046936_o.jpg?resize=525%2C300 1.5x, https:\/\/i0.wp.com\/www.grieta.org.mx\/wp-content\/uploads\/2018\/03\/14524434_1106112876131411_958039263622046936_o.jpg?resize=700%2C400 2x"},"classes":[]},{"id":20557,"url":"http:\/\/www.grieta.org.mx\/index.php\/2016\/08\/24\/asesinan-a-ocho-activistas-que-luchaban-contra-la-reactivacion-del-proyecto-minero-caballo-blanco\/","url_meta":{"origin":6559,"position":5},"title":"Asesinan a ocho activistas que luchaban contra la reactivaci\u00f3n del proyecto minero \u201cCaballo Blanco&#8221;","author":"grieta","date":"24 agosto, 2016","format":false,"excerpt":"24\/08\/15.","rel":"","context":"En &quot;NOTICIAS NACIONALES&quot;","block_context":{"text":"NOTICIAS NACIONALES","link":"http:\/\/www.grieta.org.mx\/index.php\/category\/noticias-nacionales\/"},"img":{"alt_text":"","src":"https:\/\/i0.wp.com\/www.grieta.org.mx\/wp-content\/uploads\/2018\/03\/14524434_1106112876131411_958039263622046936_o.jpg?resize=350%2C200","width":350,"height":200,"srcset":"https:\/\/i0.wp.com\/www.grieta.org.mx\/wp-content\/uploads\/2018\/03\/14524434_1106112876131411_958039263622046936_o.jpg?resize=350%2C200 1x, https:\/\/i0.wp.com\/www.grieta.org.mx\/wp-content\/uploads\/2018\/03\/14524434_1106112876131411_958039263622046936_o.jpg?resize=525%2C300 1.5x, https:\/\/i0.wp.com\/www.grieta.org.mx\/wp-content\/uploads\/2018\/03\/14524434_1106112876131411_958039263622046936_o.jpg?resize=700%2C400 2x"},"classes":[]}],"_links":{"self":[{"href":"http:\/\/www.grieta.org.mx\/index.php\/wp-json\/wp\/v2\/posts\/6559","targetHints":{"allow":["GET"]}}],"collection":[{"href":"http:\/\/www.grieta.org.mx\/index.php\/wp-json\/wp\/v2\/posts"}],"about":[{"href":"http:\/\/www.grieta.org.mx\/index.php\/wp-json\/wp\/v2\/types\/post"}],"author":[{"embeddable":true,"href":"http:\/\/www.grieta.org.mx\/index.php\/wp-json\/wp\/v2\/users\/2"}],"replies":[{"embeddable":true,"href":"http:\/\/www.grieta.org.mx\/index.php\/wp-json\/wp\/v2\/comments?post=6559"}],"version-history":[{"count":1,"href":"http:\/\/www.grieta.org.mx\/index.php\/wp-json\/wp\/v2\/posts\/6559\/revisions"}],"predecessor-version":[{"id":6566,"href":"http:\/\/www.grieta.org.mx\/index.php\/wp-json\/wp\/v2\/posts\/6559\/revisions\/6566"}],"wp:featuredmedia":[{"embeddable":true,"href":"http:\/\/www.grieta.org.mx\/index.php\/wp-json\/wp\/v2\/media\/21928"}],"wp:attachment":[{"href":"http:\/\/www.grieta.org.mx\/index.php\/wp-json\/wp\/v2\/media?parent=6559"}],"wp:term":[{"taxonomy":"category","embeddable":true,"href":"http:\/\/www.grieta.org.mx\/index.php\/wp-json\/wp\/v2\/categories?post=6559"},{"taxonomy":"post_tag","embeddable":true,"href":"http:\/\/www.grieta.org.mx\/index.php\/wp-json\/wp\/v2\/tags?post=6559"}],"curies":[{"name":"wp","href":"https:\/\/api.w.org\/{rel}","templated":true}]}}