{"id":6552,"date":"2016-03-09T00:26:02","date_gmt":"2016-03-09T00:26:02","guid":{"rendered":"http:\/\/50.22.11.12\/~grietaor\/?p=6552"},"modified":"2016-03-29T00:28:40","modified_gmt":"2016-03-29T00:28:40","slug":"cucapas-insisten-en-danos-que-causaria-ecozonemx","status":"publish","type":"post","link":"http:\/\/www.grieta.org.mx\/index.php\/2016\/03\/09\/cucapas-insisten-en-danos-que-causaria-ecozonemx\/","title":{"rendered":"Cucap\u00e1s insisten en da\u00f1os que causar\u00eda EcozoneMX"},"content":{"rendered":"<p>Jorge Heras, Mexicali, B.C.<\/p>\n<p>El megaproyecto industrial, habitacional y comercial que tiene contemplado construir la compa\u00f1\u00eda sinaloense Viz Resource Management en la zona agreste al sur de Mexicali causar\u00e1 contaminaci\u00f3n y afectar\u00e1 a la flora y fauna que habita o transita en el lugar, advirti\u00f3 Juana Aguilar Gonz\u00e1lez, presidenta del Comisariado de Bienes Comunales de la comunidad ind\u00edgena El Mayor Cucap\u00e1.<\/p>\n<p>La representante de uno de los tres grupos de la etnia m\u00e1s representativa de Mexicali asever\u00f3 que nunca han estado de acuerdo con la edificaci\u00f3n del megaproyecto, aunque reconoci\u00f3 que las 14 mil hect\u00e1reas de construcci\u00f3n est\u00e1n fuera de territorio cucap\u00e1, ya que pertenecen al ejido Heriberto Jara.<\/p>\n<p>\u201cEn ning\u00fan momento estuvimos de acuerdo con que hagan algo en esa zona, pero no podemos impedir nada porque no son nuestros terrenos, pero a\u00fan as\u00ed le manifestamos a Semarnat nuestra oposici\u00f3n al proyecto\u201d, expres\u00f3.<\/p>\n<p>El 16 de febrero pasado, la comunidad ind\u00edgena El Mayor Cucap\u00e1 entreg\u00f3 un documento a la delegaci\u00f3n de la Secretar\u00eda de Medio Ambiente y Recursos Naturales (Semarnat) para dar su posicionamiento sobre la construcci\u00f3n del EcozoneMX y solicitar que se les notifique de manera directa los avances del procedimiento de validaci\u00f3n.<\/p>\n<p>\u201cLa comunidad manifiesta su m\u00e1s en\u00e9rgica inconformidad en contra del Proyecto Integral Ecozonemx en virtud de que con dicho proyecto se afectar\u00edan la flora y fauna de las tierras de los ind\u00edgenas cucap\u00e1, deterior\u00e1ndose por consecuencia las tradiciones y modo de vida de los cucap\u00e1\u201d, se\u00f1ala el documento.<\/p>\n<p>Juana Aguilar asever\u00f3 que una de las especies que resultar\u00edan m\u00e1s afectadas es el borrego cimarr\u00f3n, pues consider\u00f3 que el proyecto impactar\u00eda negativamente en un \u00e1rea de reproducci\u00f3n y tr\u00e1nsito de estos animales.<\/p>\n<p>Tambi\u00e9n mencion\u00f3 que especies como lobos, gato mont\u00e9s y cuevas de murci\u00e9lagos presentar\u00edan da\u00f1os.<\/p>\n<p>Sobre la flora, indic\u00f3 que es una zona de plantas como palo fierro y gobernadora.<\/p>\n<p>Una de las preocupaciones de la comunidad ind\u00edgena, resalt\u00f3, es la construcci\u00f3n de un complejo industrial, especialmente la operaci\u00f3n de una estaci\u00f3n de manejo de recursos peligrosos.<\/p>\n<p>Por \u00faltimo, una de las l\u00edderes de la etnia cucap\u00e1 solicit\u00f3 a la empresa, autoridades ambientales y a medios de comunicaci\u00f3n que dejen de hacer alusi\u00f3n a la sierra Cucap\u00e1 como parte de su proyecto, porque la construcci\u00f3n de lo que se pretende hacer solo se ubica en una parte de las faldas de la sierra.<\/p>\n<p><a href=\"http:\/\/jornadabc.mx\/tijuana\/09-03-2016\/cucapas-insisten-en-danos-que-causaria-ecozonemx\" target=\"_blank\">http:\/\/jornadabc.mx\/tijuana\/09-03-2016\/cucapas-insisten-en-danos-que-causaria-ecozonemx<\/a><\/p>\n","protected":false},"excerpt":{"rendered":"<p>Jorge Heras, Mexicali, B.C. El megaproyecto industrial, habitacional y comercial que tiene contemplado construir la compa\u00f1\u00eda sinaloense Viz Resource Management en la zona agreste al sur de Mexicali causar\u00e1 contaminaci\u00f3n &hellip; <a href=\"http:\/\/www.grieta.org.mx\/index.php\/2016\/03\/09\/cucapas-insisten-en-danos-que-causaria-ecozonemx\/\" class=\"more-link\">Leer m\u00e1s<\/a><\/p>\n","protected":false},"author":2,"featured_media":21928,"comment_status":"closed","ping_status":"open","sticky":false,"template":"","format":"standard","meta":{"ngg_post_thumbnail":0,"_jetpack_newsletter_access":"","_jetpack_dont_email_post_to_subs":false,"_jetpack_newsletter_tier_id":0,"_jetpack_memberships_contains_paywalled_content":false,"_jetpack_memberships_contains_paid_content":false,"footnotes":""},"categories":[80],"tags":[117,96],"class_list":["post-6552","post","type-post","status-publish","format-standard","has-post-thumbnail","hentry","category-cintillo","tag-cucapas","tag-megaproyectos","entry"],"jetpack_featured_media_url":"http:\/\/www.grieta.org.mx\/wp-content\/uploads\/2018\/03\/14524434_1106112876131411_958039263622046936_o.jpg","jetpack_sharing_enabled":true,"jetpack_shortlink":"https:\/\/wp.me\/p7ZJR4-1HG","jetpack_likes_enabled":false,"jetpack-related-posts":[{"id":346,"url":"http:\/\/www.grieta.org.mx\/index.php\/2016\/08\/04\/megaproyecto-de-energia-fotovoltaica-en-sierra-cucapa\/","url_meta":{"origin":6552,"position":0},"title":"Megaproyecto en Sierra Cucap\u00e1","author":"grieta","date":"4 agosto, 2016","format":false,"excerpt":"04\/08\/16. Protestan en Semarnat en contra de EcozoneMx La Jornada Baja California 04\/07\/16. Ecozone requiere de acompa\u00f1amiento ciudadano Unimexicali 26\/03\/16. Activistas se manifiestan en contra del proyecto Ecozone La Jornada Baja California 09\/03\/16. Cucap\u00e1s insisten en da\u00f1os que causar\u00eda EcozoneMX La Jornada Baja California 26\/02\/16. Promueven frente ambientalista contra megaproyecto\u2026","rel":"","context":"En &quot;Baja California&quot;","block_context":{"text":"Baja California","link":"http:\/\/www.grieta.org.mx\/index.php\/category\/noticias-nacionales\/baja-california\/"},"img":{"alt_text":"","src":"https:\/\/i0.wp.com\/www.grieta.org.mx\/wp-content\/uploads\/2018\/03\/14524434_1106112876131411_958039263622046936_o.jpg?resize=350%2C200","width":350,"height":200,"srcset":"https:\/\/i0.wp.com\/www.grieta.org.mx\/wp-content\/uploads\/2018\/03\/14524434_1106112876131411_958039263622046936_o.jpg?resize=350%2C200 1x, https:\/\/i0.wp.com\/www.grieta.org.mx\/wp-content\/uploads\/2018\/03\/14524434_1106112876131411_958039263622046936_o.jpg?resize=525%2C300 1.5x, https:\/\/i0.wp.com\/www.grieta.org.mx\/wp-content\/uploads\/2018\/03\/14524434_1106112876131411_958039263622046936_o.jpg?resize=700%2C400 2x"},"classes":[]},{"id":341,"url":"http:\/\/www.grieta.org.mx\/index.php\/2016\/02\/19\/aprueba-gobierno-municipal-megaproyecto-en-sierra-cucapa\/","url_meta":{"origin":6552,"position":1},"title":"Aprueba gobierno municipal megaproyecto en Sierra Cucap\u00e1","author":"grieta","date":"19 febrero, 2016","format":false,"excerpt":"Febrero 19, 2016 Jorge Heras, Mexicali Autoridades de primer nivel del gobierno municipal avalaron el proyecto EconoZoneMx que se pretende construir en las faldas de la Sierra Cucap\u00e1 al considerar que de acuerdo a los planos publicados la empresa no contaminar\u00eda el medio ambiente. El alcalde Jaime D\u00edaz Ochoa manifest\u00f3\u2026","rel":"","context":"En &quot;CINTILLO&quot;","block_context":{"text":"CINTILLO","link":"http:\/\/www.grieta.org.mx\/index.php\/category\/cintillo\/"},"img":{"alt_text":"","src":"https:\/\/i0.wp.com\/www.grieta.org.mx\/wp-content\/uploads\/2018\/03\/14524434_1106112876131411_958039263622046936_o.jpg?resize=350%2C200","width":350,"height":200,"srcset":"https:\/\/i0.wp.com\/www.grieta.org.mx\/wp-content\/uploads\/2018\/03\/14524434_1106112876131411_958039263622046936_o.jpg?resize=350%2C200 1x, https:\/\/i0.wp.com\/www.grieta.org.mx\/wp-content\/uploads\/2018\/03\/14524434_1106112876131411_958039263622046936_o.jpg?resize=525%2C300 1.5x, https:\/\/i0.wp.com\/www.grieta.org.mx\/wp-content\/uploads\/2018\/03\/14524434_1106112876131411_958039263622046936_o.jpg?resize=700%2C400 2x"},"classes":[]},{"id":8774,"url":"http:\/\/www.grieta.org.mx\/index.php\/2015\/02\/27\/preocupa-a-cucapas-falta-de-acuerdo-escrito-sobre-libertad-de-pesca-sin-cuotas\/","url_meta":{"origin":6552,"position":2},"title":"Preocupa a cucap\u00e1s falta de acuerdo escrito sobre libertad de pesca sin cuotas","author":"grieta","date":"27 febrero, 2015","format":false,"excerpt":"Eneida S\u00e1nchez Zambrano, Mexicali, BC Con la promesa de las autoridades federales de que por primera vez en cinco a\u00f1os no habr\u00e1 cuota de captura, la comunidad ind\u00edgena cucap\u00e1 alista sus pangas, redes, familias y equipo para salir temprano a la mar e interceptar la primera marea de la temporada\u2026","rel":"","context":"En &quot;CINTILLO&quot;","block_context":{"text":"CINTILLO","link":"http:\/\/www.grieta.org.mx\/index.php\/category\/cintillo\/"},"img":{"alt_text":"","src":"https:\/\/i0.wp.com\/www.grieta.org.mx\/wp-content\/uploads\/2018\/03\/14524434_1106112876131411_958039263622046936_o.jpg?resize=350%2C200","width":350,"height":200,"srcset":"https:\/\/i0.wp.com\/www.grieta.org.mx\/wp-content\/uploads\/2018\/03\/14524434_1106112876131411_958039263622046936_o.jpg?resize=350%2C200 1x, https:\/\/i0.wp.com\/www.grieta.org.mx\/wp-content\/uploads\/2018\/03\/14524434_1106112876131411_958039263622046936_o.jpg?resize=525%2C300 1.5x, https:\/\/i0.wp.com\/www.grieta.org.mx\/wp-content\/uploads\/2018\/03\/14524434_1106112876131411_958039263622046936_o.jpg?resize=700%2C400 2x"},"classes":[]},{"id":319,"url":"http:\/\/www.grieta.org.mx\/index.php\/2016\/02\/08\/megaproyecto-amenaza-habitat-en-sierra-cucapa\/","url_meta":{"origin":6552,"position":3},"title":"Megaproyecto amenaza h\u00e1bitat en Sierra Cucap\u00e1","author":"grieta","date":"8 febrero, 2016","format":false,"excerpt":"Febrero 8, 2016 Gabriela Mart\u00ednez y Jorge Heras, Tijuana, B.C. La empresa Viz Resource Management SA de CV pretende construir una de las m\u00e1s grandes plantas de energ\u00eda solar (fotovoltaica) de Am\u00e9rica Latina en 14 mil hect\u00e1reas en la Sierra Cucap\u00e1 del municipio de Mexicali. El proyecto tambi\u00e9n incluye la\u2026","rel":"","context":"En &quot;CINTILLO&quot;","block_context":{"text":"CINTILLO","link":"http:\/\/www.grieta.org.mx\/index.php\/category\/cintillo\/"},"img":{"alt_text":"","src":"https:\/\/i0.wp.com\/www.grieta.org.mx\/wp-content\/uploads\/2018\/03\/14524434_1106112876131411_958039263622046936_o.jpg?resize=350%2C200","width":350,"height":200,"srcset":"https:\/\/i0.wp.com\/www.grieta.org.mx\/wp-content\/uploads\/2018\/03\/14524434_1106112876131411_958039263622046936_o.jpg?resize=350%2C200 1x, https:\/\/i0.wp.com\/www.grieta.org.mx\/wp-content\/uploads\/2018\/03\/14524434_1106112876131411_958039263622046936_o.jpg?resize=525%2C300 1.5x, https:\/\/i0.wp.com\/www.grieta.org.mx\/wp-content\/uploads\/2018\/03\/14524434_1106112876131411_958039263622046936_o.jpg?resize=700%2C400 2x"},"classes":[]},{"id":8757,"url":"http:\/\/www.grieta.org.mx\/index.php\/2015\/04\/01\/temporada-de-pesca-de-la-tribu-cucapa\/","url_meta":{"origin":6552,"position":4},"title":"Temporada de pesca de la Tribu Cucap\u00e1","author":"grieta","date":"1 abril, 2015","format":false,"excerpt":"01\/04\/15. Una milenaria tradici\u00f3n amenazada, la pesquer\u00eda de curvina de la tribu Cucap\u00e1 en M\u00e9xico Oximity 02\/03\/15. Mujeres, parte fundamental en la temporada de pesca Cucap\u00e1 Lindero Norte 27\/02\/15. Preocupa a cucap\u00e1s falta de acuerdo escrito sobre libertad de pesca sin cuotas La Jornada BC","rel":"","context":"En &quot;Baja California&quot;","block_context":{"text":"Baja California","link":"http:\/\/www.grieta.org.mx\/index.php\/category\/noticias-nacionales\/baja-california\/"},"img":{"alt_text":"","src":"https:\/\/i0.wp.com\/www.grieta.org.mx\/wp-content\/uploads\/2018\/03\/14524434_1106112876131411_958039263622046936_o.jpg?resize=350%2C200","width":350,"height":200,"srcset":"https:\/\/i0.wp.com\/www.grieta.org.mx\/wp-content\/uploads\/2018\/03\/14524434_1106112876131411_958039263622046936_o.jpg?resize=350%2C200 1x, https:\/\/i0.wp.com\/www.grieta.org.mx\/wp-content\/uploads\/2018\/03\/14524434_1106112876131411_958039263622046936_o.jpg?resize=525%2C300 1.5x, https:\/\/i0.wp.com\/www.grieta.org.mx\/wp-content\/uploads\/2018\/03\/14524434_1106112876131411_958039263622046936_o.jpg?resize=700%2C400 2x"},"classes":[]},{"id":8760,"url":"http:\/\/www.grieta.org.mx\/index.php\/2015\/04\/01\/una-milenaria-tradicion-amenazada-la-pesqueria-de-curvina-de-la-tribu-cucapa-en-mexico\/","url_meta":{"origin":6552,"position":5},"title":"Una milenaria tradici\u00f3n amenazada, la pesquer\u00eda de curvina de la tribu Cucap\u00e1 en M\u00e9xico","author":"grieta","date":"1 abril, 2015","format":false,"excerpt":"C\u00e9sar Angulo, El Zaj\u00f3n, BC El pueblo ind\u00edgena cucap\u00e1 sobrevive y lucha para seguir con su milenaria pesca rivere\u00f1a en una de las regiones naturales que ha sido radicalmente modificada debido a la acci\u00f3n del hombre y a fen\u00f3menos naturales: el delta del R\u00edo Colorado, entre los estados de Baja\u2026","rel":"","context":"En &quot;CINTILLO&quot;","block_context":{"text":"CINTILLO","link":"http:\/\/www.grieta.org.mx\/index.php\/category\/cintillo\/"},"img":{"alt_text":"","src":"https:\/\/i0.wp.com\/www.grieta.org.mx\/wp-content\/uploads\/2018\/03\/14524434_1106112876131411_958039263622046936_o.jpg?resize=350%2C200","width":350,"height":200,"srcset":"https:\/\/i0.wp.com\/www.grieta.org.mx\/wp-content\/uploads\/2018\/03\/14524434_1106112876131411_958039263622046936_o.jpg?resize=350%2C200 1x, https:\/\/i0.wp.com\/www.grieta.org.mx\/wp-content\/uploads\/2018\/03\/14524434_1106112876131411_958039263622046936_o.jpg?resize=525%2C300 1.5x, https:\/\/i0.wp.com\/www.grieta.org.mx\/wp-content\/uploads\/2018\/03\/14524434_1106112876131411_958039263622046936_o.jpg?resize=700%2C400 2x"},"classes":[]}],"_links":{"self":[{"href":"http:\/\/www.grieta.org.mx\/index.php\/wp-json\/wp\/v2\/posts\/6552","targetHints":{"allow":["GET"]}}],"collection":[{"href":"http:\/\/www.grieta.org.mx\/index.php\/wp-json\/wp\/v2\/posts"}],"about":[{"href":"http:\/\/www.grieta.org.mx\/index.php\/wp-json\/wp\/v2\/types\/post"}],"author":[{"embeddable":true,"href":"http:\/\/www.grieta.org.mx\/index.php\/wp-json\/wp\/v2\/users\/2"}],"replies":[{"embeddable":true,"href":"http:\/\/www.grieta.org.mx\/index.php\/wp-json\/wp\/v2\/comments?post=6552"}],"version-history":[{"count":1,"href":"http:\/\/www.grieta.org.mx\/index.php\/wp-json\/wp\/v2\/posts\/6552\/revisions"}],"predecessor-version":[{"id":6556,"href":"http:\/\/www.grieta.org.mx\/index.php\/wp-json\/wp\/v2\/posts\/6552\/revisions\/6556"}],"wp:featuredmedia":[{"embeddable":true,"href":"http:\/\/www.grieta.org.mx\/index.php\/wp-json\/wp\/v2\/media\/21928"}],"wp:attachment":[{"href":"http:\/\/www.grieta.org.mx\/index.php\/wp-json\/wp\/v2\/media?parent=6552"}],"wp:term":[{"taxonomy":"category","embeddable":true,"href":"http:\/\/www.grieta.org.mx\/index.php\/wp-json\/wp\/v2\/categories?post=6552"},{"taxonomy":"post_tag","embeddable":true,"href":"http:\/\/www.grieta.org.mx\/index.php\/wp-json\/wp\/v2\/tags?post=6552"}],"curies":[{"name":"wp","href":"https:\/\/api.w.org\/{rel}","templated":true}]}}