{"id":655,"date":"2015-03-10T20:15:14","date_gmt":"2015-03-10T20:15:14","guid":{"rendered":"http:\/\/50.22.11.12\/~grietaor\/?p=655"},"modified":"2016-03-01T20:16:15","modified_gmt":"2016-03-01T20:16:15","slug":"debe-morales-vera-irse-de-la-uaz","status":"publish","type":"post","link":"http:\/\/www.grieta.org.mx\/index.php\/2015\/03\/10\/debe-morales-vera-irse-de-la-uaz\/","title":{"rendered":"Debe Morales Vera irse de la UAZ"},"content":{"rendered":"<p>Martes, 10 de marzo de 2015 a las 10:55pm<br \/>\nABIGAIL SALINAS \/ NTRZACATECAS.COM<\/p>\n<p>Zacatecas.- Emilio Morales Vera, secretario Administrativo de la Universidad Aut\u00f3noma de Zacatecas (UAZ), tiene mucho que explicar, ya que ocupa su cargo desde hace cuatro administraciones y juega un papel importante en la casa de estudios, declar\u00f3 Rafael Rodr\u00edguez Espino, secretario general del Sindicato de Trabajadores (STUAZ).<\/p>\n<p>Luego de rendir cuentas y de ser auditado por la Federaci\u00f3n, Morales Vera debe salir de la Universidad, declar\u00f3, y adem\u00e1s ha equivocado su funci\u00f3n, \u201cpues ha sido administrador de recursos m\u00e1s que secretario administrativo\u201d.<\/p>\n<p>En entrevista con NTR Medios de Comunicaci\u00f3n, el l\u00edder gremial se\u00f1al\u00f3 que Emilio Morales ha faltado a la responsabilidad que tiene y ha actuado de manera discrecional en cuanto al manejo del dinero universitario.<\/p>\n<p>Adem\u00e1s, el secretario se cuida a \u00e9l mismo porque tiene m\u00e1s responsabilidad que todos los rectores, sea el de turno o los que ya fueron, abund\u00f3.<\/p>\n<p>Rodr\u00edguez Espino mencion\u00f3 que el problema es que el funcionario s\u00f3lo se dedica a firmar cheques y no a administrar.<\/p>\n<p>En cuanto a la auditor\u00eda a la Universidad, se\u00f1al\u00f3 que el sindicato que encabeza est\u00e1 a la espera de una respuesta de los diputados, quienes se comprometieron a entregarles los resultados de la revisi\u00f3n hecha por el gobierno estatal a la m\u00e1xima casa de estudios de la entidad.<\/p>\n<p>Asever\u00f3 que decir que se quiere acabar con la universidad p\u00fablica es una falacia; \u201cestoy en la postura de acabar con las prebendas, con el enga\u00f1o y con el mal manejo de los recursos de la Universidad\u201d.<\/p>\n<p>El l\u00edder sindical subray\u00f3 que para que mejoren las condiciones es necesario que haya transparencia, pues hay docentes que reciben cuatro tipos distintos de salario y realizan el mismo trabajo.<\/p>\n<p>Asimismo, que hay personas que ya se jubilaron y est\u00e1n contratadas como funcionarios; \u201cse ha privilegiado a unos cuantos, funcionarios del Club de Toby, cuates de la Rector\u00eda, de Rogelio C\u00e1rdenas Hern\u00e1ndez, que despu\u00e9s fueron de Alfredo Femat Ba\u00f1uelos, despu\u00e9s de Francisco Dom\u00ednguez Garay y, actualmente, de Armando Silva Ch\u00e1irez\u201d.<\/p>\n<p>Es una aberraci\u00f3n, recalc\u00f3, que suplentes y personas con tiempos determinados reciban salario como trabajadores de confianza, por lo que cuestion\u00f3 si el Sindicato de Personal Acad\u00e9mico (SPAUAZ) debe pelear por ellos; \u201ccomo sindicato, lo que menos debo pelear es qu\u00edteme a todos los que son tiempos determinados de confianza, que se supone que son confianza del patr\u00f3n\u201d.<\/p>\n<p><a href=\"http:\/\/ntrzacatecas.com\/2015\/03\/10\/debe-morales-vera-irse-de-la-uaz\/\" target=\"_blank\">ntrzacatecas.com\/2015\/03\/10\/debe-morales-vera-irse-de-la-uaz\/<\/a><\/p>\n","protected":false},"excerpt":{"rendered":"<p>Martes, 10 de marzo de 2015 a las 10:55pm ABIGAIL SALINAS \/ NTRZACATECAS.COM Zacatecas.- Emilio Morales Vera, secretario Administrativo de la Universidad Aut\u00f3noma de Zacatecas (UAZ), tiene mucho que explicar, &hellip; <a href=\"http:\/\/www.grieta.org.mx\/index.php\/2015\/03\/10\/debe-morales-vera-irse-de-la-uaz\/\" class=\"more-link\">Leer m\u00e1s<\/a><\/p>\n","protected":false},"author":2,"featured_media":21928,"comment_status":"closed","ping_status":"open","sticky":false,"template":"","format":"standard","meta":{"ngg_post_thumbnail":0,"_jetpack_newsletter_access":"","_jetpack_dont_email_post_to_subs":false,"_jetpack_newsletter_tier_id":0,"_jetpack_memberships_contains_paywalled_content":false,"_jetpack_memberships_contains_paid_content":false,"footnotes":""},"categories":[80,139],"tags":[105,107],"class_list":["post-655","post","type-post","status-publish","format-standard","has-post-thumbnail","hentry","category-cintillo","category-zacatecas","tag-derechos-laborales","tag-educacion","entry"],"jetpack_featured_media_url":"http:\/\/www.grieta.org.mx\/wp-content\/uploads\/2018\/03\/14524434_1106112876131411_958039263622046936_o.jpg","jetpack_sharing_enabled":true,"jetpack_shortlink":"https:\/\/wp.me\/p7ZJR4-az","jetpack_likes_enabled":false,"jetpack-related-posts":[{"id":678,"url":"http:\/\/www.grieta.org.mx\/index.php\/2016\/02\/15\/conflictos-en-la-universidad-autonoma-de-zacatecas\/","url_meta":{"origin":655,"position":0},"title":"Conflictos en la Universidad Aut\u00f3noma de Zacatecas","author":"grieta","date":"15 febrero, 2016","format":false,"excerpt":"15\/02\/16. Otro Paro en la UAZ NTR Zacatecas 12\/02\/16. Planta rector a SPAUAZ; STUAZ rechaza huelga NTR Zacatecas 27\/01\/16. Paro general en la UAZ NTR Zacatecas 26\/01\/16. Condicionan a alumnos de medicina de la UAZ NTR Zacatecas 18\/01\/16. Denuncia SPAUAZ a rector por peculado NTR Zacatecas 17\/12\/15. Prestar\u00e1 SPAUAZ dinero\u2026","rel":"","context":"En &quot;Zacatecas&quot;","block_context":{"text":"Zacatecas","link":"http:\/\/www.grieta.org.mx\/index.php\/category\/noticias-nacionales\/zacatecas\/"},"img":{"alt_text":"","src":"https:\/\/i0.wp.com\/www.grieta.org.mx\/wp-content\/uploads\/2018\/03\/14524434_1106112876131411_958039263622046936_o.jpg?resize=350%2C200","width":350,"height":200,"srcset":"https:\/\/i0.wp.com\/www.grieta.org.mx\/wp-content\/uploads\/2018\/03\/14524434_1106112876131411_958039263622046936_o.jpg?resize=350%2C200 1x, https:\/\/i0.wp.com\/www.grieta.org.mx\/wp-content\/uploads\/2018\/03\/14524434_1106112876131411_958039263622046936_o.jpg?resize=525%2C300 1.5x, https:\/\/i0.wp.com\/www.grieta.org.mx\/wp-content\/uploads\/2018\/03\/14524434_1106112876131411_958039263622046936_o.jpg?resize=700%2C400 2x"},"classes":[]},{"id":633,"url":"http:\/\/www.grieta.org.mx\/index.php\/2015\/03\/12\/secretario-general-de-gobierno-de-zacatecas-defiende-actuar-ante-problematica-de-la-uaz\/","url_meta":{"origin":655,"position":1},"title":"Secretario General de Gobierno de Zacatecas defiende actuar ante problem\u00e1tica de la UAZ","author":"grieta","date":"12 marzo, 2015","format":false,"excerpt":"El Sol de Zacatecas 12 de marzo de 2015 Rub\u00e9n Valdez Zacatecas, Zacatecas.- El Secretario General de Gobierno, Jaime Santoyo Castro, dijo que el Gobierno de Miguel Alonso Reyes ha cumplido con su responsabilidad en el caso de la Universidad Aut\u00f3noma de Zacatecas (UAZ), con la finalidad, primero, de que\u2026","rel":"","context":"En &quot;CINTILLO&quot;","block_context":{"text":"CINTILLO","link":"http:\/\/www.grieta.org.mx\/index.php\/category\/cintillo\/"},"img":{"alt_text":"","src":"https:\/\/i0.wp.com\/www.grieta.org.mx\/wp-content\/uploads\/2018\/03\/14524434_1106112876131411_958039263622046936_o.jpg?resize=350%2C200","width":350,"height":200,"srcset":"https:\/\/i0.wp.com\/www.grieta.org.mx\/wp-content\/uploads\/2018\/03\/14524434_1106112876131411_958039263622046936_o.jpg?resize=350%2C200 1x, https:\/\/i0.wp.com\/www.grieta.org.mx\/wp-content\/uploads\/2018\/03\/14524434_1106112876131411_958039263622046936_o.jpg?resize=525%2C300 1.5x, https:\/\/i0.wp.com\/www.grieta.org.mx\/wp-content\/uploads\/2018\/03\/14524434_1106112876131411_958039263622046936_o.jpg?resize=700%2C400 2x"},"classes":[]},{"id":648,"url":"http:\/\/www.grieta.org.mx\/index.php\/2015\/03\/11\/afirma-gobernador-de-zacatecas-que-se-buscan-alternativas-para-solucionar-huelga-en-la-uaz\/","url_meta":{"origin":655,"position":2},"title":"Afirma Gobernador de Zacatecas que se buscan alternativas para solucionar huelga en la UAZ","author":"grieta","date":"11 marzo, 2015","format":false,"excerpt":"El Sol de Zacatecas 11 de marzo de 2015 Juan Castro Ojocaliente, Zacatecas.- El Gobernador del Estado, Miguel Alonso Reyes, estableci\u00f3 que se est\u00e1n buscando alternativas para que pueda levantarse la huelga en la Universidad Aut\u00f3noma de Zacatecas, que es la aspiraci\u00f3n de todos. El Gobierno del Estado ha estado\u2026","rel":"","context":"En &quot;CINTILLO&quot;","block_context":{"text":"CINTILLO","link":"http:\/\/www.grieta.org.mx\/index.php\/category\/cintillo\/"},"img":{"alt_text":"","src":"https:\/\/i0.wp.com\/www.grieta.org.mx\/wp-content\/uploads\/2018\/03\/14524434_1106112876131411_958039263622046936_o.jpg?resize=350%2C200","width":350,"height":200,"srcset":"https:\/\/i0.wp.com\/www.grieta.org.mx\/wp-content\/uploads\/2018\/03\/14524434_1106112876131411_958039263622046936_o.jpg?resize=350%2C200 1x, https:\/\/i0.wp.com\/www.grieta.org.mx\/wp-content\/uploads\/2018\/03\/14524434_1106112876131411_958039263622046936_o.jpg?resize=525%2C300 1.5x, https:\/\/i0.wp.com\/www.grieta.org.mx\/wp-content\/uploads\/2018\/03\/14524434_1106112876131411_958039263622046936_o.jpg?resize=700%2C400 2x"},"classes":[]},{"id":627,"url":"http:\/\/www.grieta.org.mx\/index.php\/2015\/03\/18\/termina-la-huelga-en-la-uaz-votan-docentes-por-volver-a-sus-actividades\/","url_meta":{"origin":655,"position":3},"title":"Termina la huelga en la UAZ; votan docentes por volver a sus actividades","author":"grieta","date":"18 marzo, 2015","format":false,"excerpt":"Mirador 18\/03\/2015 Zacatecas, Zac.-Luego de una cerrada votaci\u00f3n, docentes pertenecientes al Sindicato de Personal Acad\u00e9mico de la Universidad Aut\u00f3noma de Zacatecas (Spauaz) decidieron levantar la huelga que desde hace 28 d\u00edas inici\u00f3 en la M\u00e1xima Casa de Estudios. La participaci\u00f3n de los agremiados fue de 67.87% en el plebiscito realizado\u2026","rel":"","context":"En &quot;CINTILLO&quot;","block_context":{"text":"CINTILLO","link":"http:\/\/www.grieta.org.mx\/index.php\/category\/cintillo\/"},"img":{"alt_text":"","src":"https:\/\/i0.wp.com\/www.grieta.org.mx\/wp-content\/uploads\/2018\/03\/14524434_1106112876131411_958039263622046936_o.jpg?resize=350%2C200","width":350,"height":200,"srcset":"https:\/\/i0.wp.com\/www.grieta.org.mx\/wp-content\/uploads\/2018\/03\/14524434_1106112876131411_958039263622046936_o.jpg?resize=350%2C200 1x, https:\/\/i0.wp.com\/www.grieta.org.mx\/wp-content\/uploads\/2018\/03\/14524434_1106112876131411_958039263622046936_o.jpg?resize=525%2C300 1.5x, https:\/\/i0.wp.com\/www.grieta.org.mx\/wp-content\/uploads\/2018\/03\/14524434_1106112876131411_958039263622046936_o.jpg?resize=700%2C400 2x"},"classes":[]},{"id":623,"url":"http:\/\/www.grieta.org.mx\/index.php\/2015\/04\/04\/estarian-en-riesgo-apoyos-extraordinarios-para-la-uaz-y-ayuntamientos-de-zacatecas\/","url_meta":{"origin":655,"position":4},"title":"Estar\u00edan en riesgo apoyos extraordinarios para la UAZ y Ayuntamientos de Zacatecas","author":"grieta","date":"4 abril, 2015","format":false,"excerpt":"El Sol de Zacatecas 4 de abril de 2015 Juan Castro Zacatecas, Zacatecas.- Hay un riesgo inminente con el recorte presupuestal de los apoyos que se pudieran tener al presupuesto para el fin de a\u00f1o, con lo que apoyos extraordinarios para la Universidad Aut\u00f3noma de Zacatecas (UAZ) y para los\u2026","rel":"","context":"En &quot;CINTILLO&quot;","block_context":{"text":"CINTILLO","link":"http:\/\/www.grieta.org.mx\/index.php\/category\/cintillo\/"},"img":{"alt_text":"","src":"https:\/\/i0.wp.com\/www.grieta.org.mx\/wp-content\/uploads\/2018\/03\/14524434_1106112876131411_958039263622046936_o.jpg?resize=350%2C200","width":350,"height":200,"srcset":"https:\/\/i0.wp.com\/www.grieta.org.mx\/wp-content\/uploads\/2018\/03\/14524434_1106112876131411_958039263622046936_o.jpg?resize=350%2C200 1x, https:\/\/i0.wp.com\/www.grieta.org.mx\/wp-content\/uploads\/2018\/03\/14524434_1106112876131411_958039263622046936_o.jpg?resize=525%2C300 1.5x, https:\/\/i0.wp.com\/www.grieta.org.mx\/wp-content\/uploads\/2018\/03\/14524434_1106112876131411_958039263622046936_o.jpg?resize=700%2C400 2x"},"classes":[]},{"id":671,"url":"http:\/\/www.grieta.org.mx\/index.php\/2015\/02\/23\/marchan-mil-200-sindicalizados\/","url_meta":{"origin":655,"position":5},"title":"Marchan mil 200 sindicalizados","author":"grieta","date":"23 febrero, 2015","format":false,"excerpt":"Lunes, 23 de febrero de 2015 a las 9:57pm Abigail Salinas \/ ntrzacatecas.com Aproximadamente mil 200 manifestantes marcharon por las principales calles del Centro Hist\u00f3rico de Zacatecas; docentes y alumnos de la Universidad Aut\u00f3noma de Zacatecas (UAZ) participaron en el movimiento convocado por el Sindicato de Personal Acad\u00e9mico (SPAUAZ). En\u2026","rel":"","context":"En &quot;CINTILLO&quot;","block_context":{"text":"CINTILLO","link":"http:\/\/www.grieta.org.mx\/index.php\/category\/cintillo\/"},"img":{"alt_text":"","src":"https:\/\/i0.wp.com\/www.grieta.org.mx\/wp-content\/uploads\/2018\/03\/14524434_1106112876131411_958039263622046936_o.jpg?resize=350%2C200","width":350,"height":200,"srcset":"https:\/\/i0.wp.com\/www.grieta.org.mx\/wp-content\/uploads\/2018\/03\/14524434_1106112876131411_958039263622046936_o.jpg?resize=350%2C200 1x, https:\/\/i0.wp.com\/www.grieta.org.mx\/wp-content\/uploads\/2018\/03\/14524434_1106112876131411_958039263622046936_o.jpg?resize=525%2C300 1.5x, https:\/\/i0.wp.com\/www.grieta.org.mx\/wp-content\/uploads\/2018\/03\/14524434_1106112876131411_958039263622046936_o.jpg?resize=700%2C400 2x"},"classes":[]}],"_links":{"self":[{"href":"http:\/\/www.grieta.org.mx\/index.php\/wp-json\/wp\/v2\/posts\/655","targetHints":{"allow":["GET"]}}],"collection":[{"href":"http:\/\/www.grieta.org.mx\/index.php\/wp-json\/wp\/v2\/posts"}],"about":[{"href":"http:\/\/www.grieta.org.mx\/index.php\/wp-json\/wp\/v2\/types\/post"}],"author":[{"embeddable":true,"href":"http:\/\/www.grieta.org.mx\/index.php\/wp-json\/wp\/v2\/users\/2"}],"replies":[{"embeddable":true,"href":"http:\/\/www.grieta.org.mx\/index.php\/wp-json\/wp\/v2\/comments?post=655"}],"version-history":[{"count":1,"href":"http:\/\/www.grieta.org.mx\/index.php\/wp-json\/wp\/v2\/posts\/655\/revisions"}],"predecessor-version":[{"id":656,"href":"http:\/\/www.grieta.org.mx\/index.php\/wp-json\/wp\/v2\/posts\/655\/revisions\/656"}],"wp:featuredmedia":[{"embeddable":true,"href":"http:\/\/www.grieta.org.mx\/index.php\/wp-json\/wp\/v2\/media\/21928"}],"wp:attachment":[{"href":"http:\/\/www.grieta.org.mx\/index.php\/wp-json\/wp\/v2\/media?parent=655"}],"wp:term":[{"taxonomy":"category","embeddable":true,"href":"http:\/\/www.grieta.org.mx\/index.php\/wp-json\/wp\/v2\/categories?post=655"},{"taxonomy":"post_tag","embeddable":true,"href":"http:\/\/www.grieta.org.mx\/index.php\/wp-json\/wp\/v2\/tags?post=655"}],"curies":[{"name":"wp","href":"https:\/\/api.w.org\/{rel}","templated":true}]}}