{"id":65431,"date":"2022-09-02T22:01:19","date_gmt":"2022-09-03T03:01:19","guid":{"rendered":"https:\/\/www.grieta.org.mx\/?p=65431"},"modified":"2022-10-07T22:09:49","modified_gmt":"2022-10-08T03:09:49","slug":"incumple-ayuntamiento-de-tlaltenango-cierre-de-relleno-sanitario-zacatecas","status":"publish","type":"post","link":"http:\/\/www.grieta.org.mx\/index.php\/2022\/09\/02\/incumple-ayuntamiento-de-tlaltenango-cierre-de-relleno-sanitario-zacatecas\/","title":{"rendered":"Incumple ayuntamiento de Tlaltenango cierre de relleno sanitario (Zacatecas)"},"content":{"rendered":"<p><strong>Pese a firmar un acuerdo con los pobladores de Tlaltenango, Zacatecas, para cerrar el relleno sanitario por incumplir las medidas ambientales, el cabildo municipal no se desisti\u00f3 de un amparo contra Profepa que impide terminar con el basurero<\/strong><\/p>\n<p>Texto: Kau Sirenio<\/p>\n<p>Fotos: Rema<\/p>\n<p>Pie de p\u00e1gina, 02 de septiembre de 2022<\/p>\n<p>CIUDAD DE M\u00c9XICO.- Activistas de la comunidad ind\u00edgena de Cicacalco, municipio de Tlaltenango, Zacatecas, acusan a los gobiernos municipal y estatal de negligencia por no cumplir con el cierre definitivo del relleno sanitario.<\/p>\n<p>De acuerdo con el acuerdo firmado el 14 de julio de 2022 por autoridades estatales y municipales con la comunidad, el cierre comenzar\u00eda el 1 de agosto y ser\u00eda terminado el pasado 31. Sin embargo, ni siquiera han iniciado, explic\u00f3 la activista comunitaria Clarisa Trejo.<\/p>\n<p>En entrevista telef\u00f3nica, Trejo se\u00f1al\u00f3 que el municipio de Tlaltenango, Zacatecas, solo cumpli\u00f3 con la sesi\u00f3n de cabildo para el cambio de uso del suelo del relleno sanitario, pero no le dio seguimiento al convenio que firmaron en julio.<\/p>\n<p><strong>El problema se alarga<\/strong><\/p>\n<p>Sin proyecto de verificaci\u00f3n, monitoreo y cumplimiento de la Resoluci\u00f3n de Impacto Ambiental emitida en 2017, fue inaugurado el relleno municipal de Tlaltenango, Zacatecas, en junio de 2019. Dos meses despu\u00e9s, la comunidad ind\u00edgena de Cicacalco denunci\u00f3 da\u00f1o ambiental y en su salud ante las autoridades competentes.<\/p>\n<p>Luego de tres a\u00f1os de lucha, los pobladores lograron un acuerdo para el cierre definitivo del relleno sanitario que se hab\u00eda presumido como uno de los m\u00e1s avanzados del pa\u00eds, as\u00ed como la reparaci\u00f3n de los da\u00f1os ambientales que ha provocado.<\/p>\n<p>Para ello, el alcalde deb\u00eda someter a sesi\u00f3n de cabildo para que se modifique el uso de suelo y desistirse de un amparo que \u00e9l interpuso contra la Profepa. Sin embargo, el alcalde Salvador Arellano Anaya no lo hizo.<\/p>\n<p><strong>\u201cNo les importa lo ambiental<\/strong>\u201d<\/p>\n<p>\u201cEn un conflicto largamente administrado por las autoridades y que parti\u00f3 de la mala ejecuci\u00f3n y la peor operaci\u00f3n del basurero municipal de Tlaltenango, hoy, como antes, nos topamos con la ineficiencia, la complicidad, la irresponsabilidad y la desfachatez de autoridades y dependencias de los tres niveles de gobierno, a quienes no les importa el tema ambiental, ni cumplir de forma decente y honesta con sus funciones como servidores p\u00fablicos\u201d, acus\u00f3 Clarisa Trejo.<\/p>\n<p>El convenio que firmaron el 14 de julio se\u00f1ala que el 28 de julio en sesi\u00f3n de cabildo abierto del ayuntamiento de Tlaltenango se aprob\u00f3 el cambio del uso del suelo del basurero, pero el jur\u00eddico mantiene la demanda de amparo municipal en contra de la Procuradur\u00eda Federal de Protecci\u00f3n al Ambiente (Profepa), con el que se impide la clausura definitiva del relleno sanitario.<\/p>\n<p>Clarisa Trejo Luna acus\u00f3 al alcalde y regidores de Tlaltenango que se opusieron a que se sometiera a votaci\u00f3n el desistimiento del amparo.<\/p>\n<p>\u201cEl \u00fanico tema que ten\u00edan para votaci\u00f3n era el cambio del uso de suelo del relleno sanitario, a pesar de que integramos una comisi\u00f3n para cabildear con los regidores para que se sometieran a votaci\u00f3n el desistimiento de amparo, no lo conseguimos ni siquiera nos dejaron discutirlo en asuntos generales\u201d, dijo Clarisa en entrevista con Pie de p\u00e1gina.<\/p>\n<figure id=\"attachment_65432\" aria-describedby=\"caption-attachment-65432\" style=\"width: 750px\" class=\"wp-caption alignnone\"><img loading=\"lazy\" decoding=\"async\" data-attachment-id=\"65432\" data-permalink=\"http:\/\/www.grieta.org.mx\/index.php\/2022\/09\/02\/incumple-ayuntamiento-de-tlaltenango-cierre-de-relleno-sanitario-zacatecas\/https-__piedepagina-mx_wp-content_uploads_2022_09_relleno_sanitario_cicacalco_rema1\/\" data-orig-file=\"http:\/\/www.grieta.org.mx\/wp-content\/uploads\/2022\/10\/https-__piedepagina.mx_wp-content_uploads_2022_09_Relleno_sanitario_Cicacalco_rema1.jpg\" data-orig-size=\"992,620\" data-comments-opened=\"0\" data-image-meta=\"{&quot;aperture&quot;:&quot;0&quot;,&quot;credit&quot;:&quot;&quot;,&quot;camera&quot;:&quot;&quot;,&quot;caption&quot;:&quot;&quot;,&quot;created_timestamp&quot;:&quot;0&quot;,&quot;copyright&quot;:&quot;&quot;,&quot;focal_length&quot;:&quot;0&quot;,&quot;iso&quot;:&quot;0&quot;,&quot;shutter_speed&quot;:&quot;0&quot;,&quot;title&quot;:&quot;&quot;,&quot;orientation&quot;:&quot;0&quot;}\" data-image-title=\"https __piedepagina.mx_wp-content_uploads_2022_09_Relleno_sanitario_Cicacalco_rema1\" data-image-description=\"\" data-image-caption=\"&lt;p&gt;Focos de infecci\u00f3n en el relleno sanitario de la comunidad ind\u00edgena de Cicacalco. La comunidad denuncia al ayuntamiento de Tlaltenango, Zacatecas de da\u00f1o al medio ambiente. Fotos: Rema&lt;\/p&gt;\n\" data-medium-file=\"http:\/\/www.grieta.org.mx\/wp-content\/uploads\/2022\/10\/https-__piedepagina.mx_wp-content_uploads_2022_09_Relleno_sanitario_Cicacalco_rema1-300x188.jpg\" data-large-file=\"http:\/\/www.grieta.org.mx\/wp-content\/uploads\/2022\/10\/https-__piedepagina.mx_wp-content_uploads_2022_09_Relleno_sanitario_Cicacalco_rema1.jpg\" class=\"wp-image-65432\" src=\"http:\/\/www.grieta.org.mx\/wp-content\/uploads\/2022\/10\/https-__piedepagina.mx_wp-content_uploads_2022_09_Relleno_sanitario_Cicacalco_rema1.jpg\" alt=\"\" width=\"750\" height=\"469\" srcset=\"http:\/\/www.grieta.org.mx\/wp-content\/uploads\/2022\/10\/https-__piedepagina.mx_wp-content_uploads_2022_09_Relleno_sanitario_Cicacalco_rema1.jpg 992w, http:\/\/www.grieta.org.mx\/wp-content\/uploads\/2022\/10\/https-__piedepagina.mx_wp-content_uploads_2022_09_Relleno_sanitario_Cicacalco_rema1-300x188.jpg 300w, http:\/\/www.grieta.org.mx\/wp-content\/uploads\/2022\/10\/https-__piedepagina.mx_wp-content_uploads_2022_09_Relleno_sanitario_Cicacalco_rema1-768x480.jpg 768w\" sizes=\"auto, (max-width: 750px) 100vw, 750px\" \/><figcaption id=\"caption-attachment-65432\" class=\"wp-caption-text\">Focos de infecci\u00f3n en el relleno sanitario de la comunidad ind\u00edgena de Cicacalco. La comunidad denuncia al ayuntamiento de Tlaltenango, Zacatecas de da\u00f1o al medio ambiente. Fotos: Rema<\/figcaption><\/figure>\n<p>Para activista, el cambio de uso de suelo no resolvi\u00f3 el problema, porque no no le dieron continuidad a los acuerdos que firmaron en la capital zacatecana:<\/p>\n<p>\u201cMientras el cabildo no se desista del amparo no ayuda en nada el cambio de uso de suelo del relleno sanitario porque Profepa no puede clausurar definitivamente el basurero. Adem\u00e1s, el alcalde no cumpli\u00f3 con lo que acordamos, no acudieron a retirar los sellos de clausura y tampoco visitaron el basurero\u201d.<\/p>\n<p>Para el cierre total del relleno sanitario en Cicacalco, al alcalde de Tlaltenango, Zacatecas, Salvador Arellano Anaya, ten\u00eda que someter en sesi\u00f3n de cabildo el cambio de uso del suelo, desistirse del amparo que interpuso el 5 de octubre de 2021, en contra de la Profepa, para que las autoridades federales, estatales, municipal y la comunidad inicien lo trabajos para clausurar el relleno, sin embargo esto no ocurri\u00f3.<\/p>\n<p>Otra de las demandas que el ayuntamiento no atendi\u00f3 era la denuncia penal en contra de los activistas de la comunidad de Cicacalco:<\/p>\n<p>\u201cSi bien es cierto que no est\u00e1 dentro del convenio, pero se expres\u00f3 en cada reuni\u00f3n, es la demanda que el ayuntamiento mantiene en contra de los compa\u00f1eros que participamos en la movilizaci\u00f3n para el cierre definitivo del basurero, pero eso ni siquiera se habl\u00f3 en la sesi\u00f3n de cabildo\u201d.<\/p>\n<p>El convenio lo firmaron las autoridades federales, estatales y municipal: el director de Contacto Ciudadano de SEMARNAT, Yves Eduardo Gonz\u00e1les Villa; subdelegado de programas para el desarrollo del gobierno federal en Zacatecas, Jos\u00e9 Luis Gonz\u00e1lez Orozco; la encargada de despacho de Profepa Zacatecas, Lourdes Ang\u00e9lica Briones Flores; la secretaria General de Gobierno de Zacatecas, Gabriela Evangelina Pinedo Morales; la Secretaria del Agua y Medio Ambiente (SAMA), Susana Rodr\u00edguez M\u00e1rquez; el presidente municipal de Tlaltenango, Salvador Arellano Anaya; y representantes de la comunidad de Cicacalco.<\/p>\n<p>Clarisa Trejo cuestiona el convenio: \u201cDesde su origen, dej\u00f3 muchas complejidades: como los tiempos de respuesta de las dependencias, las omisiones por parte de las mismas, la revisi\u00f3n administrativa del caso, la transparencia y rendici\u00f3n de cuentas. Pero, sobre todo, la aplicaci\u00f3n de medidas de urgente aplicaci\u00f3n que en cuanto se firm\u00f3, dejaron de ser urgentes\u201d.<\/p>\n<p>\u201cSin una argumentaci\u00f3n clara, con muchos huecos y recovecos, pero mostrado como un paso decisivo para la resoluci\u00f3n de la problem\u00e1tica, el convenio solo sirvi\u00f3 para justificarse, mostrarles avances a sus jefes y dejarlo en el olvido. Estamos estancados en los puntos que no se han realizado a m\u00e1s de un mes de la firma del convenio, el cual, denunciamos, se ha incumplido por parte de las autoridades, a quienes no les interesa solucionar de fondo la contaminaci\u00f3n que se ha estado suscitando desde hace m\u00e1s de tres a\u00f1os. A la fecha, las autoridades no han explicado por qu\u00e9 no han dado seguimiento, dado que la informaci\u00f3n sigue sin fluir hacia nosotros, aun cuando hemos solicitado por medio de oficios al municipio, y a las autoridades tanto estatal como federal. Simplemente no dan respuesta a nuestras solicitudes\u201d, denuncia.<\/p>\n<p><a href=\"https:\/\/piedepagina.mx\/incumple-ayuntamiento-de-tlaltenango-zacatecas-cierre-de-relleno-sanitario\/?utm_source=pocket_mylist\">https:\/\/piedepagina.mx\/incumple-ayuntamiento-de-tlaltenango-zacatecas-cierre-de-relleno-sanitario\/?utm_source=pocket_mylist<\/a><\/p>\n","protected":false},"excerpt":{"rendered":"<p>Pese a firmar un acuerdo con los pobladores de Tlaltenango, Zacatecas, para cerrar el relleno sanitario por incumplir las medidas ambientales, el cabildo municipal no se desisti\u00f3 de un amparo &hellip; <a href=\"http:\/\/www.grieta.org.mx\/index.php\/2022\/09\/02\/incumple-ayuntamiento-de-tlaltenango-cierre-de-relleno-sanitario-zacatecas\/\" class=\"more-link\">Leer m\u00e1s<\/a><\/p>\n","protected":false},"author":2,"featured_media":65433,"comment_status":"closed","ping_status":"closed","sticky":false,"template":"","format":"standard","meta":{"ngg_post_thumbnail":0,"_jetpack_newsletter_access":"","_jetpack_dont_email_post_to_subs":false,"_jetpack_newsletter_tier_id":0,"_jetpack_memberships_contains_paywalled_content":false,"_jetpack_memberships_contains_paid_content":false,"footnotes":""},"categories":[80,3617,4075,2,76],"tags":[91,2562,1178,2458],"class_list":["post-65431","post","type-post","status-publish","format-standard","has-post-thumbnail","hentry","category-cintillo","category-contaminacion-ambiental-en-zacatecas","category-contaminacion-del-agua-en-zacatecas","category-noticias-nacionales","category-zacatecas","tag-contaminacion-ambiental","tag-destruccion-ambiental","tag-destruccion-de-la-naturaleza","tag-servicios-sanitarios","entry"],"jetpack_featured_media_url":"http:\/\/www.grieta.org.mx\/wp-content\/uploads\/2022\/10\/Relleno_Cicacalco_Rema.jpg","jetpack_sharing_enabled":true,"jetpack_shortlink":"https:\/\/wp.me\/p7ZJR4-h1l","jetpack_likes_enabled":false,"jetpack-related-posts":[{"id":54558,"url":"http:\/\/www.grieta.org.mx\/index.php\/2020\/10\/20\/exigen-solucion-a-relleno-sanitario-de-cicacalco-zacatecas\/","url_meta":{"origin":65431,"position":0},"title":"Exigen soluci\u00f3n a relleno sanitario de Cicacalco (Zacatecas)","author":"grieta","date":"20 octubre, 2020","format":false,"excerpt":"ALBERTO MORONES \/ NTRZACATECAS.COM, 20 de octubre de 2020 ZACATECAS. Habitantes de la comunidad Cicacalco de Tlaltenango se manifestaron en la explanada del Congreso del Estado para pedir atenci\u00f3n de los diputados en el tema del basurero que se construy\u00f3 y del cual quieren que suspenda su actividad, por temor\u2026","rel":"","context":"En &quot;CINTILLO&quot;","block_context":{"text":"CINTILLO","link":"http:\/\/www.grieta.org.mx\/index.php\/category\/cintillo\/"},"img":{"alt_text":"","src":"https:\/\/i0.wp.com\/www.grieta.org.mx\/wp-content\/uploads\/2020\/10\/tlaltenango-3-1200x630-1.jpeg?resize=350%2C200","width":350,"height":200,"srcset":"https:\/\/i0.wp.com\/www.grieta.org.mx\/wp-content\/uploads\/2020\/10\/tlaltenango-3-1200x630-1.jpeg?resize=350%2C200 1x, https:\/\/i0.wp.com\/www.grieta.org.mx\/wp-content\/uploads\/2020\/10\/tlaltenango-3-1200x630-1.jpeg?resize=525%2C300 1.5x, https:\/\/i0.wp.com\/www.grieta.org.mx\/wp-content\/uploads\/2020\/10\/tlaltenango-3-1200x630-1.jpeg?resize=700%2C400 2x, https:\/\/i0.wp.com\/www.grieta.org.mx\/wp-content\/uploads\/2020\/10\/tlaltenango-3-1200x630-1.jpeg?resize=1050%2C600 3x"},"classes":[]},{"id":52686,"url":"http:\/\/www.grieta.org.mx\/index.php\/2020\/08\/18\/en-alerta-roja-ahora-en-agua-zacatecas\/","url_meta":{"origin":65431,"position":1},"title":"En alerta roja, ahora en agua (Zacatecas)","author":"grieta","date":"18 agosto, 2020","format":false,"excerpt":"FRANZELY REYNA\/NTRZACATECAS.COM, 17 de agosto de 2020. La calidad del agua en Zacatecas calific\u00f3 en sem\u00e1foro rojo, en el caso de la subterr\u00e1nea, debido a que se detectaron altas concentraciones de fluoruros, principalmente, as\u00ed como niveles no aptos de ars\u00e9nico, en la mayor\u00eda de las zonas monitoreadas en el estado.\u2026","rel":"","context":"En &quot;CINTILLO&quot;","block_context":{"text":"CINTILLO","link":"http:\/\/www.grieta.org.mx\/index.php\/category\/cintillo\/"},"img":{"alt_text":"","src":"https:\/\/i0.wp.com\/www.grieta.org.mx\/wp-content\/uploads\/2020\/08\/agus.jpg?resize=350%2C200","width":350,"height":200,"srcset":"https:\/\/i0.wp.com\/www.grieta.org.mx\/wp-content\/uploads\/2020\/08\/agus.jpg?resize=350%2C200 1x, https:\/\/i0.wp.com\/www.grieta.org.mx\/wp-content\/uploads\/2020\/08\/agus.jpg?resize=525%2C300 1.5x"},"classes":[]},{"id":22231,"url":"http:\/\/www.grieta.org.mx\/index.php\/2018\/03\/11\/relleno-sanitario-de-celaya-recibira-desechos-de-opresa\/","url_meta":{"origin":65431,"position":2},"title":"Relleno sanitario de Celaya recibir\u00e1 desechos de OPRESA","author":"grieta","date":"11 marzo, 2018","format":false,"excerpt":"Zona Franca Celaya, Gto. Ante la contingencia ambiental generada por el incendio en la empresa OPRESA, el Centro de Manejo Integral de Residuos S\u00f3lidos (CEMIRS) del Gobierno Municipal recibir\u00e1 temporalmente sus residuos. Para contener la afectaci\u00f3n ocurrida en el centro de disposici\u00f3n privado, el Municipio est\u00e1 en posibilidad de ingresar\u2026","rel":"","context":"En &quot;CINTILLO&quot;","block_context":{"text":"CINTILLO","link":"http:\/\/www.grieta.org.mx\/index.php\/category\/cintillo\/"},"img":{"alt_text":"","src":"https:\/\/i0.wp.com\/www.grieta.org.mx\/wp-content\/uploads\/2018\/03\/relleno.jpg?resize=350%2C200","width":350,"height":200,"srcset":"https:\/\/i0.wp.com\/www.grieta.org.mx\/wp-content\/uploads\/2018\/03\/relleno.jpg?resize=350%2C200 1x, https:\/\/i0.wp.com\/www.grieta.org.mx\/wp-content\/uploads\/2018\/03\/relleno.jpg?resize=525%2C300 1.5x, https:\/\/i0.wp.com\/www.grieta.org.mx\/wp-content\/uploads\/2018\/03\/relleno.jpg?resize=700%2C400 2x"},"classes":[]},{"id":37494,"url":"http:\/\/www.grieta.org.mx\/index.php\/2019\/08\/05\/piden-investigar-y-sancionar-a-minera-penasquitos-por-danos-en-zacatecas\/","url_meta":{"origin":65431,"position":3},"title":"Piden investigar y sancionar a minera Pe\u00f1asquitos por da\u00f1os en Zacatecas","author":"grieta","date":"5 agosto, 2019","format":false,"excerpt":"El Estado est\u00e1 incurriendo las actividades de contaminaci\u00f3n ambiental y el despojo de las tierras de los ejidatarios afectados, afirman Manrique Gandaria | El Sol de M\u00e9xico, 5 de agosto de 2019 La organizaci\u00f3n de derechos humanos Red Solidaria D\u00e9cada contra la Impunidad y la Coordinadora Plan de Ayala, pudieron\u2026","rel":"","context":"En &quot;CINTILLO&quot;","block_context":{"text":"CINTILLO","link":"http:\/\/www.grieta.org.mx\/index.php\/category\/cintillo\/"},"img":{"alt_text":"","src":"https:\/\/i0.wp.com\/www.grieta.org.mx\/wp-content\/uploads\/2018\/03\/14524434_1106112876131411_958039263622046936_o.jpg?resize=350%2C200","width":350,"height":200,"srcset":"https:\/\/i0.wp.com\/www.grieta.org.mx\/wp-content\/uploads\/2018\/03\/14524434_1106112876131411_958039263622046936_o.jpg?resize=350%2C200 1x, https:\/\/i0.wp.com\/www.grieta.org.mx\/wp-content\/uploads\/2018\/03\/14524434_1106112876131411_958039263622046936_o.jpg?resize=525%2C300 1.5x, https:\/\/i0.wp.com\/www.grieta.org.mx\/wp-content\/uploads\/2018\/03\/14524434_1106112876131411_958039263622046936_o.jpg?resize=700%2C400 2x"},"classes":[]},{"id":63543,"url":"http:\/\/www.grieta.org.mx\/index.php\/2022\/02\/24\/investigan-presencia-de-metales-pesados-en-la-leche-materna-zacatecas\/","url_meta":{"origin":65431,"position":4},"title":"Investigan presencia de metales pesados en la leche materna (Zacatecas)","author":"grieta","date":"24 febrero, 2022","format":false,"excerpt":"jueves, 24 de febrero de 2022 a las 10:45am STAFF\/NTRZACATECAS.COM \u201cEfecto del plomo, cadmio y zinc sobre la expresi\u00f3n de marcadores de inflamaci\u00f3n en leche materna\u201d, es el t\u00edtulo de la investigaci\u00f3n que realiza la docente investigadora de la Unidad Acad\u00e9mica de Ciencias Qu\u00edmicas, Xelha Araujo Padilla. Al respecto, explic\u00f3\u2026","rel":"","context":"En &quot;CINTILLO&quot;","block_context":{"text":"CINTILLO","link":"http:\/\/www.grieta.org.mx\/index.php\/category\/cintillo\/"},"img":{"alt_text":"","src":"https:\/\/i0.wp.com\/www.grieta.org.mx\/wp-content\/uploads\/2018\/03\/14524434_1106112876131411_958039263622046936_o.jpg?resize=350%2C200","width":350,"height":200,"srcset":"https:\/\/i0.wp.com\/www.grieta.org.mx\/wp-content\/uploads\/2018\/03\/14524434_1106112876131411_958039263622046936_o.jpg?resize=350%2C200 1x, https:\/\/i0.wp.com\/www.grieta.org.mx\/wp-content\/uploads\/2018\/03\/14524434_1106112876131411_958039263622046936_o.jpg?resize=525%2C300 1.5x, https:\/\/i0.wp.com\/www.grieta.org.mx\/wp-content\/uploads\/2018\/03\/14524434_1106112876131411_958039263622046936_o.jpg?resize=700%2C400 2x"},"classes":[]},{"id":36358,"url":"http:\/\/www.grieta.org.mx\/index.php\/2019\/05\/01\/acaba-mina-de-plata-con-agua-en-zacatecas\/","url_meta":{"origin":65431,"position":5},"title":"Acaba mina de plata con agua en Zacatecas","author":"grieta","date":"1 mayo, 2019","format":false,"excerpt":"El l\u00edder del Frente Popular de Lucha asegur\u00f3 que han devastado la actividad productiva de la regi\u00f3n Carlos Lara | El sol de M\u00e9xico, 19 de mayo de 20199 Cat\u00e1strofe y destrucci\u00f3n es lo que ha provocado la operaci\u00f3n de la Mina Pe\u00f1asquito en Zacatecas; el Frente Popular de Lucha\u2026","rel":"","context":"En &quot;Conflictos mineros en Zacatecas&quot;","block_context":{"text":"Conflictos mineros en Zacatecas","link":"http:\/\/www.grieta.org.mx\/index.php\/category\/noticias-nacionales\/zacatecas\/explotacion-y-precariedad-laboral-zacatecas\/conflictos-mineros-en-zacatecas\/"},"img":{"alt_text":"","src":"https:\/\/i0.wp.com\/www.grieta.org.mx\/wp-content\/uploads\/2019\/07\/mina.jpg?resize=350%2C200","width":350,"height":200,"srcset":"https:\/\/i0.wp.com\/www.grieta.org.mx\/wp-content\/uploads\/2019\/07\/mina.jpg?resize=350%2C200 1x, https:\/\/i0.wp.com\/www.grieta.org.mx\/wp-content\/uploads\/2019\/07\/mina.jpg?resize=525%2C300 1.5x, https:\/\/i0.wp.com\/www.grieta.org.mx\/wp-content\/uploads\/2019\/07\/mina.jpg?resize=700%2C400 2x"},"classes":[]}],"_links":{"self":[{"href":"http:\/\/www.grieta.org.mx\/index.php\/wp-json\/wp\/v2\/posts\/65431","targetHints":{"allow":["GET"]}}],"collection":[{"href":"http:\/\/www.grieta.org.mx\/index.php\/wp-json\/wp\/v2\/posts"}],"about":[{"href":"http:\/\/www.grieta.org.mx\/index.php\/wp-json\/wp\/v2\/types\/post"}],"author":[{"embeddable":true,"href":"http:\/\/www.grieta.org.mx\/index.php\/wp-json\/wp\/v2\/users\/2"}],"replies":[{"embeddable":true,"href":"http:\/\/www.grieta.org.mx\/index.php\/wp-json\/wp\/v2\/comments?post=65431"}],"version-history":[{"count":1,"href":"http:\/\/www.grieta.org.mx\/index.php\/wp-json\/wp\/v2\/posts\/65431\/revisions"}],"predecessor-version":[{"id":65434,"href":"http:\/\/www.grieta.org.mx\/index.php\/wp-json\/wp\/v2\/posts\/65431\/revisions\/65434"}],"wp:featuredmedia":[{"embeddable":true,"href":"http:\/\/www.grieta.org.mx\/index.php\/wp-json\/wp\/v2\/media\/65433"}],"wp:attachment":[{"href":"http:\/\/www.grieta.org.mx\/index.php\/wp-json\/wp\/v2\/media?parent=65431"}],"wp:term":[{"taxonomy":"category","embeddable":true,"href":"http:\/\/www.grieta.org.mx\/index.php\/wp-json\/wp\/v2\/categories?post=65431"},{"taxonomy":"post_tag","embeddable":true,"href":"http:\/\/www.grieta.org.mx\/index.php\/wp-json\/wp\/v2\/tags?post=65431"}],"curies":[{"name":"wp","href":"https:\/\/api.w.org\/{rel}","templated":true}]}}