{"id":65427,"date":"2022-09-29T17:39:01","date_gmt":"2022-09-29T22:39:01","guid":{"rendered":"https:\/\/www.grieta.org.mx\/?p=65427"},"modified":"2022-10-07T17:46:46","modified_gmt":"2022-10-07T22:46:46","slug":"ejidatarios-de-kantunilkin-frenan-trabajo-de-la-cfe-exigen-indemnizaciones-por-predios-afectados-quintana-roo","status":"publish","type":"post","link":"http:\/\/www.grieta.org.mx\/index.php\/2022\/09\/29\/ejidatarios-de-kantunilkin-frenan-trabajo-de-la-cfe-exigen-indemnizaciones-por-predios-afectados-quintana-roo\/","title":{"rendered":"Ejidatarios de Kantunilk\u00edn frenan trabajo de la CFE; exigen indemnizaciones por predios afectados (Quintana Roo)"},"content":{"rendered":"<p>Luis Enrique Cauich \/ Por Esto!<\/p>\n<p>Ejidatarios de Kantunilk\u00edn detuvieron los trabajos de sustituci\u00f3n de postes y tendido el\u00e9ctrico que forman parte del proyecto de l\u00ednea submarina que llegara hasta la isla de Holbox, en exigencia a la Comisi\u00f3n Federal de Electricidad a llegar a un acuerdo de indemnizaci\u00f3n por los terrenos ejidales afectados.<\/p>\n<p>El bloqueo de las unidades de la empresa encargada de los trabajos se realiz\u00f3 a la altura del kil\u00f3metro 8 de la carretera Kantunilk\u00edn-Chiquil\u00e1, d\u00f3nde aproximadamente cincuenta comuneros, llegaron acompa\u00f1ando al comisariado ejidal, V\u00edctor Pech, a pedir a los trabajadores, que suspendieran sus actividades.<\/p>\n<p>El l\u00edder explic\u00f3 que no se pretende bloquear la carretera, por ello acudieron a solicitar por la v\u00eda del di\u00e1logo a qu\u00e9 suspendan sus actividades y esperen hasta la asamblea del 8 de octubre para que el ejido llegue a un acuerdo con la CFE, para una indemnizaci\u00f3n de los 14 kil\u00f3metros que se ven afectados por la dependencia.<\/p>\n<p>Sostuvo que no es la primera ocasi\u00f3n que la Comisi\u00f3n Federal realiza trabajos en la zona, de modo que debe saber que existe un protocolo y conductos legales para llegar a un acuerdo con el ejido por la afectaci\u00f3n de sus tierras, pero la paraestatal, toma decisiones &#8216;como si fuera su casa&#8217;, puesto que ha sido notificado para que suspendieran sus actividades, pero han hecho caso omiso.<\/p>\n<p>Por ahora, dijo, que se mantendr\u00e1n grupos en la zona para vigilar que los trabajos no contin\u00faen, pero de hacer caso omiso la CFE, se convocar\u00e1 a los 1 mil 116, comuneros y ya no ser\u00e1 una indemnizaci\u00f3n lo que pedir\u00e1n, sino el pago justo por sus tierras afectadas.<\/p>\n<p>Para las comunidades de la zona norte, la suspensi\u00f3n de los trabajos significar\u00e1 un leve respiro, ya que desde que iniciaron las actividades, la suspensi\u00f3n del servicio y los apagones han sido constantes.<\/p>\n<p><a href=\"https:\/\/www.poresto.net\/quintana-roo\/2022\/9\/29\/ejidatarios-de-kantunilkin-frenan-trabajo-de-la-cfe-exigen-indemnizaciones-por-predios-afectados-353910.html\" rel=\"noopener\" target=\"_blank\">https:\/\/www.poresto.net\/quintana-roo\/2022\/9\/29\/ejidatarios-de-kantunilkin-frenan-trabajo-de-la-cfe-exigen-indemnizaciones-por-predios-afectados-353910.html<\/a><\/p>\n","protected":false},"excerpt":{"rendered":"<p>Luis Enrique Cauich \/ Por Esto! Ejidatarios de Kantunilk\u00edn detuvieron los trabajos de sustituci\u00f3n de postes y tendido el\u00e9ctrico que forman parte del proyecto de l\u00ednea submarina que llegara hasta &hellip; <a href=\"http:\/\/www.grieta.org.mx\/index.php\/2022\/09\/29\/ejidatarios-de-kantunilkin-frenan-trabajo-de-la-cfe-exigen-indemnizaciones-por-predios-afectados-quintana-roo\/\" class=\"more-link\">Leer m\u00e1s<\/a><\/p>\n","protected":false},"author":2,"featured_media":65428,"comment_status":"closed","ping_status":"closed","sticky":false,"template":"","format":"standard","meta":{"ngg_post_thumbnail":0,"_jetpack_newsletter_access":"","_jetpack_dont_email_post_to_subs":false,"_jetpack_newsletter_tier_id":0,"_jetpack_memberships_contains_paywalled_content":false,"_jetpack_memberships_contains_paid_content":false,"footnotes":""},"categories":[80,2905,2,28],"tags":[2849,175],"class_list":["post-65427","post","type-post","status-publish","format-standard","has-post-thumbnail","hentry","category-cintillo","category-conflictos-con-la-cfe-en-quintana-roo","category-noticias-nacionales","category-quintana-roo","tag-conflictos-con-la-cfe","tag-ejidatarios","entry"],"jetpack_featured_media_url":"http:\/\/www.grieta.org.mx\/wp-content\/uploads\/2022\/10\/Kantunilkil-e1665182685284.jpg","jetpack_sharing_enabled":true,"jetpack_shortlink":"https:\/\/wp.me\/p7ZJR4-h1h","jetpack_likes_enabled":false,"jetpack-related-posts":[{"id":65651,"url":"http:\/\/www.grieta.org.mx\/index.php\/2022\/11\/02\/ejidatarios-continuan-por-segundo-dia-con-el-bloqueo-vial-en-kantunilkin-quintana-roo\/","url_meta":{"origin":65427,"position":0},"title":"Ejidatarios contin\u00faan por segundo d\u00eda con el bloqueo vial en Kantunilk\u00edn (Quintana Roo)","author":"grieta","date":"2 noviembre, 2022","format":false,"excerpt":"Luis Enrique Cauich \/ Por Esto! Los ciudadanos mantienen bloqueada la carretera al puerto de Chiquil\u00e1, se permiti\u00f3 el paso de las unidades a las diez de la ma\u00f1ana para desahogar el congestionamiento Por segundo d\u00eda, los ejidatarios de Kantunilkin mantienen bloqueada la carretera al puerto de Chiquil\u00e1, en exigencia\u2026","rel":"","context":"En &quot;CINTILLO&quot;","block_context":{"text":"CINTILLO","link":"http:\/\/www.grieta.org.mx\/index.php\/category\/cintillo\/"},"img":{"alt_text":"","src":"https:\/\/i0.wp.com\/www.grieta.org.mx\/wp-content\/uploads\/2022\/11\/Kantunilkin-e1667518119835.jpg?resize=350%2C200","width":350,"height":200,"srcset":"https:\/\/i0.wp.com\/www.grieta.org.mx\/wp-content\/uploads\/2022\/11\/Kantunilkin-e1667518119835.jpg?resize=350%2C200 1x, https:\/\/i0.wp.com\/www.grieta.org.mx\/wp-content\/uploads\/2022\/11\/Kantunilkin-e1667518119835.jpg?resize=525%2C300 1.5x, https:\/\/i0.wp.com\/www.grieta.org.mx\/wp-content\/uploads\/2022\/11\/Kantunilkin-e1667518119835.jpg?resize=700%2C400 2x"},"classes":[]},{"id":65910,"url":"http:\/\/www.grieta.org.mx\/index.php\/2022\/12\/08\/ejidatarios-de-kantunilkin-reviran-a-funcionario-estatal-tras-llamarlos-criminales-quintana-roo\/","url_meta":{"origin":65427,"position":1},"title":"Ejidatarios de Kantunilk\u00edn reviran a Funcionario Estatal tras llamarlos criminales (Quintana Roo)","author":"grieta","date":"8 diciembre, 2022","format":false,"excerpt":"Luis Enrique Cauich \/ Por Esto! Como temerarias e irresponsables, califican los ejidatarios de Kantunilkin, las declaraciones de Arturo Abreu Mar\u00edn coordinador de delegaciones federales en Quintana Roo, al afirmar que la delincuencia organizada se encuentra inmiscuida en el n\u00facleo agrario, por lo que deber\u00e1 comprobar sus denuncias. El comisariado\u2026","rel":"","context":"En &quot;CINTILLO&quot;","block_context":{"text":"CINTILLO","link":"http:\/\/www.grieta.org.mx\/index.php\/category\/cintillo\/"},"img":{"alt_text":"","src":"https:\/\/i0.wp.com\/www.grieta.org.mx\/wp-content\/uploads\/2022\/12\/Kantulinkin-e1671023318122.jpg?resize=350%2C200","width":350,"height":200,"srcset":"https:\/\/i0.wp.com\/www.grieta.org.mx\/wp-content\/uploads\/2022\/12\/Kantulinkin-e1671023318122.jpg?resize=350%2C200 1x, https:\/\/i0.wp.com\/www.grieta.org.mx\/wp-content\/uploads\/2022\/12\/Kantulinkin-e1671023318122.jpg?resize=525%2C300 1.5x, https:\/\/i0.wp.com\/www.grieta.org.mx\/wp-content\/uploads\/2022\/12\/Kantulinkin-e1671023318122.jpg?resize=700%2C400 2x"},"classes":[]},{"id":66198,"url":"http:\/\/www.grieta.org.mx\/index.php\/2023\/02\/09\/lazaro-cardenas-habitantes-de-chiquila-protestan-en-contra-de-la-cfe-quintana-roo\/","url_meta":{"origin":65427,"position":2},"title":"L\u00e1zaro C\u00e1rdenas: Habitantes de Chiquil\u00e1 protestan en contra de la CFE (Quintana Roo)","author":"grieta","date":"9 febrero, 2023","format":false,"excerpt":"Luis Enrique Cauich \/ Por Esto! Habitantes del puerto de Chiquil\u00e1\u00a0salieron a protestar esta ma\u00f1ana en contra de la Comisi\u00f3n Federal de Electricidad, que hace y deshace a su voluntad sin que ninguna autoridad intervenga para solucionar los problemas que causa con sus obras de introducci\u00f3n de la l\u00ednea submarina\u2026","rel":"","context":"En &quot;CINTILLO&quot;","block_context":{"text":"CINTILLO","link":"http:\/\/www.grieta.org.mx\/index.php\/category\/cintillo\/"},"img":{"alt_text":"","src":"https:\/\/i0.wp.com\/www.grieta.org.mx\/wp-content\/uploads\/2023\/02\/Holbox-1-e1676051285295.jpg?resize=350%2C200","width":350,"height":200,"srcset":"https:\/\/i0.wp.com\/www.grieta.org.mx\/wp-content\/uploads\/2023\/02\/Holbox-1-e1676051285295.jpg?resize=350%2C200 1x, https:\/\/i0.wp.com\/www.grieta.org.mx\/wp-content\/uploads\/2023\/02\/Holbox-1-e1676051285295.jpg?resize=525%2C300 1.5x, https:\/\/i0.wp.com\/www.grieta.org.mx\/wp-content\/uploads\/2023\/02\/Holbox-1-e1676051285295.jpg?resize=700%2C400 2x"},"classes":[]},{"id":3649,"url":"http:\/\/www.grieta.org.mx\/index.php\/2015\/09\/15\/ejidatarios-cierran-carretera-en-protesta-contra-la-cfe-en-quintana-roo\/","url_meta":{"origin":65427,"position":3},"title":"Ejidatarios cierran carretera en protesta contra la CFE en Quintana Roo","author":"grieta","date":"15 septiembre, 2015","format":false,"excerpt":"15\/09\/15. Cierran ejidatarios carretera en Quintana Roo: bloquean v\u00eda a JMM en la zona Maya por reclamo contra CFE por afectaci\u00f3n de tierrasNoticaribe","rel":"","context":"En &quot;NOTICIAS NACIONALES&quot;","block_context":{"text":"NOTICIAS NACIONALES","link":"http:\/\/www.grieta.org.mx\/index.php\/category\/noticias-nacionales\/"},"img":{"alt_text":"","src":"https:\/\/i0.wp.com\/www.grieta.org.mx\/wp-content\/uploads\/2018\/03\/14524434_1106112876131411_958039263622046936_o.jpg?resize=350%2C200","width":350,"height":200,"srcset":"https:\/\/i0.wp.com\/www.grieta.org.mx\/wp-content\/uploads\/2018\/03\/14524434_1106112876131411_958039263622046936_o.jpg?resize=350%2C200 1x, https:\/\/i0.wp.com\/www.grieta.org.mx\/wp-content\/uploads\/2018\/03\/14524434_1106112876131411_958039263622046936_o.jpg?resize=525%2C300 1.5x, https:\/\/i0.wp.com\/www.grieta.org.mx\/wp-content\/uploads\/2018\/03\/14524434_1106112876131411_958039263622046936_o.jpg?resize=700%2C400 2x"},"classes":[]},{"id":3651,"url":"http:\/\/www.grieta.org.mx\/index.php\/2015\/09\/15\/cierran-ejidatarios-carretera-en-quintana-roo-bloquean-via-a-jmm-en-la-zona-maya-por-reclamo-contra-cfe-por-afectacion-de-tierras\/","url_meta":{"origin":65427,"position":4},"title":"Cierran ejidatarios carretera en Quintana Roo: bloquean v\u00eda a JMM en la zona Maya por reclamo contra CFE por afectaci\u00f3n de tierras","author":"grieta","date":"15 septiembre, 2015","format":false,"excerpt":"JOSE MARIA MORELOS.- Ejidatarios del kil\u00f3metro 50 determinaron tomar la carretera federal 307, tramo Polyuc-Morelos entrada la noche de este lunes, pero ofreciendo el acceso de los automovilistas si pagaban una cuota, luego de haber sido enga\u00f1ado el comisariado ejidal, Francisco Uc C\u00e1ceres por el superintendente de la Comisi\u00f3n Federal\u2026","rel":"","context":"En &quot;CINTILLO&quot;","block_context":{"text":"CINTILLO","link":"http:\/\/www.grieta.org.mx\/index.php\/category\/cintillo\/"},"img":{"alt_text":"","src":"https:\/\/i0.wp.com\/www.grieta.org.mx\/wp-content\/uploads\/2018\/03\/14524434_1106112876131411_958039263622046936_o.jpg?resize=350%2C200","width":350,"height":200,"srcset":"https:\/\/i0.wp.com\/www.grieta.org.mx\/wp-content\/uploads\/2018\/03\/14524434_1106112876131411_958039263622046936_o.jpg?resize=350%2C200 1x, https:\/\/i0.wp.com\/www.grieta.org.mx\/wp-content\/uploads\/2018\/03\/14524434_1106112876131411_958039263622046936_o.jpg?resize=525%2C300 1.5x, https:\/\/i0.wp.com\/www.grieta.org.mx\/wp-content\/uploads\/2018\/03\/14524434_1106112876131411_958039263622046936_o.jpg?resize=700%2C400 2x"},"classes":[]},{"id":66350,"url":"http:\/\/www.grieta.org.mx\/index.php\/2023\/02\/21\/tenemos-pruebas-contundentes-documentan-danos-a-techos-por-tren-maya-en-40-viviendas-de-el-ideal-familias-afectadas-amagan-con-bloqueosquintana-roo\/","url_meta":{"origin":65427,"position":5},"title":"&#8220;Tenemos pruebas contundentes&#8221;: Documentan da\u00f1os a techos por Tren Maya en 40 viviendas de El Ideal; familias afectadas amagan con bloqueos(Quintana Roo)","author":"grieta","date":"21 febrero, 2023","format":false,"excerpt":"Noticaribe KANTUNILK\u00cdN, MX.- Al menos 40 viviendas de la comunidad de El Ideal, perteneciente a L\u00e1zaro C\u00e1rdenas, tienen da\u00f1os diversos en techos o paredes, presuntamente a causa de las explosiones para la construcci\u00f3n del Tren Maya. Pese a ello, hasta la fecha, ning\u00fan encargado del proyecto se ha comprometido a\u2026","rel":"","context":"En &quot;CINTILLO&quot;","block_context":{"text":"CINTILLO","link":"http:\/\/www.grieta.org.mx\/index.php\/category\/cintillo\/"},"img":{"alt_text":"","src":"https:\/\/i0.wp.com\/www.grieta.org.mx\/wp-content\/uploads\/2023\/02\/PruebasContundentes-e1677593618921.jpg?resize=350%2C200","width":350,"height":200,"srcset":"https:\/\/i0.wp.com\/www.grieta.org.mx\/wp-content\/uploads\/2023\/02\/PruebasContundentes-e1677593618921.jpg?resize=350%2C200 1x, https:\/\/i0.wp.com\/www.grieta.org.mx\/wp-content\/uploads\/2023\/02\/PruebasContundentes-e1677593618921.jpg?resize=525%2C300 1.5x, https:\/\/i0.wp.com\/www.grieta.org.mx\/wp-content\/uploads\/2023\/02\/PruebasContundentes-e1677593618921.jpg?resize=700%2C400 2x"},"classes":[]}],"_links":{"self":[{"href":"http:\/\/www.grieta.org.mx\/index.php\/wp-json\/wp\/v2\/posts\/65427","targetHints":{"allow":["GET"]}}],"collection":[{"href":"http:\/\/www.grieta.org.mx\/index.php\/wp-json\/wp\/v2\/posts"}],"about":[{"href":"http:\/\/www.grieta.org.mx\/index.php\/wp-json\/wp\/v2\/types\/post"}],"author":[{"embeddable":true,"href":"http:\/\/www.grieta.org.mx\/index.php\/wp-json\/wp\/v2\/users\/2"}],"replies":[{"embeddable":true,"href":"http:\/\/www.grieta.org.mx\/index.php\/wp-json\/wp\/v2\/comments?post=65427"}],"version-history":[{"count":1,"href":"http:\/\/www.grieta.org.mx\/index.php\/wp-json\/wp\/v2\/posts\/65427\/revisions"}],"predecessor-version":[{"id":65429,"href":"http:\/\/www.grieta.org.mx\/index.php\/wp-json\/wp\/v2\/posts\/65427\/revisions\/65429"}],"wp:featuredmedia":[{"embeddable":true,"href":"http:\/\/www.grieta.org.mx\/index.php\/wp-json\/wp\/v2\/media\/65428"}],"wp:attachment":[{"href":"http:\/\/www.grieta.org.mx\/index.php\/wp-json\/wp\/v2\/media?parent=65427"}],"wp:term":[{"taxonomy":"category","embeddable":true,"href":"http:\/\/www.grieta.org.mx\/index.php\/wp-json\/wp\/v2\/categories?post=65427"},{"taxonomy":"post_tag","embeddable":true,"href":"http:\/\/www.grieta.org.mx\/index.php\/wp-json\/wp\/v2\/tags?post=65427"}],"curies":[{"name":"wp","href":"https:\/\/api.w.org\/{rel}","templated":true}]}}