{"id":65377,"date":"2022-09-28T12:39:40","date_gmt":"2022-09-28T17:39:40","guid":{"rendered":"https:\/\/www.grieta.org.mx\/?p=65377"},"modified":"2022-10-03T12:45:42","modified_gmt":"2022-10-03T17:45:42","slug":"con-este-gobierno-estamos-perdiendo-derechos-que-ya-teniamos-ganados-familiares-de-desaparecidos-slp","status":"publish","type":"post","link":"http:\/\/www.grieta.org.mx\/index.php\/2022\/09\/28\/con-este-gobierno-estamos-perdiendo-derechos-que-ya-teniamos-ganados-familiares-de-desaparecidos-slp\/","title":{"rendered":"Con este Gobierno \u201cestamos perdiendo derechos que ya ten\u00edamos ganados\u201d: familiares de desaparecidos (SLP)"},"content":{"rendered":"<p>Marcela del Muro\/Astrolabio<br \/>\n28 septiembre 2022<\/p>\n<blockquote><p>Pese al presupuesto de 22 millones de pesos de la CEBP, falta voluntad de las autoridades para trabajar, dice Edith P\u00e9rez.<\/p><\/blockquote>\n<p>Para las familias de v\u00edctimas de desaparici\u00f3n que integran el colectivo Voz y Dignidad por los Nuestros, durante este primer a\u00f1o del Gobierno de Ricardo Gallardo Cardona, las autoridades no se han preocupado por las personas que han sido desaparecidas en el estado y por respetar su derecho a ser buscados. Tampoco han dado continuidad al trabajo de las instituciones que buscan y previenen este delito.<\/p>\n<p>\u201cEstamos muy preocupados porque estamos retrocediendo, perdiendo derechos que ya ten\u00edamos ganados y regresamos a las condiciones desde donde iniciamos hace muchos a\u00f1os. Contamos con autoridades omisas, altaneras y mentirosas, que est\u00e1n viendo las instituciones de b\u00fasqueda de personas como un lugar de contrataci\u00f3n para los amigos y para cumplir con los compromisos de campa\u00f1a\u201d, dice Edith P\u00e9rez, directora del colectivo.<\/p>\n<p>Las familias denuncian que en la Comisi\u00f3n Estatal de B\u00fasqueda de Personas (CEBP) se ha despedido a mucho personal que se encargaba de la investigaci\u00f3n para dar con el paradero de las personas desaparecidas. \u201cNo hay polic\u00edas de investigaci\u00f3n ni ministerios p\u00fablicos\u201d, dice el colectivo, en cambio se est\u00e1 contratando a personal de oficina, obstaculizando la raz\u00f3n de ser de la instituci\u00f3n.<\/p>\n<p>La agenda de b\u00fasqueda de personas en campo, que lleva Voz y Dignidad por los Nuestros con la CEBP y la Unidad de Personas Desaparecidas de la Fiscal\u00eda, no se ha respetado.<\/p>\n<p>\u201cTenemos establecidos pol\u00edgonos de b\u00fasqueda desde el 2018 que no se han hecho, a pesar de que los buscadores solicitan la b\u00fasqueda a la Fiscal\u00eda, esto pasa porque no hay personal suficiente ni recursos\u201d.<\/p>\n<p>El colectivo se\u00f1ala que el personal de las dos instituciones de b\u00fasqueda no cuenta con veh\u00edculos ni gasolina para hacer las diligencias de b\u00fasqueda. Algunas de las unidades que se adquirieron en a\u00f1os pasados no recibieron servicio y est\u00e1n descompuestas o sin bater\u00eda.<\/p>\n<p>Las investigaciones hechas por los familiares del colectivo y la CEBP, durante la administraci\u00f3n pasada, indican que hay 18 municipios donde se encuentran terrenos o fosas con restos \u00f3seos: Moctezuma, Ciudad Fern\u00e1ndez, Villa de Arista, Armadillo, El Naranjo, Rioverde, Salinas, Soledad, Venado, San Luis Potos\u00ed, Ahualulco, Alaquines, Ciudad del Ma\u00edz, Santa Mar\u00eda del R\u00edo, Villas de Zaragoza, Tamu\u00edn, Coxcatl\u00e1n y Huehuetl\u00e1n. Estos datos no incluyen los lugares que se han detectado desde finales de 2021 como Cerritos y Tamasopo.<\/p>\n<p>En Rioverde, por ejemplo, existe un pozo muy angosto en la comunidad de Pastora donde se recuperaron 23 cuerpos, pero quedaron m\u00e1s. La CEBP de la zona Media estaba construyendo una herramienta para poder rescatar los cuerpos que faltan, pero ha sido complicado por el tema del presupuesto. El pozo qued\u00f3 abandonado y sin vigilancia.<\/p>\n<p>El 1 de junio de 2022 se public\u00f3 en el Peri\u00f3dico Oficial del Estado el convenio para otorgar el presupuesto anual de la CEBP, donde se le dot\u00f3 de 22 millones 394 mil 390 pesos, aportados por la Comisi\u00f3n Nacional de B\u00fasqueda de Personas y el Gobierno del Estado, dinero que se tiene que utilizar realizar acciones de b\u00fasqueda de personas.<\/p>\n<p>Edith P\u00e9rez se\u00f1ala que percibe una falta de voluntad de las autoridades para trabajar en el tema y brindar presupuesto digno, aunque seg\u00fan el convenio el presupuesto s\u00ed fue otorgado.<\/p>\n<p>El pasado 4 de agosto, tras el ataque armado que sufrieron integrantes del colectivo y trabajadores de la CEBP de la zona Media, representantes de Voz y Dignidad por los Nuestros se reunieron con autoridades como Jorge Vega Arroyo, subsecretario de Gobierno; \u00c1ngel Gonzalo Santiago Hern\u00e1ndez, subsecretario de Derechos Humanos y Asuntos Jur\u00eddicos; representantes de la Guardia Civil Estatal; la directora de la Unidad de Personas Desaparecidas de la Fiscal\u00eda, Luz Mar\u00eda Montes; el Comisionado Estatal de B\u00fasqueda de Personas, Leobardo Aguilar Orihuela, y Miguel \u00c1ngel Garc\u00eda Amaro, titular de la Comisi\u00f3n Ejecutiva Estatal de Atenci\u00f3n a V\u00edctimas.<\/p>\n<p>El comunicado de prensa de la Secretar\u00eda General de Gobierno se\u00f1al\u00f3 que \u201cel nuevo Gobierno estatal busca ofrecer todo el apoyo y respaldo a estos colectivos durante sus acciones de b\u00fasqueda, y darles un acompa\u00f1amiento que les permita alcanzar sus objetivos\u201d.<\/p>\n<p>Sin embargo, el colectivo relata otra historia. Aquel d\u00eda, Jorge Vega y \u00c1ngel Gonzalo Santiago se fueron de la reuni\u00f3n cuando a\u00fan no se llegaba a un acuerdo de trabajo. Las mam\u00e1s que representaron al colectivo pidieron se asignara presupuesto para las b\u00fasquedas y solicitaron cooperaci\u00f3n de la Guardia Civil para integrarse a las instituciones y a las diligencias.<\/p>\n<p>\u201cLos de la Guardia Civil se estaban durmiendo, parec\u00eda que ni siquiera estaban enterados de por qu\u00e9 estaban ah\u00ed\u201d, coment\u00f3 Edith P\u00e9rez sobre la reuni\u00f3n.<\/p>\n<p>Las familias que integran Voz y Dignidad por los Nuestros exigen que el Estado se comprometa a buscar y respetar los derechos humanos de las personas desaparecidas y sus familias, tambi\u00e9n agradecen a los funcionarios que se han sensibilizado con su lucha y realizan el mejor trabajo sin contar con el presupuesto necesario ni las condiciones laborales dignas para realizarlo.<\/p>\n<p><a href=\"https:\/\/www.astrolabio.com.mx\/con-este-gobierno-estamos-perdiendo-derechos-que-ya-teniamos-ganados-familiares-de-desaparecidos\/?utm_source=pocket_mylist\" rel=\"noopener\" target=\"_blank\">https:\/\/www.astrolabio.com.mx\/con-este-gobierno-estamos-perdiendo-derechos-que-ya-teniamos-ganados-familiares-de-desaparecidos\/?utm_source=pocket_mylist<\/a><\/p>\n","protected":false},"excerpt":{"rendered":"<p>Marcela del Muro\/Astrolabio 28 septiembre 2022 Pese al presupuesto de 22 millones de pesos de la CEBP, falta voluntad de las autoridades para trabajar, dice Edith P\u00e9rez. Para las familias &hellip; <a href=\"http:\/\/www.grieta.org.mx\/index.php\/2022\/09\/28\/con-este-gobierno-estamos-perdiendo-derechos-que-ya-teniamos-ganados-familiares-de-desaparecidos-slp\/\" class=\"more-link\">Leer m\u00e1s<\/a><\/p>\n","protected":false},"author":2,"featured_media":65378,"comment_status":"closed","ping_status":"closed","sticky":false,"template":"","format":"standard","meta":{"ngg_post_thumbnail":0,"_jetpack_newsletter_access":"","_jetpack_dont_email_post_to_subs":false,"_jetpack_newsletter_tier_id":0,"_jetpack_memberships_contains_paywalled_content":false,"_jetpack_memberships_contains_paid_content":false,"footnotes":""},"categories":[80,87,1272,2,29,83],"tags":[1828,3018,121,1668],"class_list":["post-65377","post","type-post","status-publish","format-standard","has-post-thumbnail","hentry","category-cintillo","category-desaparecidos","category-desaparecidos-en-san-luis-potosi","category-noticias-nacionales","category-san-luis-potosi","category-temas-nacionales","tag-busqueda-de-desaparecidos","tag-colectivos-de-busqueda-de-desaparecidos","tag-desaparecidos","tag-familiares-de-desaparecidos","entry"],"jetpack_featured_media_url":"http:\/\/www.grieta.org.mx\/wp-content\/uploads\/2022\/10\/IMG_20220708_145332-768x576-1.jpg","jetpack_sharing_enabled":true,"jetpack_shortlink":"https:\/\/wp.me\/p7ZJR4-h0t","jetpack_likes_enabled":false,"jetpack-related-posts":[{"id":54397,"url":"http:\/\/www.grieta.org.mx\/index.php\/2020\/08\/30\/buscan-a-250-desaparecidos-en-slp\/","url_meta":{"origin":65377,"position":0},"title":"Buscan a 250 desaparecidos en SLP","author":"grieta","date":"30 agosto, 2020","format":false,"excerpt":"Ruth Berrones\/Quadrat\u00edn SLP 30 agosto 2020 SAN LUIS POTOS\u00cd, SLP., 30 de agosto 2020.- Este domingo en el D\u00eda Internacional de las V\u00edctimas de Desaparici\u00f3n Forzada, familiares de personas desaparecidas realizaron una marcha para solicitar a las autoridades que se localicen a sus familiares. Edith P\u00e9rez Rodr\u00edguez, de la asociaci\u00f3n\u2026","rel":"","context":"En &quot;CINTILLO&quot;","block_context":{"text":"CINTILLO","link":"http:\/\/www.grieta.org.mx\/index.php\/category\/cintillo\/"},"img":{"alt_text":"","src":"https:\/\/i0.wp.com\/www.grieta.org.mx\/wp-content\/uploads\/2020\/10\/WhatsApp-Image-2020-08-30-at-4.36.21-PM-1160x700-1.jpeg?resize=350%2C200","width":350,"height":200,"srcset":"https:\/\/i0.wp.com\/www.grieta.org.mx\/wp-content\/uploads\/2020\/10\/WhatsApp-Image-2020-08-30-at-4.36.21-PM-1160x700-1.jpeg?resize=350%2C200 1x, https:\/\/i0.wp.com\/www.grieta.org.mx\/wp-content\/uploads\/2020\/10\/WhatsApp-Image-2020-08-30-at-4.36.21-PM-1160x700-1.jpeg?resize=525%2C300 1.5x, https:\/\/i0.wp.com\/www.grieta.org.mx\/wp-content\/uploads\/2020\/10\/WhatsApp-Image-2020-08-30-at-4.36.21-PM-1160x700-1.jpeg?resize=700%2C400 2x, https:\/\/i0.wp.com\/www.grieta.org.mx\/wp-content\/uploads\/2020\/10\/WhatsApp-Image-2020-08-30-at-4.36.21-PM-1160x700-1.jpeg?resize=1050%2C600 3x"},"classes":[]},{"id":25144,"url":"http:\/\/www.grieta.org.mx\/index.php\/2018\/07\/23\/continua-busqueda-de-desaparecidos-en-limites-de-slp-y-tamaulipas\/","url_meta":{"origin":65377,"position":1},"title":"Contin\u00faa b\u00fasqueda de desaparecidos en l\u00edmites de SLP y Tamaulipas","author":"grieta","date":"23 julio, 2018","format":false,"excerpt":"Jos\u00e9 Luis Mart\u00ednez Castro\/El Sol de San Luis La b\u00fasqueda de personas que han desparecido contin\u00faa, se busca en los l\u00edmites de San Luis Potos\u00ed con Tamaulipas, porque pese a que han pasado muchos a\u00f1os, existe la esperanza de familiares de por lo menos encontrar los restos de sus seres\u2026","rel":"","context":"En &quot;CINTILLO&quot;","block_context":{"text":"CINTILLO","link":"http:\/\/www.grieta.org.mx\/index.php\/category\/cintillo\/"},"img":{"alt_text":"","src":"https:\/\/i0.wp.com\/www.grieta.org.mx\/wp-content\/uploads\/2018\/07\/t1-1.jpg?resize=350%2C200","width":350,"height":200,"srcset":"https:\/\/i0.wp.com\/www.grieta.org.mx\/wp-content\/uploads\/2018\/07\/t1-1.jpg?resize=350%2C200 1x, https:\/\/i0.wp.com\/www.grieta.org.mx\/wp-content\/uploads\/2018\/07\/t1-1.jpg?resize=525%2C300 1.5x, https:\/\/i0.wp.com\/www.grieta.org.mx\/wp-content\/uploads\/2018\/07\/t1-1.jpg?resize=700%2C400 2x"},"classes":[]},{"id":65080,"url":"http:\/\/www.grieta.org.mx\/index.php\/2022\/08\/30\/familiares-de-victimas-de-desaparicion-se-manifiestan-frente-a-palacio-de-gobierno-de-slp\/","url_meta":{"origin":65377,"position":2},"title":"Familiares de v\u00edctimas de desaparici\u00f3n se manifiestan frente a Palacio de Gobierno de SLP","author":"grieta","date":"30 agosto, 2022","format":false,"excerpt":"Redacci\u00f3n\/El Universal San Luis Potos\u00ed 30 agosto 2022 Fotos: Fabiola Ju\u00e1rez En las vallas que rodean el edificio gubernamental fueron colocadas mantas con fotograf\u00edas de los desaparecidos potosinos; piden continuar con su b\u00fasqueda hasta encontrarlos En el marco del D\u00eda Internacional de V\u00edctimas de Desaparici\u00f3n Forzada, familiares e integrantes del\u2026","rel":"","context":"En &quot;CINTILLO&quot;","block_context":{"text":"CINTILLO","link":"http:\/\/www.grieta.org.mx\/index.php\/category\/cintillo\/"},"img":{"alt_text":"","src":"https:\/\/i0.wp.com\/www.grieta.org.mx\/wp-content\/uploads\/2022\/09\/desparecidos_slp_1.jpg?resize=350%2C200","width":350,"height":200,"srcset":"https:\/\/i0.wp.com\/www.grieta.org.mx\/wp-content\/uploads\/2022\/09\/desparecidos_slp_1.jpg?resize=350%2C200 1x, https:\/\/i0.wp.com\/www.grieta.org.mx\/wp-content\/uploads\/2022\/09\/desparecidos_slp_1.jpg?resize=525%2C300 1.5x, https:\/\/i0.wp.com\/www.grieta.org.mx\/wp-content\/uploads\/2022\/09\/desparecidos_slp_1.jpg?resize=700%2C400 2x, https:\/\/i0.wp.com\/www.grieta.org.mx\/wp-content\/uploads\/2022\/09\/desparecidos_slp_1.jpg?resize=1050%2C600 3x"},"classes":[]},{"id":58801,"url":"http:\/\/www.grieta.org.mx\/index.php\/2021\/04\/15\/denuncian-falta-de-apoyo-institucional-para-busqueda-de-desaparecidos-en-san-luis-potosi\/","url_meta":{"origin":65377,"position":3},"title":"Denuncian falta de apoyo institucional para b\u00fasqueda de desaparecidos en San Luis Potos\u00ed","author":"grieta","date":"15 abril, 2021","format":false,"excerpt":"Juan Hern\u00e1ndez\/Quadrat\u00edn SLP 15 abril 2021 SAN LUIS POTOS\u00cd, SLP., 15 de abril 2021.- La vocera y representante del colectivo Voz y Dignidad por los Nuestros, que se dedica a la b\u00fasqueda de personas desaparecidas, Edith P\u00e9rez Rodr\u00edguez, ahora estar\u00e1 trabajando en la Comisi\u00f3n Estatal de Derechos Humanos (CEDH), incluso\u2026","rel":"","context":"En &quot;CINTILLO&quot;","block_context":{"text":"CINTILLO","link":"http:\/\/www.grieta.org.mx\/index.php\/category\/cintillo\/"},"img":{"alt_text":"","src":"https:\/\/i0.wp.com\/www.grieta.org.mx\/wp-content\/uploads\/2021\/04\/cedh.jpeg?resize=350%2C200","width":350,"height":200,"srcset":"https:\/\/i0.wp.com\/www.grieta.org.mx\/wp-content\/uploads\/2021\/04\/cedh.jpeg?resize=350%2C200 1x, https:\/\/i0.wp.com\/www.grieta.org.mx\/wp-content\/uploads\/2021\/04\/cedh.jpeg?resize=525%2C300 1.5x, https:\/\/i0.wp.com\/www.grieta.org.mx\/wp-content\/uploads\/2021\/04\/cedh.jpeg?resize=700%2C400 2x, https:\/\/i0.wp.com\/www.grieta.org.mx\/wp-content\/uploads\/2021\/04\/cedh.jpeg?resize=1050%2C600 3x"},"classes":[]},{"id":41759,"url":"http:\/\/www.grieta.org.mx\/index.php\/2019\/11\/19\/comision-de-busqueda-atiende-39-reportes-san-luis-potosi\/","url_meta":{"origin":65377,"position":4},"title":"Comisi\u00f3n de B\u00fasqueda atiende 39 reportes (San Luis Potos\u00ed)","author":"grieta","date":"19 noviembre, 2019","format":false,"excerpt":"29 son del caso Pirasol; hace 10 a\u00f1os que desapareci\u00f3 un autob\u00fas con trabajadores y siguen desaparecidos Mayra Trist\u00e1n\/El Sol de San Luis La Comisi\u00f3n Estatal de B\u00fasqueda tiene reporte de 39 personas desparecidas en San Luis Potos\u00ed, de las cuales, 10 son migrantes mexicanos y centroamericanos, inform\u00f3 Jes\u00fas Ju\u00e1rez\u2026","rel":"","context":"En &quot;CINTILLO&quot;","block_context":{"text":"CINTILLO","link":"http:\/\/www.grieta.org.mx\/index.php\/category\/cintillo\/"},"img":{"alt_text":"","src":"https:\/\/i0.wp.com\/www.grieta.org.mx\/wp-content\/uploads\/2019\/12\/desaparecidos.png?resize=350%2C200","width":350,"height":200,"srcset":"https:\/\/i0.wp.com\/www.grieta.org.mx\/wp-content\/uploads\/2019\/12\/desaparecidos.png?resize=350%2C200 1x, https:\/\/i0.wp.com\/www.grieta.org.mx\/wp-content\/uploads\/2019\/12\/desaparecidos.png?resize=525%2C300 1.5x, https:\/\/i0.wp.com\/www.grieta.org.mx\/wp-content\/uploads\/2019\/12\/desaparecidos.png?resize=700%2C400 2x"},"classes":[]},{"id":55011,"url":"http:\/\/www.grieta.org.mx\/index.php\/2020\/11\/11\/recorte-de-fideicomisos-afectara-busqueda-de-desaparecidos-en-san-luis-potosi\/","url_meta":{"origin":65377,"position":5},"title":"Recorte de fideicomisos afectar\u00e1 b\u00fasqueda de desaparecidos en San Luis Potos\u00ed","author":"grieta","date":"11 noviembre, 2020","format":false,"excerpt":"Juan Hern\u00e1ndez\/Quadrat\u00edn San Luis Potos\u00ed 11 noviembre 2020 SAN LUIS POTOS\u00cd, SLP., 11 de noviembre 2020.- La desaparici\u00f3n del Fondo de Ayuda, Asistencia y Reparaci\u00f3n Integral, por parte del Senado de la Rep\u00fablica, provocar\u00e1 que las labores de b\u00fasqueda quedar\u00e1n suspendidas para varias personas que integran el colectivo Voz y\u2026","rel":"","context":"En &quot;CINTILLO&quot;","block_context":{"text":"CINTILLO","link":"http:\/\/www.grieta.org.mx\/index.php\/category\/cintillo\/"},"img":{"alt_text":"","src":"https:\/\/i0.wp.com\/www.grieta.org.mx\/wp-content\/uploads\/2020\/11\/WhatsApp-Image-2020-11-10-at-5.15.41-PM-1160x700-1.jpeg?resize=350%2C200","width":350,"height":200,"srcset":"https:\/\/i0.wp.com\/www.grieta.org.mx\/wp-content\/uploads\/2020\/11\/WhatsApp-Image-2020-11-10-at-5.15.41-PM-1160x700-1.jpeg?resize=350%2C200 1x, https:\/\/i0.wp.com\/www.grieta.org.mx\/wp-content\/uploads\/2020\/11\/WhatsApp-Image-2020-11-10-at-5.15.41-PM-1160x700-1.jpeg?resize=525%2C300 1.5x, https:\/\/i0.wp.com\/www.grieta.org.mx\/wp-content\/uploads\/2020\/11\/WhatsApp-Image-2020-11-10-at-5.15.41-PM-1160x700-1.jpeg?resize=700%2C400 2x, https:\/\/i0.wp.com\/www.grieta.org.mx\/wp-content\/uploads\/2020\/11\/WhatsApp-Image-2020-11-10-at-5.15.41-PM-1160x700-1.jpeg?resize=1050%2C600 3x"},"classes":[]}],"_links":{"self":[{"href":"http:\/\/www.grieta.org.mx\/index.php\/wp-json\/wp\/v2\/posts\/65377","targetHints":{"allow":["GET"]}}],"collection":[{"href":"http:\/\/www.grieta.org.mx\/index.php\/wp-json\/wp\/v2\/posts"}],"about":[{"href":"http:\/\/www.grieta.org.mx\/index.php\/wp-json\/wp\/v2\/types\/post"}],"author":[{"embeddable":true,"href":"http:\/\/www.grieta.org.mx\/index.php\/wp-json\/wp\/v2\/users\/2"}],"replies":[{"embeddable":true,"href":"http:\/\/www.grieta.org.mx\/index.php\/wp-json\/wp\/v2\/comments?post=65377"}],"version-history":[{"count":1,"href":"http:\/\/www.grieta.org.mx\/index.php\/wp-json\/wp\/v2\/posts\/65377\/revisions"}],"predecessor-version":[{"id":65379,"href":"http:\/\/www.grieta.org.mx\/index.php\/wp-json\/wp\/v2\/posts\/65377\/revisions\/65379"}],"wp:featuredmedia":[{"embeddable":true,"href":"http:\/\/www.grieta.org.mx\/index.php\/wp-json\/wp\/v2\/media\/65378"}],"wp:attachment":[{"href":"http:\/\/www.grieta.org.mx\/index.php\/wp-json\/wp\/v2\/media?parent=65377"}],"wp:term":[{"taxonomy":"category","embeddable":true,"href":"http:\/\/www.grieta.org.mx\/index.php\/wp-json\/wp\/v2\/categories?post=65377"},{"taxonomy":"post_tag","embeddable":true,"href":"http:\/\/www.grieta.org.mx\/index.php\/wp-json\/wp\/v2\/tags?post=65377"}],"curies":[{"name":"wp","href":"https:\/\/api.w.org\/{rel}","templated":true}]}}