{"id":65374,"date":"2022-09-30T12:29:25","date_gmt":"2022-09-30T17:29:25","guid":{"rendered":"https:\/\/www.grieta.org.mx\/?p=65374"},"modified":"2022-10-03T12:37:00","modified_gmt":"2022-10-03T17:37:00","slug":"preparan-demanda-contra-la-maquiladora-kemet-en-victoria-tamaulipas","status":"publish","type":"post","link":"http:\/\/www.grieta.org.mx\/index.php\/2022\/09\/30\/preparan-demanda-contra-la-maquiladora-kemet-en-victoria-tamaulipas\/","title":{"rendered":"Preparan demanda contra la maquiladora KEMET en Victoria  (Tamaulipas)"},"content":{"rendered":"<p>Lupita Dom\u00ednguez G.\/Vox Populi Noticias<br \/>\n30 septiembre 2022<\/p>\n<p>Ciudad Victoria, Tamaulipas<br \/>\nEl Sindicato Industrial Trabajadores en Plantas Maquiladoras, Similares y Conexos de esta Ciudad, ya prepara una demanda contra la empresa KEMET por incumplimiento de contrato.<\/p>\n<p>Lo anterior, luego de que este jueves retomara el despido de un n\u00famero no especificado de obreros de los tres turnos, se\u00f1al\u00f3 la l\u00edder obrera, Mar\u00eda Dolores Z\u00fa\u00f1iga V\u00e1zquez.<\/p>\n<p>As\u00ed mismo, recalc\u00f3 que la empresa sin decir \u2018agua va\u2019 reinici\u00f3 el despido de los trabajadores, haciendo a un lado el contrato colectivo que firm\u00f3 con el sindicato.<\/p>\n<p>Aunque subray\u00f3 no tener un n\u00famero de los obreros que ser\u00edan despedidos, de manera que estim\u00f3 que podr\u00edan ser hasta un 50 por ciento de los mil 300 obreros que laboran en esa maquiladora.<\/p>\n<p>No obstante, precis\u00f3 que el asunto est\u00e1 en manos del abogado del sindicato, por lo que habr\u00e1 que esperar.<\/p>\n<p>Adem\u00e1s, manifest\u00f3 que sin que la empresa haya informado oficialmente el motivo de los despidos, se sabe que se debe a la baja producci\u00f3n que presentan.<\/p>\n<p>\u201cPor baja producci\u00f3n y problemas que tienen en Taiwan, ellos no me avisaron, esta una demanda ya por violaciones al contrato\u201d, indic\u00f3.<\/p>\n<p>Sin embargo, record\u00f3 que el contrato, entre otras cosas, estipula los cambios de turno, y que los trabajadores trabajen en buenas condiciones laborales.<\/p>\n<p>En tanto, dijo que esto no es as\u00ed dado que las condiciones en que est\u00e1n laborando distan de lo estipulado en el contrato.<\/p>\n<p>\u201cNo est\u00e1 cumpliendo, no les da los guates que deben ser, los cubrebocas que deben ser, les apagan los aires acondicionados, les apagan la luz en la planta, les est\u00e1n reduciendo el papel y jab\u00f3n, les quitaron el caf\u00e9 a los turnos de la noche\u201d, expres\u00f3.<\/p>\n<p>Finalmente, agreg\u00f3 que est\u00e1n analizando si interpondr\u00e1n la demanda en el nuevo centro federal o en la Junta de Conciliaci\u00f3n.<\/p>\n<p>\u201cEn esa demanda le vamos a demandar a la empresa el cumplimiento del contrato y que nos diga por qu\u00e9 lo est\u00e1 violando, tiene muchas irregularidades ah\u00ed, pero no sabemos si es en el nuevo centro federal o en la Junta Federal\u201d.<\/p>\n<p><a href=\"https:\/\/voxpopulinoticias.com.mx\/2022\/09\/preparan-demanda-contra-la-maquiladora-kemet-en-victoria\/?utm_source=pocket_mylist\" rel=\"noopener\" target=\"_blank\">https:\/\/voxpopulinoticias.com.mx\/2022\/09\/preparan-demanda-contra-la-maquiladora-kemet-en-victoria\/?utm_source=pocket_mylist<\/a><\/p>\n","protected":false},"excerpt":{"rendered":"<p>Lupita Dom\u00ednguez G.\/Vox Populi Noticias 30 septiembre 2022 Ciudad Victoria, Tamaulipas El Sindicato Industrial Trabajadores en Plantas Maquiladoras, Similares y Conexos de esta Ciudad, ya prepara una demanda contra la &hellip; <a href=\"http:\/\/www.grieta.org.mx\/index.php\/2022\/09\/30\/preparan-demanda-contra-la-maquiladora-kemet-en-victoria-tamaulipas\/\" class=\"more-link\">Leer m\u00e1s<\/a><\/p>\n","protected":false},"author":2,"featured_media":65375,"comment_status":"closed","ping_status":"closed","sticky":false,"template":"","format":"standard","meta":{"ngg_post_thumbnail":0,"_jetpack_newsletter_access":"","_jetpack_dont_email_post_to_subs":false,"_jetpack_newsletter_tier_id":0,"_jetpack_memberships_contains_paywalled_content":false,"_jetpack_memberships_contains_paid_content":false,"footnotes":""},"categories":[80,1137,2011,2,33],"tags":[2463,3549,2105,3403,2003],"class_list":["post-65374","post","type-post","status-publish","format-standard","has-post-thumbnail","hentry","category-cintillo","category-explotacion-y-precariedad-laboral-en-tamaulipas","category-lucha-de-trabajadores-de-la-industria-maquiladora-en-tamaulipas","category-noticias-nacionales","category-tamaulipas","tag-demandas-laborales","tag-despidos-injustificados","tag-despidos-masivos","tag-manifestaciones-de-trabajadores","tag-maquiladoras","entry"],"jetpack_featured_media_url":"http:\/\/www.grieta.org.mx\/wp-content\/uploads\/2022\/10\/lola-750x375-1.jpg","jetpack_sharing_enabled":true,"jetpack_shortlink":"https:\/\/wp.me\/p7ZJR4-h0q","jetpack_likes_enabled":false,"jetpack-related-posts":[{"id":52353,"url":"http:\/\/www.grieta.org.mx\/index.php\/2020\/08\/03\/maquiladora-aptiv-de-ciudad-victoria-despedira-a-750-trabajadores-tamaulipas\/","url_meta":{"origin":65374,"position":0},"title":"Maquiladora APTIV de Ciudad Victoria despedir\u00e1 a 750 trabajadores (Tamaulipas)","author":"grieta","date":"3 agosto, 2020","format":false,"excerpt":"Antonio Hern\u00e1ndez\/Milenio 3 agosto 2020 Los despidos pueden empezar esta semana o la pr\u00f3xima. Foto: Milenio (Archivo) Aproximadamente 750 trabajadores de la maquiladora APTIV de Ciudad Victoria est\u00e1n a la espera de\u00a0\u201cnuevo c\u00f3digo\u201d\u00a0para continuar con l\u00ednea de producci\u00f3n de\u00a0Ford\u00a0y\u00a0evitar el despido. As\u00ed lo destac\u00f3, Mar\u00eda Dolores Z\u00fa\u00f1iga V\u00e1zquez, secretaria general\u2026","rel":"","context":"En &quot;CINTILLO&quot;","block_context":{"text":"CINTILLO","link":"http:\/\/www.grieta.org.mx\/index.php\/category\/cintillo\/"},"img":{"alt_text":"","src":"https:\/\/i0.wp.com\/www.grieta.org.mx\/wp-content\/uploads\/2020\/08\/maquiladoras-suspenden-confeccion-prendas-cubrebocas.jpeg?resize=350%2C200","width":350,"height":200,"srcset":"https:\/\/i0.wp.com\/www.grieta.org.mx\/wp-content\/uploads\/2020\/08\/maquiladoras-suspenden-confeccion-prendas-cubrebocas.jpeg?resize=350%2C200 1x, https:\/\/i0.wp.com\/www.grieta.org.mx\/wp-content\/uploads\/2020\/08\/maquiladoras-suspenden-confeccion-prendas-cubrebocas.jpeg?resize=525%2C300 1.5x, https:\/\/i0.wp.com\/www.grieta.org.mx\/wp-content\/uploads\/2020\/08\/maquiladoras-suspenden-confeccion-prendas-cubrebocas.jpeg?resize=700%2C400 2x"},"classes":[]},{"id":49598,"url":"http:\/\/www.grieta.org.mx\/index.php\/2020\/05\/07\/denuncian-a-maquiladora-por-exponer-a-empleados-al-c-19-tamaulipas\/","url_meta":{"origin":65374,"position":1},"title":"DENUNCIAN A MAQUILADORA POR EXPONER A EMPLEADOS AL C-19 (Tamaulipas)","author":"grieta","date":"7 mayo, 2020","format":false,"excerpt":"Salvador Valadez\/Expreso.press 7 mayo 2020 Oblig\u00f3 a sus m\u00e1s de 500 empleados a regresar el lunes de esta semana CIUDAD VICTORIA, TAMAULIPAS.- Hasta este jueves, tres maquiladoras de Ciudad Victoria ya hab\u00edan reanudado sus operaciones en esta capital, bajo el argumento de que son empresas esenciales. Se trata de Kemet\u2026","rel":"","context":"En &quot;CINTILLO&quot;","block_context":{"text":"CINTILLO","link":"http:\/\/www.grieta.org.mx\/index.php\/category\/cintillo\/"},"img":{"alt_text":"","src":"https:\/\/i0.wp.com\/www.grieta.org.mx\/wp-content\/uploads\/2020\/05\/maquiladora.jpg?resize=350%2C200","width":350,"height":200,"srcset":"https:\/\/i0.wp.com\/www.grieta.org.mx\/wp-content\/uploads\/2020\/05\/maquiladora.jpg?resize=350%2C200 1x, https:\/\/i0.wp.com\/www.grieta.org.mx\/wp-content\/uploads\/2020\/05\/maquiladora.jpg?resize=525%2C300 1.5x, https:\/\/i0.wp.com\/www.grieta.org.mx\/wp-content\/uploads\/2020\/05\/maquiladora.jpg?resize=700%2C400 2x"},"classes":[]},{"id":64901,"url":"http:\/\/www.grieta.org.mx\/index.php\/2022\/08\/16\/maquilas-de-tamaulipas-han-despedido-a-casi-cinco-mil-trabajadores\/","url_meta":{"origin":65374,"position":2},"title":"Maquilas de Tamaulipas han despedido a casi cinco mil trabajadores","author":"grieta","date":"16 agosto, 2022","format":false,"excerpt":"Paola Mel\u00e9ndez\/Hoy Tamaulipas 16 agosto 2022 Seg\u00fan el IMSS, en el Estado se ha presentado una baja de cuatro mil 673 obreros entre marzo y julio del 2022. Ciudad Victoria, Tamaulipas.- La industria maquiladora en Tamaulipas ha recortado casi cinco mil empleos en cuatro meses, seg\u00fan el Instituto Mexicano del\u2026","rel":"","context":"En &quot;CINTILLO&quot;","block_context":{"text":"CINTILLO","link":"http:\/\/www.grieta.org.mx\/index.php\/category\/cintillo\/"},"img":{"alt_text":"","src":"https:\/\/i0.wp.com\/www.grieta.org.mx\/wp-content\/uploads\/2022\/08\/Maquilas-de-Tamaulipas-han-despedido-a-casi-cinco-mil-trabajadores-en-cuatro-meses.jpg?resize=350%2C200","width":350,"height":200,"srcset":"https:\/\/i0.wp.com\/www.grieta.org.mx\/wp-content\/uploads\/2022\/08\/Maquilas-de-Tamaulipas-han-despedido-a-casi-cinco-mil-trabajadores-en-cuatro-meses.jpg?resize=350%2C200 1x, https:\/\/i0.wp.com\/www.grieta.org.mx\/wp-content\/uploads\/2022\/08\/Maquilas-de-Tamaulipas-han-despedido-a-casi-cinco-mil-trabajadores-en-cuatro-meses.jpg?resize=525%2C300 1.5x, https:\/\/i0.wp.com\/www.grieta.org.mx\/wp-content\/uploads\/2022\/08\/Maquilas-de-Tamaulipas-han-despedido-a-casi-cinco-mil-trabajadores-en-cuatro-meses.jpg?resize=700%2C400 2x"},"classes":[]},{"id":52279,"url":"http:\/\/www.grieta.org.mx\/index.php\/2020\/07\/22\/denuncian-a-maquiladoras-por-incumplir-medidas-sanitarias\/","url_meta":{"origin":65374,"position":3},"title":"Denuncian a maquiladoras por incumplir medidas sanitarias (Tamaulipas)","author":"grieta","date":"22 julio, 2020","format":false,"excerpt":"Carolina Garza\/Milenio 22 julio 2020 En Reynosa m\u00e1s de 400 empresas enfrentan procesos legales. Maquiladoras de Reynosa en tiempos de covid-19 | Cortes\u00eda Los despachos jur\u00eddicos de Reynosa se saturan de demandas por trabajadores del sector industrial en donde se\u00f1alan, incumplen con las medidas de sanidad. El abogado Javier Gerardo\u2026","rel":"","context":"En &quot;CINTILLO&quot;","block_context":{"text":"CINTILLO","link":"http:\/\/www.grieta.org.mx\/index.php\/category\/cintillo\/"},"img":{"alt_text":"","src":"https:\/\/i0.wp.com\/www.grieta.org.mx\/wp-content\/uploads\/2020\/08\/maquiladoras-de-reynosa-en-tiempos.jpg?resize=350%2C200","width":350,"height":200,"srcset":"https:\/\/i0.wp.com\/www.grieta.org.mx\/wp-content\/uploads\/2020\/08\/maquiladoras-de-reynosa-en-tiempos.jpg?resize=350%2C200 1x, https:\/\/i0.wp.com\/www.grieta.org.mx\/wp-content\/uploads\/2020\/08\/maquiladoras-de-reynosa-en-tiempos.jpg?resize=525%2C300 1.5x, https:\/\/i0.wp.com\/www.grieta.org.mx\/wp-content\/uploads\/2020\/08\/maquiladoras-de-reynosa-en-tiempos.jpg?resize=700%2C400 2x"},"classes":[]},{"id":30267,"url":"http:\/\/www.grieta.org.mx\/index.php\/2019\/03\/07\/arman-paro-obreros-de-maquiladora-de-ciudad-victoria-tamaulipas\/","url_meta":{"origin":65374,"position":4},"title":"Arman paro obreros de maquiladora de Ciudad Victoria (Tamaulipas)","author":"grieta","date":"7 marzo, 2019","format":false,"excerpt":"Marco Esquivel \/ Hoy Tamaulipas Alrededor de un centenar de trabajadores de la maquiladora Spring Windows Fashions se manifiestan en el exterior de la planta Ciudad Victoria, Tamaulipas.- Un grupo de obreros de la maquiladora Springs Windows Fashions ubicada en el Parque Industrial Nuevo Santander sureste de esta ciudad capital\u2026","rel":"","context":"En &quot;CINTILLO&quot;","block_context":{"text":"CINTILLO","link":"http:\/\/www.grieta.org.mx\/index.php\/category\/cintillo\/"},"img":{"alt_text":"","src":"https:\/\/i0.wp.com\/www.grieta.org.mx\/wp-content\/uploads\/2019\/03\/Arman-paro-obreros-de-maquiladora-de-Ciudad-tama-mzo.jpg?resize=350%2C200","width":350,"height":200},"classes":[]},{"id":50017,"url":"http:\/\/www.grieta.org.mx\/index.php\/2020\/05\/28\/continuan-los-despidos-en-maquiladora-modine-de-nuevo-laredo-tamaulipas\/","url_meta":{"origin":65374,"position":5},"title":"Contin\u00faan los despidos en maquiladora Modine de Nuevo Laredo (Tamaulipas)","author":"grieta","date":"28 mayo, 2020","format":false,"excerpt":"Mario Portillo\/Hoy T.am 28 mayo 2020 \"No s\u00e9 por qu\u00e9 son los despidos, a mi nada m\u00e1s me dijeron que me presentara a trabajar y no me dijeron que iba a ser liquidada\u201d, dijo Nohem\u00ed Hern\u00e1ndez, quien ten\u00eda tres a\u00f1os en la empresa. Foto: Mario Portillo Nuevo Laredo, Tamaulipas. -\u2026","rel":"","context":"En &quot;CINTILLO&quot;","block_context":{"text":"CINTILLO","link":"http:\/\/www.grieta.org.mx\/index.php\/category\/cintillo\/"},"img":{"alt_text":"","src":"https:\/\/i0.wp.com\/www.grieta.org.mx\/wp-content\/uploads\/2020\/05\/Continuan-los-despidos-en-maquiladora-Modine-de-Nuevo-Laredo.jpg?resize=350%2C200","width":350,"height":200,"srcset":"https:\/\/i0.wp.com\/www.grieta.org.mx\/wp-content\/uploads\/2020\/05\/Continuan-los-despidos-en-maquiladora-Modine-de-Nuevo-Laredo.jpg?resize=350%2C200 1x, https:\/\/i0.wp.com\/www.grieta.org.mx\/wp-content\/uploads\/2020\/05\/Continuan-los-despidos-en-maquiladora-Modine-de-Nuevo-Laredo.jpg?resize=525%2C300 1.5x, https:\/\/i0.wp.com\/www.grieta.org.mx\/wp-content\/uploads\/2020\/05\/Continuan-los-despidos-en-maquiladora-Modine-de-Nuevo-Laredo.jpg?resize=700%2C400 2x"},"classes":[]}],"_links":{"self":[{"href":"http:\/\/www.grieta.org.mx\/index.php\/wp-json\/wp\/v2\/posts\/65374","targetHints":{"allow":["GET"]}}],"collection":[{"href":"http:\/\/www.grieta.org.mx\/index.php\/wp-json\/wp\/v2\/posts"}],"about":[{"href":"http:\/\/www.grieta.org.mx\/index.php\/wp-json\/wp\/v2\/types\/post"}],"author":[{"embeddable":true,"href":"http:\/\/www.grieta.org.mx\/index.php\/wp-json\/wp\/v2\/users\/2"}],"replies":[{"embeddable":true,"href":"http:\/\/www.grieta.org.mx\/index.php\/wp-json\/wp\/v2\/comments?post=65374"}],"version-history":[{"count":1,"href":"http:\/\/www.grieta.org.mx\/index.php\/wp-json\/wp\/v2\/posts\/65374\/revisions"}],"predecessor-version":[{"id":65376,"href":"http:\/\/www.grieta.org.mx\/index.php\/wp-json\/wp\/v2\/posts\/65374\/revisions\/65376"}],"wp:featuredmedia":[{"embeddable":true,"href":"http:\/\/www.grieta.org.mx\/index.php\/wp-json\/wp\/v2\/media\/65375"}],"wp:attachment":[{"href":"http:\/\/www.grieta.org.mx\/index.php\/wp-json\/wp\/v2\/media?parent=65374"}],"wp:term":[{"taxonomy":"category","embeddable":true,"href":"http:\/\/www.grieta.org.mx\/index.php\/wp-json\/wp\/v2\/categories?post=65374"},{"taxonomy":"post_tag","embeddable":true,"href":"http:\/\/www.grieta.org.mx\/index.php\/wp-json\/wp\/v2\/tags?post=65374"}],"curies":[{"name":"wp","href":"https:\/\/api.w.org\/{rel}","templated":true}]}}