{"id":65226,"date":"2022-09-12T12:53:38","date_gmt":"2022-09-12T17:53:38","guid":{"rendered":"https:\/\/www.grieta.org.mx\/?p=65226"},"modified":"2022-09-16T13:00:08","modified_gmt":"2022-09-16T18:00:08","slug":"jalisco-ocupa-el-primer-lugar-nacional-en-personas-desaparecidas","status":"publish","type":"post","link":"http:\/\/www.grieta.org.mx\/index.php\/2022\/09\/12\/jalisco-ocupa-el-primer-lugar-nacional-en-personas-desaparecidas\/","title":{"rendered":"Jalisco ocupa el primer lugar nacional en personas desaparecidas"},"content":{"rendered":"<p>Imagen: Francisco Rodr\u00edguez<\/p>\n<h6 class=\"subtitle\">Ante la falta de respuesta de las autoridades, familias y colectivos se han unido para buscar a los desaparecidos<\/h6>\n<p>Elizabeth Ibal y V\u00edctor Ch\u00e1vez \/ El Occidental<\/p>\n<p>En Jalisco, el drama de las desapariciones alcanza dimensiones dantescas, no s\u00f3lo por sus cifras, m\u00e1s de 13 mil que lo ponen en el primer lugar a nivel nacional, sino por las historias que se han escrito en el camino: fosas clandestinas dentro de algunas de las m\u00e1s de 15 mil viviendas abandonadas en Tlajomulco, la diferencia de cifras entre el estado y la Federaci\u00f3n, la depuraci\u00f3n de los listados, la segunda fosa en la que se ha convertido el Semefo, donde algunas madres han recuperado los restos de sus hijos seis meses o hasta un a\u00f1o despu\u00e9s de ser localizados, y las pr\u00e1cticas sistematizadas que los colectivos han denunciado c\u00f3mo el af\u00e1n del gobierno en desaparecer a los desaparecidos.<\/p>\n<p>Por si fuera poco, de los cerca de 464 millones de pesos destinados a la b\u00fasqueda de personas, tres de cada cuatro pesos se van en el pago de la n\u00f3mina de quienes laboran para cuatro dependencias.<\/p>\n<p>Para empezar, de acuerdo al Sistema de Informaci\u00f3n Sobre V\u00edctimas de Desaparici\u00f3n del Estado de Jalisco, al 31 de julio de 2022, hay 13 mil 463, de los cuales 11 mil 612 son hombres y mil 851 son mujeres.<\/p>\n<p>El Registro Nacional para Personas Desaparecidas de la Secretar\u00eda de Gobernaci\u00f3n en cambio, actualizado al 1 de septiembre del 2022, destaca que son 13 mil 16 personas desaparecidas a partir del 1 de diciembre del 2018, es decir, cuando comenz\u00f3 esta administraci\u00f3n. Se destaca que 6 mil 590 personas han sido localizadas, pero 957 de ellas sin vida, la mayor\u00eda dentro de fosas clandestinas, donde tambi\u00e9n Jalisco es primer lugar.<\/p>\n<p>En febrero de 2021 se aprob\u00f3 en el Congreso del Estado la Ley de Declaraci\u00f3n Especial de Ausencia, en la que se contemplan 30 d\u00edas en los tiempos legales para solicitar la declaraci\u00f3n de ausencia, que se podr\u00e1 solicitar aunque no exista denuncia ante la Fiscal\u00eda Estatal, y posteriormente, el 5 de marzo de ese mismo a\u00f1o, se emiti\u00f3 la Ley de Personas Desaparecidas en el Estado de Jalisco que contempla ya la Comisi\u00f3n Estatal de B\u00fasqueda, que comenz\u00f3 a funcionar hasta 2022 por carecer de presupuesto.<\/p>\n<p>Sin embargo, el Centro de Justicia para la Paz y Desarrollo CEPAD ha documentado que a los 46 compromisos posteriores, las autoridades no le han dado cumplimiento. Para este 2022 las cuatro dependencias cruciales en la b\u00fasqueda de personas: Fiscal\u00eda Especial en Personas Desaparecidas (FEPD), Comisi\u00f3n de B\u00fasqueda de Personas del Estado de Jalisco (Cobupej), Instituto Jalisciense de Ciencias Forenses (IJCF) y Comisi\u00f3n Ejecutiva Estatal de Atenci\u00f3n a V\u00edctimas (CEEAVJ), tienen un presupuesto total de 463 millones 939 mil 461 pesos y de \u00e9stos 313 millones 679 mil 15 pesos se van al pago de la n\u00f3mina de los funcionarios.<\/p>\n<h6>Desaparecer a los desaparecidos<\/h6>\n<p>Martha Leticia Garc\u00eda Cruz, cofundadora del colectivo Entre cielo y tierra, relata que, ante la indiferencia y los largos procesos para buscar a las personas desaparecidas desde el gobierno estatal, las y los familiares han tenido la iniciativa de unirse para hacer sus propias investigaciones y b\u00fasquedas ante un incremento sostenido de los casos.<\/p>\n<p>Ella es madre de C\u00e9sar Ulises Quintero, desaparecido en 2017, y advierte que la pr\u00e1ctica de desaparecer a los desaparecidos comienza desde el primer momento en que quienes acuden a denunciar una desaparici\u00f3n en las fiscal\u00edas regionales o a las polic\u00edas municipales reciben amenazas e intimidaci\u00f3n directas por parte de los funcionarios, incluso en sus domicilios.<\/p>\n<p>H\u00e9ctor Flores, representante del colectivo Luz de Esperanza, recalca que hay una estrategia de las autoridades estatales para minimizar los casos de desaparici\u00f3n y entorpecer las investigaciones al manipular a las instituciones y las cifras, a fin de que la sociedad no vea el problema y le apueste al olvido.<\/p>\n<p>H\u00e9ctor es pap\u00e1 de Daniel Flores Hern\u00e1ndez, sustra\u00eddo por presuntos elementos de la Fiscal\u00eda General de Jalisco, en conjunto con el crimen organizado, en 2021, y asegura que aunque hay hasta 45 denuncias por d\u00eda, s\u00f3lo en el 10% son encontradas con vida.<\/p>\n<h6>Como muerta en vida<\/h6>\n<p>Mar\u00eda de Lourdes Ruiz Bravo, es madre de Jos\u00e9 Marcos Alejandro Maldonado Ruiz, desaparecido el 22 de julio de 2015 y de Mar\u00eda de Lourdes Maldonado Ruiz, quien fue privada de la libertad por un comando el 13 de agosto de 2020, cuando se encontraba d\u00e1ndole de comer a una de sus dos hijas.<\/p>\n<p>Para ella ha sido un calvario lidiar con la ausencia de sus dos hijos y con la indiferencia de las autoridades.<\/p>\n<p>\u201cPara m\u00ed ha sido muy doloroso. Yo siento que estoy muerta en vida con la desaparici\u00f3n de mis hijos. Si ya ten\u00eda a uno desaparecido y ahora me desaparecen a mi hija. Me siento completamente muerta en vida\u201d, dice entre llanto la se\u00f1ora Lul\u00fa.<\/p>\n<p>Las dos hijas de Mar\u00eda de Lourdes son su aliciente para despertar todos los d\u00edas con \u00e1nimo, pese al dolor que siente por dentro.<\/p>\n<p>\u201cTengo que luchar por ellas. Tengo que apoyarlas a que estudien, a que salgan adelante y seguimos con la esperanza de encontrar a su mam\u00e1\u201d.<\/p>\n<p>Todos los d\u00edas al despertar le pide a Dios fortaleza para seguir buscando a sus hijos.<\/p>\n<h6>Me siento sola<\/h6>\n<p>Do\u00f1a Mar\u00eda de Jes\u00fas Sol\u00eds, sufre la p\u00e9rdida de su hijo Jaime Adri\u00e1n Ram\u00edrez Sol\u00eds, quien desapareci\u00f3 el 18 de sep- tiembre de 2020. Desde entonces su vida ha sido un calvario en el que ha ido de la depresi\u00f3n a sentirse sola.<\/p>\n<p>A unos d\u00edas de que su hijo cumpla dos a\u00f1os de su desaparici\u00f3n, cuenta que ha sido un proceso muy doloroso. Ese d\u00eda \u00e9l le dijo que m\u00e1s tarde regresar\u00eda a su casa, pero ya nunca volvi\u00f3 y hasta la fecha no tiene noticias de su paradero.<\/p>\n<p>\u201cMucha tristeza. Estoy sola como dice uno. Tengo familia, tengo marido, tengo hijos que me esperan en casa, pero esta lucha como mam\u00e1 es sola. No me han abandonado, pero s\u00ed me siento sola\u201d.<\/p>\n<p>Narra la desesperaci\u00f3n que es tener que dividir su vida entre buscar a su hijo; seguir con sus hijos que la esperan en casa y fortalecer su familia.<\/p>\n<p>Durante los primeros seis meses de la desaparici\u00f3n de Jaime Adri\u00e1n, la se\u00f1ora Mar\u00eda de Jes\u00fas cay\u00f3 en depresi\u00f3n.<\/p>\n<p>Sus cuatro nietos menores de edad fueron su motor para salir adelante y sobrellevar el dolor, por lo que ahora tiene m\u00e1s \u00e1nimos que nunca de continuar la b\u00fasqueda y seguir apoyando a otros familiares con los que comparte el mismo sufrimiento.<\/p>\n<p>\u201cAhorita que ya ando activa, todo el d\u00eda ya lo tengo ocupado en marchas, entrevistas, b\u00fasquedas aqu\u00ed, idas a Semefo, citas al Fiscal, en eso se nos va la vida a nosotras como madres buscando y la familia no lo entiende o no quieren darnos ese apoyo como deber\u00eda ser\u201d.<b><\/b><\/p>\n<p>Tambi\u00e9n el colectivo Luz de Esperanza, un grupo de apoyo en el que realizan terapia grupal y de integraci\u00f3n, pero en el que adem\u00e1s ha encontrado acompa\u00f1amiento y amistad.<\/p>\n<p><a href=\"https:\/\/www.eloccidental.com.mx\/policiaca\/jalisco-ocupa-el-primer-lugar-nacional-en-personas-desaparecidas-8876783.html\">https:\/\/www.eloccidental.com.mx\/policiaca\/jalisco-ocupa-el-primer-lugar-nacional-en-personas-desaparecidas-8876783.html<\/a><\/p>\n","protected":false},"excerpt":{"rendered":"<p>Imagen: Francisco Rodr\u00edguez Ante la falta de respuesta de las autoridades, familias y colectivos se han unido para buscar a los desaparecidos Elizabeth Ibal y V\u00edctor Ch\u00e1vez \/ El Occidental &hellip; <a href=\"http:\/\/www.grieta.org.mx\/index.php\/2022\/09\/12\/jalisco-ocupa-el-primer-lugar-nacional-en-personas-desaparecidas\/\" class=\"more-link\">Leer m\u00e1s<\/a><\/p>\n","protected":false},"author":2,"featured_media":65227,"comment_status":"closed","ping_status":"closed","sticky":false,"template":"","format":"standard","meta":{"ngg_post_thumbnail":0,"_jetpack_newsletter_access":"","_jetpack_dont_email_post_to_subs":false,"_jetpack_newsletter_tier_id":0,"_jetpack_memberships_contains_paywalled_content":false,"_jetpack_memberships_contains_paid_content":false,"footnotes":""},"categories":[80,87,1032,20,2,83],"tags":[3791,3700,3018,121,3775,1668,1228],"class_list":["post-65226","post","type-post","status-publish","format-standard","has-post-thumbnail","hentry","category-cintillo","category-desaparecidos","category-desaparecidos-en-jalisco","category-jalisco","category-noticias-nacionales","category-temas-nacionales","tag-acciones-por-desaparecidos","tag-aumento-desaparecidos","tag-colectivos-de-busqueda-de-desaparecidos","tag-desaparecidos","tag-estadisticas-de-desaparecidos","tag-familiares-de-desaparecidos","tag-protestas-por-desaparecidos","entry"],"jetpack_featured_media_url":"http:\/\/www.grieta.org.mx\/wp-content\/uploads\/2022\/09\/Desaparecidos-en-Jalisco.jpg","jetpack_sharing_enabled":true,"jetpack_shortlink":"https:\/\/wp.me\/p7ZJR4-gY2","jetpack_likes_enabled":false,"jetpack-related-posts":[{"id":62940,"url":"http:\/\/www.grieta.org.mx\/index.php\/2021\/12\/22\/huellas-de-amor-cuelga-50-fotos-de-desaparecidos-en-arbol-navideno-en-jalisco\/","url_meta":{"origin":65226,"position":0},"title":"Huellas de amor cuelga 50 fotos de desaparecidos en \u00e1rbol navide\u00f1o en Jalisco","author":"grieta","date":"22 diciembre, 2021","format":false,"excerpt":"Foto: Rosario \u00c1lvarez Rosario \u00c1lvarez \/ Telediario En Jalisco 15 mil 148 familias tienen alg\u00fan familiar desaparecido, de acuerdo al \u00faltimo corte del Registro Nacional de Personas Desaparecidas y No Localizadas. Tras este dato, el colectivo Huellas de Amor,\u00a0colg\u00f3 m\u00e1s de 50 fichas de b\u00fasqueda de hombres y mujeres alrededor\u2026","rel":"","context":"En &quot;CINTILLO&quot;","block_context":{"text":"CINTILLO","link":"http:\/\/www.grieta.org.mx\/index.php\/category\/cintillo\/"},"img":{"alt_text":"","src":"https:\/\/i0.wp.com\/www.grieta.org.mx\/wp-content\/uploads\/2021\/12\/arbol-navidad-instalado-plaza-liberacion.jpg?resize=350%2C200","width":350,"height":200,"srcset":"https:\/\/i0.wp.com\/www.grieta.org.mx\/wp-content\/uploads\/2021\/12\/arbol-navidad-instalado-plaza-liberacion.jpg?resize=350%2C200 1x, https:\/\/i0.wp.com\/www.grieta.org.mx\/wp-content\/uploads\/2021\/12\/arbol-navidad-instalado-plaza-liberacion.jpg?resize=525%2C300 1.5x, https:\/\/i0.wp.com\/www.grieta.org.mx\/wp-content\/uploads\/2021\/12\/arbol-navidad-instalado-plaza-liberacion.jpg?resize=700%2C400 2x"},"classes":[]},{"id":56175,"url":"http:\/\/www.grieta.org.mx\/index.php\/2021\/01\/08\/una-pandemia-qu-jalisce-no-cesa-la-crisis-de-desapariciones\/","url_meta":{"origin":65226,"position":1},"title":"Una pandemia que no cesa, la crisis de desapariciones (Jalisco)","author":"grieta","date":"8 enero, 2021","format":false,"excerpt":"Imagen: Anuario Independiente Mar\u00eda Fernanda Lattuada y Eric Sandoval \/ Zona Docs En M\u00e9xico, desde los a\u00f1os sesenta a la fecha han desaparecido 73 mil 201 personas*; de esta cifra, el 41% de estas personas son j\u00f3venes entre los 14 y 29 a\u00f1os. Jalisco con 11 mil 267 personas desaparecidas,\u2026","rel":"","context":"En &quot;CINTILLO&quot;","block_context":{"text":"CINTILLO","link":"http:\/\/www.grieta.org.mx\/index.php\/category\/cintillo\/"},"img":{"alt_text":"","src":"https:\/\/i0.wp.com\/www.grieta.org.mx\/wp-content\/uploads\/2021\/01\/Captura-de-Pantalla-2021-01-08-a-las-7.12.41.png?resize=350%2C200","width":350,"height":200,"srcset":"https:\/\/i0.wp.com\/www.grieta.org.mx\/wp-content\/uploads\/2021\/01\/Captura-de-Pantalla-2021-01-08-a-las-7.12.41.png?resize=350%2C200 1x, https:\/\/i0.wp.com\/www.grieta.org.mx\/wp-content\/uploads\/2021\/01\/Captura-de-Pantalla-2021-01-08-a-las-7.12.41.png?resize=525%2C300 1.5x, https:\/\/i0.wp.com\/www.grieta.org.mx\/wp-content\/uploads\/2021\/01\/Captura-de-Pantalla-2021-01-08-a-las-7.12.41.png?resize=700%2C400 2x"},"classes":[]},{"id":64242,"url":"http:\/\/www.grieta.org.mx\/index.php\/2022\/05\/19\/nos-faltan-mas-de-100-mil-personas-desaparecidas-reclaman-en-guadalajara-familiares-a-autoridades-jalisco\/","url_meta":{"origin":65226,"position":2},"title":"\u201cNos faltan m\u00e1s de 100 mil personas desaparecidas: reclaman en Guadalajara familiares a autoridades (Jalisco)","author":"grieta","date":"19 mayo, 2022","format":false,"excerpt":"Foto: Zona Docs En la Glorieta de las y los Desaparecidos de Guadalajara, colectivos de personas desaparecidas se reunieron este mi\u00e9rcoles 18 de mayo, para denunciar que en M\u00e9xico hay m\u00e1s de 100 mil personas desaparecidas. Mario Marlos \/ Zona Docs Acompa\u00f1adas de los retratos de sus seres queridos, los\u2026","rel":"","context":"En &quot;CINTILLO&quot;","block_context":{"text":"CINTILLO","link":"http:\/\/www.grieta.org.mx\/index.php\/category\/cintillo\/"},"img":{"alt_text":"","src":"https:\/\/i0.wp.com\/www.grieta.org.mx\/wp-content\/uploads\/2022\/05\/photo5490347735354812367.jpg?resize=350%2C200","width":350,"height":200,"srcset":"https:\/\/i0.wp.com\/www.grieta.org.mx\/wp-content\/uploads\/2022\/05\/photo5490347735354812367.jpg?resize=350%2C200 1x, https:\/\/i0.wp.com\/www.grieta.org.mx\/wp-content\/uploads\/2022\/05\/photo5490347735354812367.jpg?resize=525%2C300 1.5x, https:\/\/i0.wp.com\/www.grieta.org.mx\/wp-content\/uploads\/2022\/05\/photo5490347735354812367.jpg?resize=700%2C400 2x, https:\/\/i0.wp.com\/www.grieta.org.mx\/wp-content\/uploads\/2022\/05\/photo5490347735354812367.jpg?resize=1050%2C600 3x"},"classes":[]},{"id":60398,"url":"http:\/\/www.grieta.org.mx\/index.php\/2021\/07\/06\/familias-de-colima-recorren-jalisco-buscando-a-sus-desaparecidos\/","url_meta":{"origin":65226,"position":3},"title":"Familias de Colima recorren Jalisco buscando a sus desaparecidos","author":"grieta","date":"6 julio, 2021","format":false,"excerpt":"Foto:\u00a0 Diario Avanzada Heidi de Le\u00f3n Guti\u00e9rrez \/ Diario Avanzada Colima, M\u00e9xico, Avanzada (06\/07\/2021).- Integrantes de la Red de Personas Desaparecidas en Colima se encuentran en Jalisco para buscar a sus familiares \u00a0en hospitales, albergues,\u00a0 centros penitenciarios \u00a0y en distintos puntos de esa entidad como parte de la Jornada Nacional\u2026","rel":"","context":"En &quot;CINTILLO&quot;","block_context":{"text":"CINTILLO","link":"http:\/\/www.grieta.org.mx\/index.php\/category\/cintillo\/"},"img":{"alt_text":"","src":"https:\/\/i0.wp.com\/www.grieta.org.mx\/wp-content\/uploads\/2021\/07\/Des.png?resize=350%2C200","width":350,"height":200},"classes":[]},{"id":64654,"url":"http:\/\/www.grieta.org.mx\/index.php\/2022\/07\/28\/fiscalia-dejo-de-investigar-y-nos-revictimizan-colectivos-de-desaparecidos-jalisco\/","url_meta":{"origin":65226,"position":4},"title":"Fiscal\u00eda dej\u00f3 de investigar y nos revictimizan: colectivos de desaparecidos (Jalisco)","author":"grieta","date":"28 julio, 2022","format":false,"excerpt":"Imagen: Edgar Flores Edgar Flores \/ El Diario NTR \"Esto ya lleg\u00f3 al l\u00edmite. Ya no s\u00f3lo dejaron de buscar e investigar, tambi\u00e9n nos gritan y revictimizan\", \u00e9sos son los reclamos coincidentes de al menos una veintena de familiares de desaparecidos e integrantes de colectivos de b\u00fasqueda que esta ma\u00f1ana\u2026","rel":"","context":"En &quot;CINTILLO&quot;","block_context":{"text":"CINTILLO","link":"http:\/\/www.grieta.org.mx\/index.php\/category\/cintillo\/"},"img":{"alt_text":"","src":"https:\/\/i0.wp.com\/www.grieta.org.mx\/wp-content\/uploads\/2022\/07\/2022-07-28_10-07-35___4501.jpg?resize=350%2C200","width":350,"height":200,"srcset":"https:\/\/i0.wp.com\/www.grieta.org.mx\/wp-content\/uploads\/2022\/07\/2022-07-28_10-07-35___4501.jpg?resize=350%2C200 1x, https:\/\/i0.wp.com\/www.grieta.org.mx\/wp-content\/uploads\/2022\/07\/2022-07-28_10-07-35___4501.jpg?resize=525%2C300 1.5x, https:\/\/i0.wp.com\/www.grieta.org.mx\/wp-content\/uploads\/2022\/07\/2022-07-28_10-07-35___4501.jpg?resize=700%2C400 2x"},"classes":[]},{"id":71500,"url":"http:\/\/www.grieta.org.mx\/index.php\/2025\/03\/15\/colectivos-nayaritas-de-busqueda-se-unen-a-luto-nacional-por-las-victimas-de-teuchitlan-nayarit\/","url_meta":{"origin":65226,"position":5},"title":"Colectivos nayaritas de b\u00fasqueda se unen a luto nacional por las v\u00edctimas de Teuchitl\u00e1n (Nayarit)","author":"grieta","date":"15 marzo, 2025","format":false,"excerpt":"Imagen: Crys Ben\u00edtez \/ El Occidental Tepic, Nayarit (OEM-Informex).- Colectivos de familiares desaparecidos se reunieron este s\u00e1bado por la tarde frente a Palacio de Gobierno, para unirse al luto nacional por el rancho de reclutamiento y exterminio encontrado en Teuchitl\u00e1n, Jalisco. Las organizaciones de b\u00fasqueda, confirmaron que esta actividad es\u2026","rel":"","context":"En &quot;CINTILLO&quot;","block_context":{"text":"CINTILLO","link":"http:\/\/www.grieta.org.mx\/index.php\/category\/cintillo\/"},"img":{"alt_text":"","src":"https:\/\/i0.wp.com\/www.grieta.org.mx\/wp-content\/uploads\/2025\/03\/Colectivos-Nayarit.webp?resize=350%2C200","width":350,"height":200,"srcset":"https:\/\/i0.wp.com\/www.grieta.org.mx\/wp-content\/uploads\/2025\/03\/Colectivos-Nayarit.webp?resize=350%2C200 1x, https:\/\/i0.wp.com\/www.grieta.org.mx\/wp-content\/uploads\/2025\/03\/Colectivos-Nayarit.webp?resize=525%2C300 1.5x, https:\/\/i0.wp.com\/www.grieta.org.mx\/wp-content\/uploads\/2025\/03\/Colectivos-Nayarit.webp?resize=700%2C400 2x, https:\/\/i0.wp.com\/www.grieta.org.mx\/wp-content\/uploads\/2025\/03\/Colectivos-Nayarit.webp?resize=1050%2C600 3x"},"classes":[]}],"_links":{"self":[{"href":"http:\/\/www.grieta.org.mx\/index.php\/wp-json\/wp\/v2\/posts\/65226","targetHints":{"allow":["GET"]}}],"collection":[{"href":"http:\/\/www.grieta.org.mx\/index.php\/wp-json\/wp\/v2\/posts"}],"about":[{"href":"http:\/\/www.grieta.org.mx\/index.php\/wp-json\/wp\/v2\/types\/post"}],"author":[{"embeddable":true,"href":"http:\/\/www.grieta.org.mx\/index.php\/wp-json\/wp\/v2\/users\/2"}],"replies":[{"embeddable":true,"href":"http:\/\/www.grieta.org.mx\/index.php\/wp-json\/wp\/v2\/comments?post=65226"}],"version-history":[{"count":1,"href":"http:\/\/www.grieta.org.mx\/index.php\/wp-json\/wp\/v2\/posts\/65226\/revisions"}],"predecessor-version":[{"id":65229,"href":"http:\/\/www.grieta.org.mx\/index.php\/wp-json\/wp\/v2\/posts\/65226\/revisions\/65229"}],"wp:featuredmedia":[{"embeddable":true,"href":"http:\/\/www.grieta.org.mx\/index.php\/wp-json\/wp\/v2\/media\/65227"}],"wp:attachment":[{"href":"http:\/\/www.grieta.org.mx\/index.php\/wp-json\/wp\/v2\/media?parent=65226"}],"wp:term":[{"taxonomy":"category","embeddable":true,"href":"http:\/\/www.grieta.org.mx\/index.php\/wp-json\/wp\/v2\/categories?post=65226"},{"taxonomy":"post_tag","embeddable":true,"href":"http:\/\/www.grieta.org.mx\/index.php\/wp-json\/wp\/v2\/tags?post=65226"}],"curies":[{"name":"wp","href":"https:\/\/api.w.org\/{rel}","templated":true}]}}