{"id":6521,"date":"2015-12-31T23:59:49","date_gmt":"2015-12-31T23:59:49","guid":{"rendered":"http:\/\/50.22.11.12\/~grietaor\/?p=6521"},"modified":"2016-04-26T03:23:01","modified_gmt":"2016-04-26T03:23:01","slug":"cercan-los-pozos-navegantes-en-nacajuca-tabasco","status":"publish","type":"post","link":"http:\/\/www.grieta.org.mx\/index.php\/2015\/12\/31\/cercan-los-pozos-navegantes-en-nacajuca-tabasco\/","title":{"rendered":"Cercan los pozos Navegantes en Nacajuca, Tabasco"},"content":{"rendered":"<p>Rom\u00e1n Hern\u00e1ndez Rom\u00e1n <\/p>\n<p>Pobladores de Nacajuca cercaron con hilos de alambres de p\u00faas, la \u00fanica entrada a la macropera donde se ubican los pozos Navegantes I, II, III, IV, V y VI, localizados en el ejido Plan de Ayala, del Poblado Mazateupa, debido a que la paraestatal Pemex no les ha cumplido sus peticiones.<\/p>\n<p>El acceso a los pozos amaneci\u00f3 cerrado con alambre; seg\u00fan vecinos manifestaron que el pueblo es quien se encarg\u00f3 de cercar, para impedir la entrada de maquinaria que realiza los trabajos de mantenimientos de los pozos, esto hasta que Pemex cumpla con los compromisos asumidos en minutas.<\/p>\n<p>\u00c9stas comprueban que la paraestatal no ha cumplido con la rehabilitaci\u00f3n de las calles y la carretera principal del poblado Mazateupa; dijeron que la calle que conduce a los centros educativos de preescolar, primaria y secundaria se encuentra intransitable.<\/p>\n<p><a href=\"http:\/\/www.tabascohoy.com\/2\/notas\/288598\/cercan-los-pozos-navegantes\" target=\"_blank\">http:\/\/www.tabascohoy.com\/2\/notas\/288598\/cercan-los-pozos-navegantes<\/a><\/p>\n","protected":false},"excerpt":{"rendered":"<p>Rom\u00e1n Hern\u00e1ndez Rom\u00e1n Pobladores de Nacajuca cercaron con hilos de alambres de p\u00faas, la \u00fanica entrada a la macropera donde se ubican los pozos Navegantes I, II, III, IV, V &hellip; <a href=\"http:\/\/www.grieta.org.mx\/index.php\/2015\/12\/31\/cercan-los-pozos-navegantes-en-nacajuca-tabasco\/\" class=\"more-link\">Leer m\u00e1s<\/a><\/p>\n","protected":false},"author":2,"featured_media":21928,"comment_status":"closed","ping_status":"open","sticky":false,"template":"","format":"standard","meta":{"ngg_post_thumbnail":0,"_jetpack_newsletter_access":"","_jetpack_dont_email_post_to_subs":false,"_jetpack_newsletter_tier_id":0,"_jetpack_memberships_contains_paywalled_content":false,"_jetpack_memberships_contains_paid_content":false,"footnotes":""},"categories":[80,415],"tags":[125],"class_list":["post-6521","post","type-post","status-publish","format-standard","has-post-thumbnail","hentry","category-cintillo","category-tabasco","tag-pemex","entry"],"jetpack_featured_media_url":"http:\/\/www.grieta.org.mx\/wp-content\/uploads\/2018\/03\/14524434_1106112876131411_958039263622046936_o.jpg","jetpack_sharing_enabled":true,"jetpack_shortlink":"https:\/\/wp.me\/p7ZJR4-1Hb","jetpack_likes_enabled":false,"jetpack-related-posts":[{"id":38041,"url":"http:\/\/www.grieta.org.mx\/index.php\/2019\/08\/17\/exhiben-nativos-derrame-en-pozo-kenora-tabasco\/","url_meta":{"origin":6521,"position":0},"title":"Exhiben nativos derrame en pozo Kenora (Tabasco)","author":"grieta","date":"17 agosto, 2019","format":false,"excerpt":"Rom\u00e1n Hern\u00e1ndez \/ Leobardo Mar\u00edn - Tabasco HOY Por segundo dia militares escoltaron la entrada de material quimico a pozos Terra 123 y Kenora. Chontales lo reprueban. Oxiacaque, Nacajuca Por segundo d\u00eda consecutivo militares, polic\u00edas estatales y polic\u00edas militarizada de Pemex, repitieron la misma operaci\u00f3n, resguardaron la entrada de centenares\u2026","rel":"","context":"En &quot;CINTILLO&quot;","block_context":{"text":"CINTILLO","link":"http:\/\/www.grieta.org.mx\/index.php\/category\/cintillo\/"},"img":{"alt_text":"","src":"https:\/\/i0.wp.com\/www.grieta.org.mx\/wp-content\/uploads\/2019\/08\/487292_grande_XzHyGpFz.jpg?resize=350%2C200","width":350,"height":200,"srcset":"https:\/\/i0.wp.com\/www.grieta.org.mx\/wp-content\/uploads\/2019\/08\/487292_grande_XzHyGpFz.jpg?resize=350%2C200 1x, https:\/\/i0.wp.com\/www.grieta.org.mx\/wp-content\/uploads\/2019\/08\/487292_grande_XzHyGpFz.jpg?resize=525%2C300 1.5x, https:\/\/i0.wp.com\/www.grieta.org.mx\/wp-content\/uploads\/2019\/08\/487292_grande_XzHyGpFz.jpg?resize=700%2C400 2x"},"classes":[]},{"id":6523,"url":"http:\/\/www.grieta.org.mx\/index.php\/2015\/12\/31\/protestas-de-habitantes-y-campesinos-de-tabasco-contra-pemex\/","url_meta":{"origin":6521,"position":1},"title":"Protestas de habitantes y campesinos de Tabasco contra Pemex","author":"grieta","date":"31 diciembre, 2015","format":false,"excerpt":"31\/12\/15. Cercan los pozos NavegantesTabasco Hoy 19\/11\/15. Bloquean a Pemex en complejo de La VentaTabasco Hoy 17\/11\/15. Cansados de Pemex, campesinos cierran accesos en HuimanguilloOro Negro 09\/11\/15. Cierran el paso al Complejo Procesador de Gas La VentaOro Negro","rel":"","context":"En &quot;NOTICIAS NACIONALES&quot;","block_context":{"text":"NOTICIAS NACIONALES","link":"http:\/\/www.grieta.org.mx\/index.php\/category\/noticias-nacionales\/"},"img":{"alt_text":"","src":"https:\/\/i0.wp.com\/www.grieta.org.mx\/wp-content\/uploads\/2018\/03\/14524434_1106112876131411_958039263622046936_o.jpg?resize=350%2C200","width":350,"height":200,"srcset":"https:\/\/i0.wp.com\/www.grieta.org.mx\/wp-content\/uploads\/2018\/03\/14524434_1106112876131411_958039263622046936_o.jpg?resize=350%2C200 1x, https:\/\/i0.wp.com\/www.grieta.org.mx\/wp-content\/uploads\/2018\/03\/14524434_1106112876131411_958039263622046936_o.jpg?resize=525%2C300 1.5x, https:\/\/i0.wp.com\/www.grieta.org.mx\/wp-content\/uploads\/2018\/03\/14524434_1106112876131411_958039263622046936_o.jpg?resize=700%2C400 2x"},"classes":[]},{"id":37051,"url":"http:\/\/www.grieta.org.mx\/index.php\/2019\/07\/25\/temen-que-fuga-de-pemex-provoque-desastre-ambiental-en-nacajuca-tabasco\/","url_meta":{"origin":6521,"position":2},"title":"Temen que fuga de Pemex provoque desastre ambiental en Nacajuca (Tabasco)","author":"grieta","date":"25 julio, 2019","format":false,"excerpt":"Rom\u00e1n Hern\u00e1ndez Rom\u00e1n \/ Tabasco HOY Una l\u00ednea que pasa por la rancher\u00eda La Loma tiene una fuga que de alcanzar la laguna, causar\u00eda graves da\u00f1os. Nacajuca, Tabasco Una fuga de aceite de una de las l\u00edneas de Petr\u00f3leos Mexicanos que pasan por la rancher\u00eda La Loma est\u00e1 causando temor\u2026","rel":"","context":"En &quot;CINTILLO&quot;","block_context":{"text":"CINTILLO","link":"http:\/\/www.grieta.org.mx\/index.php\/category\/cintillo\/"},"img":{"alt_text":"","src":"https:\/\/i0.wp.com\/www.grieta.org.mx\/wp-content\/uploads\/2019\/07\/485156_grande_mMKzpjPs.jpg?resize=350%2C200","width":350,"height":200,"srcset":"https:\/\/i0.wp.com\/www.grieta.org.mx\/wp-content\/uploads\/2019\/07\/485156_grande_mMKzpjPs.jpg?resize=350%2C200 1x, https:\/\/i0.wp.com\/www.grieta.org.mx\/wp-content\/uploads\/2019\/07\/485156_grande_mMKzpjPs.jpg?resize=525%2C300 1.5x, https:\/\/i0.wp.com\/www.grieta.org.mx\/wp-content\/uploads\/2019\/07\/485156_grande_mMKzpjPs.jpg?resize=700%2C400 2x"},"classes":[]},{"id":37380,"url":"http:\/\/www.grieta.org.mx\/index.php\/2019\/08\/02\/burla-pemex-a-indigenas-tabasco\/","url_meta":{"origin":6521,"position":3},"title":"Burla Pemex a ind\u00edgenas (Tabasco)","author":"grieta","date":"2 agosto, 2019","format":false,"excerpt":"Acusan lugare\u00f1os de Tucta y La Loma que s\u00f3lo les llevan tapabocas, tr\u00edpticos, y paracetamol para el dolor. Rom\u00e1n Hern\u00e1ndez Rom\u00e1n \/ Tabasco HOY Nacajuca, Tabasco Como deficiente, califican pobladores de la rancher\u00eda La Loma el servicio de brigadas m\u00e9dicas enviado por Pemex, empezando con el reparto de 60 fichas\u2026","rel":"","context":"En &quot;CINTILLO&quot;","block_context":{"text":"CINTILLO","link":"http:\/\/www.grieta.org.mx\/index.php\/category\/cintillo\/"},"img":{"alt_text":"","src":"https:\/\/i0.wp.com\/www.grieta.org.mx\/wp-content\/uploads\/2019\/08\/485946_grande_DIPLYO53.jpg?resize=350%2C200","width":350,"height":200,"srcset":"https:\/\/i0.wp.com\/www.grieta.org.mx\/wp-content\/uploads\/2019\/08\/485946_grande_DIPLYO53.jpg?resize=350%2C200 1x, https:\/\/i0.wp.com\/www.grieta.org.mx\/wp-content\/uploads\/2019\/08\/485946_grande_DIPLYO53.jpg?resize=525%2C300 1.5x, https:\/\/i0.wp.com\/www.grieta.org.mx\/wp-content\/uploads\/2019\/08\/485946_grande_DIPLYO53.jpg?resize=700%2C400 2x"},"classes":[]},{"id":31055,"url":"http:\/\/www.grieta.org.mx\/index.php\/2019\/03\/22\/pemex-utilizo-fracking-en-2-mil-700-pozos-entre-1960-y-2018-reporte\/","url_meta":{"origin":6521,"position":4},"title":"Pemex utiliz\u00f3 fracking en 2 mil 700 pozos entre 1960 y 2018: reporte","author":"grieta","date":"22 marzo, 2019","format":false,"excerpt":"Daniela Loredo \/ El Financiero Pese al rechazo del presidente Andr\u00e9s Manuel L\u00f3pez Obrador al uso del fracking, o fracturaci\u00f3n hidr\u00e1ulica, en pozos petroleros, la t\u00e9cnica ha sido utilizada hist\u00f3ricamente por Pemex. De acuerdo con un reporte obtenido v\u00eda Transparencia, entre 1960 y 2018, la petrolera utiliz\u00f3 la t\u00e9cnica de\u2026","rel":"","context":"En &quot;CINTILLO&quot;","block_context":{"text":"CINTILLO","link":"http:\/\/www.grieta.org.mx\/index.php\/category\/cintillo\/"},"img":{"alt_text":"","src":"https:\/\/i0.wp.com\/www.grieta.org.mx\/wp-content\/uploads\/2019\/03\/a75a52f7201553235588_standard_desktop_medium_retina.jpeg?resize=350%2C200","width":350,"height":200,"srcset":"https:\/\/i0.wp.com\/www.grieta.org.mx\/wp-content\/uploads\/2019\/03\/a75a52f7201553235588_standard_desktop_medium_retina.jpeg?resize=350%2C200 1x, https:\/\/i0.wp.com\/www.grieta.org.mx\/wp-content\/uploads\/2019\/03\/a75a52f7201553235588_standard_desktop_medium_retina.jpeg?resize=525%2C300 1.5x, https:\/\/i0.wp.com\/www.grieta.org.mx\/wp-content\/uploads\/2019\/03\/a75a52f7201553235588_standard_desktop_medium_retina.jpeg?resize=700%2C400 2x, https:\/\/i0.wp.com\/www.grieta.org.mx\/wp-content\/uploads\/2019\/03\/a75a52f7201553235588_standard_desktop_medium_retina.jpeg?resize=1050%2C600 3x"},"classes":[]},{"id":37384,"url":"http:\/\/www.grieta.org.mx\/index.php\/2019\/08\/01\/grave-la-fuga-de-hidrocarburo-en-nacajuca-proteccion-civil-de-tabasco\/","url_meta":{"origin":6521,"position":5},"title":"Grave, la fuga de hidrocarburo en Nacajuca: Protecci\u00f3n Civil de Tabasco","author":"grieta","date":"1 agosto, 2019","format":false,"excerpt":"Armando Guzm\u00e1n\/Proceso VILLAHERMOSA, Tab. (apro).- Petr\u00f3leos Mexicanos (Pemex) report\u00f3 esta ma\u00f1ana que contin\u00faa la atenci\u00f3n a la fuga de hidrocarburo en un oleoducto ubicado en un \u00e1rea despoblada de la comunidad ind\u00edgena La Loma, del municipio de Nacajuca. La empresa productiva del estado refiri\u00f3 que, como parte de las medidas\u2026","rel":"","context":"En &quot;CINTILLO&quot;","block_context":{"text":"CINTILLO","link":"http:\/\/www.grieta.org.mx\/index.php\/category\/cintillo\/"},"img":{"alt_text":"","src":"https:\/\/i0.wp.com\/www.grieta.org.mx\/wp-content\/uploads\/2019\/08\/thumb.jpg?resize=350%2C200","width":350,"height":200},"classes":[]}],"_links":{"self":[{"href":"http:\/\/www.grieta.org.mx\/index.php\/wp-json\/wp\/v2\/posts\/6521","targetHints":{"allow":["GET"]}}],"collection":[{"href":"http:\/\/www.grieta.org.mx\/index.php\/wp-json\/wp\/v2\/posts"}],"about":[{"href":"http:\/\/www.grieta.org.mx\/index.php\/wp-json\/wp\/v2\/types\/post"}],"author":[{"embeddable":true,"href":"http:\/\/www.grieta.org.mx\/index.php\/wp-json\/wp\/v2\/users\/2"}],"replies":[{"embeddable":true,"href":"http:\/\/www.grieta.org.mx\/index.php\/wp-json\/wp\/v2\/comments?post=6521"}],"version-history":[{"count":1,"href":"http:\/\/www.grieta.org.mx\/index.php\/wp-json\/wp\/v2\/posts\/6521\/revisions"}],"predecessor-version":[{"id":11092,"href":"http:\/\/www.grieta.org.mx\/index.php\/wp-json\/wp\/v2\/posts\/6521\/revisions\/11092"}],"wp:featuredmedia":[{"embeddable":true,"href":"http:\/\/www.grieta.org.mx\/index.php\/wp-json\/wp\/v2\/media\/21928"}],"wp:attachment":[{"href":"http:\/\/www.grieta.org.mx\/index.php\/wp-json\/wp\/v2\/media?parent=6521"}],"wp:term":[{"taxonomy":"category","embeddable":true,"href":"http:\/\/www.grieta.org.mx\/index.php\/wp-json\/wp\/v2\/categories?post=6521"},{"taxonomy":"post_tag","embeddable":true,"href":"http:\/\/www.grieta.org.mx\/index.php\/wp-json\/wp\/v2\/tags?post=6521"}],"curies":[{"name":"wp","href":"https:\/\/api.w.org\/{rel}","templated":true}]}}