{"id":65200,"date":"2022-09-12T16:40:10","date_gmt":"2022-09-12T21:40:10","guid":{"rendered":"https:\/\/www.grieta.org.mx\/?p=65200"},"modified":"2022-09-13T17:18:58","modified_gmt":"2022-09-13T22:18:58","slug":"trabajadores-de-turismo-y-construccion-principales-victimas-de-desaparicion-en-el-caribe-mexicano-quintana-roo","status":"publish","type":"post","link":"http:\/\/www.grieta.org.mx\/index.php\/2022\/09\/12\/trabajadores-de-turismo-y-construccion-principales-victimas-de-desaparicion-en-el-caribe-mexicano-quintana-roo\/","title":{"rendered":"Trabajadores de turismo y construcci\u00f3n, principales v\u00edctimas de desaparici\u00f3n en el Caribe mexicano (Quintana Roo)"},"content":{"rendered":"<p>Texto y fotos: Ricardo Hern\u00e1ndez \/ Pie de P\u00e1gina<\/p>\n<blockquote><p>Este domingo se realiz\u00f3 en Quintana Roo la primera jornada de b\u00fasqueda de personas desaparecidas encabezada por la sociedad civil. Se trata de personas que trabajaban o en el sector tur\u00edstico o en la construcci\u00f3n, las dos principales actividades econ\u00f3micas de la entidad, ante el asedio del crimen organizado<\/p><\/blockquote>\n<p>QUINTANA ROO.- Mar\u00eda Dolores Patr\u00f3n apresur\u00f3 el paso cuando oy\u00f3 los truenos. Me voy antes de que empiece a llover, le hab\u00eda dicho a su esposo antes de partir. Estaba en El Ideal, un pueblito de Quintana Roo que hace frontera con Yucat\u00e1n. Estaban ah\u00ed velando a un familiar y eran las tres de la madrugada cuando parti\u00f3, pero igual se fue porque no pod\u00eda faltar a la cita que ten\u00eda. Camin\u00f3 unos 40 minutos hasta la carretera, donde tom\u00f3 una combi que la trajo hasta Canc\u00fan.<\/p>\n<p>\u201cLlegu\u00e9 a las cinco, cuando ya estaba lloviendo, pero me dej\u00f3 bien lejos y tuve que caminar hasta ac\u00e1\u201d, dice. <\/p>\n<p>\u201cAc\u00e1\u201d es Paseos del Mar, una de las colonias con los mayores \u00edndices de violencia contra la mujer en Quintana Roo, que es justo donde desapareci\u00f3 en junio de 2020 la hija de Mar\u00eda: Francisca Mariner Flores Patr\u00f3n, de 17 a\u00f1os. Y Mar\u00eda lleg\u00f3 a Canc\u00fan al amanecer de este domingo porque  ella y dem\u00e1s miembros del colectivo Verdad, Memoria y Justicia planeaban realizar lo que se convirti\u00f3 en la primera jornada en la historia de Quintana Roo de rastreo de personas desaparecidas llevada a cabo por la sociedad civil.<\/p>\n<blockquote><p>\u201cVengo con sentimientos encontrados. Por un lado, queremos buscarla con vida, queremos que vuelvan con vida, pero tambi\u00e9n la estamos buscando por si aparece su cuerpo en esta \u00e1rea\u201d.<br \/>\n    Mar\u00eda Dolores Padr\u00f3n, madre de Francisca Mariner Flores, de 17 a\u00f1os.<\/p><\/blockquote>\n<p>Si bien es la tercera jornada de b\u00fasqueda en la que el colectivo participa, las dos anteriores hab\u00edan sido lideradas por la Fiscal\u00eda General del Estado (FGE) y no obedec\u00edan a las inquietudes y estrategias de las familias.<\/p>\n<p>En esta ocasi\u00f3n, Mar\u00eda y una peque\u00f1a comitiva, acompa\u00f1adas de miembros de la Sedena y Guardia Nacional, recorrieron palmo a palmo un \u00e1rea de vegetaci\u00f3n en los l\u00edmites de Paseos del Mar, cercano a la casa de Francisca, porque ah\u00ed arroj\u00f3 su \u00faltima ubicaci\u00f3n el dispositivo m\u00f3vil que llevaba.<\/p>\n<p>Con palas, picos y barretas, entre la tupida vegetaci\u00f3n y los montones de basura; en los estrechos hoyos que dan a los r\u00edos subterr\u00e1neos caracter\u00edsticos de la regi\u00f3n y bajo la ligera lluvia que nunca ces\u00f3, el equipo rebusc\u00f3 sin encontrar ning\u00fan indicio que diera con el paradero de Francisca.<\/p>\n<p><img loading=\"lazy\" decoding=\"async\" data-attachment-id=\"65202\" data-permalink=\"http:\/\/www.grieta.org.mx\/index.php\/2022\/09\/12\/trabajadores-de-turismo-y-construccion-principales-victimas-de-desaparicion-en-el-caribe-mexicano-quintana-roo\/desaparecidosquintana2\/\" data-orig-file=\"http:\/\/www.grieta.org.mx\/wp-content\/uploads\/2022\/09\/DesaparecidosQuintana2-e1663107331975.jpg\" data-orig-size=\"800,486\" data-comments-opened=\"0\" data-image-meta=\"{&quot;aperture&quot;:&quot;0&quot;,&quot;credit&quot;:&quot;&quot;,&quot;camera&quot;:&quot;&quot;,&quot;caption&quot;:&quot;&quot;,&quot;created_timestamp&quot;:&quot;0&quot;,&quot;copyright&quot;:&quot;&quot;,&quot;focal_length&quot;:&quot;0&quot;,&quot;iso&quot;:&quot;0&quot;,&quot;shutter_speed&quot;:&quot;0&quot;,&quot;title&quot;:&quot;&quot;,&quot;orientation&quot;:&quot;1&quot;}\" data-image-title=\"DesaparecidosQuintana2\" data-image-description=\"\" data-image-caption=\"\" data-medium-file=\"http:\/\/www.grieta.org.mx\/wp-content\/uploads\/2022\/09\/DesaparecidosQuintana2-e1663107331975-300x182.jpg\" data-large-file=\"http:\/\/www.grieta.org.mx\/wp-content\/uploads\/2022\/09\/DesaparecidosQuintana2-1024x622.jpg\" src=\"http:\/\/www.grieta.org.mx\/wp-content\/uploads\/2022\/09\/DesaparecidosQuintana2-e1663107331975.jpg\" alt=\"\" width=\"800\" height=\"486\" class=\"alignnone size-full wp-image-65202\" srcset=\"http:\/\/www.grieta.org.mx\/wp-content\/uploads\/2022\/09\/DesaparecidosQuintana2-e1663107331975.jpg 800w, http:\/\/www.grieta.org.mx\/wp-content\/uploads\/2022\/09\/DesaparecidosQuintana2-e1663107331975-300x182.jpg 300w, http:\/\/www.grieta.org.mx\/wp-content\/uploads\/2022\/09\/DesaparecidosQuintana2-e1663107331975-768x467.jpg 768w\" sizes=\"auto, (max-width: 800px) 100vw, 800px\" \/><\/p>\n<p>27 desapariciones en zona tur\u00edstica<\/p>\n<p>Mar\u00eda Esther Barrera ha perdido a tres hijos. El primero, de muerte de cuna; el segundo por una intoxicaci\u00f3n; del tercero no sabe de su paradero, pues en diciembre pasado fue v\u00edctima de una desaparici\u00f3n forzada, en pleno coraz\u00f3n de la Riviera Maya, en M\u00e9xico, donde cada vez son m\u00e1s frecuentes estos casos. <\/p>\n<p>\u201cA los otros dos he tenido el honor de enterrarlos, pero a mi hijo Artemio no\u201d, dice Mar\u00eda Esther en entrevista.<\/p>\n<p>Desde 2018, entre Canc\u00fan, Playa del Carmen, Tulum e Isla Mujeres, los destinos tur\u00edsticos m\u00e1s importantes del Caribe mexicano, localizado al sureste del pa\u00eds, se acumulan 27 carpetas de investigaci\u00f3n por desaparici\u00f3n forzada, inform\u00f3 Carlos Maya Gir\u00f3n, vicefiscal general de la zona norte de Quintana Roo. <\/p>\n<p>Se trata de personas que trabajaban o en el sector tur\u00edstico o en la construcci\u00f3n, las dos principales actividades econ\u00f3micas de la entidad, que recibe al a\u00f1o, en sus 118 mil cuartos de hotel edificados, m\u00e1s de 10 millones de turistas, que dejan una derrama superior a los 10 mil millones de d\u00f3lares.<\/p>\n<p>Artemio Lorenzana Barrera, el hijo desaparecido de Mar\u00eda Esther, naci\u00f3 en Tecpan de Galeana, en el tambi\u00e9n tur\u00edstico estado de Guerrero, en 1968. <\/p>\n<p>En b\u00fasqueda de trabajo, a los 17 a\u00f1os, Artemio decidi\u00f3 partir, primero a Jalisco, luego a Oaxaca y finalmente a Quintana Roo, donde se asent\u00f3 y permaneci\u00f3 hasta el d\u00eda de su desaparici\u00f3n, el 11 de diciembre de 2021. <\/p>\n<p>En Playa del Carmen, Artemio hab\u00eda conseguido fundar una peque\u00f1o negocio de tours. En una diminuta caseta apostada en la Quinta Avenida, la m\u00e1s transitada del destino, ofrec\u00eda paquetes tur\u00edsticos. Mar\u00eda Esther narra que un grupo del crimen organizado no s\u00f3lo lo despoj\u00f3 de su negocio sino que lo oblig\u00f3 a trabajar para \u00e9ste.<\/p>\n<blockquote><p>\u201cLo obligaron a trabajar para ellos, pero \u00e9l pidi\u00f3 permiso de irse, porque no quiso estar ya ah\u00ed. Como al inicio no protest\u00f3 ni nada, lo dejaron, pero tuvo que pagar para irse\u201d.<br \/>\n    Guadalupe Lorenzana, prima hermana de Artemio, presente en la entrevista.<\/p><\/blockquote>\n<p>Artemio se fue a Tulum, a otra caseta de tours, en donde trabajaba \u00c9rika Hern\u00e1ndez del Valle, su expareja, madre de una de sus tres hijas, quien est\u00e1 acusada ante la Fiscal\u00eda de su desaparici\u00f3n y se encuentra detenida y procesada junto con dos sujetos m\u00e1s.<\/p>\n<p>\u201cLa desaparici\u00f3n fue por un particular, por esta se\u00f1ora. No sabemos por qu\u00e9 lo desapareci\u00f3. No sabemos d\u00f3nde est\u00e1, si est\u00e1 vivo o lo tienen en alg\u00fan lado. Lo \u00fanico que sabemos es que ella particip\u00f3, pero a\u00fan no tenemos justicia\u201d, dice \u00c9rika.<\/p>\n<p>El control comercial del crimen organizado<\/p>\n<p>\u00c1ngel Jhoan de la Cruz fue otro joven desaparecido. Originario de Macuspana, Tabasco, \u00c1ngel lleg\u00f3 a Quintana Roo para trabajar como ayudante de alba\u00f1il en las obras del lujoso resort Planet Hollywood, erigido en la zona continental de Isla Mujeres. El 15 de junio de 2020 se present\u00f3 a trabajar y el s\u00e1bado fue retenido por unos sujetos porque, seg\u00fan cuenta Vicente de la Cruz, padre de \u00c1ngel, el contratista de la obra les deb\u00eda dinero.<\/p>\n<p>\u201cFue para presionar al contratista\u201d, cuenta el padre. Y como \u00e9ste no pag\u00f3, lo mataron y arrojaron su cuerpo, junto a otros cuatro, a un costado del hotel, en lo que ser\u00eda una de las primeras fosas clandestinas conocidas del Caribe mexicano.<\/p>\n<p>El crimen organizado controla la mayor\u00eda de las obras de construcci\u00f3n en la zona conocida como Isla Blanca, seg\u00fan relatan fuentes oficiales, los propios trabajadores, algunos contratistas y especialistas en materia de seguridad como James Tobin, miembro del Consejo Nacional de Seguridad.<\/p>\n<p>Tobin explica que los grupos criminales se han apoderado de las obras. Primero, explica, infiltran a uno de sus miembros en la obra, a fin de obtener informaci\u00f3n sobre los contratistas, personal y sobre los \u201cdue\u00f1os de la plaza\u201d. Posteriormente llegar\u00e1n m\u00e1s miembros de la organizaci\u00f3n criminal, contratados con base en amenazas, encargados de vender marihuana y otras sustancias. En caso de negarse, los alba\u00f1iles, pasteros, carpinteros y dem\u00e1s obreros tendr\u00e1n que pagar una cuota que oscila entre los 300 y 500 pesos. Mientras tanto, los contratistas tienen que pagar una cuota que depende del personal que manejen.<\/p>\n<p>Por el ambiente que se viv\u00eda en Planet Hollywood, \u00d3scar Carlos Inacua Maga\u00f1a decidi\u00f3 dejar el trabajo que ten\u00eda ah\u00ed como plomero. Al poco tiempo consigui\u00f3 emplearse en las obras de Waldorf Astoria, uno de los hoteles del complejo Amankaya, desarrollado por la marca Hilton en la Carretera 307, en Canc\u00fan. Pero un d\u00eda de febrero de 2021, \u00d3scar entr\u00f3 a la obra y de \u00e9l no se supo m\u00e1s.<\/p>\n<p>\u201c\u00c9l llevaba muy poquito trabajando ah\u00ed. Entr\u00f3 a trabajar y ya no volvi\u00f3 a salir. Fue 11 de febrero. En resumidas cuentas no hay nada. Nosotros fuimos a denunciar y nos dec\u00edan \u2018s\u00ed, no se preocupen, vamos a investigar\u2019. Ha pasado m\u00e1s de un a\u00f1o y no nos resuelven nada\u201d, cuenta Lizbeth, su hermana, quien detalla que \u00d3scar desapareci\u00f3 junto con otro trabajador.<\/p>\n<p>Un arquitecto que trabaj\u00f3 en el dise\u00f1o del hotel, quien pidi\u00f3 el anonimato, confirma que en las obras hab\u00eda presencia del crimen organizado.<\/p>\n<p>\u201cMuchos se hac\u00edan pasar por trabajadores solo para estar monitoreando la zona y hacer sus cosas, vender droga, saber qui\u00e9n es el que tiene el derecho de piso, para hacer de halcones\u201d, cuenta.<\/p>\n<p><a href=\"https:\/\/piedepagina.mx\/trabajadores-de-turismo-y-construccion-principales-victimas-de-desaparicion-en-el-caribe-mexicano\/\" rel=\"noopener\" target=\"_blank\">https:\/\/piedepagina.mx\/trabajadores-de-turismo-y-construccion-principales-victimas-de-desaparicion-en-el-caribe-mexicano\/<\/a><\/p>\n","protected":false},"excerpt":{"rendered":"<p>Texto y fotos: Ricardo Hern\u00e1ndez \/ Pie de P\u00e1gina Este domingo se realiz\u00f3 en Quintana Roo la primera jornada de b\u00fasqueda de personas desaparecidas encabezada por la sociedad civil. Se &hellip; <a href=\"http:\/\/www.grieta.org.mx\/index.php\/2022\/09\/12\/trabajadores-de-turismo-y-construccion-principales-victimas-de-desaparicion-en-el-caribe-mexicano-quintana-roo\/\" class=\"more-link\">Leer m\u00e1s<\/a><\/p>\n","protected":false},"author":2,"featured_media":65201,"comment_status":"closed","ping_status":"closed","sticky":false,"template":"","format":"standard","meta":{"ngg_post_thumbnail":0,"_jetpack_newsletter_access":"","_jetpack_dont_email_post_to_subs":false,"_jetpack_newsletter_tier_id":0,"_jetpack_memberships_contains_paywalled_content":false,"_jetpack_memberships_contains_paid_content":false,"footnotes":""},"categories":[80,87,2808,2,28,83],"tags":[1828],"class_list":["post-65200","post","type-post","status-publish","format-standard","has-post-thumbnail","hentry","category-cintillo","category-desaparecidos","category-desaparecidos-en-quintana-roo","category-noticias-nacionales","category-quintana-roo","category-temas-nacionales","tag-busqueda-de-desaparecidos","entry"],"jetpack_featured_media_url":"http:\/\/www.grieta.org.mx\/wp-content\/uploads\/2022\/09\/DesaparecidosQuintana-e1663107159106.jpg","jetpack_sharing_enabled":true,"jetpack_shortlink":"https:\/\/wp.me\/p7ZJR4-gXC","jetpack_likes_enabled":false,"jetpack-related-posts":[{"id":65576,"url":"http:\/\/www.grieta.org.mx\/index.php\/2022\/10\/20\/marchan-activistas-contra-nulos-resultados-de-la-fiscalia-en-casos-de-desaparecidos-quintana-roo\/","url_meta":{"origin":65200,"position":0},"title":"Marchan activistas contra nulos resultados de la Fiscal\u00eda en casos de desaparecidos (Quintana Roo)","author":"grieta","date":"20 octubre, 2022","format":false,"excerpt":"Juan Morales \/ Grupo Pir\u00e1mide Canc\u00fan, Quintana Roo.- Miembros del colectivo Verdad, Memoria y Justicia marcharon en Canc\u00fan contra los nulos resultados de la Fiscal\u00eda General del Estado (FGE) en los reportes de personas desaparecidas, los cuales aumentaron durante septiembre con dos casos m\u00e1s. Los manifestantes arrancaron su protesta desde\u2026","rel":"","context":"En &quot;CINTILLO&quot;","block_context":{"text":"CINTILLO","link":"http:\/\/www.grieta.org.mx\/index.php\/category\/cintillo\/"},"img":{"alt_text":"","src":"https:\/\/i0.wp.com\/www.grieta.org.mx\/wp-content\/uploads\/2022\/10\/DesaparecidosQroo-e1666432285627.jpg?resize=350%2C200","width":350,"height":200,"srcset":"https:\/\/i0.wp.com\/www.grieta.org.mx\/wp-content\/uploads\/2022\/10\/DesaparecidosQroo-e1666432285627.jpg?resize=350%2C200 1x, https:\/\/i0.wp.com\/www.grieta.org.mx\/wp-content\/uploads\/2022\/10\/DesaparecidosQroo-e1666432285627.jpg?resize=525%2C300 1.5x, https:\/\/i0.wp.com\/www.grieta.org.mx\/wp-content\/uploads\/2022\/10\/DesaparecidosQroo-e1666432285627.jpg?resize=700%2C400 2x"},"classes":[]},{"id":69534,"url":"http:\/\/www.grieta.org.mx\/index.php\/2024\/08\/30\/marchan-por-desaparecidos-en-cancun-y-chetumal-quintana-roo\/","url_meta":{"origin":65200,"position":1},"title":"Marchan por desaparecidos en Canc\u00fan y Chetumal (Quintana Roo)","author":"grieta","date":"30 agosto, 2024","format":false,"excerpt":"Noticaribe CANC\u00daN, MX.- Madres y otros familiares de personas desaparecidos marcharon hoy en Canc\u00fan y en Chetumal para conmemorar el D\u00eda de la B\u00fasqueda de Personas. En Canc\u00fan, dos colectivos, el \u201d Verdad y Justicia\u201d, as\u00ed como las \u201cMadres Buscadoras\u201d marcharon por separado rumbo al Palacio Municipal. Integrantes de \u201cVerdad,\u2026","rel":"","context":"En &quot;CINTILLO&quot;","block_context":{"text":"CINTILLO","link":"http:\/\/www.grieta.org.mx\/index.php\/category\/cintillo\/"},"img":{"alt_text":"","src":"https:\/\/i0.wp.com\/www.grieta.org.mx\/wp-content\/uploads\/2024\/08\/Marchan-e1725139943721.jpg?resize=350%2C200","width":350,"height":200,"srcset":"https:\/\/i0.wp.com\/www.grieta.org.mx\/wp-content\/uploads\/2024\/08\/Marchan-e1725139943721.jpg?resize=350%2C200 1x, https:\/\/i0.wp.com\/www.grieta.org.mx\/wp-content\/uploads\/2024\/08\/Marchan-e1725139943721.jpg?resize=525%2C300 1.5x, https:\/\/i0.wp.com\/www.grieta.org.mx\/wp-content\/uploads\/2024\/08\/Marchan-e1725139943721.jpg?resize=700%2C400 2x"},"classes":[]},{"id":3586,"url":"http:\/\/www.grieta.org.mx\/index.php\/2015\/04\/27\/pgje-depura-denuncias-por-desaparicion-en-quintana-roo\/","url_meta":{"origin":65200,"position":2},"title":"PGJE &#8220;depura&#8221; denuncias por desaparici\u00f3n en Quintana Roo","author":"grieta","date":"27 abril, 2015","format":false,"excerpt":"27\/04\/15. Investigan 60 denuncias de personas desaparecidas en Quintana RooNovedades Quintana Roo","rel":"","context":"En &quot;Desaparecidos&quot;","block_context":{"text":"Desaparecidos","link":"http:\/\/www.grieta.org.mx\/index.php\/category\/temas-nacionales\/desaparecidos\/"},"img":{"alt_text":"","src":"https:\/\/i0.wp.com\/www.grieta.org.mx\/wp-content\/uploads\/2018\/03\/14524434_1106112876131411_958039263622046936_o.jpg?resize=350%2C200","width":350,"height":200,"srcset":"https:\/\/i0.wp.com\/www.grieta.org.mx\/wp-content\/uploads\/2018\/03\/14524434_1106112876131411_958039263622046936_o.jpg?resize=350%2C200 1x, https:\/\/i0.wp.com\/www.grieta.org.mx\/wp-content\/uploads\/2018\/03\/14524434_1106112876131411_958039263622046936_o.jpg?resize=525%2C300 1.5x, https:\/\/i0.wp.com\/www.grieta.org.mx\/wp-content\/uploads\/2018\/03\/14524434_1106112876131411_958039263622046936_o.jpg?resize=700%2C400 2x"},"classes":[]},{"id":64538,"url":"http:\/\/www.grieta.org.mx\/index.php\/2022\/07\/07\/aumentan-casos-de-desapariciones-en-quintana-roo\/","url_meta":{"origin":65200,"position":3},"title":"Aumentan casos de desapariciones en Quintana Roo","author":"grieta","date":"7 julio, 2022","format":false,"excerpt":"Fernanda Duque \/ Sipse El n\u00famero de personas desaparecidas, no localizadas y localizadas en Quintana Roo hasta el primer semestre del 2022, ya super\u00f3 los registros de los dos a\u00f1os anteriores, con un total de 237 inscripciones. De acuerdo con el Registro Nacional de Datos de Personas Extraviadas o Desaparecidas,\u2026","rel":"","context":"En &quot;CINTILLO&quot;","block_context":{"text":"CINTILLO","link":"http:\/\/www.grieta.org.mx\/index.php\/category\/cintillo\/"},"img":{"alt_text":"","src":"https:\/\/i0.wp.com\/www.grieta.org.mx\/wp-content\/uploads\/2022\/07\/DesaparecidosQuintana-e1657498660483.png?resize=350%2C200","width":350,"height":200,"srcset":"https:\/\/i0.wp.com\/www.grieta.org.mx\/wp-content\/uploads\/2022\/07\/DesaparecidosQuintana-e1657498660483.png?resize=350%2C200 1x, https:\/\/i0.wp.com\/www.grieta.org.mx\/wp-content\/uploads\/2022\/07\/DesaparecidosQuintana-e1657498660483.png?resize=525%2C300 1.5x, https:\/\/i0.wp.com\/www.grieta.org.mx\/wp-content\/uploads\/2022\/07\/DesaparecidosQuintana-e1657498660483.png?resize=700%2C400 2x"},"classes":[]},{"id":70896,"url":"http:\/\/www.grieta.org.mx\/index.php\/2025\/01\/05\/continua-la-lucha-colectivo-madres-buscadoras-mantiene-planton-en-la-fge-exigiendo-justicia-quintana-roo\/","url_meta":{"origin":65200,"position":4},"title":"Contin\u00faa la Lucha; Colectivo Madres Buscadoras Mantiene Plant\u00f3n en la FGE Exigiendo Justicia  (Quintana Roo)","author":"grieta","date":"5 enero, 2025","format":false,"excerpt":"Antonio Brice\u00f1o \/ CAMBIO 22 Madres integrantes del colectivo demandan avances en las investigaciones por personas desaparecidas. A trav\u00e9s de pancartas y murales, protestan en las instalaciones de la Fiscal\u00eda General del Estado en Chetumal Chetumal, 5 de enero.- La noche del 4 de enero, el colectivo Madres Buscadoras de\u2026","rel":"","context":"En &quot;acciones por desaparecidos&quot;","block_context":{"text":"acciones por desaparecidos","link":"http:\/\/www.grieta.org.mx\/index.php\/category\/noticias-nacionales\/quintana-roo\/acciones-por-desaparecidos\/"},"img":{"alt_text":"","src":"https:\/\/i0.wp.com\/www.grieta.org.mx\/wp-content\/uploads\/2025\/01\/Buscadoras-e1737501396705.jpg?resize=350%2C200","width":350,"height":200,"srcset":"https:\/\/i0.wp.com\/www.grieta.org.mx\/wp-content\/uploads\/2025\/01\/Buscadoras-e1737501396705.jpg?resize=350%2C200 1x, https:\/\/i0.wp.com\/www.grieta.org.mx\/wp-content\/uploads\/2025\/01\/Buscadoras-e1737501396705.jpg?resize=525%2C300 1.5x, https:\/\/i0.wp.com\/www.grieta.org.mx\/wp-content\/uploads\/2025\/01\/Buscadoras-e1737501396705.jpg?resize=700%2C400 2x"},"classes":[]},{"id":68717,"url":"http:\/\/www.grieta.org.mx\/index.php\/2024\/03\/21\/madres-de-personas-desaparecidas-convocan-a-sociedad-a-sumarse-a-jornada-nacional-de-busqueda-y-concentracion-pacifica-quintana-roo\/","url_meta":{"origin":65200,"position":5},"title":"Madres de personas desaparecidas convocan a sociedad a sumarse a Jornada Nacional de B\u00fasqueda y concentraci\u00f3n pac\u00edfica (Quintana Roo)","author":"grieta","date":"21 marzo, 2024","format":false,"excerpt":"Adriana Varillas \/ Estamos Aqu\u00ed 21 de marzo\/ Canc\u00fan, Q. Roo.- Colectivos de familiares de personas desaparecidas en Quintana Roo, convocaron a los movimientos feministas, a las y los defensores de derechos humanos, de la Tierra y del territorio, de las disidencias sexuales, a las expresiones religiosas, a la academia,\u2026","rel":"","context":"En &quot;CINTILLO&quot;","block_context":{"text":"CINTILLO","link":"http:\/\/www.grieta.org.mx\/index.php\/category\/cintillo\/"},"img":{"alt_text":"","src":"https:\/\/i0.wp.com\/www.grieta.org.mx\/wp-content\/uploads\/2024\/03\/MadresBuscadoras-e1711914841303.jpg?resize=350%2C200","width":350,"height":200,"srcset":"https:\/\/i0.wp.com\/www.grieta.org.mx\/wp-content\/uploads\/2024\/03\/MadresBuscadoras-e1711914841303.jpg?resize=350%2C200 1x, https:\/\/i0.wp.com\/www.grieta.org.mx\/wp-content\/uploads\/2024\/03\/MadresBuscadoras-e1711914841303.jpg?resize=525%2C300 1.5x, https:\/\/i0.wp.com\/www.grieta.org.mx\/wp-content\/uploads\/2024\/03\/MadresBuscadoras-e1711914841303.jpg?resize=700%2C400 2x"},"classes":[]}],"_links":{"self":[{"href":"http:\/\/www.grieta.org.mx\/index.php\/wp-json\/wp\/v2\/posts\/65200","targetHints":{"allow":["GET"]}}],"collection":[{"href":"http:\/\/www.grieta.org.mx\/index.php\/wp-json\/wp\/v2\/posts"}],"about":[{"href":"http:\/\/www.grieta.org.mx\/index.php\/wp-json\/wp\/v2\/types\/post"}],"author":[{"embeddable":true,"href":"http:\/\/www.grieta.org.mx\/index.php\/wp-json\/wp\/v2\/users\/2"}],"replies":[{"embeddable":true,"href":"http:\/\/www.grieta.org.mx\/index.php\/wp-json\/wp\/v2\/comments?post=65200"}],"version-history":[{"count":1,"href":"http:\/\/www.grieta.org.mx\/index.php\/wp-json\/wp\/v2\/posts\/65200\/revisions"}],"predecessor-version":[{"id":65203,"href":"http:\/\/www.grieta.org.mx\/index.php\/wp-json\/wp\/v2\/posts\/65200\/revisions\/65203"}],"wp:featuredmedia":[{"embeddable":true,"href":"http:\/\/www.grieta.org.mx\/index.php\/wp-json\/wp\/v2\/media\/65201"}],"wp:attachment":[{"href":"http:\/\/www.grieta.org.mx\/index.php\/wp-json\/wp\/v2\/media?parent=65200"}],"wp:term":[{"taxonomy":"category","embeddable":true,"href":"http:\/\/www.grieta.org.mx\/index.php\/wp-json\/wp\/v2\/categories?post=65200"},{"taxonomy":"post_tag","embeddable":true,"href":"http:\/\/www.grieta.org.mx\/index.php\/wp-json\/wp\/v2\/tags?post=65200"}],"curies":[{"name":"wp","href":"https:\/\/api.w.org\/{rel}","templated":true}]}}