{"id":6514,"date":"2015-12-23T23:53:57","date_gmt":"2015-12-23T23:53:57","guid":{"rendered":"http:\/\/50.22.11.12\/~grietaor\/?p=6514"},"modified":"2016-04-26T03:24:29","modified_gmt":"2016-04-26T03:24:29","slug":"tras-5-horas-de-discusion-ve-la-luz-nueva-ley-del-isset","status":"publish","type":"post","link":"http:\/\/www.grieta.org.mx\/index.php\/2015\/12\/23\/tras-5-horas-de-discusion-ve-la-luz-nueva-ley-del-isset\/","title":{"rendered":"Tras 5 horas de discusi\u00f3n, ve la luz nueva Ley del ISSET"},"content":{"rendered":"<p>Cinthia P\u00e9rez<br \/>\nAprobada fue ayer la nueva ley del ISSET en el Congreso local.<\/p>\n<p>En per\u00edodo extraordinario, con la mayor\u00eda perredista y el apoyo del PT, Movimiento Ciudadano, el diputado Patricio Bosch y los legisladores del PRI Carlos Mario de la Cruz y Mar\u00eda Elena Silv\u00e1n y en medio de una protesta de trabajadores, se aprob\u00f3 la nueva ley que fue criticada por algunos legisladores de oposici\u00f3n y defendida por el PRD.<\/p>\n<p>En una inusual sesi\u00f3n, diputados, p\u00fablico que llen\u00f3 el sal\u00f3n de pleno y medios de comunicaci\u00f3n tuvieron que ingresar al recinto legislativo por \u00e1reas alternas a la entrada principal que fue cerrada por la protesta que desde temprana hora manten\u00edan bur\u00f3cratas inconformes con la reforma.<\/p>\n<p>Al interior del legislativo, aparentemente polic\u00edas vestidos de civil resguardaban el lugar.<\/p>\n<p>Algunos diputados tuvieron que accesar incluso por el \u00e1rea del Registro Civil; la entrada del famoso \u2018congret\u00fanel\u2019 tuvo que ser habilitada para que medios de comunicaci\u00f3n y ciudadanos ingresaran al recinto legislativo.<\/p>\n<p>Cabe indicar que el estacionamiento del Tribunal Superior de Justicia es el primer paso para entrar a esa \u00e1rea que se ha mantenido en el \u201cmisterio\u201d y que es usada por los diputados y funcionarios que acuden al congreso para escapar de los cuestionamientos de la prensa; este pasadizo conecta al Poder Judicial con el Legislativo, y es dividido solo por una reja; posteriormente, se tiene que subir por unas escaleras ubicadas a mano derecha e ingresar al congreso local.<\/p>\n<p>Tras varias horas de discusi\u00f3n y la modificaci\u00f3n de algunos art\u00edculos que incluyeron, seg\u00fan el PRD propuestas de los sindicatos, el dictamen de la nueva ley del ISSET qued\u00f3 aprobada con 23 votos a favor, 8 en contra y dos abstenciones.<\/p>\n<p>Con la nueva Ley del Instituto de Seguridad Social del Estado, la aportaci\u00f3n de los trabajadores aument\u00f3 del 8 al 16%; los a\u00f1os de servicio que se contemplaban para la pensi\u00f3n por jubilaci\u00f3n quedar\u00edan en 35 a\u00f1os, aunque luego se modific\u00f3: ahora las mujeres deber\u00e1n tener 30 o m\u00e1s a\u00f1os y los hombres 35 o m\u00e1s a\u00f1os de servicio, adem\u00e1s de tener una edad equivalente al 85% del indicador de vida del Consejo Nacional de Poblaci\u00f3n (CONAPO).<\/p>\n<p>Asimismo, con la reforma ahora la pensi\u00f3n por jubilaci\u00f3n ser\u00e1 al 70% del salario; para la pensi\u00f3n de retiro por edad y tiempo de servicio, los trabajadores deber\u00e1n tener lo correspondiente al 85% del indicador de esperanza de vida del CONAPO y tener 20 o m\u00e1s a\u00f1os de servicio.<\/p>\n<p>Tambi\u00e9n se aprob\u00f3 una aportaci\u00f3n extraordinaria del 2% para afiliar a padres de los trabajadores.<\/p>\n<p><a href=\"http:\/\/www.xevt.com\/verpagina.php?id=10637\" target=\"_blank\">http:\/\/www.xevt.com\/verpagina.php?id=10637<\/a><\/p>\n","protected":false},"excerpt":{"rendered":"<p>Cinthia P\u00e9rez Aprobada fue ayer la nueva ley del ISSET en el Congreso local. En per\u00edodo extraordinario, con la mayor\u00eda perredista y el apoyo del PT, Movimiento Ciudadano, el diputado &hellip; <a href=\"http:\/\/www.grieta.org.mx\/index.php\/2015\/12\/23\/tras-5-horas-de-discusion-ve-la-luz-nueva-ley-del-isset\/\" class=\"more-link\">Leer m\u00e1s<\/a><\/p>\n","protected":false},"author":2,"featured_media":21928,"comment_status":"closed","ping_status":"open","sticky":false,"template":"","format":"standard","meta":{"ngg_post_thumbnail":0,"_jetpack_newsletter_access":"","_jetpack_dont_email_post_to_subs":false,"_jetpack_newsletter_tier_id":0,"_jetpack_memberships_contains_paywalled_content":false,"_jetpack_memberships_contains_paid_content":false,"footnotes":""},"categories":[80,415],"tags":[105,147],"class_list":["post-6514","post","type-post","status-publish","format-standard","has-post-thumbnail","hentry","category-cintillo","category-tabasco","tag-derechos-laborales","tag-trabajo","entry"],"jetpack_featured_media_url":"http:\/\/www.grieta.org.mx\/wp-content\/uploads\/2018\/03\/14524434_1106112876131411_958039263622046936_o.jpg","jetpack_sharing_enabled":true,"jetpack_shortlink":"https:\/\/wp.me\/p7ZJR4-1H4","jetpack_likes_enabled":false,"jetpack-related-posts":[{"id":6506,"url":"http:\/\/www.grieta.org.mx\/index.php\/2016\/01\/20\/protestas-en-tabasco-contra-la-nueva-ley-del-isset\/","url_meta":{"origin":6514,"position":0},"title":"Protestas en Tabasco contra la nueva Ley del ISSET","author":"grieta","date":"20 enero, 2016","format":false,"excerpt":"20\/01\/16. Pol\u00e9mica por nueva ley del ISSETEl Heraldo de Tabasco 23\/12\/15. Tras 5 horas de discusi\u00f3n, ve la luz nueva Ley del ISSETXevt Noticias 22\/12\/15. Protestan maestros del SITET, Cecyte y UTT contra nueva ley del ISSETEl Correo de Tabasco","rel":"","context":"En &quot;NOTICIAS NACIONALES&quot;","block_context":{"text":"NOTICIAS NACIONALES","link":"http:\/\/www.grieta.org.mx\/index.php\/category\/noticias-nacionales\/"},"img":{"alt_text":"","src":"https:\/\/i0.wp.com\/www.grieta.org.mx\/wp-content\/uploads\/2018\/03\/14524434_1106112876131411_958039263622046936_o.jpg?resize=350%2C200","width":350,"height":200,"srcset":"https:\/\/i0.wp.com\/www.grieta.org.mx\/wp-content\/uploads\/2018\/03\/14524434_1106112876131411_958039263622046936_o.jpg?resize=350%2C200 1x, https:\/\/i0.wp.com\/www.grieta.org.mx\/wp-content\/uploads\/2018\/03\/14524434_1106112876131411_958039263622046936_o.jpg?resize=525%2C300 1.5x, https:\/\/i0.wp.com\/www.grieta.org.mx\/wp-content\/uploads\/2018\/03\/14524434_1106112876131411_958039263622046936_o.jpg?resize=700%2C400 2x"},"classes":[]},{"id":6505,"url":"http:\/\/www.grieta.org.mx\/index.php\/2016\/01\/20\/polemica-por-nueva-ley-del-isset\/","url_meta":{"origin":6514,"position":1},"title":"Pol\u00e9mica por nueva ley del ISSET","author":"grieta","date":"20 enero, 2016","format":false,"excerpt":"Raquel May Ol\u00e1n Villahermosa, Tabasco.- Arriba de 500 trabajadores sindicalizados al servicio del estado de Tabasco se manifestaron este martes en Plaza de Armas al exterior del Congreso Local, en repudio a la nueva ley del Instituto de Seguridad Social del Estado de Tabasco (ISSET); y convocaron a paro estatal\u2026","rel":"","context":"En &quot;CINTILLO&quot;","block_context":{"text":"CINTILLO","link":"http:\/\/www.grieta.org.mx\/index.php\/category\/cintillo\/"},"img":{"alt_text":"","src":"https:\/\/i0.wp.com\/www.grieta.org.mx\/wp-content\/uploads\/2018\/03\/14524434_1106112876131411_958039263622046936_o.jpg?resize=350%2C200","width":350,"height":200,"srcset":"https:\/\/i0.wp.com\/www.grieta.org.mx\/wp-content\/uploads\/2018\/03\/14524434_1106112876131411_958039263622046936_o.jpg?resize=350%2C200 1x, https:\/\/i0.wp.com\/www.grieta.org.mx\/wp-content\/uploads\/2018\/03\/14524434_1106112876131411_958039263622046936_o.jpg?resize=525%2C300 1.5x, https:\/\/i0.wp.com\/www.grieta.org.mx\/wp-content\/uploads\/2018\/03\/14524434_1106112876131411_958039263622046936_o.jpg?resize=700%2C400 2x"},"classes":[]},{"id":6518,"url":"http:\/\/www.grieta.org.mx\/index.php\/2015\/12\/22\/protestan-maestros-del-sitet-cecyte-y-utt-contra-nueva-ley-del-isset\/","url_meta":{"origin":6514,"position":2},"title":"Protestan maestros del SITET, Cecyte y UTT contra nueva ley del ISSET","author":"grieta","date":"22 diciembre, 2015","format":false,"excerpt":"Yazm\u00edn Ruiz de la Cruz Maestros adheridos a diferentes sindicatos como el Independiente de Trabajadores de la Educaci\u00f3n (SITET), de Universidad Tecnol\u00f3gica de Tabasco, del Consejo de Estudios Cient\u00edficos y Tecnol\u00f3gicos de Tabasco se manifestaron frente al Congreso del Estado en rechazo a la reforma a la Ley del Instituto\u2026","rel":"","context":"En &quot;CINTILLO&quot;","block_context":{"text":"CINTILLO","link":"http:\/\/www.grieta.org.mx\/index.php\/category\/cintillo\/"},"img":{"alt_text":"","src":"https:\/\/i0.wp.com\/www.grieta.org.mx\/wp-content\/uploads\/2018\/03\/14524434_1106112876131411_958039263622046936_o.jpg?resize=350%2C200","width":350,"height":200,"srcset":"https:\/\/i0.wp.com\/www.grieta.org.mx\/wp-content\/uploads\/2018\/03\/14524434_1106112876131411_958039263622046936_o.jpg?resize=350%2C200 1x, https:\/\/i0.wp.com\/www.grieta.org.mx\/wp-content\/uploads\/2018\/03\/14524434_1106112876131411_958039263622046936_o.jpg?resize=525%2C300 1.5x, https:\/\/i0.wp.com\/www.grieta.org.mx\/wp-content\/uploads\/2018\/03\/14524434_1106112876131411_958039263622046936_o.jpg?resize=700%2C400 2x"},"classes":[]},{"id":60455,"url":"http:\/\/www.grieta.org.mx\/index.php\/2021\/07\/14\/estallan-protestas-por-nueva-de-ley-del-issstezac-zacatecas\/","url_meta":{"origin":6514,"position":3},"title":"Estallan protestas por nueva de Ley del Issstezac (Zacatecas)","author":"grieta","date":"14 julio, 2021","format":false,"excerpt":"Mi\u00e9rcoles, 14, Julio 2021 13:33. Escrito por Zacatecasonline Ante la posibilidad de que sea aprobada la iniciativa, enviada por el gobernador Alejandro Tello Cisterna, de reformas al Instituto de Seguridad y Servicios Sociales de los Trabajadores del Estado de Zacatecas (Issstezac), cientos de trabajadores y docentes de sindicatos salieron a\u2026","rel":"","context":"En &quot;CINTILLO&quot;","block_context":{"text":"CINTILLO","link":"http:\/\/www.grieta.org.mx\/index.php\/category\/cintillo\/"},"img":{"alt_text":"","src":"https:\/\/i0.wp.com\/www.grieta.org.mx\/wp-content\/uploads\/2021\/07\/protesta_1.jpeg?resize=350%2C200","width":350,"height":200,"srcset":"https:\/\/i0.wp.com\/www.grieta.org.mx\/wp-content\/uploads\/2021\/07\/protesta_1.jpeg?resize=350%2C200 1x, https:\/\/i0.wp.com\/www.grieta.org.mx\/wp-content\/uploads\/2021\/07\/protesta_1.jpeg?resize=525%2C300 1.5x"},"classes":[]},{"id":8378,"url":"http:\/\/www.grieta.org.mx\/index.php\/2015\/03\/26\/una-decena-de-maestros-heridos-saldo-de-enfrentamiento-de-ayer-por-nueva-ley-del-issstezac-disidencia-de-snte-58\/","url_meta":{"origin":6514,"position":4},"title":"Una decena de maestros heridos, saldo de enfrentamiento de ayer por nueva Ley del Issstezac: disidencia de SNTE 58","author":"grieta","date":"26 marzo, 2015","format":false,"excerpt":"26 marzo, 2015 La Jornada Zacatecas ALMA ALEJANDRA TAPIA\/26-02-2015 Maestros disidentes de la secci\u00f3n 58 del Sindicato Nacional de Trabajadores de la Educaci\u00f3n (SNTE) aseguraron que el saldo final fue de alrededor de una decena de maestros heridos, tras el enfrentamiento de ayer mi\u00e9rcoles entre granaderos y manifestantes, con motivo\u2026","rel":"","context":"En &quot;CINTILLO&quot;","block_context":{"text":"CINTILLO","link":"http:\/\/www.grieta.org.mx\/index.php\/category\/cintillo\/"},"img":{"alt_text":"","src":"https:\/\/i0.wp.com\/www.grieta.org.mx\/wp-content\/uploads\/2018\/03\/14524434_1106112876131411_958039263622046936_o.jpg?resize=350%2C200","width":350,"height":200,"srcset":"https:\/\/i0.wp.com\/www.grieta.org.mx\/wp-content\/uploads\/2018\/03\/14524434_1106112876131411_958039263622046936_o.jpg?resize=350%2C200 1x, https:\/\/i0.wp.com\/www.grieta.org.mx\/wp-content\/uploads\/2018\/03\/14524434_1106112876131411_958039263622046936_o.jpg?resize=525%2C300 1.5x, https:\/\/i0.wp.com\/www.grieta.org.mx\/wp-content\/uploads\/2018\/03\/14524434_1106112876131411_958039263622046936_o.jpg?resize=700%2C400 2x"},"classes":[]},{"id":4741,"url":"http:\/\/www.grieta.org.mx\/index.php\/2015\/03\/08\/beneficia-a-mty-vi-nueva-ley-de-aguas\/","url_meta":{"origin":6514,"position":5},"title":"Beneficia a Mty VI nueva Ley de Aguas","author":"grieta","date":"8 marzo, 2015","format":false,"excerpt":"No a Monterrey VI Mayolo L\u00f3pez M\u00c9XICO.- Con la oposici\u00f3n y protesta de la izquierda, el dictamen que expide la Ley General de Aguas fue aprobado en comisiones en la C\u00e1mara baja y algunos Diputados advirtieron que la legislaci\u00f3n beneficiar\u00e1 al Grupo Higa, ligado con el Proyecto de Monterrey VI.\u2026","rel":"","context":"En &quot;CINTILLO&quot;","block_context":{"text":"CINTILLO","link":"http:\/\/www.grieta.org.mx\/index.php\/category\/cintillo\/"},"img":{"alt_text":"","src":"https:\/\/i0.wp.com\/www.grieta.org.mx\/wp-content\/uploads\/2018\/03\/14524434_1106112876131411_958039263622046936_o.jpg?resize=350%2C200","width":350,"height":200,"srcset":"https:\/\/i0.wp.com\/www.grieta.org.mx\/wp-content\/uploads\/2018\/03\/14524434_1106112876131411_958039263622046936_o.jpg?resize=350%2C200 1x, https:\/\/i0.wp.com\/www.grieta.org.mx\/wp-content\/uploads\/2018\/03\/14524434_1106112876131411_958039263622046936_o.jpg?resize=525%2C300 1.5x, https:\/\/i0.wp.com\/www.grieta.org.mx\/wp-content\/uploads\/2018\/03\/14524434_1106112876131411_958039263622046936_o.jpg?resize=700%2C400 2x"},"classes":[]}],"_links":{"self":[{"href":"http:\/\/www.grieta.org.mx\/index.php\/wp-json\/wp\/v2\/posts\/6514","targetHints":{"allow":["GET"]}}],"collection":[{"href":"http:\/\/www.grieta.org.mx\/index.php\/wp-json\/wp\/v2\/posts"}],"about":[{"href":"http:\/\/www.grieta.org.mx\/index.php\/wp-json\/wp\/v2\/types\/post"}],"author":[{"embeddable":true,"href":"http:\/\/www.grieta.org.mx\/index.php\/wp-json\/wp\/v2\/users\/2"}],"replies":[{"embeddable":true,"href":"http:\/\/www.grieta.org.mx\/index.php\/wp-json\/wp\/v2\/comments?post=6514"}],"version-history":[{"count":1,"href":"http:\/\/www.grieta.org.mx\/index.php\/wp-json\/wp\/v2\/posts\/6514\/revisions"}],"predecessor-version":[{"id":11095,"href":"http:\/\/www.grieta.org.mx\/index.php\/wp-json\/wp\/v2\/posts\/6514\/revisions\/11095"}],"wp:featuredmedia":[{"embeddable":true,"href":"http:\/\/www.grieta.org.mx\/index.php\/wp-json\/wp\/v2\/media\/21928"}],"wp:attachment":[{"href":"http:\/\/www.grieta.org.mx\/index.php\/wp-json\/wp\/v2\/media?parent=6514"}],"wp:term":[{"taxonomy":"category","embeddable":true,"href":"http:\/\/www.grieta.org.mx\/index.php\/wp-json\/wp\/v2\/categories?post=6514"},{"taxonomy":"post_tag","embeddable":true,"href":"http:\/\/www.grieta.org.mx\/index.php\/wp-json\/wp\/v2\/tags?post=6514"}],"curies":[{"name":"wp","href":"https:\/\/api.w.org\/{rel}","templated":true}]}}