{"id":65084,"date":"2022-08-30T10:34:12","date_gmt":"2022-08-30T15:34:12","guid":{"rendered":"https:\/\/www.grieta.org.mx\/?p=65084"},"modified":"2022-09-05T10:39:53","modified_gmt":"2022-09-05T15:39:53","slug":"no-olvidar-las-historias-de-los-desaparecidos-en-slp-ni-las-luchas-de-sus-familias","status":"publish","type":"post","link":"http:\/\/www.grieta.org.mx\/index.php\/2022\/08\/30\/no-olvidar-las-historias-de-los-desaparecidos-en-slp-ni-las-luchas-de-sus-familias\/","title":{"rendered":"No olvidar las historias de los desaparecidos en SLP ni las luchas de sus familias"},"content":{"rendered":"<p>Marcela del Muro\/Astrolabio<br \/>\n30 agosto 2022<\/p>\n<p>I. El inicio de la pr\u00e1ctica de la desaparici\u00f3n de personas<\/p>\n<p>Tere Castillo cuenta que cuando su hija Perla era una beb\u00e9, no quer\u00eda alejarse de ella ni un minuto; no le gustaba que nadie m\u00e1s la cuidara, incluso, piensa que la lleg\u00f3 a sobreproteger. Desde junio de 2013 no sabe d\u00f3nde ni c\u00f3mo est\u00e1 Perla y aquel recuerdo de madre primeriza se volvi\u00f3 muy doloroso para ella. <\/p>\n<p>\u201cYo que me la pasaba hablando por tel\u00e9fono para saber que estaba bien cuando se la llevaba la familia de mi esposo, mira lo que nos vino a pasar\u201d, comenta la menuda mujer que vive en el municipio de Rioverde, en la zona Media del estado.  <\/p>\n<p>La madrugada del 14 de junio de 2013, un grupo de encapuchados que portaban armas largas irrumpieron en la casa de la familia Gallegos Padr\u00f3n, en el municipio de Ciudad Fern\u00e1ndez, y se llevaron a Perla Guadalupe Padr\u00f3n, de 26 a\u00f1os, y a su esposo Jos\u00e9 Alberto Gallegos, de 22 a\u00f1os. <\/p>\n<p>La madre de Jos\u00e9 Alberto fue testigo del violento incidente. Horas despu\u00e9s su otro hijo fue detenido por colaborar, supuestamente, en un robo y fue torturado por la polic\u00eda. El joven, que era menor de edad, fue liberado, pero su hermano y Perla contin\u00faan desaparecidos.<\/p>\n<p>Los vecinos denunciaron haber visto, d\u00edas antes, a Genaro Sandoval Plascencia, inspeccionando la colonia y los alrededores de la casa de los Gallegos. En aquel momento, el general Sandoval era el mando \u00fanico en la regi\u00f3n y es uno de los principales sospechosos de la desaparici\u00f3n forzada del matrimonio.<\/p>\n<p>Hoy 30 de agosto se conmemora el D\u00eda Internacional de las V\u00edctimas de Desaparici\u00f3n Forzada, es decir, que el delito de desaparici\u00f3n sea cometido por servidores p\u00fablicos o por personas que act\u00faan con la autorizaci\u00f3n, apoyo o aquiescencia del Estado.<\/p>\n<p>Este texto es la primera entrada de un proyecto que busca brindar mayor claridad sobre la din\u00e1mica regional de la desaparici\u00f3n de personas, a trav\u00e9s de las historias de las familias que buscan a sus seres queridos ausentes en las cuatro regiones de San Luis Potos\u00ed. Es tambi\u00e9n un ejercicio de activaci\u00f3n de la memoria, evocando a los inicios de la b\u00fasqueda y de la resistencia de las familias.<\/p>\n<p>Al d\u00eda de hoy, se reportan m\u00e1s de 582 personas desaparecidas en San Luis Potos\u00ed, seg\u00fan el Registro Nacional de Personas Desaparecidas y No Localizadas (RNPDNO). Siendo el 2021 y lo que va de 2022,  los a\u00f1os que m\u00e1s denuncias se han presentado por dicho delito en el estado. Por esta raz\u00f3n, es importante no olvidar. No olvidar a nuestros desaparecidos, no olvidar sus historias y no olvidar las historias de lucha de sus familias.  <\/p>\n<p>Comprendiendo la desaparici\u00f3n y la ausencia<\/p>\n<p>La desaparici\u00f3n de personas es una estrategia para generar terror que ha sido utilizada en M\u00e9xico desde hace muchos a\u00f1os. En los inicios de la pr\u00e1ctica de este delito en el pa\u00eds, el perpetrador fue el Estado, utiliz\u00e1ndolo como una estrategia de control pol\u00edtico.   <\/p>\n<p>El historiador Camilo Vicente Ovalle, experto en desaparici\u00f3n forzada, refiere que existen casos documentados de los a\u00f1os 30, donde la desaparici\u00f3n era utilizada como castigo para disidencias pol\u00edticas. Pero es a partir de 1940 que se comenz\u00f3 a construir esta pr\u00e1ctica como una estrategia que se volvi\u00f3 sistem\u00e1tica a finales de los 60\u2019s y principios de los 70\u2019s, durante la contrainsurgencia y la primera declaraci\u00f3n de la guerra contra las drogas, donde \u201cla violencia ejercida por el Estado formaba parte de la administraci\u00f3n del Estado\u201d, dice el acad\u00e9mico.<\/p>\n<p>Desde entonces, el gobierno se encarg\u00f3 de construir la imagen de las personas desaparecidas como vidas dispensables, pr\u00e1ctica que se sigue utilizando actualmente.<\/p>\n<p>En el 2000 lleg\u00f3 la alternancia y, posteriormente, la llamada guerra contra el narcotr\u00e1fico del expresidente Felipe Calderon Hinojosa, declarada el 11 de diciembre de 2006.<\/p>\n<p>Ahora constatamos que las t\u00e9cnicas de la violencia son pedag\u00f3gicas cuando no existe la justicia. La guerra contra el narco descentraliza la desaparici\u00f3n de personas, que comenz\u00f3 a ser utilizada, principalmente, por el crimen organizado cuyo principal objetivo continu\u00f3 siendo el control, pero ahora no es s\u00f3lo pol\u00edtico, tambi\u00e9n es control territorial y econ\u00f3mico.<\/p>\n<p>Aunque se agregaron perpetradores y las din\u00e1micas violentas evolucionaron, la responsabilidad por la desaparici\u00f3n de personas sigue recayendo en el Estado, por acci\u00f3n, inacci\u00f3n, omisi\u00f3n o colusi\u00f3n.<\/p>\n<p>La militarizaci\u00f3n que trajo la guerra contra el narco aument\u00f3 los niveles de violencia y la desaparici\u00f3n comenz\u00f3 a ser una pr\u00e1ctica frecuente que es reconocida, actualmente, como una crisis humanitaria, con m\u00e1s de 105 mil personas desaparecidas en el pa\u00eds.<\/p>\n<p>\u201cNinguna persona est\u00e1 exenta de vivir la desaparici\u00f3n que destroza la vida de las familias\u201d, cometa Edith P\u00e9rez Rodr\u00edguez, directora del colectivo Voz y Dignidad por los Nuestros, que busca a sus hijos Alexis y Jos\u00e9 Arturo Dom\u00ednguez P\u00e9rez, de 16 y 20 a\u00f1os; a sus sobrinos Aldo P\u00e9rez y Milynali Pi\u00f1a, de 20 y 13 a\u00f1os; y a su hermano Ignacio P\u00e9rez, de 52 a\u00f1os, desaparecidos el 14 de agosto de 2012, cuando regresaban de vacaciones, en la carretera que atraviesa Ciudad Mante, en Tamaulipas, territorio dominado por el crimen organizado.<\/p>\n<p>El cuarto de Alexis y Jos\u00e9 Arturo contin\u00faa como lo dejaron hace m\u00e1s de diez a\u00f1os. En una visita a la casa de la familia Dominguez P\u00e9rez, en Tamu\u00edn, en el 2018, Edith relataba que frecuentemente entraba a la recamara de su hijos y cambiaba las s\u00e1banas y las cobijas; sacud\u00eda sus zapatos y met\u00eda a lavar la ropa que se hab\u00eda empolvado. \u201cPara que cuando regresen, tengan algo limpio que ponerse\u201d.<\/p>\n<p>La desaparici\u00f3n devasta la vida de las familias, pero el amor impulsa la b\u00fasqueda, a pesar de la violencia, y trae esperanza de encontrarlos con vida. <\/p>\n<p>Parados en San Luis Potos\u00ed<\/p>\n<p>Seg\u00fan el Registro Nacional de Personas Desaparecidas y No Localizadas, el primer aumento significativo en las denuncias por este delito se da en el 2009. Pero, se comenzaron a vivir cr\u00edmenes violentos desde el 2007, casi a la mitad del sexenio del gobernador Marcelo de los Santos Fraga.<\/p>\n<p>Algunos periodistas se\u00f1alan el 13 de septiembre de 2007, como el d\u00eda que inici\u00f3 la violencia en San Luis Potos\u00ed, con el asesinato de Jaime Flores Escamilla, titular de la Direcci\u00f3n General de Seguridad P\u00fablica del Estado.<\/p>\n<p>Se dice que aquel d\u00eda, alrededor de las tres de la tarde, el comandante fue atacado por un grupo de personas con armas de alto calibre que circulaban a bordo de una camioneta blanca Suburban y un carro rojo, marca VolksWagen Bora. Flores Escamilla, que manejaba una camioneta azul, iba a comer mariscos con su esposa y su hijo de 11 a\u00f1os en la colonia Valle Dorado. Hasta la fecha, este crimen contin\u00faa impune.<\/p>\n<p>Dos meses despu\u00e9s, aproximadamente a las siete y media de la noche del 30 de noviembre de 2007, se vivi\u00f3 un enfrentamiento entre tres camionetas con civiles armados y corporaciones policiacas y militares, que inici\u00f3 en pleno centro, en la avenida Carranza y atravesando hasta la avenida Ju\u00e1rez, los delincuentes escaparon por la carretera 57 y la carretera a Guadalajara. <\/p>\n<p>Entonces los potosinos comenzamos a escuchar rumores de autos o camionetas que se llevaban a personas que caminaban o circulaban en sus autos por las calles de la capital o Soledad de Graciano S\u00e1nchez, llamados \u201clevantones\u201d. El 24 de abril de 2008, el subdirector de averiguaciones previas de la entonces llamada Procuradur\u00eda General del Estado, Ra\u00fal Santamar\u00eda Casas, fue \u201clevantado\u201d y posteriormente asesinado.<\/p>\n<p>Cuatro polic\u00edas ministeriales fueron se\u00f1alados como presuntos asesinos, entre ellos el director de la Polic\u00eda Ministerial del Estado, pero 20 meses despu\u00e9s, en diciembre de 2009, fueron absueltos, acusando al gobierno de De los Santos de construir los cargos falsos en su contra.<\/p>\n<p>As\u00ed como los polic\u00edas fueron los primeros en ser asesinados, tambi\u00e9n fueron de los primeros en ser desaparecidos. A principios de 2009 fue desaparecido un polic\u00eda ministerial en Soledad, cuya ropa fue entregada a su familia con la advertencia de \u201cno lo busques\u201d; no es nombrado por seguridad, aunque su familia a\u00fan desea poder encontrarlo.<\/p>\n<p>Pero no solo fue en la zona Centro del estado, una de las primeras denuncias en Rioverde, el 16 de enero de 2011, fue por la ausencia del polic\u00eda municipal Edgar Daniel Hern\u00e1ndez, de 22 a\u00f1os.<\/p>\n<p>Marisela Torres recuerda que comenz\u00f3 a buscar a su hijo, desesperadamente, entonces llegaron las amenazas. La familia decidi\u00f3 desplazarse de su lugar de origen, Marisela, que es una excelente cocinera, puso un restaurante en la ciudad de San Luis Potos\u00ed, donde vive desde hace 10 a\u00f1os.<\/p>\n<p>A\u00fan con las amenazas y el cambio de domicilio, Marisela no ha parado de buscar a Edgar Daniel, pero se\u00f1ala que no hay pistas que digan d\u00f3nde est\u00e1. Unas semanas antes de la desaparici\u00f3n, su hijo le coment\u00f3 que quer\u00eda cambiar de trabajo porque la regi\u00f3n se estaba volviendo peligrosa. Ella piensa que, quiz\u00e1, le ofrecieron algo a su hijo y \u00e9l lo rechaz\u00f3. <\/p>\n<p>Con el paso del tiempo existe mayor claridad para comprender, un poco mejor, qu\u00e9 pas\u00f3 con los primeros casos de desaparici\u00f3n registrados en el estado. La b\u00fasqueda de las familias ha dado las principales pistas para determinar si la ausencia de sus seres queridos se investiga como desaparici\u00f3n forzada o como cometida por particulares.<\/p>\n<p>La desaparici\u00f3n de personas es un delito costoso. Para esfumar todo rastro de una persona es necesario tener recursos, sobre todo si el delito se masifica.<\/p>\n<p>La desaparici\u00f3n de un ser querido y la incertidumbre que genera su ausencia destruye las din\u00e1micas familiares. Tambi\u00e9n destruye las din\u00e1micas comunitarias, las personas prefieren no salir por miedo. \u201cTenemos que entender que desaparecer no es normal\u201d, cometa Edith P\u00e9rez.<\/p>\n<p><a href=\"https:\/\/www.astrolabio.com.mx\/no-olvidar-las-historias-de-los-desaparecidos-en-slp-ni-las-luchas-de-sus-familias\/?utm_source=pocket_mylist\" rel=\"noopener\" target=\"_blank\">https:\/\/www.astrolabio.com.mx\/no-olvidar-las-historias-de-los-desaparecidos-en-slp-ni-las-luchas-de-sus-familias\/?utm_source=pocket_mylist<\/a><\/p>\n","protected":false},"excerpt":{"rendered":"<p>Marcela del Muro\/Astrolabio 30 agosto 2022 I. El inicio de la pr\u00e1ctica de la desaparici\u00f3n de personas Tere Castillo cuenta que cuando su hija Perla era una beb\u00e9, no quer\u00eda &hellip; <a href=\"http:\/\/www.grieta.org.mx\/index.php\/2022\/08\/30\/no-olvidar-las-historias-de-los-desaparecidos-en-slp-ni-las-luchas-de-sus-familias\/\" class=\"more-link\">Leer m\u00e1s<\/a><\/p>\n","protected":false},"author":2,"featured_media":65085,"comment_status":"closed","ping_status":"closed","sticky":false,"template":"","format":"standard","meta":{"ngg_post_thumbnail":0,"_jetpack_newsletter_access":"","_jetpack_dont_email_post_to_subs":false,"_jetpack_newsletter_tier_id":0,"_jetpack_memberships_contains_paywalled_content":false,"_jetpack_memberships_contains_paid_content":false,"footnotes":""},"categories":[80,87,1272,2,29,83],"tags":[1828,3018,121,1668],"class_list":["post-65084","post","type-post","status-publish","format-standard","has-post-thumbnail","hentry","category-cintillo","category-desaparecidos","category-desaparecidos-en-san-luis-potosi","category-noticias-nacionales","category-san-luis-potosi","category-temas-nacionales","tag-busqueda-de-desaparecidos","tag-colectivos-de-busqueda-de-desaparecidos","tag-desaparecidos","tag-familiares-de-desaparecidos","entry"],"jetpack_featured_media_url":"http:\/\/www.grieta.org.mx\/wp-content\/uploads\/2022\/09\/descarga.jpg","jetpack_sharing_enabled":true,"jetpack_shortlink":"https:\/\/wp.me\/p7ZJR4-gVK","jetpack_likes_enabled":false,"jetpack-related-posts":[{"id":58801,"url":"http:\/\/www.grieta.org.mx\/index.php\/2021\/04\/15\/denuncian-falta-de-apoyo-institucional-para-busqueda-de-desaparecidos-en-san-luis-potosi\/","url_meta":{"origin":65084,"position":0},"title":"Denuncian falta de apoyo institucional para b\u00fasqueda de desaparecidos en San Luis Potos\u00ed","author":"grieta","date":"15 abril, 2021","format":false,"excerpt":"Juan Hern\u00e1ndez\/Quadrat\u00edn SLP 15 abril 2021 SAN LUIS POTOS\u00cd, SLP., 15 de abril 2021.- La vocera y representante del colectivo Voz y Dignidad por los Nuestros, que se dedica a la b\u00fasqueda de personas desaparecidas, Edith P\u00e9rez Rodr\u00edguez, ahora estar\u00e1 trabajando en la Comisi\u00f3n Estatal de Derechos Humanos (CEDH), incluso\u2026","rel":"","context":"En &quot;CINTILLO&quot;","block_context":{"text":"CINTILLO","link":"http:\/\/www.grieta.org.mx\/index.php\/category\/cintillo\/"},"img":{"alt_text":"","src":"https:\/\/i0.wp.com\/www.grieta.org.mx\/wp-content\/uploads\/2021\/04\/cedh.jpeg?resize=350%2C200","width":350,"height":200,"srcset":"https:\/\/i0.wp.com\/www.grieta.org.mx\/wp-content\/uploads\/2021\/04\/cedh.jpeg?resize=350%2C200 1x, https:\/\/i0.wp.com\/www.grieta.org.mx\/wp-content\/uploads\/2021\/04\/cedh.jpeg?resize=525%2C300 1.5x, https:\/\/i0.wp.com\/www.grieta.org.mx\/wp-content\/uploads\/2021\/04\/cedh.jpeg?resize=700%2C400 2x, https:\/\/i0.wp.com\/www.grieta.org.mx\/wp-content\/uploads\/2021\/04\/cedh.jpeg?resize=1050%2C600 3x"},"classes":[]},{"id":54397,"url":"http:\/\/www.grieta.org.mx\/index.php\/2020\/08\/30\/buscan-a-250-desaparecidos-en-slp\/","url_meta":{"origin":65084,"position":1},"title":"Buscan a 250 desaparecidos en SLP","author":"grieta","date":"30 agosto, 2020","format":false,"excerpt":"Ruth Berrones\/Quadrat\u00edn SLP 30 agosto 2020 SAN LUIS POTOS\u00cd, SLP., 30 de agosto 2020.- Este domingo en el D\u00eda Internacional de las V\u00edctimas de Desaparici\u00f3n Forzada, familiares de personas desaparecidas realizaron una marcha para solicitar a las autoridades que se localicen a sus familiares. Edith P\u00e9rez Rodr\u00edguez, de la asociaci\u00f3n\u2026","rel":"","context":"En &quot;CINTILLO&quot;","block_context":{"text":"CINTILLO","link":"http:\/\/www.grieta.org.mx\/index.php\/category\/cintillo\/"},"img":{"alt_text":"","src":"https:\/\/i0.wp.com\/www.grieta.org.mx\/wp-content\/uploads\/2020\/10\/WhatsApp-Image-2020-08-30-at-4.36.21-PM-1160x700-1.jpeg?resize=350%2C200","width":350,"height":200,"srcset":"https:\/\/i0.wp.com\/www.grieta.org.mx\/wp-content\/uploads\/2020\/10\/WhatsApp-Image-2020-08-30-at-4.36.21-PM-1160x700-1.jpeg?resize=350%2C200 1x, https:\/\/i0.wp.com\/www.grieta.org.mx\/wp-content\/uploads\/2020\/10\/WhatsApp-Image-2020-08-30-at-4.36.21-PM-1160x700-1.jpeg?resize=525%2C300 1.5x, https:\/\/i0.wp.com\/www.grieta.org.mx\/wp-content\/uploads\/2020\/10\/WhatsApp-Image-2020-08-30-at-4.36.21-PM-1160x700-1.jpeg?resize=700%2C400 2x, https:\/\/i0.wp.com\/www.grieta.org.mx\/wp-content\/uploads\/2020\/10\/WhatsApp-Image-2020-08-30-at-4.36.21-PM-1160x700-1.jpeg?resize=1050%2C600 3x"},"classes":[]},{"id":55011,"url":"http:\/\/www.grieta.org.mx\/index.php\/2020\/11\/11\/recorte-de-fideicomisos-afectara-busqueda-de-desaparecidos-en-san-luis-potosi\/","url_meta":{"origin":65084,"position":2},"title":"Recorte de fideicomisos afectar\u00e1 b\u00fasqueda de desaparecidos en San Luis Potos\u00ed","author":"grieta","date":"11 noviembre, 2020","format":false,"excerpt":"Juan Hern\u00e1ndez\/Quadrat\u00edn San Luis Potos\u00ed 11 noviembre 2020 SAN LUIS POTOS\u00cd, SLP., 11 de noviembre 2020.- La desaparici\u00f3n del Fondo de Ayuda, Asistencia y Reparaci\u00f3n Integral, por parte del Senado de la Rep\u00fablica, provocar\u00e1 que las labores de b\u00fasqueda quedar\u00e1n suspendidas para varias personas que integran el colectivo Voz y\u2026","rel":"","context":"En &quot;CINTILLO&quot;","block_context":{"text":"CINTILLO","link":"http:\/\/www.grieta.org.mx\/index.php\/category\/cintillo\/"},"img":{"alt_text":"","src":"https:\/\/i0.wp.com\/www.grieta.org.mx\/wp-content\/uploads\/2020\/11\/WhatsApp-Image-2020-11-10-at-5.15.41-PM-1160x700-1.jpeg?resize=350%2C200","width":350,"height":200,"srcset":"https:\/\/i0.wp.com\/www.grieta.org.mx\/wp-content\/uploads\/2020\/11\/WhatsApp-Image-2020-11-10-at-5.15.41-PM-1160x700-1.jpeg?resize=350%2C200 1x, https:\/\/i0.wp.com\/www.grieta.org.mx\/wp-content\/uploads\/2020\/11\/WhatsApp-Image-2020-11-10-at-5.15.41-PM-1160x700-1.jpeg?resize=525%2C300 1.5x, https:\/\/i0.wp.com\/www.grieta.org.mx\/wp-content\/uploads\/2020\/11\/WhatsApp-Image-2020-11-10-at-5.15.41-PM-1160x700-1.jpeg?resize=700%2C400 2x, https:\/\/i0.wp.com\/www.grieta.org.mx\/wp-content\/uploads\/2020\/11\/WhatsApp-Image-2020-11-10-at-5.15.41-PM-1160x700-1.jpeg?resize=1050%2C600 3x"},"classes":[]},{"id":25144,"url":"http:\/\/www.grieta.org.mx\/index.php\/2018\/07\/23\/continua-busqueda-de-desaparecidos-en-limites-de-slp-y-tamaulipas\/","url_meta":{"origin":65084,"position":3},"title":"Contin\u00faa b\u00fasqueda de desaparecidos en l\u00edmites de SLP y Tamaulipas","author":"grieta","date":"23 julio, 2018","format":false,"excerpt":"Jos\u00e9 Luis Mart\u00ednez Castro\/El Sol de San Luis La b\u00fasqueda de personas que han desparecido contin\u00faa, se busca en los l\u00edmites de San Luis Potos\u00ed con Tamaulipas, porque pese a que han pasado muchos a\u00f1os, existe la esperanza de familiares de por lo menos encontrar los restos de sus seres\u2026","rel":"","context":"En &quot;CINTILLO&quot;","block_context":{"text":"CINTILLO","link":"http:\/\/www.grieta.org.mx\/index.php\/category\/cintillo\/"},"img":{"alt_text":"","src":"https:\/\/i0.wp.com\/www.grieta.org.mx\/wp-content\/uploads\/2018\/07\/t1-1.jpg?resize=350%2C200","width":350,"height":200,"srcset":"https:\/\/i0.wp.com\/www.grieta.org.mx\/wp-content\/uploads\/2018\/07\/t1-1.jpg?resize=350%2C200 1x, https:\/\/i0.wp.com\/www.grieta.org.mx\/wp-content\/uploads\/2018\/07\/t1-1.jpg?resize=525%2C300 1.5x, https:\/\/i0.wp.com\/www.grieta.org.mx\/wp-content\/uploads\/2018\/07\/t1-1.jpg?resize=700%2C400 2x"},"classes":[]},{"id":41759,"url":"http:\/\/www.grieta.org.mx\/index.php\/2019\/11\/19\/comision-de-busqueda-atiende-39-reportes-san-luis-potosi\/","url_meta":{"origin":65084,"position":4},"title":"Comisi\u00f3n de B\u00fasqueda atiende 39 reportes (San Luis Potos\u00ed)","author":"grieta","date":"19 noviembre, 2019","format":false,"excerpt":"29 son del caso Pirasol; hace 10 a\u00f1os que desapareci\u00f3 un autob\u00fas con trabajadores y siguen desaparecidos Mayra Trist\u00e1n\/El Sol de San Luis La Comisi\u00f3n Estatal de B\u00fasqueda tiene reporte de 39 personas desparecidas en San Luis Potos\u00ed, de las cuales, 10 son migrantes mexicanos y centroamericanos, inform\u00f3 Jes\u00fas Ju\u00e1rez\u2026","rel":"","context":"En &quot;CINTILLO&quot;","block_context":{"text":"CINTILLO","link":"http:\/\/www.grieta.org.mx\/index.php\/category\/cintillo\/"},"img":{"alt_text":"","src":"https:\/\/i0.wp.com\/www.grieta.org.mx\/wp-content\/uploads\/2019\/12\/desaparecidos.png?resize=350%2C200","width":350,"height":200,"srcset":"https:\/\/i0.wp.com\/www.grieta.org.mx\/wp-content\/uploads\/2019\/12\/desaparecidos.png?resize=350%2C200 1x, https:\/\/i0.wp.com\/www.grieta.org.mx\/wp-content\/uploads\/2019\/12\/desaparecidos.png?resize=525%2C300 1.5x, https:\/\/i0.wp.com\/www.grieta.org.mx\/wp-content\/uploads\/2019\/12\/desaparecidos.png?resize=700%2C400 2x"},"classes":[]},{"id":42754,"url":"http:\/\/www.grieta.org.mx\/index.php\/2019\/12\/31\/slp-no-cuenta-con-padron-oficial-de-desaparecidos\/","url_meta":{"origin":65084,"position":5},"title":"SLP no cuenta con padr\u00f3n oficial de desaparecidos","author":"grieta","date":"31 diciembre, 2019","format":false,"excerpt":"Lilia Quevedo\/Plano Informativo 31 diciembre 2019 La inexistencia de un registro que sea homog\u00e9neo institucionalmente y que sea liderado por la Fiscal\u00eda General del Estado, es un tema que se ha politizado San Luis Potos\u00ed, SLP.- El estado de San Luis Potos\u00ed, no cuenta con un padr\u00f3n oficial de personas\u2026","rel":"","context":"En &quot;CINTILLO&quot;","block_context":{"text":"CINTILLO","link":"http:\/\/www.grieta.org.mx\/index.php\/category\/cintillo\/"},"img":{"alt_text":"","src":"https:\/\/i0.wp.com\/www.grieta.org.mx\/wp-content\/uploads\/2020\/01\/desaparecidos-2.png?resize=350%2C200","width":350,"height":200,"srcset":"https:\/\/i0.wp.com\/www.grieta.org.mx\/wp-content\/uploads\/2020\/01\/desaparecidos-2.png?resize=350%2C200 1x, https:\/\/i0.wp.com\/www.grieta.org.mx\/wp-content\/uploads\/2020\/01\/desaparecidos-2.png?resize=525%2C300 1.5x"},"classes":[]}],"_links":{"self":[{"href":"http:\/\/www.grieta.org.mx\/index.php\/wp-json\/wp\/v2\/posts\/65084","targetHints":{"allow":["GET"]}}],"collection":[{"href":"http:\/\/www.grieta.org.mx\/index.php\/wp-json\/wp\/v2\/posts"}],"about":[{"href":"http:\/\/www.grieta.org.mx\/index.php\/wp-json\/wp\/v2\/types\/post"}],"author":[{"embeddable":true,"href":"http:\/\/www.grieta.org.mx\/index.php\/wp-json\/wp\/v2\/users\/2"}],"replies":[{"embeddable":true,"href":"http:\/\/www.grieta.org.mx\/index.php\/wp-json\/wp\/v2\/comments?post=65084"}],"version-history":[{"count":1,"href":"http:\/\/www.grieta.org.mx\/index.php\/wp-json\/wp\/v2\/posts\/65084\/revisions"}],"predecessor-version":[{"id":65086,"href":"http:\/\/www.grieta.org.mx\/index.php\/wp-json\/wp\/v2\/posts\/65084\/revisions\/65086"}],"wp:featuredmedia":[{"embeddable":true,"href":"http:\/\/www.grieta.org.mx\/index.php\/wp-json\/wp\/v2\/media\/65085"}],"wp:attachment":[{"href":"http:\/\/www.grieta.org.mx\/index.php\/wp-json\/wp\/v2\/media?parent=65084"}],"wp:term":[{"taxonomy":"category","embeddable":true,"href":"http:\/\/www.grieta.org.mx\/index.php\/wp-json\/wp\/v2\/categories?post=65084"},{"taxonomy":"post_tag","embeddable":true,"href":"http:\/\/www.grieta.org.mx\/index.php\/wp-json\/wp\/v2\/tags?post=65084"}],"curies":[{"name":"wp","href":"https:\/\/api.w.org\/{rel}","templated":true}]}}