{"id":6493,"date":"2015-09-07T23:42:34","date_gmt":"2015-09-07T23:42:34","guid":{"rendered":"http:\/\/50.22.11.12\/~grietaor\/?p=6493"},"modified":"2018-07-03T12:30:08","modified_gmt":"2018-07-03T17:30:08","slug":"frisco-ampliara-exploraciones-en-aguascalientes","status":"publish","type":"post","link":"http:\/\/www.grieta.org.mx\/index.php\/2015\/09\/07\/frisco-ampliara-exploraciones-en-aguascalientes\/","title":{"rendered":"Frisco ampliar\u00e1 exploraciones en Aguascalientes"},"content":{"rendered":"<p>Aguascalientes, Ags.- Minera Frisco anunci\u00f3 que arrancar\u00e1 en Aguascalientes una nueva fase de exploraci\u00f3n para ampliar la vida \u00fatil de las dos unidades que tiene en el estado.<\/p>\n<p>Alejandro Aboumrad Gonz\u00e1lez, Director General de Frisco, anunci\u00f3 que buscar\u00e1n a\u00f1adir a los proyectos que actualmente llevan a cabo, que son la mina subterr\u00e1nea Asientos que produce concentrados de plomo y zinc, y el tajo a cielo abierto denominado El Porvenir, que produce concentrados de oro, ambas en el municipio de Asientos, el proyecto San Antonio, que pasar\u00e1 por etapas de exploraci\u00f3n para evaluar su ampliaci\u00f3n.<\/p>\n<p>De igual forma, dieron a conocer que aunado a esta iniciativa la empresa Frisco ha iniciado un programa intensivo de capacitaci\u00f3n especializada a sus trabajadores para mejorar de manera sustancial sus conocimientos en materia de Miner\u00eda, con el objetivo de promover a sus empleados y colaborar en que cada vez m\u00e1s plazas sean asignadas espec\u00edficamente a personas oriundas de Aguascalientes.<\/p>\n<p>Al d\u00eda de hoy las dos unidades mineras dan trabajo a mil 141 empleados directos, a los cuales hay que sumar hasta dos mil m\u00e1s empleados indirectos generados por labores de contratistas y subcontratistas.<\/p>\n<p>Alejandro Aboumrad Gonz\u00e1lez a\u00f1adi\u00f3 que Frisco tambi\u00e9n plantea un manejo responsable y cuidadoso para ser congruentes con el planteamiento de Aguascalientes de ser el primer Estado Verde de la Rep\u00fablica, por lo que trabaja de manera constante en el adecuado reprocesamiento de los sedimentos utilizados en la extracci\u00f3n de minerales para su aprovechamiento y, de esta manera, eliminar lo m\u00e1s posible la contaminaci\u00f3n de la zona.<\/p>\n<p><a href=\"http:\/\/www.desdelared.com.mx\/noticias\/2015\/04-gobierno\/0907-frisco-23948757868944.html\" target=\"_blank\" rel=\"noopener\">www.desdelared.com.mx\/noticias\/2015\/04-gobierno\/0907-frisco-23948757868944.html<\/a><\/p>\n","protected":false},"excerpt":{"rendered":"<p>Aguascalientes, Ags.- Minera Frisco anunci\u00f3 que arrancar\u00e1 en Aguascalientes una nueva fase de exploraci\u00f3n para ampliar la vida \u00fatil de las dos unidades que tiene en el estado. Alejandro Aboumrad &hellip; <a href=\"http:\/\/www.grieta.org.mx\/index.php\/2015\/09\/07\/frisco-ampliara-exploraciones-en-aguascalientes\/\" class=\"more-link\">Leer m\u00e1s<\/a><\/p>\n","protected":false},"author":2,"featured_media":21928,"comment_status":"closed","ping_status":"open","sticky":false,"template":"","format":"standard","meta":{"ngg_post_thumbnail":0,"_jetpack_newsletter_access":"","_jetpack_dont_email_post_to_subs":false,"_jetpack_newsletter_tier_id":0,"_jetpack_memberships_contains_paywalled_content":false,"_jetpack_memberships_contains_paid_content":false,"footnotes":""},"categories":[4,305,80,1375,2],"tags":[412,109],"class_list":{"0":"post-6493","1":"post","2":"type-post","3":"status-publish","4":"format-standard","5":"has-post-thumbnail","6":"hentry","7":"category-aguascalientes","9":"category-cintillo","10":"category-conflictos-mineros-en-aguascalientes","11":"category-noticias-nacionales","12":"tag-frisco","13":"tag-mineria","14":"entry"},"jetpack_featured_media_url":"http:\/\/www.grieta.org.mx\/wp-content\/uploads\/2018\/03\/14524434_1106112876131411_958039263622046936_o.jpg","jetpack_sharing_enabled":true,"jetpack_shortlink":"https:\/\/wp.me\/p7ZJR4-1GJ","jetpack_likes_enabled":false,"jetpack-related-posts":[{"id":24112,"url":"http:\/\/www.grieta.org.mx\/index.php\/2016\/07\/21\/minera-frisco-de-carlos-slim-es-autorizada-por-la-semarnat-para-expandirse-en-aguascalientes\/","url_meta":{"origin":6493,"position":0},"title":"Minera Frisco, de Carlos Slim, es autorizada por la Semarnat para expandirse en Aguascalientes","author":"grieta","date":"21 julio, 2016","format":false,"excerpt":"Aunque esto generar\u00e1 impactos negativos al medio ambiente, reconoci\u00f3 la Semarnat, se pueden prevenir. Foto: Minera Frisco Redacci\u00f3n\/SIN EMBARGO \u00a0 De acuerdo con Grupo Frisco, esta extensi\u00f3n en Aguascalientes permitir\u00e1 producir concentrados de cobre, plomo y zinc por las pr\u00f3ximas dos d\u00e9cadas. La empresa tiene hasta diciembre para presentar un\u2026","rel":"","context":"En &quot;Aguascalientes&quot;","block_context":{"text":"Aguascalientes","link":"http:\/\/www.grieta.org.mx\/index.php\/category\/noticias-nacionales\/aguascalientes\/"},"img":{"alt_text":"","src":"https:\/\/i0.wp.com\/www.grieta.org.mx\/wp-content\/uploads\/2018\/07\/minera-frisco.jpg?resize=350%2C200","width":350,"height":200,"srcset":"https:\/\/i0.wp.com\/www.grieta.org.mx\/wp-content\/uploads\/2018\/07\/minera-frisco.jpg?resize=350%2C200 1x, https:\/\/i0.wp.com\/www.grieta.org.mx\/wp-content\/uploads\/2018\/07\/minera-frisco.jpg?resize=525%2C300 1.5x, https:\/\/i0.wp.com\/www.grieta.org.mx\/wp-content\/uploads\/2018\/07\/minera-frisco.jpg?resize=700%2C400 2x"},"classes":[]},{"id":6108,"url":"http:\/\/www.grieta.org.mx\/index.php\/2016\/09\/12\/conflictos-mineros-en-aguascalientes\/","url_meta":{"origin":6493,"position":1},"title":"Conflictos mineros en Aguascalientes","author":"grieta","date":"12 septiembre, 2016","format":false,"excerpt":"12\/09\/16. Ante ampliaci\u00f3n de minera Frisco, est\u00e1 garantizada la protecci\u00f3n al \u00e1guila realLa Jornada Aguascalientes 19\/07\/16. Minera Frisco aumentar\u00e1 actividades en AguascalientesLa Jornada Aguascalientes 07\/09\/15. Frisco ampliar\u00e1 exploraciones en AguascalientesDesde la Red 31\/07\/15. Suspenden mina Santa Francisca tras derrumbeAguasdigital 14\/07\/12. Aguascalientes: multan a mina por contaminanteConflictos Mineros","rel":"","context":"En &quot;Aguascalientes&quot;","block_context":{"text":"Aguascalientes","link":"http:\/\/www.grieta.org.mx\/index.php\/category\/noticias-nacionales\/aguascalientes\/"},"img":{"alt_text":"","src":"https:\/\/i0.wp.com\/www.grieta.org.mx\/wp-content\/uploads\/2018\/03\/14524434_1106112876131411_958039263622046936_o.jpg?resize=350%2C200","width":350,"height":200,"srcset":"https:\/\/i0.wp.com\/www.grieta.org.mx\/wp-content\/uploads\/2018\/03\/14524434_1106112876131411_958039263622046936_o.jpg?resize=350%2C200 1x, https:\/\/i0.wp.com\/www.grieta.org.mx\/wp-content\/uploads\/2018\/03\/14524434_1106112876131411_958039263622046936_o.jpg?resize=525%2C300 1.5x, https:\/\/i0.wp.com\/www.grieta.org.mx\/wp-content\/uploads\/2018\/03\/14524434_1106112876131411_958039263622046936_o.jpg?resize=700%2C400 2x"},"classes":[]},{"id":17276,"url":"http:\/\/www.grieta.org.mx\/index.php\/2016\/07\/19\/minera-frisco-aumentara-actividades-en-aguascalientes\/","url_meta":{"origin":6493,"position":2},"title":"Minera Frisco aumentar\u00e1 actividades en Aguascalientes","author":"grieta","date":"19 julio, 2016","format":false,"excerpt":"Hilda Hermosillo, Aguascalientes. La minera Real de \u00c1ngeles, perteneciente a Grupo Frisco -propiedad del empresario Carlos Slim- consigui\u00f3 autorizaci\u00f3n de las autoridades ambientales para ampliar actividades en Aguascalientes por 25 a\u00f1os m\u00e1s. La Secretar\u00eda del Medio Ambiente y Recursos Naturales (Semarnat) resolvi\u00f3 afirmativamente el proyecto Operaci\u00f3n y abandono del recinto\u2026","rel":"","context":"En &quot;aguascalientes&quot;","block_context":{"text":"aguascalientes","link":"http:\/\/www.grieta.org.mx\/index.php\/category\/aguascalientes\/"},"img":{"alt_text":"","src":"https:\/\/i0.wp.com\/www.grieta.org.mx\/wp-content\/uploads\/2018\/03\/14524434_1106112876131411_958039263622046936_o.jpg?resize=350%2C200","width":350,"height":200,"srcset":"https:\/\/i0.wp.com\/www.grieta.org.mx\/wp-content\/uploads\/2018\/03\/14524434_1106112876131411_958039263622046936_o.jpg?resize=350%2C200 1x, https:\/\/i0.wp.com\/www.grieta.org.mx\/wp-content\/uploads\/2018\/03\/14524434_1106112876131411_958039263622046936_o.jpg?resize=525%2C300 1.5x, https:\/\/i0.wp.com\/www.grieta.org.mx\/wp-content\/uploads\/2018\/03\/14524434_1106112876131411_958039263622046936_o.jpg?resize=700%2C400 2x"},"classes":[]},{"id":6109,"url":"http:\/\/www.grieta.org.mx\/index.php\/2015\/07\/14\/aguascalientes-multan-a-mina-por-contaminante\/","url_meta":{"origin":6493,"position":3},"title":"Aguascalientes: multan a mina por contaminante","author":"grieta","date":"14 julio, 2015","format":false,"excerpt":"C. Ba\u00f1uelos y R. Villalpando, Aguascalientes\/CONFLICTOSMINEROS.NET La mina Real de \u00c1ngeles, ubicada en el municipio de Asientos, al norte de Aguascalientes, que pertenece al Grupo Frisco, propiedad del empresario Carlos Slim Hel\u00fa, ser\u00e1 multada con 3 millones de pesos por la contaminaci\u00f3n que genera debido a la acumulaci\u00f3n de residuos\u2026","rel":"","context":"En &quot;Aguascalientes&quot;","block_context":{"text":"Aguascalientes","link":"http:\/\/www.grieta.org.mx\/index.php\/category\/noticias-nacionales\/aguascalientes\/"},"img":{"alt_text":"","src":"https:\/\/i0.wp.com\/www.grieta.org.mx\/wp-content\/uploads\/2018\/03\/14524434_1106112876131411_958039263622046936_o.jpg?resize=350%2C200","width":350,"height":200,"srcset":"https:\/\/i0.wp.com\/www.grieta.org.mx\/wp-content\/uploads\/2018\/03\/14524434_1106112876131411_958039263622046936_o.jpg?resize=350%2C200 1x, https:\/\/i0.wp.com\/www.grieta.org.mx\/wp-content\/uploads\/2018\/03\/14524434_1106112876131411_958039263622046936_o.jpg?resize=525%2C300 1.5x, https:\/\/i0.wp.com\/www.grieta.org.mx\/wp-content\/uploads\/2018\/03\/14524434_1106112876131411_958039263622046936_o.jpg?resize=700%2C400 2x"},"classes":[]},{"id":6473,"url":"http:\/\/www.grieta.org.mx\/index.php\/2015\/07\/31\/suspenden-mina-santa-francisca-tras-derrumbe\/","url_meta":{"origin":6493,"position":4},"title":"Suspenden mina Santa Francisca tras derrumbe (Aguascalientes)","author":"grieta","date":"31 julio, 2015","format":false,"excerpt":"Redacci\u00f3n aguasdigital.com Aguascalientes, Ags.- La Secretar\u00eda del Trabajo y Previsi\u00f3n Social (STPS) suspendi\u00f3 la mina Santa Francisca localizada en Asientos, luego del derrumbe que el pasado 26 de julio, con un saldo de un trabajador muerto y dos heridos de gravedad -ambos originarios de Zacatecas-, por no contar con las\u2026","rel":"","context":"En &quot;Aguascalientes&quot;","block_context":{"text":"Aguascalientes","link":"http:\/\/www.grieta.org.mx\/index.php\/category\/noticias-nacionales\/aguascalientes\/"},"img":{"alt_text":"","src":"https:\/\/i0.wp.com\/www.grieta.org.mx\/wp-content\/uploads\/2018\/03\/14524434_1106112876131411_958039263622046936_o.jpg?resize=350%2C200","width":350,"height":200,"srcset":"https:\/\/i0.wp.com\/www.grieta.org.mx\/wp-content\/uploads\/2018\/03\/14524434_1106112876131411_958039263622046936_o.jpg?resize=350%2C200 1x, https:\/\/i0.wp.com\/www.grieta.org.mx\/wp-content\/uploads\/2018\/03\/14524434_1106112876131411_958039263622046936_o.jpg?resize=525%2C300 1.5x, https:\/\/i0.wp.com\/www.grieta.org.mx\/wp-content\/uploads\/2018\/03\/14524434_1106112876131411_958039263622046936_o.jpg?resize=700%2C400 2x"},"classes":[]},{"id":21378,"url":"http:\/\/www.grieta.org.mx\/index.php\/2016\/09\/12\/ante-ampliacion-de-minera-frisco-esta-garantizada-la-proteccion-al-aguila-real-ags\/","url_meta":{"origin":6493,"position":5},"title":"Ante ampliaci\u00f3n de minera Frisco, est\u00e1 garantizada la protecci\u00f3n al \u00e1guila real (AGS)","author":"grieta","date":"12 septiembre, 2016","format":false,"excerpt":"Juan Sergio Alba Carrillo, Aguascalientes. Luego de que el grupo minero Frisco, propiedad de Carlos Slim, lograra el permiso por parte de la Semarnat para ampliar actividades de exploraci\u00f3n y extracci\u00f3n de minerales en la mina Real de \u00c1ngeles, la Secretar\u00eda de Medio Ambiente del Estado (Smae) sostuvo encuentros tanto\u2026","rel":"","context":"En &quot;CINTILLO&quot;","block_context":{"text":"CINTILLO","link":"http:\/\/www.grieta.org.mx\/index.php\/category\/cintillo\/"},"img":{"alt_text":"","src":"https:\/\/i0.wp.com\/www.grieta.org.mx\/wp-content\/uploads\/2018\/03\/14524434_1106112876131411_958039263622046936_o.jpg?resize=350%2C200","width":350,"height":200,"srcset":"https:\/\/i0.wp.com\/www.grieta.org.mx\/wp-content\/uploads\/2018\/03\/14524434_1106112876131411_958039263622046936_o.jpg?resize=350%2C200 1x, https:\/\/i0.wp.com\/www.grieta.org.mx\/wp-content\/uploads\/2018\/03\/14524434_1106112876131411_958039263622046936_o.jpg?resize=525%2C300 1.5x, https:\/\/i0.wp.com\/www.grieta.org.mx\/wp-content\/uploads\/2018\/03\/14524434_1106112876131411_958039263622046936_o.jpg?resize=700%2C400 2x"},"classes":[]}],"_links":{"self":[{"href":"http:\/\/www.grieta.org.mx\/index.php\/wp-json\/wp\/v2\/posts\/6493","targetHints":{"allow":["GET"]}}],"collection":[{"href":"http:\/\/www.grieta.org.mx\/index.php\/wp-json\/wp\/v2\/posts"}],"about":[{"href":"http:\/\/www.grieta.org.mx\/index.php\/wp-json\/wp\/v2\/types\/post"}],"author":[{"embeddable":true,"href":"http:\/\/www.grieta.org.mx\/index.php\/wp-json\/wp\/v2\/users\/2"}],"replies":[{"embeddable":true,"href":"http:\/\/www.grieta.org.mx\/index.php\/wp-json\/wp\/v2\/comments?post=6493"}],"version-history":[{"count":1,"href":"http:\/\/www.grieta.org.mx\/index.php\/wp-json\/wp\/v2\/posts\/6493\/revisions"}],"predecessor-version":[{"id":24111,"href":"http:\/\/www.grieta.org.mx\/index.php\/wp-json\/wp\/v2\/posts\/6493\/revisions\/24111"}],"wp:featuredmedia":[{"embeddable":true,"href":"http:\/\/www.grieta.org.mx\/index.php\/wp-json\/wp\/v2\/media\/21928"}],"wp:attachment":[{"href":"http:\/\/www.grieta.org.mx\/index.php\/wp-json\/wp\/v2\/media?parent=6493"}],"wp:term":[{"taxonomy":"category","embeddable":true,"href":"http:\/\/www.grieta.org.mx\/index.php\/wp-json\/wp\/v2\/categories?post=6493"},{"taxonomy":"post_tag","embeddable":true,"href":"http:\/\/www.grieta.org.mx\/index.php\/wp-json\/wp\/v2\/tags?post=6493"}],"curies":[{"name":"wp","href":"https:\/\/api.w.org\/{rel}","templated":true}]}}