{"id":64914,"date":"2022-08-21T11:29:19","date_gmt":"2022-08-21T16:29:19","guid":{"rendered":"https:\/\/www.grieta.org.mx\/?p=64914"},"modified":"2022-08-22T11:40:24","modified_gmt":"2022-08-22T16:40:24","slug":"a-12-anos-de-la-masacre-de-migrantes-san-fernando-sobrevive-tamaulipas","status":"publish","type":"post","link":"http:\/\/www.grieta.org.mx\/index.php\/2022\/08\/21\/a-12-anos-de-la-masacre-de-migrantes-san-fernando-sobrevive-tamaulipas\/","title":{"rendered":"A 12 a\u00f1os de la masacre de migrantes, San Fernando sobrevive (Tamaulipas)"},"content":{"rendered":"<p>Mar\u00eda L\u00f3pez\/Milenio<br \/>\n21 agosto 2022<\/p>\n<p>Una de las definiciones de resiliencia menciona que esta es la capacidad que tiene una persona o un grupo de recuperarse frente a la adversidad para seguir proyectando el futuro, eso es lo que pasa en San Fernando, Tamaulipas.<\/p>\n<p>Esta localidad a 177 kil\u00f3metros al norte de la capital de Tamaulipas que vivi\u00f3 hace 12 a\u00f1os uno de los episodios m\u00e1s violentos de su historia, poni\u00e9ndolo en el reflector mundial.<\/p>\n<p>El 22 de agosto del 2010 fueron descubiertos los cuerpos de 72 migrantes en un rancho del ejido el Huizache. En abril del 2011, de nueva cuenta Tamaulipas era nota mundial, pues fueron halladas 48 fosas y 196 cuerpos, de nueva cuenta, en San Fernando.<\/p>\n<p><img decoding=\"async\" data-attachment-id=\"64916\" data-permalink=\"http:\/\/www.grieta.org.mx\/index.php\/2022\/08\/21\/a-12-anos-de-la-masacre-de-migrantes-san-fernando-sobrevive-tamaulipas\/san-fernando-tamaulipas-maria-lopez\/\" data-orig-file=\"http:\/\/www.grieta.org.mx\/wp-content\/uploads\/2022\/08\/san-fernando-tamaulipas-maria-lopez.jpg\" data-orig-size=\"1200,900\" data-comments-opened=\"0\" data-image-meta=\"{&quot;aperture&quot;:&quot;0&quot;,&quot;credit&quot;:&quot;&quot;,&quot;camera&quot;:&quot;&quot;,&quot;caption&quot;:&quot;&quot;,&quot;created_timestamp&quot;:&quot;0&quot;,&quot;copyright&quot;:&quot;&quot;,&quot;focal_length&quot;:&quot;0&quot;,&quot;iso&quot;:&quot;0&quot;,&quot;shutter_speed&quot;:&quot;0&quot;,&quot;title&quot;:&quot;&quot;,&quot;orientation&quot;:&quot;0&quot;}\" data-image-title=\"san-fernando-tamaulipas-maria-lopez\" data-image-description=\"\" data-image-caption=\"\" data-medium-file=\"http:\/\/www.grieta.org.mx\/wp-content\/uploads\/2022\/08\/san-fernando-tamaulipas-maria-lopez-300x225.jpg\" data-large-file=\"http:\/\/www.grieta.org.mx\/wp-content\/uploads\/2022\/08\/san-fernando-tamaulipas-maria-lopez-1024x768.jpg\" src=\"http:\/\/www.grieta.org.mx\/wp-content\/uploads\/2022\/08\/san-fernando-tamaulipas-maria-lopez.jpg\" alt=\"\" width=\"100%\" class=\"alignnone size-full wp-image-64916\" srcset=\"http:\/\/www.grieta.org.mx\/wp-content\/uploads\/2022\/08\/san-fernando-tamaulipas-maria-lopez.jpg 1200w, http:\/\/www.grieta.org.mx\/wp-content\/uploads\/2022\/08\/san-fernando-tamaulipas-maria-lopez-300x225.jpg 300w, http:\/\/www.grieta.org.mx\/wp-content\/uploads\/2022\/08\/san-fernando-tamaulipas-maria-lopez-1024x768.jpg 1024w, http:\/\/www.grieta.org.mx\/wp-content\/uploads\/2022\/08\/san-fernando-tamaulipas-maria-lopez-768x576.jpg 768w\" sizes=\"(max-width: 1200px) 100vw, 1200px\" \/><br \/>\nFoto: Mar\u00eda L\u00f3pez<\/p>\n<p>Las familias que hoy viven y trabajan en esa localidad, recuerdan esa \u00e9poca con tristeza, pues se viv\u00eda con incertidumbre de lo que podr\u00eda pasar, muchos negocios cerraron sus puertas pues eran extorsionados y quienes pudieron se fueron de all\u00ed, pero muchos m\u00e1s, se quedaron.<\/p>\n<p>Anabel Garza Rivera, recuerda todo eso, pero tambi\u00e9n la fuerza de la gente, \u201cla fortaleza que lleg\u00f3 a adquirir toda una sociedad sanfernandense, aprendimos a sobrellevar, a enfrentar esta situaci\u00f3n, tom\u00e1ndonos de la mano de Dios\u201d, dijo a MILENIO.<\/p>\n<p>Recuerda las iglesias y templos llenos de gente que ped\u00eda auxilio, tanto en lo personal como en lo espiritual, \u201cfue un tiempo que nadie esperaba para nuestro San Fernando, hoy, est\u00e1 m\u00e1s tranquilo, a pesar de que se siguen viviendo casos\u201d.<\/p>\n<p><img decoding=\"async\" data-attachment-id=\"64917\" data-permalink=\"http:\/\/www.grieta.org.mx\/index.php\/2022\/08\/21\/a-12-anos-de-la-masacre-de-migrantes-san-fernando-sobrevive-tamaulipas\/los-cuerpos-de-migrantes-fueron\/\" data-orig-file=\"http:\/\/www.grieta.org.mx\/wp-content\/uploads\/2022\/08\/los-cuerpos-de-migrantes-fueron.jpg\" data-orig-size=\"1200,675\" data-comments-opened=\"0\" data-image-meta=\"{&quot;aperture&quot;:&quot;0&quot;,&quot;credit&quot;:&quot;&quot;,&quot;camera&quot;:&quot;&quot;,&quot;caption&quot;:&quot;&quot;,&quot;created_timestamp&quot;:&quot;0&quot;,&quot;copyright&quot;:&quot;&quot;,&quot;focal_length&quot;:&quot;0&quot;,&quot;iso&quot;:&quot;0&quot;,&quot;shutter_speed&quot;:&quot;0&quot;,&quot;title&quot;:&quot;&quot;,&quot;orientation&quot;:&quot;0&quot;}\" data-image-title=\"los-cuerpos-de-migrantes-fueron\" data-image-description=\"\" data-image-caption=\"\" data-medium-file=\"http:\/\/www.grieta.org.mx\/wp-content\/uploads\/2022\/08\/los-cuerpos-de-migrantes-fueron-300x169.jpg\" data-large-file=\"http:\/\/www.grieta.org.mx\/wp-content\/uploads\/2022\/08\/los-cuerpos-de-migrantes-fueron-1024x576.jpg\" src=\"http:\/\/www.grieta.org.mx\/wp-content\/uploads\/2022\/08\/los-cuerpos-de-migrantes-fueron.jpg\" alt=\"\" width=\"100%\" class=\"alignnone size-full wp-image-64917\" srcset=\"http:\/\/www.grieta.org.mx\/wp-content\/uploads\/2022\/08\/los-cuerpos-de-migrantes-fueron.jpg 1200w, http:\/\/www.grieta.org.mx\/wp-content\/uploads\/2022\/08\/los-cuerpos-de-migrantes-fueron-300x169.jpg 300w, http:\/\/www.grieta.org.mx\/wp-content\/uploads\/2022\/08\/los-cuerpos-de-migrantes-fueron-1024x576.jpg 1024w, http:\/\/www.grieta.org.mx\/wp-content\/uploads\/2022\/08\/los-cuerpos-de-migrantes-fueron-768x432.jpg 768w\" sizes=\"(max-width: 1200px) 100vw, 1200px\" \/><br \/>\nFoto: Mar\u00eda L\u00f3pez<\/p>\n<p>Ella sabe lo que dice, pues su familia lo ha vivido en carne propia, su esposo y otros familiares de \u00e9l han sufrido secuestros y su propio hijo, Luciano, en julio del 2020 fue secuestrado y posteriormente sus captores le arrebataron la vida, cuando apenas ten\u00eda 15 a\u00f1os.<\/p>\n<p>Tamaulipas, paso de migrantes<br \/>\nTamaulipas sigue siendo paso obligado para miles de migrantes que a\u00f1o con a\u00f1o buscan llegar a Estados Unidos a cumplir su propio sue\u00f1o americano. La Unidad de Pol\u00edtica Migratoria de la Secretar\u00eda de Gobernaci\u00f3n, informa que tan s\u00f3lo en el primer semestre del a\u00f1o, ya han sido presentados y canalizados 7 mil 664 extranjeros que no contaban con papeles oficiales.<\/p>\n<p>La pobreza, violencia, la b\u00fasqueda de un mejor futuro para sus familias, son las causas principales de las personas que emprenden viajes de miles de kil\u00f3metros desde sus pa\u00edses para llegar a Estados Unidos.<\/p>\n<p><img decoding=\"async\" data-attachment-id=\"64918\" data-permalink=\"http:\/\/www.grieta.org.mx\/index.php\/2022\/08\/21\/a-12-anos-de-la-masacre-de-migrantes-san-fernando-sobrevive-tamaulipas\/el-pueblo-fue-abandonado-despues\/\" data-orig-file=\"http:\/\/www.grieta.org.mx\/wp-content\/uploads\/2022\/08\/el-pueblo-fue-abandonado-despues.jpg\" data-orig-size=\"1200,900\" data-comments-opened=\"0\" data-image-meta=\"{&quot;aperture&quot;:&quot;0&quot;,&quot;credit&quot;:&quot;&quot;,&quot;camera&quot;:&quot;&quot;,&quot;caption&quot;:&quot;&quot;,&quot;created_timestamp&quot;:&quot;0&quot;,&quot;copyright&quot;:&quot;&quot;,&quot;focal_length&quot;:&quot;0&quot;,&quot;iso&quot;:&quot;0&quot;,&quot;shutter_speed&quot;:&quot;0&quot;,&quot;title&quot;:&quot;&quot;,&quot;orientation&quot;:&quot;0&quot;}\" data-image-title=\"el-pueblo-fue-abandonado-despues\" data-image-description=\"\" data-image-caption=\"\" data-medium-file=\"http:\/\/www.grieta.org.mx\/wp-content\/uploads\/2022\/08\/el-pueblo-fue-abandonado-despues-300x225.jpg\" data-large-file=\"http:\/\/www.grieta.org.mx\/wp-content\/uploads\/2022\/08\/el-pueblo-fue-abandonado-despues-1024x768.jpg\" src=\"http:\/\/www.grieta.org.mx\/wp-content\/uploads\/2022\/08\/el-pueblo-fue-abandonado-despues.jpg\" alt=\"\" width=\"100%\" class=\"alignnone size-full wp-image-64918\" srcset=\"http:\/\/www.grieta.org.mx\/wp-content\/uploads\/2022\/08\/el-pueblo-fue-abandonado-despues.jpg 1200w, http:\/\/www.grieta.org.mx\/wp-content\/uploads\/2022\/08\/el-pueblo-fue-abandonado-despues-300x225.jpg 300w, http:\/\/www.grieta.org.mx\/wp-content\/uploads\/2022\/08\/el-pueblo-fue-abandonado-despues-1024x768.jpg 1024w, http:\/\/www.grieta.org.mx\/wp-content\/uploads\/2022\/08\/el-pueblo-fue-abandonado-despues-768x576.jpg 768w\" sizes=\"(max-width: 1200px) 100vw, 1200px\" \/><br \/>\nFoto: Mar\u00eda L\u00f3pez<\/p>\n<p>Sin embargo, en muchos de los casos se enfrentan a grupos delictivos que los secuestran y extorsionan a sus familias. Los peligros a los que se enfrentan en el camino son muchos.<\/p>\n<p>El 23 de enero del 2021 fue descubierta otra masacre en el ejido Santa Anita del municipio de Camargo, esta vez se trat\u00f3 de 19 cuerpos calcinados encontrados, la mayor\u00eda de ellos en la caja de una camioneta, presentando impactos de arma de fuego.<\/p>\n<p>En este caso, 12 elementos de la polic\u00eda estatal fueron detenidos y se encuentran enfrentando un proceso, acusados de homicidio calificado, abuso de autoridad, desempe\u00f1o de funciones administrativas y falsedad en informes dados a la autoridad.<\/p>\n<p>En cuanto a las 72 migrantes encontrados en la bodega del ejido el Huizache y luego las 48 fosas y 196 cuerpos en San Fernando, apenas en mayo de este 2022, fueron dictadas sentencias para 18 personas detenidas durante el desarrollo de las investigaciones en 2011.<\/p>\n<p><img decoding=\"async\" data-attachment-id=\"64919\" data-permalink=\"http:\/\/www.grieta.org.mx\/index.php\/2022\/08\/21\/a-12-anos-de-la-masacre-de-migrantes-san-fernando-sobrevive-tamaulipas\/el-pueblo-de-san-fernando-1\/\" data-orig-file=\"http:\/\/www.grieta.org.mx\/wp-content\/uploads\/2022\/08\/el-pueblo-de-san-fernando-1.jpg\" data-orig-size=\"1200,675\" data-comments-opened=\"0\" data-image-meta=\"{&quot;aperture&quot;:&quot;0&quot;,&quot;credit&quot;:&quot;&quot;,&quot;camera&quot;:&quot;&quot;,&quot;caption&quot;:&quot;&quot;,&quot;created_timestamp&quot;:&quot;0&quot;,&quot;copyright&quot;:&quot;&quot;,&quot;focal_length&quot;:&quot;0&quot;,&quot;iso&quot;:&quot;0&quot;,&quot;shutter_speed&quot;:&quot;0&quot;,&quot;title&quot;:&quot;&quot;,&quot;orientation&quot;:&quot;0&quot;}\" data-image-title=\"el-pueblo-de-san-fernando-1\" data-image-description=\"\" data-image-caption=\"\" data-medium-file=\"http:\/\/www.grieta.org.mx\/wp-content\/uploads\/2022\/08\/el-pueblo-de-san-fernando-1-300x169.jpg\" data-large-file=\"http:\/\/www.grieta.org.mx\/wp-content\/uploads\/2022\/08\/el-pueblo-de-san-fernando-1-1024x576.jpg\" src=\"http:\/\/www.grieta.org.mx\/wp-content\/uploads\/2022\/08\/el-pueblo-de-san-fernando-1.jpg\" alt=\"\" width=\"100%\" class=\"alignnone size-full wp-image-64919\" srcset=\"http:\/\/www.grieta.org.mx\/wp-content\/uploads\/2022\/08\/el-pueblo-de-san-fernando-1.jpg 1200w, http:\/\/www.grieta.org.mx\/wp-content\/uploads\/2022\/08\/el-pueblo-de-san-fernando-1-300x169.jpg 300w, http:\/\/www.grieta.org.mx\/wp-content\/uploads\/2022\/08\/el-pueblo-de-san-fernando-1-1024x576.jpg 1024w, http:\/\/www.grieta.org.mx\/wp-content\/uploads\/2022\/08\/el-pueblo-de-san-fernando-1-768x432.jpg 768w\" sizes=\"(max-width: 1200px) 100vw, 1200px\" \/><br \/>\nFoto: Mar\u00eda L\u00f3pez<\/p>\n<p>Las penas que se dictaron, van desde los 13 a\u00f1os de prisi\u00f3n hasta las 58 a\u00f1os y multas desde 281 d\u00edas hasta los 13 mil 650 d\u00edas.<\/p>\n<p>La participaci\u00f3n de elementos de Seguridad P\u00fablica tambi\u00e9n se evidenci\u00f3 en las investigaciones en San Fernando, donde en su momento, la Fiscal\u00eda General de la Rep\u00fablica (FGR) detuvo a 17 polic\u00edas municipales y acus\u00f3 de delincuencia organizada, delitos contra la salud, portaci\u00f3n de armas de fuego de uso exclusivo del Ej\u00e9rcito, entre otros.<\/p>\n<p>Los polic\u00edas colaboraban con los delincuentes, interceptando a los migrantes que llegaban a la central de autobuses de San Fernando y los entregaban a cambio de un pago. Hoy, hay 13 polic\u00edas municipales quienes a\u00fan se mantienen en prisi\u00f3n, sujetos a un proceso penal federal, que se encuentra en etapa de instrucci\u00f3n.<\/p>\n<p>A 12 a\u00f1os del asesinato de 72 migrantes, los j\u00f3venes de esa \u00e9poca, recuerdan que algunas familias se fueron y con ellos, amigos, \u201chab\u00eda mucho movimiento en la calle, de gente armada, no sab\u00edamos de qu\u00e9 tipo, a nosotros nos privaron de no salir, est\u00e1bamos nada m\u00e1s encerrados en nuestras casas\u201d, se\u00f1ala Javier, al recordar ese 2010.<\/p>\n<p><img decoding=\"async\" data-attachment-id=\"64920\" data-permalink=\"http:\/\/www.grieta.org.mx\/index.php\/2022\/08\/21\/a-12-anos-de-la-masacre-de-migrantes-san-fernando-sobrevive-tamaulipas\/muchos-migrantes-murieron-en-san\/\" data-orig-file=\"http:\/\/www.grieta.org.mx\/wp-content\/uploads\/2022\/08\/muchos-migrantes-murieron-en-san.jpg\" data-orig-size=\"1200,675\" data-comments-opened=\"0\" data-image-meta=\"{&quot;aperture&quot;:&quot;0&quot;,&quot;credit&quot;:&quot;&quot;,&quot;camera&quot;:&quot;&quot;,&quot;caption&quot;:&quot;&quot;,&quot;created_timestamp&quot;:&quot;0&quot;,&quot;copyright&quot;:&quot;&quot;,&quot;focal_length&quot;:&quot;0&quot;,&quot;iso&quot;:&quot;0&quot;,&quot;shutter_speed&quot;:&quot;0&quot;,&quot;title&quot;:&quot;&quot;,&quot;orientation&quot;:&quot;0&quot;}\" data-image-title=\"muchos-migrantes-murieron-en-san\" data-image-description=\"\" data-image-caption=\"\" data-medium-file=\"http:\/\/www.grieta.org.mx\/wp-content\/uploads\/2022\/08\/muchos-migrantes-murieron-en-san-300x169.jpg\" data-large-file=\"http:\/\/www.grieta.org.mx\/wp-content\/uploads\/2022\/08\/muchos-migrantes-murieron-en-san-1024x576.jpg\" src=\"http:\/\/www.grieta.org.mx\/wp-content\/uploads\/2022\/08\/muchos-migrantes-murieron-en-san.jpg\" alt=\"\" width=\"100%\" class=\"alignnone size-full wp-image-64920\" srcset=\"http:\/\/www.grieta.org.mx\/wp-content\/uploads\/2022\/08\/muchos-migrantes-murieron-en-san.jpg 1200w, http:\/\/www.grieta.org.mx\/wp-content\/uploads\/2022\/08\/muchos-migrantes-murieron-en-san-300x169.jpg 300w, http:\/\/www.grieta.org.mx\/wp-content\/uploads\/2022\/08\/muchos-migrantes-murieron-en-san-1024x576.jpg 1024w, http:\/\/www.grieta.org.mx\/wp-content\/uploads\/2022\/08\/muchos-migrantes-murieron-en-san-768x432.jpg 768w\" sizes=\"(max-width: 1200px) 100vw, 1200px\" \/><br \/>\nFoto: Mar\u00eda L\u00f3pez<\/p>\n<p>Recuerda al vivir cerca de la funeraria a donde primero llevaron los cuerpos de los migrantes masacrados, el olor caracter\u00edstico \u201cde muerte\u201d, lo que aviv\u00f3 el miedo, sin embargo, dice, ten\u00eda que salir a continuar su d\u00eda a d\u00eda.<\/p>\n<p>Hoy, aunque dice que siguen pasando algunas situaciones de inseguridad en San Fernando como en otras ciudades del pa\u00eds, ya no est\u00e1 presente ese miedo que se vivi\u00f3 en esos momentos.<\/p>\n<p>\u201cEn esa \u00e9poca sal\u00edamos y hab\u00eda el miedo de si \u00edbamos a regresar o nos fuera a pasar algo, hoy sales pero ya con un poco m\u00e1s de libertad a salir a donde t\u00fa quieres\u201d, para \u00e9l San Fernando es una ciudad bonita y \u201cun pueblo muy bueno\u201d.<\/p>\n<p><img decoding=\"async\" data-attachment-id=\"64921\" data-permalink=\"http:\/\/www.grieta.org.mx\/index.php\/2022\/08\/21\/a-12-anos-de-la-masacre-de-migrantes-san-fernando-sobrevive-tamaulipas\/el-pueblo-de-san-fernando\/\" data-orig-file=\"http:\/\/www.grieta.org.mx\/wp-content\/uploads\/2022\/08\/el-pueblo-de-san-fernando.jpg\" data-orig-size=\"1200,900\" data-comments-opened=\"0\" data-image-meta=\"{&quot;aperture&quot;:&quot;0&quot;,&quot;credit&quot;:&quot;&quot;,&quot;camera&quot;:&quot;&quot;,&quot;caption&quot;:&quot;&quot;,&quot;created_timestamp&quot;:&quot;0&quot;,&quot;copyright&quot;:&quot;&quot;,&quot;focal_length&quot;:&quot;0&quot;,&quot;iso&quot;:&quot;0&quot;,&quot;shutter_speed&quot;:&quot;0&quot;,&quot;title&quot;:&quot;&quot;,&quot;orientation&quot;:&quot;0&quot;}\" data-image-title=\"el-pueblo-de-san-fernando\" data-image-description=\"\" data-image-caption=\"\" data-medium-file=\"http:\/\/www.grieta.org.mx\/wp-content\/uploads\/2022\/08\/el-pueblo-de-san-fernando-300x225.jpg\" data-large-file=\"http:\/\/www.grieta.org.mx\/wp-content\/uploads\/2022\/08\/el-pueblo-de-san-fernando-1024x768.jpg\" src=\"http:\/\/www.grieta.org.mx\/wp-content\/uploads\/2022\/08\/el-pueblo-de-san-fernando.jpg\" alt=\"\" width=\"100%\" class=\"alignnone size-full wp-image-64921\" srcset=\"http:\/\/www.grieta.org.mx\/wp-content\/uploads\/2022\/08\/el-pueblo-de-san-fernando.jpg 1200w, http:\/\/www.grieta.org.mx\/wp-content\/uploads\/2022\/08\/el-pueblo-de-san-fernando-300x225.jpg 300w, http:\/\/www.grieta.org.mx\/wp-content\/uploads\/2022\/08\/el-pueblo-de-san-fernando-1024x768.jpg 1024w, http:\/\/www.grieta.org.mx\/wp-content\/uploads\/2022\/08\/el-pueblo-de-san-fernando-768x576.jpg 768w\" sizes=\"(max-width: 1200px) 100vw, 1200px\" \/><br \/>\nFoto: Mar\u00eda L\u00f3pez<\/p>\n<p>En las calles de San Fernando la vida es de trabajo, los negocios est\u00e1n abiertos, la gente sale a trabajar, a estudiar, a pasar un momento en la plaza, donde una placa, recuerda la lucha de una madre por encontrar primero a su hija y despu\u00e9s darle justicia, a\u00fan a costa de su propia vida.<\/p>\n<p>Es el San Fernando de Miriam Rodr\u00edguez, de Lucianito Leal, de Dulce Yamell\u00ed, de los migrantes, donde el recuerdo de lo ocurrido en aquella \u00e9poca violenta del 2010, sigue tan v\u00edvido en la memoria de la gente, pues hoy tambi\u00e9n algunas familias tienen algunas experiencias de horror que los ha obligado ver migrar a los suyos.<\/p>\n<p>ledz<\/p>\n<p><a href=\"https:\/\/www.milenio.com\/estados\/tamaulipas-12-anos-masacre-migrantes-san-fernando-sobrevive?utm_source=pocket_mylist\" rel=\"noopener\" target=\"_blank\">https:\/\/www.milenio.com\/estados\/tamaulipas-12-anos-masacre-migrantes-san-fernando-sobrevive?utm_source=pocket_mylist<\/a><\/p>\n","protected":false},"excerpt":{"rendered":"<p>Mar\u00eda L\u00f3pez\/Milenio 21 agosto 2022 Una de las definiciones de resiliencia menciona que esta es la capacidad que tiene una persona o un grupo de recuperarse frente a la adversidad &hellip; <a href=\"http:\/\/www.grieta.org.mx\/index.php\/2022\/08\/21\/a-12-anos-de-la-masacre-de-migrantes-san-fernando-sobrevive-tamaulipas\/\" class=\"more-link\">Leer m\u00e1s<\/a><\/p>\n","protected":false},"author":2,"featured_media":64915,"comment_status":"closed","ping_status":"closed","sticky":false,"template":"","format":"standard","meta":{"ngg_post_thumbnail":0,"_jetpack_newsletter_access":"","_jetpack_dont_email_post_to_subs":false,"_jetpack_newsletter_tier_id":0,"_jetpack_memberships_contains_paywalled_content":false,"_jetpack_memberships_contains_paid_content":false,"footnotes":""},"categories":[80,86,2124,2,33,83],"tags":[1872,2827,3957],"class_list":["post-64914","post","type-post","status-publish","format-standard","has-post-thumbnail","hentry","category-cintillo","category-migrantes","category-migrantes-en-tamaulipas","category-noticias-nacionales","category-tamaulipas","category-temas-nacionales","tag-agresiones-a-migrantes","tag-masacre-de-san-fernando","tag-masacres-de-migrantes-en-mexico","entry"],"jetpack_featured_media_url":"http:\/\/www.grieta.org.mx\/wp-content\/uploads\/2022\/08\/cumplen-anos-matanza-san-fernando.webp","jetpack_sharing_enabled":true,"jetpack_shortlink":"https:\/\/wp.me\/p7ZJR4-gT0","jetpack_likes_enabled":false,"jetpack-related-posts":[{"id":38728,"url":"http:\/\/www.grieta.org.mx\/index.php\/2019\/08\/22\/masacre-de-migrantes-en-san-fernando-cambio-el-rostro-de-tamaulipas\/","url_meta":{"origin":64914,"position":0},"title":"Masacre de migrantes en San Fernando cambi\u00f3 el rostro de Tamaulipas","author":"grieta","date":"22 agosto, 2019","format":false,"excerpt":"Antonio Hern\u00e1ndez \/ Milenio Al recordar en Ciudad Victoria la masacre de 72 migrantes en San Fernando, Guillermo Guti\u00e9rrez, vocero del Colectivo de Familiares y Amigos de Desaparecidos en Tamaulipas, tambi\u00e9n asegur\u00f3 que la delincuencia est\u00e1 mejor armada que las fuerzas del orden y que mientras no se les afecte\u2026","rel":"","context":"En &quot;CINTILLO&quot;","block_context":{"text":"CINTILLO","link":"http:\/\/www.grieta.org.mx\/index.php\/category\/cintillo\/"},"img":{"alt_text":"","src":"https:\/\/i0.wp.com\/www.grieta.org.mx\/wp-content\/uploads\/2019\/09\/secretaria-marina-hallo-cuerpos-personas_10_14_584_363.jpeg?resize=350%2C200","width":350,"height":200,"srcset":"https:\/\/i0.wp.com\/www.grieta.org.mx\/wp-content\/uploads\/2019\/09\/secretaria-marina-hallo-cuerpos-personas_10_14_584_363.jpeg?resize=350%2C200 1x, https:\/\/i0.wp.com\/www.grieta.org.mx\/wp-content\/uploads\/2019\/09\/secretaria-marina-hallo-cuerpos-personas_10_14_584_363.jpeg?resize=525%2C300 1.5x, https:\/\/i0.wp.com\/www.grieta.org.mx\/wp-content\/uploads\/2019\/09\/secretaria-marina-hallo-cuerpos-personas_10_14_584_363.jpeg?resize=700%2C400 2x"},"classes":[]},{"id":2393,"url":"http:\/\/www.grieta.org.mx\/index.php\/2016\/04\/09\/impunidad-en-caso-san-fernando-tamaulipas\/","url_meta":{"origin":64914,"position":1},"title":"Impunidad en caso San Fernando, Tamaulipas","author":"grieta","date":"9 abril, 2016","format":false,"excerpt":"09\/04\/16. Segunda entrega del sitio M\u00e1s de 72, en memoria de las fosas clandestinas en TamaulipasDesinform\u00e9monos 22\/08\/15. A 5 a\u00f1os de masacre de 72 migrantes en San Fernando, Tamaulipas, el caso sigue impune: Amnist\u00eda InternacionalAnimal Pol\u00edtico","rel":"","context":"En &quot;NOTICIAS NACIONALES&quot;","block_context":{"text":"NOTICIAS NACIONALES","link":"http:\/\/www.grieta.org.mx\/index.php\/category\/noticias-nacionales\/"},"img":{"alt_text":"","src":"https:\/\/i0.wp.com\/www.grieta.org.mx\/wp-content\/uploads\/2018\/03\/14524434_1106112876131411_958039263622046936_o.jpg?resize=350%2C200","width":350,"height":200,"srcset":"https:\/\/i0.wp.com\/www.grieta.org.mx\/wp-content\/uploads\/2018\/03\/14524434_1106112876131411_958039263622046936_o.jpg?resize=350%2C200 1x, https:\/\/i0.wp.com\/www.grieta.org.mx\/wp-content\/uploads\/2018\/03\/14524434_1106112876131411_958039263622046936_o.jpg?resize=525%2C300 1.5x, https:\/\/i0.wp.com\/www.grieta.org.mx\/wp-content\/uploads\/2018\/03\/14524434_1106112876131411_958039263622046936_o.jpg?resize=700%2C400 2x"},"classes":[]},{"id":39490,"url":"http:\/\/www.grieta.org.mx\/index.php\/2019\/08\/26\/familiares-de-victimas-de-san-fernando-piden-justicia-tamaulipas\/","url_meta":{"origin":64914,"position":2},"title":"Familiares de v\u00edctimas de San Fernando piden justicia  (Tamaulipas)","author":"grieta","date":"26 agosto, 2019","format":false,"excerpt":"Nora Bucio \/ MVS Familiares de las 72 v\u00edctimas de la masacre de San Fernando Tamaulipas, se\u00f1alaron que a\u00fan no se crea la Comisi\u00f3n de la Verdad ofrecida por el actual presidente Andr\u00e9s Manuel L\u00f3pez Obrador, a fin de esclarecer los hechos y castigar a los responsables, quienes siguen impunes\u2026","rel":"","context":"En &quot;Desaparecidos en Tamaulipas&quot;","block_context":{"text":"Desaparecidos en Tamaulipas","link":"http:\/\/www.grieta.org.mx\/index.php\/category\/noticias-nacionales\/tamaulipas\/desaparecidos-en-tamaulipas\/"},"img":{"alt_text":"","src":"https:\/\/i0.wp.com\/www.grieta.org.mx\/wp-content\/uploads\/2019\/09\/ae8f6c38-whatsapp-image-2019-08-26-at-11.56.58-am.jpeg?resize=350%2C200","width":350,"height":200,"srcset":"https:\/\/i0.wp.com\/www.grieta.org.mx\/wp-content\/uploads\/2019\/09\/ae8f6c38-whatsapp-image-2019-08-26-at-11.56.58-am.jpeg?resize=350%2C200 1x, https:\/\/i0.wp.com\/www.grieta.org.mx\/wp-content\/uploads\/2019\/09\/ae8f6c38-whatsapp-image-2019-08-26-at-11.56.58-am.jpeg?resize=525%2C300 1.5x, https:\/\/i0.wp.com\/www.grieta.org.mx\/wp-content\/uploads\/2019\/09\/ae8f6c38-whatsapp-image-2019-08-26-at-11.56.58-am.jpeg?resize=700%2C400 2x, https:\/\/i0.wp.com\/www.grieta.org.mx\/wp-content\/uploads\/2019\/09\/ae8f6c38-whatsapp-image-2019-08-26-at-11.56.58-am.jpeg?resize=1050%2C600 3x"},"classes":[]},{"id":65065,"url":"http:\/\/www.grieta.org.mx\/index.php\/2022\/08\/29\/masacre-en-san-fernando-12-anos-de-busqueda-de-la-verdad-para-72-familias-tamaulipas\/","url_meta":{"origin":64914,"position":3},"title":"Masacre en San Fernando: 12 a\u00f1os de b\u00fasqueda de la verdad para 72 familias (Tamaulipas)","author":"grieta","date":"29 agosto, 2022","format":false,"excerpt":"Redacci\u00f3n\/La Silla Rota 29 agosto 2022 A 12 a\u00f1os de La Masacre de los 72, 9 v\u00edctimas siguen sin ser identificadas y seis familias guatemaltecas y una brasile\u00f1a quieren exhumar los cuerpos que les entregaron para corroborar la identidad de las v\u00edctimas CD. VICTORIA.- A finales de agosto de 2010,\u2026","rel":"","context":"En &quot;CINTILLO&quot;","block_context":{"text":"CINTILLO","link":"http:\/\/www.grieta.org.mx\/index.php\/category\/cintillo\/"},"img":{"alt_text":"","src":"https:\/\/i0.wp.com\/www.grieta.org.mx\/wp-content\/uploads\/2022\/09\/f960x540-343025_417100_30.jpeg?resize=350%2C200","width":350,"height":200,"srcset":"https:\/\/i0.wp.com\/www.grieta.org.mx\/wp-content\/uploads\/2022\/09\/f960x540-343025_417100_30.jpeg?resize=350%2C200 1x, https:\/\/i0.wp.com\/www.grieta.org.mx\/wp-content\/uploads\/2022\/09\/f960x540-343025_417100_30.jpeg?resize=525%2C300 1.5x, https:\/\/i0.wp.com\/www.grieta.org.mx\/wp-content\/uploads\/2022\/09\/f960x540-343025_417100_30.jpeg?resize=700%2C400 2x"},"classes":[]},{"id":65337,"url":"http:\/\/www.grieta.org.mx\/index.php\/2022\/09\/23\/denuncian-en-tamaulipas-desaparicion-de-159-migrantes-en-cinco-anos\/","url_meta":{"origin":64914,"position":4},"title":"Denuncian en Tamaulipas desaparici\u00f3n de 159 migrantes en cinco a\u00f1os","author":"grieta","date":"23 septiembre, 2022","format":false,"excerpt":"Cristina G\u00f3mez\/Milenio 23 septiembre 2022 Entre los a\u00f1os 2016 y 2021 se denunci\u00f3 penalmente ante la Procuradur\u00eda y posterior Fiscal\u00eda de Justicia de Tamaulipas la desaparici\u00f3n de 159 migrantes, de los cuales solo 22 han sido localizados. Cruzaban el estado con la esperanza de poder internarse en los Estados Unidos\u2026","rel":"","context":"En &quot;CINTILLO&quot;","block_context":{"text":"CINTILLO","link":"http:\/\/www.grieta.org.mx\/index.php\/category\/cintillo\/"},"img":{"alt_text":"","src":"https:\/\/i0.wp.com\/www.grieta.org.mx\/wp-content\/uploads\/2022\/09\/denuncian-en-tamaulipas-desaparicion-de.webp?resize=350%2C200","width":350,"height":200,"srcset":"https:\/\/i0.wp.com\/www.grieta.org.mx\/wp-content\/uploads\/2022\/09\/denuncian-en-tamaulipas-desaparicion-de.webp?resize=350%2C200 1x, https:\/\/i0.wp.com\/www.grieta.org.mx\/wp-content\/uploads\/2022\/09\/denuncian-en-tamaulipas-desaparicion-de.webp?resize=525%2C300 1.5x, https:\/\/i0.wp.com\/www.grieta.org.mx\/wp-content\/uploads\/2022\/09\/denuncian-en-tamaulipas-desaparicion-de.webp?resize=700%2C400 2x"},"classes":[]},{"id":34046,"url":"http:\/\/www.grieta.org.mx\/index.php\/2019\/05\/30\/aseguran-a-85-migrantes-en-tamaulipas\/","url_meta":{"origin":64914,"position":5},"title":"Aseguran a 85 migrantes en Tamaulipas","author":"grieta","date":"30 mayo, 2019","format":false,"excerpt":"Antonio Hern\u00e1ndez \/ Milenio Salieron de Ciudad Valles, San Luis Potos\u00ed en un autob\u00fas for\u00e1neo con destino a Reynosa, frontera de Tamaulipas. Elementos de la Polic\u00eda Federal aseguraron a 85 indocumentados que viajaban en un autob\u00fas que ten\u00eda como destino llegar a Reynosa. Entre los migrantes hay ni\u00f1os de brazos,\u2026","rel":"","context":"En &quot;CINTILLO&quot;","block_context":{"text":"CINTILLO","link":"http:\/\/www.grieta.org.mx\/index.php\/category\/cintillo\/"},"img":{"alt_text":"","src":"https:\/\/i0.wp.com\/www.grieta.org.mx\/wp-content\/uploads\/2019\/06\/Aseguran-a-85-migrantes-en-Tamaulipas-jun.jpg?resize=350%2C200","width":350,"height":200,"srcset":"https:\/\/i0.wp.com\/www.grieta.org.mx\/wp-content\/uploads\/2019\/06\/Aseguran-a-85-migrantes-en-Tamaulipas-jun.jpg?resize=350%2C200 1x, https:\/\/i0.wp.com\/www.grieta.org.mx\/wp-content\/uploads\/2019\/06\/Aseguran-a-85-migrantes-en-Tamaulipas-jun.jpg?resize=525%2C300 1.5x, https:\/\/i0.wp.com\/www.grieta.org.mx\/wp-content\/uploads\/2019\/06\/Aseguran-a-85-migrantes-en-Tamaulipas-jun.jpg?resize=700%2C400 2x"},"classes":[]}],"_links":{"self":[{"href":"http:\/\/www.grieta.org.mx\/index.php\/wp-json\/wp\/v2\/posts\/64914","targetHints":{"allow":["GET"]}}],"collection":[{"href":"http:\/\/www.grieta.org.mx\/index.php\/wp-json\/wp\/v2\/posts"}],"about":[{"href":"http:\/\/www.grieta.org.mx\/index.php\/wp-json\/wp\/v2\/types\/post"}],"author":[{"embeddable":true,"href":"http:\/\/www.grieta.org.mx\/index.php\/wp-json\/wp\/v2\/users\/2"}],"replies":[{"embeddable":true,"href":"http:\/\/www.grieta.org.mx\/index.php\/wp-json\/wp\/v2\/comments?post=64914"}],"version-history":[{"count":1,"href":"http:\/\/www.grieta.org.mx\/index.php\/wp-json\/wp\/v2\/posts\/64914\/revisions"}],"predecessor-version":[{"id":64922,"href":"http:\/\/www.grieta.org.mx\/index.php\/wp-json\/wp\/v2\/posts\/64914\/revisions\/64922"}],"wp:featuredmedia":[{"embeddable":true,"href":"http:\/\/www.grieta.org.mx\/index.php\/wp-json\/wp\/v2\/media\/64915"}],"wp:attachment":[{"href":"http:\/\/www.grieta.org.mx\/index.php\/wp-json\/wp\/v2\/media?parent=64914"}],"wp:term":[{"taxonomy":"category","embeddable":true,"href":"http:\/\/www.grieta.org.mx\/index.php\/wp-json\/wp\/v2\/categories?post=64914"},{"taxonomy":"post_tag","embeddable":true,"href":"http:\/\/www.grieta.org.mx\/index.php\/wp-json\/wp\/v2\/tags?post=64914"}],"curies":[{"name":"wp","href":"https:\/\/api.w.org\/{rel}","templated":true}]}}