{"id":64901,"date":"2022-08-16T10:52:09","date_gmt":"2022-08-16T15:52:09","guid":{"rendered":"https:\/\/www.grieta.org.mx\/?p=64901"},"modified":"2022-08-22T11:04:15","modified_gmt":"2022-08-22T16:04:15","slug":"maquilas-de-tamaulipas-han-despedido-a-casi-cinco-mil-trabajadores","status":"publish","type":"post","link":"http:\/\/www.grieta.org.mx\/index.php\/2022\/08\/16\/maquilas-de-tamaulipas-han-despedido-a-casi-cinco-mil-trabajadores\/","title":{"rendered":"Maquilas de Tamaulipas han despedido a casi cinco mil trabajadores"},"content":{"rendered":"<p>Paola Mel\u00e9ndez\/Hoy Tamaulipas<br \/>\n16 agosto 2022<\/p>\n<p>Seg\u00fan el IMSS, en el Estado se ha presentado una baja de cuatro mil 673 obreros entre marzo y julio del 2022.<\/p>\n<p>Ciudad Victoria, Tamaulipas.- La industria maquiladora en Tamaulipas ha recortado casi cinco mil empleos en cuatro meses, seg\u00fan el Instituto Mexicano del Seguro Social (IMSS)<\/p>\n<p>Con base a la estad\u00edstica del IMSS, en el estado se ha presentado una baja de cuatro mil 673  obreros entre marzo y julio del 2022.<\/p>\n<p>Aunque la industria maquiladora es considerada en Tamaulipas la que m\u00e1s empleos genera, las m\u00e1s de 250 f\u00e1bricas que se encuentran en la zona fronteriza del estado han realizado ajustes a las plantillas, causando casi cinco mil despidos.<\/p>\n<p><a href=\"https:\/\/www.hoytamaulipas.net\/notas\/505591\/Maquiladoras-en-Tamaulipas-Maquilas-de-Tamaulipas-han-despedido-a-casi-cinco-mil-trabajadores-en-cuatro-meses-.html?utm_source=pocket_mylist\" rel=\"noopener\" target=\"_blank\">https:\/\/www.hoytamaulipas.net\/notas\/505591\/Maquiladoras-en-Tamaulipas-Maquilas-de-Tamaulipas-han-despedido-a-casi-cinco-mil-trabajadores-en-cuatro-meses-.html?utm_source=pocket_mylist<\/a><\/p>\n","protected":false},"excerpt":{"rendered":"<p>Paola Mel\u00e9ndez\/Hoy Tamaulipas 16 agosto 2022 Seg\u00fan el IMSS, en el Estado se ha presentado una baja de cuatro mil 673 obreros entre marzo y julio del 2022. Ciudad Victoria, &hellip; <a href=\"http:\/\/www.grieta.org.mx\/index.php\/2022\/08\/16\/maquilas-de-tamaulipas-han-despedido-a-casi-cinco-mil-trabajadores\/\" class=\"more-link\">Leer m\u00e1s<\/a><\/p>\n","protected":false},"author":2,"featured_media":64903,"comment_status":"closed","ping_status":"closed","sticky":false,"template":"","format":"standard","meta":{"ngg_post_thumbnail":0,"_jetpack_newsletter_access":"","_jetpack_dont_email_post_to_subs":false,"_jetpack_newsletter_tier_id":0,"_jetpack_memberships_contains_paywalled_content":false,"_jetpack_memberships_contains_paid_content":false,"footnotes":""},"categories":[80,910,1137,2,33,83],"tags":[2105,2841,2003],"class_list":["post-64901","post","type-post","status-publish","format-standard","has-post-thumbnail","hentry","category-cintillo","category-explotacion-y-precariedad-laboral","category-explotacion-y-precariedad-laboral-en-tamaulipas","category-noticias-nacionales","category-tamaulipas","category-temas-nacionales","tag-despidos-masivos","tag-explotacion-y-precariedad-laboral","tag-maquiladoras","entry"],"jetpack_featured_media_url":"http:\/\/www.grieta.org.mx\/wp-content\/uploads\/2022\/08\/Maquilas-de-Tamaulipas-han-despedido-a-casi-cinco-mil-trabajadores-en-cuatro-meses.jpg","jetpack_sharing_enabled":true,"jetpack_shortlink":"https:\/\/wp.me\/p7ZJR4-gSN","jetpack_likes_enabled":false,"jetpack-related-posts":[{"id":29815,"url":"http:\/\/www.grieta.org.mx\/index.php\/2019\/03\/01\/suman-4-mil-obreros-dados-de-baja-en-maquiladoras-de-matamoros-tamaulipas\/","url_meta":{"origin":64901,"position":0},"title":"Suman 4 mil obreros dados de baja en maquiladoras de Matamoros (Tamaulipas)","author":"grieta","date":"1 marzo, 2019","format":false,"excerpt":"Miguel Jim\u00e9nez \/ El Ma\u00f1ana Tres empresas se mantienen firmes en salir tras los \u00b4paros locos\u00b4 Matamoros, Tam. La Confederaci\u00f3n Patronal de la Rep\u00fablica Mexicana (Coparmex), confirm\u00f3 que ya son cuatro mil los obreros que han sido dados de baja en la industria maquiladora luego de las huelgas y \"paros\u2026","rel":"","context":"En &quot;CINTILLO&quot;","block_context":{"text":"CINTILLO","link":"http:\/\/www.grieta.org.mx\/index.php\/category\/cintillo\/"},"img":{"alt_text":"","src":"https:\/\/i0.wp.com\/www.grieta.org.mx\/wp-content\/uploads\/2019\/03\/Suman-4-mil-obreros-dados-de-baja-en-maquiladoras-de-Matamoros-tama-mzo.jpg?resize=350%2C200","width":350,"height":200},"classes":[]},{"id":34040,"url":"http:\/\/www.grieta.org.mx\/index.php\/2019\/05\/29\/pierde-matamoros-otros-1815-empleos-tamaulipas\/","url_meta":{"origin":64901,"position":1},"title":"Pierde Matamoros otros 1,815 empleos (Tamaulipas)","author":"grieta","date":"29 mayo, 2019","format":false,"excerpt":"Miguel Jim\u00e9nez \/ El Ma\u00f1ana Matamoros, Tam.- De acuerdo a estad\u00edsticas del Instituto Mexicano del Seguro Social se registra que al cierre de abril se han perdido mil 815 empleos formales en Matamoros, de los cuales mil 561 pertenec\u00edan a la industria maquiladora. Al concluir diciembre del a\u00f1o pasado se\u2026","rel":"","context":"En &quot;CINTILLO&quot;","block_context":{"text":"CINTILLO","link":"http:\/\/www.grieta.org.mx\/index.php\/category\/cintillo\/"},"img":{"alt_text":"","src":"https:\/\/i0.wp.com\/www.grieta.org.mx\/wp-content\/uploads\/2019\/06\/Pierde-Matamoros-otros-1815-empleos-tama-jun.jpg?resize=350%2C200","width":350,"height":200,"srcset":"https:\/\/i0.wp.com\/www.grieta.org.mx\/wp-content\/uploads\/2019\/06\/Pierde-Matamoros-otros-1815-empleos-tama-jun.jpg?resize=350%2C200 1x, https:\/\/i0.wp.com\/www.grieta.org.mx\/wp-content\/uploads\/2019\/06\/Pierde-Matamoros-otros-1815-empleos-tama-jun.jpg?resize=525%2C300 1.5x"},"classes":[]},{"id":51794,"url":"http:\/\/www.grieta.org.mx\/index.php\/2020\/07\/14\/protestan-en-maquiladora-de-reynosa-por-muerte-de-obreros-por-covid-19-tamaulipas\/","url_meta":{"origin":64901,"position":2},"title":"Protestan en maquiladora de Reynosa por muerte de obreros por COVID-19 (Tamaulipas)","author":"grieta","date":"14 julio, 2020","format":false,"excerpt":"Rosal\u00eda Quint\u00e1 Uresti\/Hoy T.am 14 julio 2020 Foto: Rosal\u00eda Quint\u00e1 Reynosa, Tamaulipas. - Un grupo de trabajadores de la empresa Cal-Comp en Reynosa se manifestaron esta ma\u00f1ana denunciando la nula atenci\u00f3n que en materia de salud se mantiene al interior de la empresa, donde laboran alrededor de mil 200 personas.\u2026","rel":"","context":"En &quot;CINTILLO&quot;","block_context":{"text":"CINTILLO","link":"http:\/\/www.grieta.org.mx\/index.php\/category\/cintillo\/"},"img":{"alt_text":"","src":"https:\/\/i0.wp.com\/www.grieta.org.mx\/wp-content\/uploads\/2020\/07\/Tamaulipas-Protestan-en-maquiladora-de-Reynosa-obreros-piden-los-pongan-en-cuarentena.jpg?resize=350%2C200","width":350,"height":200,"srcset":"https:\/\/i0.wp.com\/www.grieta.org.mx\/wp-content\/uploads\/2020\/07\/Tamaulipas-Protestan-en-maquiladora-de-Reynosa-obreros-piden-los-pongan-en-cuarentena.jpg?resize=350%2C200 1x, https:\/\/i0.wp.com\/www.grieta.org.mx\/wp-content\/uploads\/2020\/07\/Tamaulipas-Protestan-en-maquiladora-de-Reynosa-obreros-piden-los-pongan-en-cuarentena.jpg?resize=525%2C300 1.5x, https:\/\/i0.wp.com\/www.grieta.org.mx\/wp-content\/uploads\/2020\/07\/Tamaulipas-Protestan-en-maquiladora-de-Reynosa-obreros-piden-los-pongan-en-cuarentena.jpg?resize=700%2C400 2x"},"classes":[]},{"id":28544,"url":"http:\/\/www.grieta.org.mx\/index.php\/2019\/01\/22\/matamoros-amanecio-con-marchas-de-obreros-tamaulipas\/","url_meta":{"origin":64901,"position":3},"title":"Matamoros amaneci\u00f3 con marchas de obreros (Tamaulipas)","author":"grieta","date":"22 enero, 2019","format":false,"excerpt":"\u00c1ngel Arias \/ hoytamaulipas Buscando presionar a los empresarios para que acepten el aumento del 20 por ciento que est\u00e1n pidiendo, los obreros volvieron a tomar las calles Matamoros, Tamaulipas.- Alrededor de dos mil trabajadores se la industria maquiladora marcharon al amanecer este lunes para presionar a los empresarios que\u2026","rel":"","context":"En &quot;CINTILLO&quot;","block_context":{"text":"CINTILLO","link":"http:\/\/www.grieta.org.mx\/index.php\/category\/cintillo\/"},"img":{"alt_text":"","src":"https:\/\/i0.wp.com\/www.grieta.org.mx\/wp-content\/uploads\/2019\/01\/Matamoros-amanecio-con-marchas-de-obreros.jpg?resize=350%2C200","width":350,"height":200,"srcset":"https:\/\/i0.wp.com\/www.grieta.org.mx\/wp-content\/uploads\/2019\/01\/Matamoros-amanecio-con-marchas-de-obreros.jpg?resize=350%2C200 1x, https:\/\/i0.wp.com\/www.grieta.org.mx\/wp-content\/uploads\/2019\/01\/Matamoros-amanecio-con-marchas-de-obreros.jpg?resize=525%2C300 1.5x, https:\/\/i0.wp.com\/www.grieta.org.mx\/wp-content\/uploads\/2019\/01\/Matamoros-amanecio-con-marchas-de-obreros.jpg?resize=700%2C400 2x"},"classes":[]},{"id":28844,"url":"http:\/\/www.grieta.org.mx\/index.php\/2019\/02\/06\/se-unen-mas-empresas-a-la-huelga-en-matamoros-tamaulipas\/","url_meta":{"origin":64901,"position":4},"title":"Se unen m\u00e1s empresas a la huelga en Matamoros (Tamaulipas)","author":"grieta","date":"6 febrero, 2019","format":false,"excerpt":"Mauricio Zapata\/CNT\/ANTAM Cd. Victoria, Tam.- Al menos 14 empresas m\u00e1s emplazaron este martes a huelga en la ciudad de Matamoros, exigiendo los mismos planteamientos que obreros de maquiladoras hicieron. Se trata de Siptem, Adiente, Castlihg, Reinfro, Joyson, Sitmen, Fisher Dynamics, Avances Cient\u00edficos, Kasko, Kidde, Avant, Arkeme y VDO, cuyos empleados\u2026","rel":"","context":"En &quot;CINTILLO&quot;","block_context":{"text":"CINTILLO","link":"http:\/\/www.grieta.org.mx\/index.php\/category\/cintillo\/"},"img":{"alt_text":"","src":"https:\/\/i0.wp.com\/www.grieta.org.mx\/wp-content\/uploads\/2019\/02\/Se-unen-m%C3%A1s-empresas-a-la-huelga-en-Matamoros-tama-feb.jpg?resize=350%2C200","width":350,"height":200},"classes":[]},{"id":30267,"url":"http:\/\/www.grieta.org.mx\/index.php\/2019\/03\/07\/arman-paro-obreros-de-maquiladora-de-ciudad-victoria-tamaulipas\/","url_meta":{"origin":64901,"position":5},"title":"Arman paro obreros de maquiladora de Ciudad Victoria (Tamaulipas)","author":"grieta","date":"7 marzo, 2019","format":false,"excerpt":"Marco Esquivel \/ Hoy Tamaulipas Alrededor de un centenar de trabajadores de la maquiladora Spring Windows Fashions se manifiestan en el exterior de la planta Ciudad Victoria, Tamaulipas.- Un grupo de obreros de la maquiladora Springs Windows Fashions ubicada en el Parque Industrial Nuevo Santander sureste de esta ciudad capital\u2026","rel":"","context":"En &quot;CINTILLO&quot;","block_context":{"text":"CINTILLO","link":"http:\/\/www.grieta.org.mx\/index.php\/category\/cintillo\/"},"img":{"alt_text":"","src":"https:\/\/i0.wp.com\/www.grieta.org.mx\/wp-content\/uploads\/2019\/03\/Arman-paro-obreros-de-maquiladora-de-Ciudad-tama-mzo.jpg?resize=350%2C200","width":350,"height":200},"classes":[]}],"_links":{"self":[{"href":"http:\/\/www.grieta.org.mx\/index.php\/wp-json\/wp\/v2\/posts\/64901","targetHints":{"allow":["GET"]}}],"collection":[{"href":"http:\/\/www.grieta.org.mx\/index.php\/wp-json\/wp\/v2\/posts"}],"about":[{"href":"http:\/\/www.grieta.org.mx\/index.php\/wp-json\/wp\/v2\/types\/post"}],"author":[{"embeddable":true,"href":"http:\/\/www.grieta.org.mx\/index.php\/wp-json\/wp\/v2\/users\/2"}],"replies":[{"embeddable":true,"href":"http:\/\/www.grieta.org.mx\/index.php\/wp-json\/wp\/v2\/comments?post=64901"}],"version-history":[{"count":1,"href":"http:\/\/www.grieta.org.mx\/index.php\/wp-json\/wp\/v2\/posts\/64901\/revisions"}],"predecessor-version":[{"id":64902,"href":"http:\/\/www.grieta.org.mx\/index.php\/wp-json\/wp\/v2\/posts\/64901\/revisions\/64902"}],"wp:featuredmedia":[{"embeddable":true,"href":"http:\/\/www.grieta.org.mx\/index.php\/wp-json\/wp\/v2\/media\/64903"}],"wp:attachment":[{"href":"http:\/\/www.grieta.org.mx\/index.php\/wp-json\/wp\/v2\/media?parent=64901"}],"wp:term":[{"taxonomy":"category","embeddable":true,"href":"http:\/\/www.grieta.org.mx\/index.php\/wp-json\/wp\/v2\/categories?post=64901"},{"taxonomy":"post_tag","embeddable":true,"href":"http:\/\/www.grieta.org.mx\/index.php\/wp-json\/wp\/v2\/tags?post=64901"}],"curies":[{"name":"wp","href":"https:\/\/api.w.org\/{rel}","templated":true}]}}