{"id":648,"date":"2015-03-11T20:11:24","date_gmt":"2015-03-11T20:11:24","guid":{"rendered":"http:\/\/50.22.11.12\/~grietaor\/?p=648"},"modified":"2016-03-01T20:12:30","modified_gmt":"2016-03-01T20:12:30","slug":"afirma-gobernador-de-zacatecas-que-se-buscan-alternativas-para-solucionar-huelga-en-la-uaz","status":"publish","type":"post","link":"http:\/\/www.grieta.org.mx\/index.php\/2015\/03\/11\/afirma-gobernador-de-zacatecas-que-se-buscan-alternativas-para-solucionar-huelga-en-la-uaz\/","title":{"rendered":"Afirma Gobernador de Zacatecas que se buscan alternativas para solucionar huelga en la UAZ"},"content":{"rendered":"<p>El Sol de Zacatecas<br \/>\n11 de marzo de 2015<br \/>\nJuan Castro<\/p>\n<p>Ojocaliente, Zacatecas.- El Gobernador del Estado, Miguel Alonso Reyes, estableci\u00f3 que se est\u00e1n buscando alternativas para que pueda levantarse la huelga en la Universidad Aut\u00f3noma de Zacatecas, que es la aspiraci\u00f3n de todos.<\/p>\n<p>El Gobierno del Estado ha estado muy cercano tanto a la Rector\u00eda y al Sindicato de Personal Acad\u00e9mico de la Universidad Aut\u00f3noma de Zacatecas (SPAUAZ), a trav\u00e9s del Secretario General de Gobierno Jaime Santoyo Castro, y del Secretario de Finanzas, Fernando Soto Acosta.<\/p>\n<p>El martes se instal\u00f3 una mesa, y no es la primera vez que se re\u00fanen; se est\u00e1n buscando alternativas para que pueda levantarse la huelga, que es la aspiraci\u00f3n de todos, del propio Sindicato, de la Rector\u00eda, del Gobierno del Estado, de los alumnos y padres de familia.<\/p>\n<p>El Gobernador Miguel Alonso sostuvo ayer una pl\u00e1tica con el Secretario General de Gobierno para ver qu\u00e9 avances hay, para ver qu\u00e9 acuerdos generales se llevaron a cabo y cu\u00e1les son los caminos o alternativas que se han ido construyendo.<\/p>\n<p>Indic\u00f3 que el martes estuvo en Jalisco en la reuni\u00f3n del Grupo de seguridad Zona Occidente, donde Zacatecas sale muy bien evaluado en la disminuci\u00f3n de delitos de alto impacto, pero tambi\u00e9n el reto principal se tiene est\u00e1 en Fresnillo.<\/p>\n<p>Indic\u00f3 que se reunir\u00e1 con el secretario general de Gobierno para tener claridad de los avances que se llevan hasta el momento.<\/p>\n<p><a href=\"http:\/\/www.oem.com.mx\/elsoldezacatecas\/notas\/n3735077.htm\" target=\"_blank\">www.oem.com.mx\/elsoldezacatecas\/notas\/n3735077.htm<\/a><\/p>\n","protected":false},"excerpt":{"rendered":"<p>El Sol de Zacatecas 11 de marzo de 2015 Juan Castro Ojocaliente, Zacatecas.- El Gobernador del Estado, Miguel Alonso Reyes, estableci\u00f3 que se est\u00e1n buscando alternativas para que pueda levantarse &hellip; <a href=\"http:\/\/www.grieta.org.mx\/index.php\/2015\/03\/11\/afirma-gobernador-de-zacatecas-que-se-buscan-alternativas-para-solucionar-huelga-en-la-uaz\/\" class=\"more-link\">Leer m\u00e1s<\/a><\/p>\n","protected":false},"author":2,"featured_media":21928,"comment_status":"closed","ping_status":"open","sticky":false,"template":"","format":"standard","meta":{"ngg_post_thumbnail":0,"_jetpack_newsletter_access":"","_jetpack_dont_email_post_to_subs":false,"_jetpack_newsletter_tier_id":0,"_jetpack_memberships_contains_paywalled_content":false,"_jetpack_memberships_contains_paid_content":false,"footnotes":""},"categories":[80,139],"tags":[105,107],"class_list":["post-648","post","type-post","status-publish","format-standard","has-post-thumbnail","hentry","category-cintillo","category-zacatecas","tag-derechos-laborales","tag-educacion","entry"],"jetpack_featured_media_url":"http:\/\/www.grieta.org.mx\/wp-content\/uploads\/2018\/03\/14524434_1106112876131411_958039263622046936_o.jpg","jetpack_sharing_enabled":true,"jetpack_shortlink":"https:\/\/wp.me\/p7ZJR4-as","jetpack_likes_enabled":false,"jetpack-related-posts":[{"id":633,"url":"http:\/\/www.grieta.org.mx\/index.php\/2015\/03\/12\/secretario-general-de-gobierno-de-zacatecas-defiende-actuar-ante-problematica-de-la-uaz\/","url_meta":{"origin":648,"position":0},"title":"Secretario General de Gobierno de Zacatecas defiende actuar ante problem\u00e1tica de la UAZ","author":"grieta","date":"12 marzo, 2015","format":false,"excerpt":"El Sol de Zacatecas 12 de marzo de 2015 Rub\u00e9n Valdez Zacatecas, Zacatecas.- El Secretario General de Gobierno, Jaime Santoyo Castro, dijo que el Gobierno de Miguel Alonso Reyes ha cumplido con su responsabilidad en el caso de la Universidad Aut\u00f3noma de Zacatecas (UAZ), con la finalidad, primero, de que\u2026","rel":"","context":"En &quot;CINTILLO&quot;","block_context":{"text":"CINTILLO","link":"http:\/\/www.grieta.org.mx\/index.php\/category\/cintillo\/"},"img":{"alt_text":"","src":"https:\/\/i0.wp.com\/www.grieta.org.mx\/wp-content\/uploads\/2018\/03\/14524434_1106112876131411_958039263622046936_o.jpg?resize=350%2C200","width":350,"height":200,"srcset":"https:\/\/i0.wp.com\/www.grieta.org.mx\/wp-content\/uploads\/2018\/03\/14524434_1106112876131411_958039263622046936_o.jpg?resize=350%2C200 1x, https:\/\/i0.wp.com\/www.grieta.org.mx\/wp-content\/uploads\/2018\/03\/14524434_1106112876131411_958039263622046936_o.jpg?resize=525%2C300 1.5x, https:\/\/i0.wp.com\/www.grieta.org.mx\/wp-content\/uploads\/2018\/03\/14524434_1106112876131411_958039263622046936_o.jpg?resize=700%2C400 2x"},"classes":[]},{"id":678,"url":"http:\/\/www.grieta.org.mx\/index.php\/2016\/02\/15\/conflictos-en-la-universidad-autonoma-de-zacatecas\/","url_meta":{"origin":648,"position":1},"title":"Conflictos en la Universidad Aut\u00f3noma de Zacatecas","author":"grieta","date":"15 febrero, 2016","format":false,"excerpt":"15\/02\/16. Otro Paro en la UAZ NTR Zacatecas 12\/02\/16. Planta rector a SPAUAZ; STUAZ rechaza huelga NTR Zacatecas 27\/01\/16. Paro general en la UAZ NTR Zacatecas 26\/01\/16. Condicionan a alumnos de medicina de la UAZ NTR Zacatecas 18\/01\/16. Denuncia SPAUAZ a rector por peculado NTR Zacatecas 17\/12\/15. Prestar\u00e1 SPAUAZ dinero\u2026","rel":"","context":"En &quot;Zacatecas&quot;","block_context":{"text":"Zacatecas","link":"http:\/\/www.grieta.org.mx\/index.php\/category\/noticias-nacionales\/zacatecas\/"},"img":{"alt_text":"","src":"https:\/\/i0.wp.com\/www.grieta.org.mx\/wp-content\/uploads\/2018\/03\/14524434_1106112876131411_958039263622046936_o.jpg?resize=350%2C200","width":350,"height":200,"srcset":"https:\/\/i0.wp.com\/www.grieta.org.mx\/wp-content\/uploads\/2018\/03\/14524434_1106112876131411_958039263622046936_o.jpg?resize=350%2C200 1x, https:\/\/i0.wp.com\/www.grieta.org.mx\/wp-content\/uploads\/2018\/03\/14524434_1106112876131411_958039263622046936_o.jpg?resize=525%2C300 1.5x, https:\/\/i0.wp.com\/www.grieta.org.mx\/wp-content\/uploads\/2018\/03\/14524434_1106112876131411_958039263622046936_o.jpg?resize=700%2C400 2x"},"classes":[]},{"id":675,"url":"http:\/\/www.grieta.org.mx\/index.php\/2015\/02\/16\/docentes-de-zacatecas-activan-paro-de-brazos-caidos\/","url_meta":{"origin":648,"position":2},"title":"Docentes de Zacatecas activan paro de brazos ca\u00eddos","author":"grieta","date":"16 febrero, 2015","format":false,"excerpt":"Sin Embargo Por Redacci\u00f3n \/ Sin Embargo febrero 16, 2015 Zacatecas, 16 Feb (Notimex).- Los docentes de la Universidad Aut\u00f3noma de Zacatecas (UAZ) iniciaron este lunes un paro de \u201cbrazos ca\u00eddos\u201d en esa casa de estudios en demanda de la soluci\u00f3n al problema econ\u00f3mico. En entrevista, el secretario general del\u2026","rel":"","context":"En &quot;CINTILLO&quot;","block_context":{"text":"CINTILLO","link":"http:\/\/www.grieta.org.mx\/index.php\/category\/cintillo\/"},"img":{"alt_text":"","src":"https:\/\/i0.wp.com\/www.grieta.org.mx\/wp-content\/uploads\/2018\/03\/14524434_1106112876131411_958039263622046936_o.jpg?resize=350%2C200","width":350,"height":200,"srcset":"https:\/\/i0.wp.com\/www.grieta.org.mx\/wp-content\/uploads\/2018\/03\/14524434_1106112876131411_958039263622046936_o.jpg?resize=350%2C200 1x, https:\/\/i0.wp.com\/www.grieta.org.mx\/wp-content\/uploads\/2018\/03\/14524434_1106112876131411_958039263622046936_o.jpg?resize=525%2C300 1.5x, https:\/\/i0.wp.com\/www.grieta.org.mx\/wp-content\/uploads\/2018\/03\/14524434_1106112876131411_958039263622046936_o.jpg?resize=700%2C400 2x"},"classes":[]},{"id":640,"url":"http:\/\/www.grieta.org.mx\/index.php\/2015\/03\/11\/no-hay-acuerdo-continuara-la-huelga-en-la-uaz\/","url_meta":{"origin":648,"position":3},"title":"No hay acuerdo; continuar\u00e1 la huelga en la UAZ","author":"grieta","date":"11 marzo, 2015","format":false,"excerpt":"Express Zacatecas Publicado: 11 Marzo 2015 Escrito por REDACCION Zacatecas. Godezac solo ofrece a Spauaz anticipar partidas del subsidio 2016 Desinter\u00e9s de autoridades y Rector\u00eda para conjurar la huelga: sindicato Sobre basificaci\u00f3n de acad\u00e9micos el rector Armando Silva cede con mil 200 horas semana\/mes El Gobierno del Estado se comprometi\u00f3\u2026","rel":"","context":"En &quot;CINTILLO&quot;","block_context":{"text":"CINTILLO","link":"http:\/\/www.grieta.org.mx\/index.php\/category\/cintillo\/"},"img":{"alt_text":"","src":"https:\/\/i0.wp.com\/www.grieta.org.mx\/wp-content\/uploads\/2018\/03\/14524434_1106112876131411_958039263622046936_o.jpg?resize=350%2C200","width":350,"height":200,"srcset":"https:\/\/i0.wp.com\/www.grieta.org.mx\/wp-content\/uploads\/2018\/03\/14524434_1106112876131411_958039263622046936_o.jpg?resize=350%2C200 1x, https:\/\/i0.wp.com\/www.grieta.org.mx\/wp-content\/uploads\/2018\/03\/14524434_1106112876131411_958039263622046936_o.jpg?resize=525%2C300 1.5x, https:\/\/i0.wp.com\/www.grieta.org.mx\/wp-content\/uploads\/2018\/03\/14524434_1106112876131411_958039263622046936_o.jpg?resize=700%2C400 2x"},"classes":[]},{"id":71056,"url":"http:\/\/www.grieta.org.mx\/index.php\/2025\/02\/18\/profesores-de-la-uaz-se-van-a-huelga-para-exigir-mejores-condiciones-laborales-zacatecas\/","url_meta":{"origin":648,"position":4},"title":"Profesores de la UAZ se van a huelga para exigir mejores condiciones laborales (Zacatecas)","author":"grieta","date":"18 febrero, 2025","format":false,"excerpt":"Proceso Por Alonso Ch\u00e1vez Landeros martes, 18 de febrero de 2025 \u00b7 ZACATECAS, Zac. (apro).- Este mediod\u00eda de martes fueron colocadas las banderas rojinegras en la Universidad Aut\u00f3noma de Zacatecas (UAZ) tras estallar la huelga los integrantes del Sindicato de Personal Acad\u00e9mico (SPAUAZ). La huelga fue aprobada por la mayor\u00eda\u2026","rel":"","context":"En &quot;CINTILLO&quot;","block_context":{"text":"CINTILLO","link":"http:\/\/www.grieta.org.mx\/index.php\/category\/cintillo\/"},"img":{"alt_text":"","src":"https:\/\/i0.wp.com\/www.grieta.org.mx\/wp-content\/uploads\/2025\/02\/f685x385-217268_254961_5050.webp?resize=350%2C200","width":350,"height":200,"srcset":"https:\/\/i0.wp.com\/www.grieta.org.mx\/wp-content\/uploads\/2025\/02\/f685x385-217268_254961_5050.webp?resize=350%2C200 1x, https:\/\/i0.wp.com\/www.grieta.org.mx\/wp-content\/uploads\/2025\/02\/f685x385-217268_254961_5050.webp?resize=525%2C300 1.5x"},"classes":[]},{"id":611,"url":"http:\/\/www.grieta.org.mx\/index.php\/2015\/11\/11\/maestros-toman-rectoria-de-universidad-autonoma-de-zacatecas\/","url_meta":{"origin":648,"position":5},"title":"Maestros toman rector\u00eda de Universidad Aut\u00f3noma de Zacatecas","author":"grieta","date":"11 noviembre, 2015","format":false,"excerpt":"Omar Hern\u00e1ndez y Karla M\u00e9ndez \/ Corresponsales 11\/11\/2015 La rector\u00eda de la Universidad Aut\u00f3noma de Zacatecas fue tomada por docentes ante la falta de pago y adeudos millonarios; el paro que inicialmente contemplaba la par\u00e1lisis de clases finalmente no afect\u00f3 a cerca de 40 mil alumnos. Algunos de los docentes\u2026","rel":"","context":"En &quot;CINTILLO&quot;","block_context":{"text":"CINTILLO","link":"http:\/\/www.grieta.org.mx\/index.php\/category\/cintillo\/"},"img":{"alt_text":"","src":"https:\/\/i0.wp.com\/www.grieta.org.mx\/wp-content\/uploads\/2018\/03\/14524434_1106112876131411_958039263622046936_o.jpg?resize=350%2C200","width":350,"height":200,"srcset":"https:\/\/i0.wp.com\/www.grieta.org.mx\/wp-content\/uploads\/2018\/03\/14524434_1106112876131411_958039263622046936_o.jpg?resize=350%2C200 1x, https:\/\/i0.wp.com\/www.grieta.org.mx\/wp-content\/uploads\/2018\/03\/14524434_1106112876131411_958039263622046936_o.jpg?resize=525%2C300 1.5x, https:\/\/i0.wp.com\/www.grieta.org.mx\/wp-content\/uploads\/2018\/03\/14524434_1106112876131411_958039263622046936_o.jpg?resize=700%2C400 2x"},"classes":[]}],"_links":{"self":[{"href":"http:\/\/www.grieta.org.mx\/index.php\/wp-json\/wp\/v2\/posts\/648","targetHints":{"allow":["GET"]}}],"collection":[{"href":"http:\/\/www.grieta.org.mx\/index.php\/wp-json\/wp\/v2\/posts"}],"about":[{"href":"http:\/\/www.grieta.org.mx\/index.php\/wp-json\/wp\/v2\/types\/post"}],"author":[{"embeddable":true,"href":"http:\/\/www.grieta.org.mx\/index.php\/wp-json\/wp\/v2\/users\/2"}],"replies":[{"embeddable":true,"href":"http:\/\/www.grieta.org.mx\/index.php\/wp-json\/wp\/v2\/comments?post=648"}],"version-history":[{"count":1,"href":"http:\/\/www.grieta.org.mx\/index.php\/wp-json\/wp\/v2\/posts\/648\/revisions"}],"predecessor-version":[{"id":649,"href":"http:\/\/www.grieta.org.mx\/index.php\/wp-json\/wp\/v2\/posts\/648\/revisions\/649"}],"wp:featuredmedia":[{"embeddable":true,"href":"http:\/\/www.grieta.org.mx\/index.php\/wp-json\/wp\/v2\/media\/21928"}],"wp:attachment":[{"href":"http:\/\/www.grieta.org.mx\/index.php\/wp-json\/wp\/v2\/media?parent=648"}],"wp:term":[{"taxonomy":"category","embeddable":true,"href":"http:\/\/www.grieta.org.mx\/index.php\/wp-json\/wp\/v2\/categories?post=648"},{"taxonomy":"post_tag","embeddable":true,"href":"http:\/\/www.grieta.org.mx\/index.php\/wp-json\/wp\/v2\/tags?post=648"}],"curies":[{"name":"wp","href":"https:\/\/api.w.org\/{rel}","templated":true}]}}