{"id":6475,"date":"2015-03-20T23:29:13","date_gmt":"2015-03-20T23:29:13","guid":{"rendered":"http:\/\/50.22.11.12\/~grietaor\/?p=6475"},"modified":"2016-04-25T02:48:39","modified_gmt":"2016-04-25T02:48:39","slug":"pescadores-bloquean-carretera-en-paraiso-exigen-mas-empleo-temporal-por-derrame-de-petroleo","status":"publish","type":"post","link":"http:\/\/www.grieta.org.mx\/index.php\/2015\/03\/20\/pescadores-bloquean-carretera-en-paraiso-exigen-mas-empleo-temporal-por-derrame-de-petroleo\/","title":{"rendered":"Pescadores bloquean carretera en Para\u00edso; exigen m\u00e1s empleo temporal por derrame de petr\u00f3leo"},"content":{"rendered":"<p>DANIEL H. REYES.<\/p>\n<p>VILLAHERMOSA, TAB\/DANIEL H. REYES. Pescadores y ostioneros afectados por derrame de petr\u00f3leo en R\u00edo Seco y la Laguna Mecoac\u00e1n bloquearon la carretera Bellote-Santa Cruz del municipio de Para\u00edso, para exigir a Pemex, gobierno del estado y la Secretar\u00eda de Energ\u00eda Recursos Naturales y Protecci\u00f3n Ambiental (Sernapam) una semana m\u00e1s de pago por empleo temporal.<\/p>\n<p>Los inconformes denunciaron que debido al derrame de hidrocarburo perdieron la producci\u00f3n que comercializar\u00edan en semana santa e insistieron que aunque Pemex no reconoce que el derrame haya salido de sus instalaciones, el petr\u00f3leo fue arrastrado por las corrientes marinas de las monoboyas que tiene la empresa en la barra de Dos Bocas.<\/p>\n<p>El dirigente de los pescadores libres, Segundo L\u00f3pez P\u00e9rez, dijo que quieren una semana m\u00e1s de empleo temporal para la limpieza de los cuerpos de agua, con el pago de 200 pesos diarios.<\/p>\n<p>Se quej\u00f3 que a ellos s\u00f3lo se les haya dado una semana de empleo temporal, mientras a los pescadores organizados les dieron m\u00e1s d\u00edas.<\/p>\n<p>El derrame ocurri\u00f3 el 26 de febrero pasado, y el 5 de marzo el Subcomit\u00e9 Especial Estatal de Sanidad de Moluscos Bivalvos determin\u00f3 suspender temporalmente la extracci\u00f3n de osti\u00f3n en la Laguna Mecoac\u00e1n, sin embargo, la restricci\u00f3n se levant\u00f3 hace algunos d\u00edas.<\/p>\n<p>En 2013, Tabasco produjo 15 mil 402 toneladas de osti\u00f3n, ocupando el segundo lugar nacional despu\u00e9s de Veracruz, que obtuvo 19 mil 422, de acuerdo al Sistema de Informaci\u00f3n Agroalimentaria y Pesquera (SIAP) de la Sagarpa.<\/p>\n<p><a href=\"http:\/\/www.reporterosdelsur.com.mx\/diario2\/2015\/03\/pescadores-bloquean-carretera-en-paraiso-exigen-mas-empleo-temporal-por-derrame-de-petroleo\/\" target=\"_blank\">http:\/\/www.reporterosdelsur.com.mx\/diario2\/2015\/03\/pescadores-bloquean-carretera-en-paraiso-exigen-mas-empleo-temporal-por-derrame-de-petroleo\/<\/a><\/p>\n","protected":false},"excerpt":{"rendered":"<p>DANIEL H. REYES. VILLAHERMOSA, TAB\/DANIEL H. REYES. Pescadores y ostioneros afectados por derrame de petr\u00f3leo en R\u00edo Seco y la Laguna Mecoac\u00e1n bloquearon la carretera Bellote-Santa Cruz del municipio de &hellip; <a href=\"http:\/\/www.grieta.org.mx\/index.php\/2015\/03\/20\/pescadores-bloquean-carretera-en-paraiso-exigen-mas-empleo-temporal-por-derrame-de-petroleo\/\" class=\"more-link\">Leer m\u00e1s<\/a><\/p>\n","protected":false},"author":2,"featured_media":21928,"comment_status":"closed","ping_status":"open","sticky":false,"template":"","format":"standard","meta":{"ngg_post_thumbnail":0,"_jetpack_newsletter_access":"","_jetpack_dont_email_post_to_subs":false,"_jetpack_newsletter_tier_id":0,"_jetpack_memberships_contains_paywalled_content":false,"_jetpack_memberships_contains_paid_content":false,"footnotes":""},"categories":[80,415],"tags":[393,366],"class_list":["post-6475","post","type-post","status-publish","format-standard","has-post-thumbnail","hentry","category-cintillo","category-tabasco","tag-contaminacion-del-agua","tag-derrame","entry"],"jetpack_featured_media_url":"http:\/\/www.grieta.org.mx\/wp-content\/uploads\/2018\/03\/14524434_1106112876131411_958039263622046936_o.jpg","jetpack_sharing_enabled":true,"jetpack_shortlink":"https:\/\/wp.me\/p7ZJR4-1Gr","jetpack_likes_enabled":false,"jetpack-related-posts":[{"id":6247,"url":"http:\/\/www.grieta.org.mx\/index.php\/2016\/07\/24\/danos-ambientales-y-a-la-salud-por-derrame-de-hidrocarburos-en-tabasco\/","url_meta":{"origin":6475,"position":0},"title":"Da\u00f1os ambientales y a la salud por derrames de aceites e  hidrocarburos en Tabasco","author":"grieta","date":"24 julio, 2016","format":false,"excerpt":"24\/07\/16. Minados 44 r\u00edos por 213 ductos de Pemex en TabascoDiario Presente 11\/04\/16. En los \u00faltimos 11 a\u00f1os, Pemex ocasion\u00f3 385 derrames de hidrocarburos en TabascoDiario Presente 27\/02\/16. \u201cAsfixia\u201d turbosina a Medell\u00ednTabasco Hoy 23\/01\/15. Cangrejera y Aquiles Serd\u00e1n vertederos de crudoTabasco Hoy 05\/01\/16. Reportan nuevo derrame de crudo en Mecoac\u00e1nTabasco\u2026","rel":"","context":"En &quot;Hidrocarburos&quot;","block_context":{"text":"Hidrocarburos","link":"http:\/\/www.grieta.org.mx\/index.php\/category\/megaproyectos\/hidrocarburos\/"},"img":{"alt_text":"","src":"https:\/\/i0.wp.com\/www.grieta.org.mx\/wp-content\/uploads\/2018\/03\/14524434_1106112876131411_958039263622046936_o.jpg?resize=350%2C200","width":350,"height":200,"srcset":"https:\/\/i0.wp.com\/www.grieta.org.mx\/wp-content\/uploads\/2018\/03\/14524434_1106112876131411_958039263622046936_o.jpg?resize=350%2C200 1x, https:\/\/i0.wp.com\/www.grieta.org.mx\/wp-content\/uploads\/2018\/03\/14524434_1106112876131411_958039263622046936_o.jpg?resize=525%2C300 1.5x, https:\/\/i0.wp.com\/www.grieta.org.mx\/wp-content\/uploads\/2018\/03\/14524434_1106112876131411_958039263622046936_o.jpg?resize=700%2C400 2x"},"classes":[]},{"id":6498,"url":"http:\/\/www.grieta.org.mx\/index.php\/2015\/02\/26\/nuevo-derrame-de-crudo-en-laguna-mecoacan-desata-ira-contra-pemex\/","url_meta":{"origin":6475,"position":1},"title":"Nuevo derrame de crudo en Laguna Mecoac\u00e1n desata ira contra PEMEX","author":"grieta","date":"26 febrero, 2015","format":false,"excerpt":"Redacci\u00f3n Reporteros del Sur VILLAHERMOSA, TAB\/ JUAN MANUEL DIEGO.- Pescadores bloquearon esta noche durante unos minutos la carretera Jalapita-El Bellote en la zona restaurantera de Para\u00edso, en protesta por un derrame de crudo proveniente de una l\u00ednea de Petr\u00f3leos Mexicanos (PEMEX) mar adentro y que se extendi\u00f3 a la Laguna\u2026","rel":"","context":"En &quot;CINTILLO&quot;","block_context":{"text":"CINTILLO","link":"http:\/\/www.grieta.org.mx\/index.php\/category\/cintillo\/"},"img":{"alt_text":"","src":"https:\/\/i0.wp.com\/www.grieta.org.mx\/wp-content\/uploads\/2018\/03\/14524434_1106112876131411_958039263622046936_o.jpg?resize=350%2C200","width":350,"height":200,"srcset":"https:\/\/i0.wp.com\/www.grieta.org.mx\/wp-content\/uploads\/2018\/03\/14524434_1106112876131411_958039263622046936_o.jpg?resize=350%2C200 1x, https:\/\/i0.wp.com\/www.grieta.org.mx\/wp-content\/uploads\/2018\/03\/14524434_1106112876131411_958039263622046936_o.jpg?resize=525%2C300 1.5x, https:\/\/i0.wp.com\/www.grieta.org.mx\/wp-content\/uploads\/2018\/03\/14524434_1106112876131411_958039263622046936_o.jpg?resize=700%2C400 2x"},"classes":[]},{"id":6492,"url":"http:\/\/www.grieta.org.mx\/index.php\/2015\/02\/27\/descarta-pemex-derrame-de-hidrocarburo-en-la-laguna-de-mecoacan\/","url_meta":{"origin":6475,"position":2},"title":"Descarta Pemex derrame de hidrocarburo en la Laguna de Mecoac\u00e1n","author":"grieta","date":"27 febrero, 2015","format":false,"excerpt":"Armando Guzm\u00e1n VILLAHERMOSA, Tab. (apro).- Petr\u00f3leos Mexicanos (Pemex) inform\u00f3 que t\u00e9cnicos de la empresa no han detectado derrames en sus instalaciones, luego de que un grupo de pescadores denunci\u00f3 la presencia de manchas de hidrocarburo en la Laguna Mecoac\u00e1n, en el municipio de Para\u00edso, que pone en riesgo bancos ostr\u00edcolas\u2026","rel":"","context":"En &quot;CINTILLO&quot;","block_context":{"text":"CINTILLO","link":"http:\/\/www.grieta.org.mx\/index.php\/category\/cintillo\/"},"img":{"alt_text":"","src":"https:\/\/i0.wp.com\/www.grieta.org.mx\/wp-content\/uploads\/2018\/03\/14524434_1106112876131411_958039263622046936_o.jpg?resize=350%2C200","width":350,"height":200,"srcset":"https:\/\/i0.wp.com\/www.grieta.org.mx\/wp-content\/uploads\/2018\/03\/14524434_1106112876131411_958039263622046936_o.jpg?resize=350%2C200 1x, https:\/\/i0.wp.com\/www.grieta.org.mx\/wp-content\/uploads\/2018\/03\/14524434_1106112876131411_958039263622046936_o.jpg?resize=525%2C300 1.5x, https:\/\/i0.wp.com\/www.grieta.org.mx\/wp-content\/uploads\/2018\/03\/14524434_1106112876131411_958039263622046936_o.jpg?resize=700%2C400 2x"},"classes":[]},{"id":6487,"url":"http:\/\/www.grieta.org.mx\/index.php\/2015\/03\/06\/ofrecen-empleo-temporal-a-ostricultores-de-mecoacan-por-derrame-de-hidrocarburos\/","url_meta":{"origin":6475,"position":3},"title":"Ofrecen empleo temporal a ostricultores de Mecoac\u00e1n por derrame de hidrocarburos","author":"grieta","date":"6 marzo, 2015","format":false,"excerpt":"Redacci\u00f3n Reporteros del Sur VILLAHERMOSA, TAB.- Como medida sanitaria ante la contaminaci\u00f3n derivada del derrame de hidrocarburo que afecta a la laguna de Mecoac\u00e1n, en Para\u00edso, el Gobierno del Estado atiende la problem\u00e1tica que enfrentan ostricultores de la zona, quienes han visto frenada la pesca y reproducci\u00f3n del molusco. Para\u2026","rel":"","context":"En &quot;CINTILLO&quot;","block_context":{"text":"CINTILLO","link":"http:\/\/www.grieta.org.mx\/index.php\/category\/cintillo\/"},"img":{"alt_text":"","src":"https:\/\/i0.wp.com\/www.grieta.org.mx\/wp-content\/uploads\/2018\/03\/14524434_1106112876131411_958039263622046936_o.jpg?resize=350%2C200","width":350,"height":200,"srcset":"https:\/\/i0.wp.com\/www.grieta.org.mx\/wp-content\/uploads\/2018\/03\/14524434_1106112876131411_958039263622046936_o.jpg?resize=350%2C200 1x, https:\/\/i0.wp.com\/www.grieta.org.mx\/wp-content\/uploads\/2018\/03\/14524434_1106112876131411_958039263622046936_o.jpg?resize=525%2C300 1.5x, https:\/\/i0.wp.com\/www.grieta.org.mx\/wp-content\/uploads\/2018\/03\/14524434_1106112876131411_958039263622046936_o.jpg?resize=700%2C400 2x"},"classes":[]},{"id":21202,"url":"http:\/\/www.grieta.org.mx\/index.php\/2014\/08\/22\/derrame-de-petroleo-crudo-contamina-rio-en-tamaulipas\/","url_meta":{"origin":6475,"position":4},"title":"Derrame de petr\u00f3leo crudo contamina r\u00edo en Tamaulipas","author":"grieta","date":"22 agosto, 2014","format":false,"excerpt":"Pemex controla derrame de crudo en Gonz\u00e1lez, Tamaulipas. Petr\u00f3leos Mexicanos (Pemex) inform\u00f3 que control\u00f3 un derrame de crudo generado por una toma clandestina detectada en la l\u00ednea 2 del oleoducto Madero-Cadereyta, tramo Nuevo Teapa-Madero-Gonz\u00e1lez, en el municipio de Gonz\u00e1lez. La representante regional de Comunicaci\u00f3n Social del distrito Tampico, Susana Lozano\u2026","rel":"","context":"En &quot;CINTILLO&quot;","block_context":{"text":"CINTILLO","link":"http:\/\/www.grieta.org.mx\/index.php\/category\/cintillo\/"},"img":{"alt_text":"","src":"https:\/\/i0.wp.com\/www.grieta.org.mx\/wp-content\/uploads\/2018\/03\/14524434_1106112876131411_958039263622046936_o.jpg?resize=350%2C200","width":350,"height":200,"srcset":"https:\/\/i0.wp.com\/www.grieta.org.mx\/wp-content\/uploads\/2018\/03\/14524434_1106112876131411_958039263622046936_o.jpg?resize=350%2C200 1x, https:\/\/i0.wp.com\/www.grieta.org.mx\/wp-content\/uploads\/2018\/03\/14524434_1106112876131411_958039263622046936_o.jpg?resize=525%2C300 1.5x, https:\/\/i0.wp.com\/www.grieta.org.mx\/wp-content\/uploads\/2018\/03\/14524434_1106112876131411_958039263622046936_o.jpg?resize=700%2C400 2x"},"classes":[]},{"id":6373,"url":"http:\/\/www.grieta.org.mx\/index.php\/2016\/01\/05\/reportan-nuevo-derrame-de-crudo-en-mecoacan\/","url_meta":{"origin":6475,"position":5},"title":"Reportan nuevo derrame de crudo en Mecoac\u00e1n","author":"grieta","date":"5 enero, 2016","format":false,"excerpt":"Luis Rub\u00e9n L\u00f3pez - Desde tempranas horas de hoy sobre la orilla de la laguna Mecoac\u00e1n y r\u00edo Seco en la rancher\u00eda Jos\u00e9 Mar\u00eda Morelos El Bellote y La Isla Andr\u00e9s Garc\u00eda, municipio de Para\u00edso, se observan rastros de un l\u00edquido contaminante, el cual al parecer se trata de residuos\u2026","rel":"","context":"En &quot;CINTILLO&quot;","block_context":{"text":"CINTILLO","link":"http:\/\/www.grieta.org.mx\/index.php\/category\/cintillo\/"},"img":{"alt_text":"","src":"https:\/\/i0.wp.com\/www.grieta.org.mx\/wp-content\/uploads\/2018\/03\/14524434_1106112876131411_958039263622046936_o.jpg?resize=350%2C200","width":350,"height":200,"srcset":"https:\/\/i0.wp.com\/www.grieta.org.mx\/wp-content\/uploads\/2018\/03\/14524434_1106112876131411_958039263622046936_o.jpg?resize=350%2C200 1x, https:\/\/i0.wp.com\/www.grieta.org.mx\/wp-content\/uploads\/2018\/03\/14524434_1106112876131411_958039263622046936_o.jpg?resize=525%2C300 1.5x, https:\/\/i0.wp.com\/www.grieta.org.mx\/wp-content\/uploads\/2018\/03\/14524434_1106112876131411_958039263622046936_o.jpg?resize=700%2C400 2x"},"classes":[]}],"_links":{"self":[{"href":"http:\/\/www.grieta.org.mx\/index.php\/wp-json\/wp\/v2\/posts\/6475","targetHints":{"allow":["GET"]}}],"collection":[{"href":"http:\/\/www.grieta.org.mx\/index.php\/wp-json\/wp\/v2\/posts"}],"about":[{"href":"http:\/\/www.grieta.org.mx\/index.php\/wp-json\/wp\/v2\/types\/post"}],"author":[{"embeddable":true,"href":"http:\/\/www.grieta.org.mx\/index.php\/wp-json\/wp\/v2\/users\/2"}],"replies":[{"embeddable":true,"href":"http:\/\/www.grieta.org.mx\/index.php\/wp-json\/wp\/v2\/comments?post=6475"}],"version-history":[{"count":1,"href":"http:\/\/www.grieta.org.mx\/index.php\/wp-json\/wp\/v2\/posts\/6475\/revisions"}],"predecessor-version":[{"id":10942,"href":"http:\/\/www.grieta.org.mx\/index.php\/wp-json\/wp\/v2\/posts\/6475\/revisions\/10942"}],"wp:featuredmedia":[{"embeddable":true,"href":"http:\/\/www.grieta.org.mx\/index.php\/wp-json\/wp\/v2\/media\/21928"}],"wp:attachment":[{"href":"http:\/\/www.grieta.org.mx\/index.php\/wp-json\/wp\/v2\/media?parent=6475"}],"wp:term":[{"taxonomy":"category","embeddable":true,"href":"http:\/\/www.grieta.org.mx\/index.php\/wp-json\/wp\/v2\/categories?post=6475"},{"taxonomy":"post_tag","embeddable":true,"href":"http:\/\/www.grieta.org.mx\/index.php\/wp-json\/wp\/v2\/tags?post=6475"}],"curies":[{"name":"wp","href":"https:\/\/api.w.org\/{rel}","templated":true}]}}